{"id":15781,"date":"2012-11-26T10:17:11","date_gmt":"2012-11-26T09:17:11","guid":{"rendered":"http:\/\/blog.infoempleo.com\/?p=15781"},"modified":"2024-11-28T18:15:12","modified_gmt":"2024-11-28T16:15:12","slug":"nuestro-futuro-en-manos-de-los-ni-ni","status":"publish","type":"post","link":"https:\/\/empresas.infoempleo.com\/hrtrends\/nuestro-futuro-en-manos-de-los-ni-ni\/","title":{"rendered":"Nuestro futuro en manos de \u00ablos Ni-Ni\u00bb"},"content":{"rendered":"<p><img loading=\"lazy\" decoding=\"async\" class=\"alignnone  wp-image-15782\" title=\"Alicia Kaufmann\" src=\"https:\/\/empresas.infoempleo.com\/hrtrends\/media\/2012\/11\/Alicia-Kaufmann.jpg\" alt=\"\" width=\"143\" height=\"173\" \/><\/p>\n<h3>Alicia E. Kaufmann, Catedr\u00e1tica de Sociolog\u00eda.<\/h3>\n<p>Seg\u00fan el reci\u00e9n publicado informe <a href=\"https:\/\/todofp.es\/dctm\/todofp\/panorama-ocde2012.pdf?documentId=0901e72b81416fd3\" target=\"_blank\" rel=\"noopener\">Panorama de la Educaci\u00f3n 2012<\/a> de la Organizaci\u00f3n para la Cooperaci\u00f3n y el Desarrollo Econ\u00f3mico (OCDE), <strong>Espa\u00f1a es el pa\u00eds europeo con el porcentaje m\u00e1s alto de j\u00f3venes que ni estudian ni trabajan.<\/strong> Pero este es s\u00f3lo un datos m\u00e1s del negro panorama educativo que vivimos en nuestro pa\u00eds y que, junto a otros problemas, nos ha llevado a un paro general del 25% y uno juvenil de m\u00e1s del 50%.<\/p>\n<p>Pero, \u00bfqu\u00e9 pasa con los que consiguen llegar a la Universidad? Esta instituci\u00f3n, que deber\u00eda servir para liberar las ideas, se est\u00e1 convirtiendo en un lugar limitador del conocimiento. Como entorno social y antropol\u00f3gico, debe promover las relaciones interpersonales, la comunicaci\u00f3n emp\u00e1tica, el fomento del conocimiento, la creatividad y la imaginaci\u00f3n. En suma, favorecer el desarrollo del potencial de los individuos. En cambio, <strong>se ha convertido en un \u201cno lugar\u201d, en el que estas cualidades se inhiben.<\/strong><\/p>\n<p>El fil\u00f3sofo franc\u00e9s Marc Aug\u00e8, se refiere al entorno acad\u00e9mico como el alma mater, en donde desde el cuidado y la comprensi\u00f3n del otro, la Universidad funciona como una madre buena. Sin embargo, los recientes cambios sociales y econ\u00f3micos han creado una estructura cada vez m\u00e1s r\u00edgida y generadora de ansiedades. Mientras que los recursos destinados a la ense\u00f1anza son cada vez menores, son mayores las presiones. Los departamentos se han convertido en gestores administrativos; las facultades en f\u00e1bricas de conocimientos y los alumnos en clientes, en lugar de creadores de nuevas ideas. <strong>Autonom\u00eda, competencia, presencialidad&#8230;. son los nuevos t\u00e9rminos que el plan Bolonia ha tra\u00eddo al lenguaje acad\u00e9mico cotidiano.<\/strong><\/p>\n<p>Las consecuencias son claras. <strong>Los alumnos se quejan de que los profesores est\u00e1n desmotivados y los profesores est\u00e1n desbordados por clases masificadas<\/strong>, en las que aplicar el plan Bolonia es complicado y sometidos a la tensi\u00f3n de publicar trabajos en revistas acad\u00e9micas de impacto, a las que resulta dif\u00edcil acceder. La falta de l\u00edmites claros y la p\u00e9rdida de autoridad del profesorado ha dado fuerza a la figura del \u201calumno cliente\u201d que provoca situaciones parad\u00f3jicas como que, alumnos principiantes impongan los contenidos acad\u00e9micos a un profesorado consolidado y de reconocido prestigio.<\/p>\n<p>Estudios demasiado prolongados, una elevada tasa de abandono y la falta de flexibilidad estructural, son algunos de los efectos de estas transiciones. Los pol\u00edticos exigen una r\u00e1pida adaptaci\u00f3n a los recortes econ\u00f3micos, sin tener en cuenta la realidad que acabamos de describir. Los cambios se decretan desde el \u00e1mbito pol\u00edtico en lugar de ser pensado y procesado desde el interior de la Universidad. Se crea la certeza de que las leyes del mercado y la din\u00e1mica de la competencia son lo \u00fanico que pueden reforzar las ya debilitadas organizaciones educativas. Por este motivo, la rentabilidad es lo \u00fanico que cuenta para las universidades de reciente creaci\u00f3n.<\/p>\n<p>A principios de los 90 se pensaba que los cambios en el entorno econ\u00f3mico afectar\u00edan s\u00f3lo a las empresas. Pero <strong>la globalizaci\u00f3n y la necesidad de ajustar costes ha afectado a todo tipo de organizaciones incluida la Universidad<\/strong>. Acad\u00e9micos gestores y alumnos cliente. Esta es una de las consecuencias de la globalizaci\u00f3n en un mundo donde la complejidad es creciente. En los siglos XVIII y XIX, la Universidad promov\u00eda pensadores. Hoy su papel consiste en acallar las voces disidentes. Adem\u00e1s, el creciente desempleo determina que en lugar de que nuestros j\u00f3venes apliquen su conocimiento y desarrollen su potencial en Espa\u00f1a, suframos una hemorragia creciente de expatriaci\u00f3n a otros pa\u00edses. Y esto \u00faltimo, decididamente, requiere una reflexi\u00f3n para responder a esta pregunta: <strong>Si los que saben se van, en 10 a\u00f1os \u00bfSer\u00e1n los ni-ni los que tendr\u00e1n que sacar adelante el pa\u00eds?<\/strong><\/p>\n","protected":false},"excerpt":{"rendered":"<p>Alicia E. Kaufmann, Catedr\u00e1tica de Sociolog\u00eda. Seg\u00fan el reci\u00e9n publicado informe Panorama de la Educaci\u00f3n 2012 de la<a class=\"moretag\" href=\"https:\/\/empresas.infoempleo.com\/hrtrends\/nuestro-futuro-en-manos-de-los-ni-ni\/\"> Leer m\u00e1s<\/a><\/p>\n","protected":false},"author":72,"featured_media":15783,"comment_status":"closed","ping_status":"open","sticky":false,"template":"","format":"standard","meta":{"footnotes":""},"categories":[3],"tags":[365,2550,202],"class_list":["post-15781","post","type-post","status-publish","format-standard","has-post-thumbnail","hentry","category-actualidad","tag-opinion","tag-sistema-educativo","tag-universidades"],"yoast_head":"<!-- This site is optimized with the Yoast SEO plugin v26.1.1 - https:\/\/yoast.com\/wordpress\/plugins\/seo\/ -->\n<title>Nuestro futuro en manos de &quot;los Ni-Ni&quot; | HRTRENDS<\/title>\n<meta name=\"robots\" content=\"index, follow, max-snippet:-1, max-image-preview:large, max-video-preview:-1\" \/>\n<link rel=\"canonical\" href=\"https:\/\/empresas.infoempleo.com\/hrtrends\/nuestro-futuro-en-manos-de-los-ni-ni\/\" \/>\n<meta property=\"og:locale\" content=\"es_ES\" \/>\n<meta property=\"og:type\" content=\"article\" \/>\n<meta property=\"og:title\" content=\"Nuestro futuro en manos de &quot;los Ni-Ni&quot; | HRTRENDS\" \/>\n<meta property=\"og:description\" content=\"Alicia E. Kaufmann, Catedr\u00e1tica de Sociolog\u00eda. Seg\u00fan el reci\u00e9n publicado informe Panorama de la Educaci\u00f3n 2012 de la Leer m\u00e1s\" \/>\n<meta property=\"og:url\" content=\"https:\/\/empresas.infoempleo.com\/hrtrends\/nuestro-futuro-en-manos-de-los-ni-ni\/\" \/>\n<meta property=\"og:site_name\" content=\"HRTRENDS\" \/>\n<meta property=\"article:publisher\" content=\"https:\/\/www.facebook.com\/Infoempleo\" \/>\n<meta property=\"article:published_time\" content=\"2012-11-26T09:17:11+00:00\" \/>\n<meta property=\"article:modified_time\" content=\"2024-11-28T16:15:12+00:00\" \/>\n<meta property=\"og:image\" content=\"https:\/\/empresas.infoempleo.com\/hrtrends\/media\/2012\/11\/universidad.jpg\" \/>\n\t<meta property=\"og:image:width\" content=\"568\" \/>\n\t<meta property=\"og:image:height\" content=\"258\" \/>\n\t<meta property=\"og:image:type\" content=\"image\/jpeg\" \/>\n<meta name=\"author\" content=\"infoempleo\" \/>\n<meta name=\"twitter:card\" content=\"summary_large_image\" \/>\n<meta name=\"twitter:creator\" content=\"@infoempleo\" \/>\n<meta name=\"twitter:site\" content=\"@infoempleo\" \/>\n<meta name=\"twitter:label1\" content=\"Escrito por\" \/>\n\t<meta name=\"twitter:data1\" content=\"infoempleo\" \/>\n\t<meta name=\"twitter:label2\" content=\"Tiempo de lectura\" \/>\n\t<meta name=\"twitter:data2\" content=\"3 minutos\" \/>\n<script type=\"application\/ld+json\" class=\"yoast-schema-graph\">{\"@context\":\"https:\/\/schema.org\",\"@graph\":[{\"@type\":\"NewsArticle\",\"@id\":\"https:\/\/empresas.infoempleo.com\/hrtrends\/nuestro-futuro-en-manos-de-los-ni-ni\/#article\",\"isPartOf\":{\"@id\":\"https:\/\/empresas.infoempleo.com\/hrtrends\/nuestro-futuro-en-manos-de-los-ni-ni\/\"},\"author\":{\"name\":\"infoempleo\",\"@id\":\"https:\/\/empresas.infoempleo.com\/hrtrends\/#\/schema\/person\/67d3e276ffcc8b3ae0ebec816daf775a\"},\"headline\":\"Nuestro futuro en manos de \u00ablos Ni-Ni\u00bb\",\"datePublished\":\"2012-11-26T09:17:11+00:00\",\"dateModified\":\"2024-11-28T16:15:12+00:00\",\"mainEntityOfPage\":{\"@id\":\"https:\/\/empresas.infoempleo.com\/hrtrends\/nuestro-futuro-en-manos-de-los-ni-ni\/\"},\"wordCount\":677,\"publisher\":{\"@id\":\"https:\/\/empresas.infoempleo.com\/hrtrends\/#organization\"},\"image\":{\"@id\":\"https:\/\/empresas.infoempleo.com\/hrtrends\/nuestro-futuro-en-manos-de-los-ni-ni\/#primaryimage\"},\"thumbnailUrl\":\"https:\/\/empresas.infoempleo.com\/hrtrends\/media\/2012\/11\/universidad.jpg\",\"keywords\":[\"Opini\u00f3n\",\"sistema educativo\",\"universidades\"],\"articleSection\":[\"Actualidad\"],\"inLanguage\":\"es\",\"copyrightYear\":\"2012\",\"copyrightHolder\":{\"@id\":\"https:\/\/empresas.infoempleo.com\/hrtrends\/#organization\"}},{\"@type\":\"WebPage\",\"@id\":\"https:\/\/empresas.infoempleo.com\/hrtrends\/nuestro-futuro-en-manos-de-los-ni-ni\/\",\"url\":\"https:\/\/empresas.infoempleo.com\/hrtrends\/nuestro-futuro-en-manos-de-los-ni-ni\/\",\"name\":\"Nuestro futuro en manos de \\\"los Ni-Ni\\\" | HRTRENDS\",\"isPartOf\":{\"@id\":\"https:\/\/empresas.infoempleo.com\/hrtrends\/#website\"},\"primaryImageOfPage\":{\"@id\":\"https:\/\/empresas.infoempleo.com\/hrtrends\/nuestro-futuro-en-manos-de-los-ni-ni\/#primaryimage\"},\"image\":{\"@id\":\"https:\/\/empresas.infoempleo.com\/hrtrends\/nuestro-futuro-en-manos-de-los-ni-ni\/#primaryimage\"},\"thumbnailUrl\":\"https:\/\/empresas.infoempleo.com\/hrtrends\/media\/2012\/11\/universidad.jpg\",\"datePublished\":\"2012-11-26T09:17:11+00:00\",\"dateModified\":\"2024-11-28T16:15:12+00:00\",\"breadcrumb\":{\"@id\":\"https:\/\/empresas.infoempleo.com\/hrtrends\/nuestro-futuro-en-manos-de-los-ni-ni\/#breadcrumb\"},\"inLanguage\":\"es\",\"potentialAction\":[{\"@type\":\"ReadAction\",\"target\":[\"https:\/\/empresas.infoempleo.com\/hrtrends\/nuestro-futuro-en-manos-de-los-ni-ni\/\"]}]},{\"@type\":\"ImageObject\",\"inLanguage\":\"es\",\"@id\":\"https:\/\/empresas.infoempleo.com\/hrtrends\/nuestro-futuro-en-manos-de-los-ni-ni\/#primaryimage\",\"url\":\"https:\/\/empresas.infoempleo.com\/hrtrends\/media\/2012\/11\/universidad-150x150.jpg\",\"contentUrl\":\"https:\/\/empresas.infoempleo.com\/hrtrends\/media\/2012\/11\/universidad-150x150.jpg\",\"width\":150,\"height\":150},{\"@type\":\"BreadcrumbList\",\"@id\":\"https:\/\/empresas.infoempleo.com\/hrtrends\/nuestro-futuro-en-manos-de-los-ni-ni\/#breadcrumb\",\"itemListElement\":[{\"@type\":\"ListItem\",\"position\":1,\"name\":\"Portada\",\"item\":\"https:\/\/empresas.infoempleo.com\/hrtrends\/\"},{\"@type\":\"ListItem\",\"position\":2,\"name\":\"Nuestro futuro en manos de \u00ablos Ni-Ni\u00bb\"}]},{\"@type\":\"WebSite\",\"@id\":\"https:\/\/empresas.infoempleo.com\/hrtrends\/#website\",\"url\":\"https:\/\/empresas.infoempleo.com\/hrtrends\",\"name\":\"HRTrends by Infoempleo\",\"description\":\"\",\"publisher\":{\"@id\":\"https:\/\/empresas.infoempleo.com\/hrtrends\/#organization\"},\"potentialAction\":{\"@type\":\"SearchAction\",\"target\":\"https:\/\/empresas.infoempleo.com\/hrtrends\/?s={search_term_string}\",\"query-input\":\"required name=search_term_string\"},\"inLanguage\":\"es\"},{\"@type\":\"Organization\",\"@id\":\"https:\/\/empresas.infoempleo.com\/hrtrends\/#organization\",\"name\":\"Infoempleo\",\"url\":\"https:\/\/www.infoempleo.com\/\",\"logo\":{\"@type\":\"ImageObject\",\"@id\":\"https:\/\/empresas.infoempleo.com\/hrtrends\/#logo\",\"inLanguage\":\"es\",\"url\":\"https:\/\/cdnazure.infoempleo.com\/infoempleo\/assets\/style\/gfx\/logo.svg\",\"contentUrl\":\"https:\/\/cdnazure.infoempleo.com\/infoempleo\/assets\/style\/gfx\/logo.svg\",\"width\":150,\"height\":40,\"caption\":\"Infoempleo\"},\"image\":{\"@id\":\"https:\/\/empresas.infoempleo.com\/hrtrends\/#logo\"},\"sameAs\":[\"https:\/\/www.facebook.com\/Infoempleo\",\"https:\/\/x.com\/infoempleo\",\"http:\/\/instagram.com\/infoempleo\/\",\"http:\/\/www.linkedin.com\/groups\/Empleo-Espa\u00f1a-Infoempleocom-111276\",\"http:\/\/pinterest.com\/infoempleo\/\"],\"address\":{\"@type\":\"PostalAddress\",\"addressLocality\":\"Madrid\",\"postalCode\":\"28050\",\"streetAddress\":\"Avenida de Burgos 114\"},\"brand\":[\"Infoempleo\"]},{\"@type\":\"Person\",\"@id\":\"https:\/\/empresas.infoempleo.com\/hrtrends\/#\/schema\/person\/67d3e276ffcc8b3ae0ebec816daf775a\",\"name\":\"infoempleo\",\"image\":{\"@type\":\"ImageObject\",\"inLanguage\":\"es\",\"@id\":\"https:\/\/empresas.infoempleo.com\/hrtrends\/#\/schema\/person\/image\/\",\"url\":\"https:\/\/secure.gravatar.com\/avatar\/7b437777242fe67d2473c2a818da2344692d1ee91e91080ccffbd97bcd4a0975?s=96&d=mm&r=g\",\"contentUrl\":\"https:\/\/secure.gravatar.com\/avatar\/7b437777242fe67d2473c2a818da2344692d1ee91e91080ccffbd97bcd4a0975?s=96&d=mm&r=g\",\"caption\":\"infoempleo\"},\"url\":\"https:\/\/empresas.infoempleo.com\/hrtrends\/author\/infoempleo\/\"}]}<\/script>\n<!-- \/ Yoast SEO plugin. -->","yoast_head_json":{"title":"Nuestro futuro en manos de \"los Ni-Ni\" | HRTRENDS","robots":{"index":"index","follow":"follow","max-snippet":"max-snippet:-1","max-image-preview":"max-image-preview:large","max-video-preview":"max-video-preview:-1"},"canonical":"https:\/\/empresas.infoempleo.com\/hrtrends\/nuestro-futuro-en-manos-de-los-ni-ni\/","og_locale":"es_ES","og_type":"article","og_title":"Nuestro futuro en manos de \"los Ni-Ni\" | HRTRENDS","og_description":"Alicia E. Kaufmann, Catedr\u00e1tica de Sociolog\u00eda. Seg\u00fan el reci\u00e9n publicado informe Panorama de la Educaci\u00f3n 2012 de la Leer m\u00e1s","og_url":"https:\/\/empresas.infoempleo.com\/hrtrends\/nuestro-futuro-en-manos-de-los-ni-ni\/","og_site_name":"HRTRENDS","article_publisher":"https:\/\/www.facebook.com\/Infoempleo","article_published_time":"2012-11-26T09:17:11+00:00","article_modified_time":"2024-11-28T16:15:12+00:00","og_image":[{"width":568,"height":258,"url":"https:\/\/empresas.infoempleo.com\/hrtrends\/media\/2012\/11\/universidad.jpg","type":"image\/jpeg"}],"author":"infoempleo","twitter_card":"summary_large_image","twitter_creator":"@infoempleo","twitter_site":"@infoempleo","twitter_misc":{"Escrito por":"infoempleo","Tiempo de lectura":"3 minutos"},"schema":{"@context":"https:\/\/schema.org","@graph":[{"@type":"NewsArticle","@id":"https:\/\/empresas.infoempleo.com\/hrtrends\/nuestro-futuro-en-manos-de-los-ni-ni\/#article","isPartOf":{"@id":"https:\/\/empresas.infoempleo.com\/hrtrends\/nuestro-futuro-en-manos-de-los-ni-ni\/"},"author":{"name":"infoempleo","@id":"https:\/\/empresas.infoempleo.com\/hrtrends\/#\/schema\/person\/67d3e276ffcc8b3ae0ebec816daf775a"},"headline":"Nuestro futuro en manos de \u00ablos Ni-Ni\u00bb","datePublished":"2012-11-26T09:17:11+00:00","dateModified":"2024-11-28T16:15:12+00:00","mainEntityOfPage":{"@id":"https:\/\/empresas.infoempleo.com\/hrtrends\/nuestro-futuro-en-manos-de-los-ni-ni\/"},"wordCount":677,"publisher":{"@id":"https:\/\/empresas.infoempleo.com\/hrtrends\/#organization"},"image":{"@id":"https:\/\/empresas.infoempleo.com\/hrtrends\/nuestro-futuro-en-manos-de-los-ni-ni\/#primaryimage"},"thumbnailUrl":"https:\/\/empresas.infoempleo.com\/hrtrends\/media\/2012\/11\/universidad.jpg","keywords":["Opini\u00f3n","sistema educativo","universidades"],"articleSection":["Actualidad"],"inLanguage":"es","copyrightYear":"2012","copyrightHolder":{"@id":"https:\/\/empresas.infoempleo.com\/hrtrends\/#organization"}},{"@type":"WebPage","@id":"https:\/\/empresas.infoempleo.com\/hrtrends\/nuestro-futuro-en-manos-de-los-ni-ni\/","url":"https:\/\/empresas.infoempleo.com\/hrtrends\/nuestro-futuro-en-manos-de-los-ni-ni\/","name":"Nuestro futuro en manos de \"los Ni-Ni\" | HRTRENDS","isPartOf":{"@id":"https:\/\/empresas.infoempleo.com\/hrtrends\/#website"},"primaryImageOfPage":{"@id":"https:\/\/empresas.infoempleo.com\/hrtrends\/nuestro-futuro-en-manos-de-los-ni-ni\/#primaryimage"},"image":{"@id":"https:\/\/empresas.infoempleo.com\/hrtrends\/nuestro-futuro-en-manos-de-los-ni-ni\/#primaryimage"},"thumbnailUrl":"https:\/\/empresas.infoempleo.com\/hrtrends\/media\/2012\/11\/universidad.jpg","datePublished":"2012-11-26T09:17:11+00:00","dateModified":"2024-11-28T16:15:12+00:00","breadcrumb":{"@id":"https:\/\/empresas.infoempleo.com\/hrtrends\/nuestro-futuro-en-manos-de-los-ni-ni\/#breadcrumb"},"inLanguage":"es","potentialAction":[{"@type":"ReadAction","target":["https:\/\/empresas.infoempleo.com\/hrtrends\/nuestro-futuro-en-manos-de-los-ni-ni\/"]}]},{"@type":"ImageObject","inLanguage":"es","@id":"https:\/\/empresas.infoempleo.com\/hrtrends\/nuestro-futuro-en-manos-de-los-ni-ni\/#primaryimage","url":"https:\/\/empresas.infoempleo.com\/hrtrends\/media\/2012\/11\/universidad-150x150.jpg","contentUrl":"https:\/\/empresas.infoempleo.com\/hrtrends\/media\/2012\/11\/universidad-150x150.jpg","width":150,"height":150},{"@type":"BreadcrumbList","@id":"https:\/\/empresas.infoempleo.com\/hrtrends\/nuestro-futuro-en-manos-de-los-ni-ni\/#breadcrumb","itemListElement":[{"@type":"ListItem","position":1,"name":"Portada","item":"https:\/\/empresas.infoempleo.com\/hrtrends\/"},{"@type":"ListItem","position":2,"name":"Nuestro futuro en manos de \u00ablos Ni-Ni\u00bb"}]},{"@type":"WebSite","@id":"https:\/\/empresas.infoempleo.com\/hrtrends\/#website","url":"https:\/\/empresas.infoempleo.com\/hrtrends","name":"HRTrends by Infoempleo","description":"","publisher":{"@id":"https:\/\/empresas.infoempleo.com\/hrtrends\/#organization"},"potentialAction":{"@type":"SearchAction","target":"https:\/\/empresas.infoempleo.com\/hrtrends\/?s={search_term_string}","query-input":"required name=search_term_string"},"inLanguage":"es"},{"@type":"Organization","@id":"https:\/\/empresas.infoempleo.com\/hrtrends\/#organization","name":"Infoempleo","url":"https:\/\/www.infoempleo.com\/","logo":{"@type":"ImageObject","@id":"https:\/\/empresas.infoempleo.com\/hrtrends\/#logo","inLanguage":"es","url":"https:\/\/cdnazure.infoempleo.com\/infoempleo\/assets\/style\/gfx\/logo.svg","contentUrl":"https:\/\/cdnazure.infoempleo.com\/infoempleo\/assets\/style\/gfx\/logo.svg","width":150,"height":40,"caption":"Infoempleo"},"image":{"@id":"https:\/\/empresas.infoempleo.com\/hrtrends\/#logo"},"sameAs":["https:\/\/www.facebook.com\/Infoempleo","https:\/\/x.com\/infoempleo","http:\/\/instagram.com\/infoempleo\/","http:\/\/www.linkedin.com\/groups\/Empleo-Espa\u00f1a-Infoempleocom-111276","http:\/\/pinterest.com\/infoempleo\/"],"address":{"@type":"PostalAddress","addressLocality":"Madrid","postalCode":"28050","streetAddress":"Avenida de Burgos 114"},"brand":["Infoempleo"]},{"@type":"Person","@id":"https:\/\/empresas.infoempleo.com\/hrtrends\/#\/schema\/person\/67d3e276ffcc8b3ae0ebec816daf775a","name":"infoempleo","image":{"@type":"ImageObject","inLanguage":"es","@id":"https:\/\/empresas.infoempleo.com\/hrtrends\/#\/schema\/person\/image\/","url":"https:\/\/secure.gravatar.com\/avatar\/7b437777242fe67d2473c2a818da2344692d1ee91e91080ccffbd97bcd4a0975?s=96&d=mm&r=g","contentUrl":"https:\/\/secure.gravatar.com\/avatar\/7b437777242fe67d2473c2a818da2344692d1ee91e91080ccffbd97bcd4a0975?s=96&d=mm&r=g","caption":"infoempleo"},"url":"https:\/\/empresas.infoempleo.com\/hrtrends\/author\/infoempleo\/"}]}},"amp_enabled":true,"_links":{"self":[{"href":"https:\/\/empresas.infoempleo.com\/hrtrends\/wp-json\/wp\/v2\/posts\/15781","targetHints":{"allow":["GET"]}}],"collection":[{"href":"https:\/\/empresas.infoempleo.com\/hrtrends\/wp-json\/wp\/v2\/posts"}],"about":[{"href":"https:\/\/empresas.infoempleo.com\/hrtrends\/wp-json\/wp\/v2\/types\/post"}],"author":[{"embeddable":true,"href":"https:\/\/empresas.infoempleo.com\/hrtrends\/wp-json\/wp\/v2\/users\/72"}],"replies":[{"embeddable":true,"href":"https:\/\/empresas.infoempleo.com\/hrtrends\/wp-json\/wp\/v2\/comments?post=15781"}],"version-history":[{"count":1,"href":"https:\/\/empresas.infoempleo.com\/hrtrends\/wp-json\/wp\/v2\/posts\/15781\/revisions"}],"predecessor-version":[{"id":46047,"href":"https:\/\/empresas.infoempleo.com\/hrtrends\/wp-json\/wp\/v2\/posts\/15781\/revisions\/46047"}],"wp:featuredmedia":[{"embeddable":true,"href":"https:\/\/empresas.infoempleo.com\/hrtrends\/wp-json\/wp\/v2\/media\/15783"}],"wp:attachment":[{"href":"https:\/\/empresas.infoempleo.com\/hrtrends\/wp-json\/wp\/v2\/media?parent=15781"}],"wp:term":[{"taxonomy":"category","embeddable":true,"href":"https:\/\/empresas.infoempleo.com\/hrtrends\/wp-json\/wp\/v2\/categories?post=15781"},{"taxonomy":"post_tag","embeddable":true,"href":"https:\/\/empresas.infoempleo.com\/hrtrends\/wp-json\/wp\/v2\/tags?post=15781"}],"curies":[{"name":"wp","href":"https:\/\/api.w.org\/{rel}","templated":true}]}}