{"id":15747,"date":"2012-11-19T11:25:51","date_gmt":"2012-11-19T10:25:51","guid":{"rendered":"http:\/\/blog.infoempleo.com\/?p=15747"},"modified":"2018-05-23T17:05:24","modified_gmt":"2018-05-23T15:05:24","slug":"cuando-has-estado-frente-al-himalaya","status":"publish","type":"post","link":"https:\/\/empresas.infoempleo.com\/hrtrends\/cuando-has-estado-frente-al-himalaya\/","title":{"rendered":"\u00bfCu\u00e1ndo has estado frente al Himalaya?"},"content":{"rendered":"<p><img loading=\"lazy\" decoding=\"async\" class=\"alignnone size-full wp-image-15751\" title=\"Marc Vidal\" src=\"https:\/\/empresas.infoempleo.com\/hrtrends\/media\/2012\/11\/MarcVidal2.jpg\" alt=\"\" width=\"112\" height=\"110\" \/><\/p>\n<h3>Marc Vidal, Up in the Cloud.<\/h3>\n<p>En 1999 estuve en el Nepal. All\u00ed hay un aeropuerto que se le considera la puerta de entrada para los escaladores del Himalaya. Se llama Lukla y est\u00e1 a casi 3.000 metros de altura. Tiene una peligrosa pista de 450 metros de largo. A pesar de que mi viaje no ten\u00eda nada que ver con esa gran cordillera, su omnipresencia aturde. En un lugar como ese piensas en lo que deben sentir los que aterrizan en ese lugar para afrontar algo tan \u00a0extraordinario: ascender esas cumbres. Me encanta comparar ese reto con el de emprender. <strong>Emprender en \u00a0estos tiempos es un ejercicio arriesgado, pero estimulante tambi\u00e9n y, adem\u00e1s, ahora, se hace como elemento diferenciador del paisaje socioecon\u00f3mico.<\/strong> Vivimos tiempos de malestar donde la protesta social ha dejado de ser revolucionaria y se ha ido transformando en expresiva. Son tiempos de cambio de modelo, de era, de sistema. El momento exacto de la historia donde la pol\u00edtica ha perdido su car\u00e1cter de acci\u00f3n de cambio. El instante donde a la vez el cambio cultural, social, tecnol\u00f3gico y digital se convierte en una constante imparable. En definitiva, <strong>nos ha tocado sufrir una \u00e9poca donde la esperanza de un cambio de naturaleza pol\u00edtica ha desaparecido y, a cambio, nos ha dejado la sensaci\u00f3n de que a trav\u00e9s de ella vivimos la par\u00e1lisis<\/strong>. La lejan\u00eda de lo p\u00fablico del escenario donde pasan las cosas, incluido el \u00e1mbito emprendedor, es de tal calibre que espanta y clarifica lo que tenemos que hacer y cu\u00e1ndo: <strong>ponernos en marcha y ahora.<\/strong><\/p>\n<p>M\u00e1s que nunca emprender es una responsabilidad emocionante. <strong>Me niego a aceptar que esto ya no se mover\u00e1.<\/strong> Si se potenciaran redes de conocimiento, si se impulsara la proliferaci\u00f3n del capital riesgo con apoyos tributarios, si las administraciones redujeran\u00a0la fricci\u00f3n en los tr\u00e1mites, si el impulso a la innovaci\u00f3n creciera en lugar de menguar, si la cultura emprendedora se transmitiera en las escuelas de secundaria y en las \u00a0universidades, tal vez, si todo eso pasara, un asalariado que pasa a ser emprendedor lo tuviera algo m\u00e1s f\u00e1cil y, con ello, un pa\u00eds como el nuestro estar\u00eda m\u00e1s cerca de la cabeza econ\u00f3mica del mundo civilizado.<\/p>\n<p><strong>Retos y responsabilidades, pero tambi\u00e9n voluntad y sacrificio.<\/strong> Los que hemos puesto en marcha nuestros \u00a0sue\u00f1os, sin saber si era posible tan siquiera, sabemos c\u00f3mo sabe ese domingo por la tarde, exhaustos, viendo desde el despacho c\u00f3mo las familias pasean, las parejas hacen cola para el cine y el mundo sigue su curso de fin de semana. Mientras, t\u00fa sigues esforz\u00e1ndote en la b\u00fasqueda de la oportunidad. So\u00f1ar y emprender van juntos a pesar de que las din\u00e1micas pol\u00edticas no ayudan mucho. \u00bfD\u00f3nde qued\u00f3 la ley del emprendedor? \u00bfQu\u00e9 fue del programa de solvencia para reducir la deuda p\u00fablica a empresas y aut\u00f3nomos? Los emprendedores no tenemos tiempo para esperar. Si vienen los sherpas, mejor; si no, es igual, esa monta\u00f1a la vamos a escalar. \u00bfNo es maravilloso contemplar frente a ti un reto tan enorme y tan extraordinario como montar una empresa \u00a0independientemente de todo? \u00bfCu\u00e1ndo has estado frente al Himalaya? Ahora\u00a0lo est\u00e1s, \u00bfvas a desestimarlo?<\/p>\n","protected":false},"excerpt":{"rendered":"<p>Marc Vidal, Up in the Cloud. En 1999 estuve en el Nepal. All\u00ed hay un aeropuerto que se<a class=\"moretag\" href=\"https:\/\/empresas.infoempleo.com\/hrtrends\/cuando-has-estado-frente-al-himalaya\/\"> Leer m\u00e1s<\/a><\/p>\n","protected":false},"author":72,"featured_media":15748,"comment_status":"closed","ping_status":"open","sticky":false,"template":"","format":"standard","meta":{"footnotes":""},"categories":[3],"tags":[117,2548,1197],"class_list":["post-15747","post","type-post","status-publish","format-standard","has-post-thumbnail","hentry","category-actualidad","tag-emprender","tag-newletter","tag-retos"],"yoast_head":"<!-- This site is optimized with the Yoast SEO plugin v26.1.1 - https:\/\/yoast.com\/wordpress\/plugins\/seo\/ -->\n<title>\u00bfCu\u00e1ndo has estado frente al Himalaya? | HRTRENDS<\/title>\n<meta name=\"robots\" content=\"index, follow, max-snippet:-1, max-image-preview:large, max-video-preview:-1\" \/>\n<link rel=\"canonical\" href=\"https:\/\/empresas.infoempleo.com\/hrtrends\/cuando-has-estado-frente-al-himalaya\/\" \/>\n<meta property=\"og:locale\" content=\"es_ES\" \/>\n<meta property=\"og:type\" content=\"article\" \/>\n<meta property=\"og:title\" content=\"\u00bfCu\u00e1ndo has estado frente al Himalaya? | HRTRENDS\" \/>\n<meta property=\"og:description\" content=\"Marc Vidal, Up in the Cloud. En 1999 estuve en el Nepal. All\u00ed hay un aeropuerto que se Leer m\u00e1s\" \/>\n<meta property=\"og:url\" content=\"https:\/\/empresas.infoempleo.com\/hrtrends\/cuando-has-estado-frente-al-himalaya\/\" \/>\n<meta property=\"og:site_name\" content=\"HRTRENDS\" \/>\n<meta property=\"article:publisher\" content=\"https:\/\/www.facebook.com\/Infoempleo\" \/>\n<meta property=\"article:published_time\" content=\"2012-11-19T10:25:51+00:00\" \/>\n<meta property=\"article:modified_time\" content=\"2018-05-23T15:05:24+00:00\" \/>\n<meta property=\"og:image\" content=\"https:\/\/empresas.infoempleo.com\/hrtrends\/media\/2012\/11\/Himalaya.jpg\" \/>\n\t<meta property=\"og:image:width\" content=\"568\" \/>\n\t<meta property=\"og:image:height\" content=\"259\" \/>\n\t<meta property=\"og:image:type\" content=\"image\/jpeg\" \/>\n<meta name=\"author\" content=\"infoempleo\" \/>\n<meta name=\"twitter:card\" content=\"summary_large_image\" \/>\n<meta name=\"twitter:creator\" content=\"@infoempleo\" \/>\n<meta name=\"twitter:site\" content=\"@infoempleo\" \/>\n<meta name=\"twitter:label1\" content=\"Escrito por\" \/>\n\t<meta name=\"twitter:data1\" content=\"infoempleo\" \/>\n\t<meta name=\"twitter:label2\" content=\"Tiempo de lectura\" \/>\n\t<meta name=\"twitter:data2\" content=\"3 minutos\" \/>\n<script type=\"application\/ld+json\" class=\"yoast-schema-graph\">{\"@context\":\"https:\/\/schema.org\",\"@graph\":[{\"@type\":\"NewsArticle\",\"@id\":\"https:\/\/empresas.infoempleo.com\/hrtrends\/cuando-has-estado-frente-al-himalaya\/#article\",\"isPartOf\":{\"@id\":\"https:\/\/empresas.infoempleo.com\/hrtrends\/cuando-has-estado-frente-al-himalaya\/\"},\"author\":{\"name\":\"infoempleo\",\"@id\":\"https:\/\/empresas.infoempleo.com\/hrtrends\/#\/schema\/person\/67d3e276ffcc8b3ae0ebec816daf775a\"},\"headline\":\"\u00bfCu\u00e1ndo has estado frente al Himalaya?\",\"datePublished\":\"2012-11-19T10:25:51+00:00\",\"dateModified\":\"2018-05-23T15:05:24+00:00\",\"mainEntityOfPage\":{\"@id\":\"https:\/\/empresas.infoempleo.com\/hrtrends\/cuando-has-estado-frente-al-himalaya\/\"},\"wordCount\":569,\"publisher\":{\"@id\":\"https:\/\/empresas.infoempleo.com\/hrtrends\/#organization\"},\"image\":{\"@id\":\"https:\/\/empresas.infoempleo.com\/hrtrends\/cuando-has-estado-frente-al-himalaya\/#primaryimage\"},\"thumbnailUrl\":\"https:\/\/empresas.infoempleo.com\/hrtrends\/media\/2012\/11\/Himalaya.jpg\",\"keywords\":[\"emprender\",\"newletter\",\"retos\"],\"articleSection\":[\"Actualidad\"],\"inLanguage\":\"es\",\"copyrightYear\":\"2012\",\"copyrightHolder\":{\"@id\":\"https:\/\/empresas.infoempleo.com\/hrtrends\/#organization\"}},{\"@type\":\"WebPage\",\"@id\":\"https:\/\/empresas.infoempleo.com\/hrtrends\/cuando-has-estado-frente-al-himalaya\/\",\"url\":\"https:\/\/empresas.infoempleo.com\/hrtrends\/cuando-has-estado-frente-al-himalaya\/\",\"name\":\"\u00bfCu\u00e1ndo has estado frente al Himalaya? | HRTRENDS\",\"isPartOf\":{\"@id\":\"https:\/\/empresas.infoempleo.com\/hrtrends\/#website\"},\"primaryImageOfPage\":{\"@id\":\"https:\/\/empresas.infoempleo.com\/hrtrends\/cuando-has-estado-frente-al-himalaya\/#primaryimage\"},\"image\":{\"@id\":\"https:\/\/empresas.infoempleo.com\/hrtrends\/cuando-has-estado-frente-al-himalaya\/#primaryimage\"},\"thumbnailUrl\":\"https:\/\/empresas.infoempleo.com\/hrtrends\/media\/2012\/11\/Himalaya.jpg\",\"datePublished\":\"2012-11-19T10:25:51+00:00\",\"dateModified\":\"2018-05-23T15:05:24+00:00\",\"breadcrumb\":{\"@id\":\"https:\/\/empresas.infoempleo.com\/hrtrends\/cuando-has-estado-frente-al-himalaya\/#breadcrumb\"},\"inLanguage\":\"es\",\"potentialAction\":[{\"@type\":\"ReadAction\",\"target\":[\"https:\/\/empresas.infoempleo.com\/hrtrends\/cuando-has-estado-frente-al-himalaya\/\"]}]},{\"@type\":\"ImageObject\",\"inLanguage\":\"es\",\"@id\":\"https:\/\/empresas.infoempleo.com\/hrtrends\/cuando-has-estado-frente-al-himalaya\/#primaryimage\",\"url\":\"https:\/\/empresas.infoempleo.com\/hrtrends\/media\/2012\/11\/Himalaya-150x150.jpg\",\"contentUrl\":\"https:\/\/empresas.infoempleo.com\/hrtrends\/media\/2012\/11\/Himalaya-150x150.jpg\",\"width\":150,\"height\":150},{\"@type\":\"BreadcrumbList\",\"@id\":\"https:\/\/empresas.infoempleo.com\/hrtrends\/cuando-has-estado-frente-al-himalaya\/#breadcrumb\",\"itemListElement\":[{\"@type\":\"ListItem\",\"position\":1,\"name\":\"Portada\",\"item\":\"https:\/\/empresas.infoempleo.com\/hrtrends\/\"},{\"@type\":\"ListItem\",\"position\":2,\"name\":\"\u00bfCu\u00e1ndo has estado frente al Himalaya?\"}]},{\"@type\":\"WebSite\",\"@id\":\"https:\/\/empresas.infoempleo.com\/hrtrends\/#website\",\"url\":\"https:\/\/empresas.infoempleo.com\/hrtrends\",\"name\":\"HRTrends by Infoempleo\",\"description\":\"\",\"publisher\":{\"@id\":\"https:\/\/empresas.infoempleo.com\/hrtrends\/#organization\"},\"potentialAction\":{\"@type\":\"SearchAction\",\"target\":\"https:\/\/empresas.infoempleo.com\/hrtrends\/?s={search_term_string}\",\"query-input\":\"required name=search_term_string\"},\"inLanguage\":\"es\"},{\"@type\":\"Organization\",\"@id\":\"https:\/\/empresas.infoempleo.com\/hrtrends\/#organization\",\"name\":\"Infoempleo\",\"url\":\"https:\/\/www.infoempleo.com\/\",\"logo\":{\"@type\":\"ImageObject\",\"@id\":\"https:\/\/empresas.infoempleo.com\/hrtrends\/#logo\",\"inLanguage\":\"es\",\"url\":\"https:\/\/cdnazure.infoempleo.com\/infoempleo\/assets\/style\/gfx\/logo.svg\",\"contentUrl\":\"https:\/\/cdnazure.infoempleo.com\/infoempleo\/assets\/style\/gfx\/logo.svg\",\"width\":150,\"height\":40,\"caption\":\"Infoempleo\"},\"image\":{\"@id\":\"https:\/\/empresas.infoempleo.com\/hrtrends\/#logo\"},\"sameAs\":[\"https:\/\/www.facebook.com\/Infoempleo\",\"https:\/\/x.com\/infoempleo\",\"http:\/\/instagram.com\/infoempleo\/\",\"http:\/\/www.linkedin.com\/groups\/Empleo-Espa\u00f1a-Infoempleocom-111276\",\"http:\/\/pinterest.com\/infoempleo\/\"],\"address\":{\"@type\":\"PostalAddress\",\"addressLocality\":\"Madrid\",\"postalCode\":\"28050\",\"streetAddress\":\"Avenida de Burgos 114\"},\"brand\":[\"Infoempleo\"]},{\"@type\":\"Person\",\"@id\":\"https:\/\/empresas.infoempleo.com\/hrtrends\/#\/schema\/person\/67d3e276ffcc8b3ae0ebec816daf775a\",\"name\":\"infoempleo\",\"image\":{\"@type\":\"ImageObject\",\"inLanguage\":\"es\",\"@id\":\"https:\/\/empresas.infoempleo.com\/hrtrends\/#\/schema\/person\/image\/\",\"url\":\"https:\/\/secure.gravatar.com\/avatar\/7b437777242fe67d2473c2a818da2344692d1ee91e91080ccffbd97bcd4a0975?s=96&d=mm&r=g\",\"contentUrl\":\"https:\/\/secure.gravatar.com\/avatar\/7b437777242fe67d2473c2a818da2344692d1ee91e91080ccffbd97bcd4a0975?s=96&d=mm&r=g\",\"caption\":\"infoempleo\"},\"url\":\"https:\/\/empresas.infoempleo.com\/hrtrends\/author\/infoempleo\/\"}]}<\/script>\n<!-- \/ Yoast SEO plugin. -->","yoast_head_json":{"title":"\u00bfCu\u00e1ndo has estado frente al Himalaya? | HRTRENDS","robots":{"index":"index","follow":"follow","max-snippet":"max-snippet:-1","max-image-preview":"max-image-preview:large","max-video-preview":"max-video-preview:-1"},"canonical":"https:\/\/empresas.infoempleo.com\/hrtrends\/cuando-has-estado-frente-al-himalaya\/","og_locale":"es_ES","og_type":"article","og_title":"\u00bfCu\u00e1ndo has estado frente al Himalaya? | HRTRENDS","og_description":"Marc Vidal, Up in the Cloud. En 1999 estuve en el Nepal. All\u00ed hay un aeropuerto que se Leer m\u00e1s","og_url":"https:\/\/empresas.infoempleo.com\/hrtrends\/cuando-has-estado-frente-al-himalaya\/","og_site_name":"HRTRENDS","article_publisher":"https:\/\/www.facebook.com\/Infoempleo","article_published_time":"2012-11-19T10:25:51+00:00","article_modified_time":"2018-05-23T15:05:24+00:00","og_image":[{"width":568,"height":259,"url":"https:\/\/empresas.infoempleo.com\/hrtrends\/media\/2012\/11\/Himalaya.jpg","type":"image\/jpeg"}],"author":"infoempleo","twitter_card":"summary_large_image","twitter_creator":"@infoempleo","twitter_site":"@infoempleo","twitter_misc":{"Escrito por":"infoempleo","Tiempo de lectura":"3 minutos"},"schema":{"@context":"https:\/\/schema.org","@graph":[{"@type":"NewsArticle","@id":"https:\/\/empresas.infoempleo.com\/hrtrends\/cuando-has-estado-frente-al-himalaya\/#article","isPartOf":{"@id":"https:\/\/empresas.infoempleo.com\/hrtrends\/cuando-has-estado-frente-al-himalaya\/"},"author":{"name":"infoempleo","@id":"https:\/\/empresas.infoempleo.com\/hrtrends\/#\/schema\/person\/67d3e276ffcc8b3ae0ebec816daf775a"},"headline":"\u00bfCu\u00e1ndo has estado frente al Himalaya?","datePublished":"2012-11-19T10:25:51+00:00","dateModified":"2018-05-23T15:05:24+00:00","mainEntityOfPage":{"@id":"https:\/\/empresas.infoempleo.com\/hrtrends\/cuando-has-estado-frente-al-himalaya\/"},"wordCount":569,"publisher":{"@id":"https:\/\/empresas.infoempleo.com\/hrtrends\/#organization"},"image":{"@id":"https:\/\/empresas.infoempleo.com\/hrtrends\/cuando-has-estado-frente-al-himalaya\/#primaryimage"},"thumbnailUrl":"https:\/\/empresas.infoempleo.com\/hrtrends\/media\/2012\/11\/Himalaya.jpg","keywords":["emprender","newletter","retos"],"articleSection":["Actualidad"],"inLanguage":"es","copyrightYear":"2012","copyrightHolder":{"@id":"https:\/\/empresas.infoempleo.com\/hrtrends\/#organization"}},{"@type":"WebPage","@id":"https:\/\/empresas.infoempleo.com\/hrtrends\/cuando-has-estado-frente-al-himalaya\/","url":"https:\/\/empresas.infoempleo.com\/hrtrends\/cuando-has-estado-frente-al-himalaya\/","name":"\u00bfCu\u00e1ndo has estado frente al Himalaya? | HRTRENDS","isPartOf":{"@id":"https:\/\/empresas.infoempleo.com\/hrtrends\/#website"},"primaryImageOfPage":{"@id":"https:\/\/empresas.infoempleo.com\/hrtrends\/cuando-has-estado-frente-al-himalaya\/#primaryimage"},"image":{"@id":"https:\/\/empresas.infoempleo.com\/hrtrends\/cuando-has-estado-frente-al-himalaya\/#primaryimage"},"thumbnailUrl":"https:\/\/empresas.infoempleo.com\/hrtrends\/media\/2012\/11\/Himalaya.jpg","datePublished":"2012-11-19T10:25:51+00:00","dateModified":"2018-05-23T15:05:24+00:00","breadcrumb":{"@id":"https:\/\/empresas.infoempleo.com\/hrtrends\/cuando-has-estado-frente-al-himalaya\/#breadcrumb"},"inLanguage":"es","potentialAction":[{"@type":"ReadAction","target":["https:\/\/empresas.infoempleo.com\/hrtrends\/cuando-has-estado-frente-al-himalaya\/"]}]},{"@type":"ImageObject","inLanguage":"es","@id":"https:\/\/empresas.infoempleo.com\/hrtrends\/cuando-has-estado-frente-al-himalaya\/#primaryimage","url":"https:\/\/empresas.infoempleo.com\/hrtrends\/media\/2012\/11\/Himalaya-150x150.jpg","contentUrl":"https:\/\/empresas.infoempleo.com\/hrtrends\/media\/2012\/11\/Himalaya-150x150.jpg","width":150,"height":150},{"@type":"BreadcrumbList","@id":"https:\/\/empresas.infoempleo.com\/hrtrends\/cuando-has-estado-frente-al-himalaya\/#breadcrumb","itemListElement":[{"@type":"ListItem","position":1,"name":"Portada","item":"https:\/\/empresas.infoempleo.com\/hrtrends\/"},{"@type":"ListItem","position":2,"name":"\u00bfCu\u00e1ndo has estado frente al Himalaya?"}]},{"@type":"WebSite","@id":"https:\/\/empresas.infoempleo.com\/hrtrends\/#website","url":"https:\/\/empresas.infoempleo.com\/hrtrends","name":"HRTrends by Infoempleo","description":"","publisher":{"@id":"https:\/\/empresas.infoempleo.com\/hrtrends\/#organization"},"potentialAction":{"@type":"SearchAction","target":"https:\/\/empresas.infoempleo.com\/hrtrends\/?s={search_term_string}","query-input":"required name=search_term_string"},"inLanguage":"es"},{"@type":"Organization","@id":"https:\/\/empresas.infoempleo.com\/hrtrends\/#organization","name":"Infoempleo","url":"https:\/\/www.infoempleo.com\/","logo":{"@type":"ImageObject","@id":"https:\/\/empresas.infoempleo.com\/hrtrends\/#logo","inLanguage":"es","url":"https:\/\/cdnazure.infoempleo.com\/infoempleo\/assets\/style\/gfx\/logo.svg","contentUrl":"https:\/\/cdnazure.infoempleo.com\/infoempleo\/assets\/style\/gfx\/logo.svg","width":150,"height":40,"caption":"Infoempleo"},"image":{"@id":"https:\/\/empresas.infoempleo.com\/hrtrends\/#logo"},"sameAs":["https:\/\/www.facebook.com\/Infoempleo","https:\/\/x.com\/infoempleo","http:\/\/instagram.com\/infoempleo\/","http:\/\/www.linkedin.com\/groups\/Empleo-Espa\u00f1a-Infoempleocom-111276","http:\/\/pinterest.com\/infoempleo\/"],"address":{"@type":"PostalAddress","addressLocality":"Madrid","postalCode":"28050","streetAddress":"Avenida de Burgos 114"},"brand":["Infoempleo"]},{"@type":"Person","@id":"https:\/\/empresas.infoempleo.com\/hrtrends\/#\/schema\/person\/67d3e276ffcc8b3ae0ebec816daf775a","name":"infoempleo","image":{"@type":"ImageObject","inLanguage":"es","@id":"https:\/\/empresas.infoempleo.com\/hrtrends\/#\/schema\/person\/image\/","url":"https:\/\/secure.gravatar.com\/avatar\/7b437777242fe67d2473c2a818da2344692d1ee91e91080ccffbd97bcd4a0975?s=96&d=mm&r=g","contentUrl":"https:\/\/secure.gravatar.com\/avatar\/7b437777242fe67d2473c2a818da2344692d1ee91e91080ccffbd97bcd4a0975?s=96&d=mm&r=g","caption":"infoempleo"},"url":"https:\/\/empresas.infoempleo.com\/hrtrends\/author\/infoempleo\/"}]}},"amp_enabled":true,"_links":{"self":[{"href":"https:\/\/empresas.infoempleo.com\/hrtrends\/wp-json\/wp\/v2\/posts\/15747","targetHints":{"allow":["GET"]}}],"collection":[{"href":"https:\/\/empresas.infoempleo.com\/hrtrends\/wp-json\/wp\/v2\/posts"}],"about":[{"href":"https:\/\/empresas.infoempleo.com\/hrtrends\/wp-json\/wp\/v2\/types\/post"}],"author":[{"embeddable":true,"href":"https:\/\/empresas.infoempleo.com\/hrtrends\/wp-json\/wp\/v2\/users\/72"}],"replies":[{"embeddable":true,"href":"https:\/\/empresas.infoempleo.com\/hrtrends\/wp-json\/wp\/v2\/comments?post=15747"}],"version-history":[{"count":0,"href":"https:\/\/empresas.infoempleo.com\/hrtrends\/wp-json\/wp\/v2\/posts\/15747\/revisions"}],"wp:featuredmedia":[{"embeddable":true,"href":"https:\/\/empresas.infoempleo.com\/hrtrends\/wp-json\/wp\/v2\/media\/15748"}],"wp:attachment":[{"href":"https:\/\/empresas.infoempleo.com\/hrtrends\/wp-json\/wp\/v2\/media?parent=15747"}],"wp:term":[{"taxonomy":"category","embeddable":true,"href":"https:\/\/empresas.infoempleo.com\/hrtrends\/wp-json\/wp\/v2\/categories?post=15747"},{"taxonomy":"post_tag","embeddable":true,"href":"https:\/\/empresas.infoempleo.com\/hrtrends\/wp-json\/wp\/v2\/tags?post=15747"}],"curies":[{"name":"wp","href":"https:\/\/api.w.org\/{rel}","templated":true}]}}