{"id":15740,"date":"2012-11-19T10:48:14","date_gmt":"2012-11-19T09:48:14","guid":{"rendered":"http:\/\/blog.infoempleo.com\/?p=15740"},"modified":"2018-05-23T17:05:24","modified_gmt":"2018-05-23T15:05:24","slug":"empece-como-monaguillo-profesional-con-8-anos","status":"publish","type":"post","link":"https:\/\/empresas.infoempleo.com\/hrtrends\/empece-como-monaguillo-profesional-con-8-anos\/","title":{"rendered":"\u00abEmpec\u00e9 como monaguillo profesional, con 8 a\u00f1os\u00bb"},"content":{"rendered":"<p>Albert Boadella (Madrid, 1943) tiene una vida para contarla, como ya apunt\u00f3 con su libro \u2018Memorias de un buf\u00f3n\u2019 (2001). Contestatario y contestado, provocador de guardia, Boadella no tiene reparos en meter el dedo en el ojo cuando lo cree necesario, y su reciente libro \u2018Mis desayunos con ella\u2019 (Espasa) es buen ejemplo de ello. Ahora, desde su puesto como director art\u00edstico de los Teatros del Canal de Madrid, despide 2012 y encara 2013 con producciones como \u2018El veneno del teatro\u2019, \u2018Memorias de un caballo andaluz\u2019, \u2018El \u00faltimo jinete\u2019, el Festival Talent Madrid, la \u00f3pera \u2018Pepita Jim\u00e9nez\u2019, con direcci\u00f3n esc\u00e9nica de Calixto Bieito\u2026 y su propia aportaci\u00f3n, la pr\u00f3xima primavera, con \u2018El pimiento Verdi\u2019, una confluencia de Verdi y Wagner que contar\u00e1 con libreto y direcci\u00f3n del propio Boadella. El \u2018traidor nacional\u2019 de Catalu\u00f1a \u2013como \u00e9l mismo se define- est\u00e1 en perfecto estado de revista.<\/p>\n<p><strong>\u00bfC\u00f3mo recuerda su primer dinero por un trabajo?<\/strong><br \/>\nMonaguillo profesional, por decirlo de alguna manera. Tendr\u00eda unos 8 a\u00f1os. Estaba en el colegio La Salle y recuerdo que ten\u00eda que levantarme a las 6.30 para los primeros oficios. Hac\u00edamos 2, 3 misas y algunas los viernes por la tarde. Pero m\u00e1s que dinero, era un intercambio por la educaci\u00f3n.<\/p>\n<p><strong>Cuando s\u00ed lleg\u00f3 el dinero fue por el trabajo manual\u2026<\/strong><br \/>\nEn efecto, mi padre se empe\u00f1\u00f3 en que aprendiese un oficio y fui aprendiz de grabador y cincelador \u2013no s\u00e9 si ah\u00ed empec\u00e9 a forjar mi gusto por el detalle\u2026-. Ten\u00eda 17 a\u00f1os y ganaba 75 pesetas semanales, que iban a la econom\u00eda\u00a0familiar.<\/p>\n<p><strong>\u00bfC\u00f3mo altern\u00f3 lo del cincel con la escena?<\/strong><br \/>\nDurante un tiempo, trabajaba por la ma\u00f1ana y probaba con el teatro el resto del tiempo. Aquello empez\u00f3 porque quer\u00edan que estudiase la carrera diplom\u00e1tica, pero era un verdadero rollo, como llevar dos carreras al mismo tiempo. \u00abPues tendr\u00e1s que estudiar algo\u00bb; dije \u00abteatro\u00bb, y empec\u00e9 a estudiar mimo.<\/p>\n<p><strong>Y enseguida lleg\u00f3 la compa\u00f1\u00eda de teatro Els Joglars. \u00bfC\u00f3mo ha administrado su dinero desde los inicios de ese \u00a0proyecto?<\/strong><br \/>\nLos comienzos fueron duros. No gan\u00e1bamos pr\u00e1cticamente nada, pero fue mejorando y se convirti\u00f3 no solo en una forma de trabajar sino de vivir: uno se encargaba m\u00e1s de las cuentas, otro de reparar lo que hubiese que reparar\u2026 Eso s\u00ed, el par\u00f3n de la c\u00e1rcel fue para tenerlo en cuenta \u2013fue condenado a principios de la Transici\u00f3n por una obra de teatro\u2013. Lo de \u2018La Torna\u2019 fue duro, todo un batacazo que afect\u00f3 tambi\u00e9n al p\u00fablico. Ah\u00ed se cerr\u00f3 el grifo, indudablemente, pero cuando me escap\u00e9 y fui al exilio, todo continu\u00f3 y, desde entonces, no pasamos serios problemas econ\u00f3micos. Siempre digo que \u00abel \u00e9xito de Els Joglars ha sorprendido a la propia empresa\u00bb.<\/p>\n<p><strong>\u00bfC\u00f3mo describe su situaci\u00f3n actual, desde su puesto de responsabilidad\u2026 p\u00fablica? \u00bfY qu\u00e9 vamos a ver en los \u00a0Teatros del Canal?<\/strong><br \/>\nEstoy enormemente ilusionado con este cargo y hemos conseguido convertirlos en un teatro de referencia, en un lugar enormemente c\u00edvico, en el que no haya amiguismo, no caer en lo de siempre \u2013es m\u00e1s, invito a mis adversarios-. A la m\u00ednima\u00a0que sufriera, me ir\u00eda de aqu\u00ed\u2026 En cuanto a los pr\u00f3ximos estrenos, hay de todo, empezando por lo m\u00e1s inminente, un montaje redondo, \u2018El veneno del teatro\u2019, con un director y actores excelentes \u2013Mario Gas y Miguel \u00c1ngel Sol\u00e1 y Daniel Freire\u2013. Y el festival Talent Madrid, una oportunidad para encontrar nuevos talentos. Invito a que consulten la programaci\u00f3n. Hay muchos motivos para disfrutar de la escena.<\/p>\n<p><strong>\u00bfC\u00f3mo anda de enemigos desde su \u2018exilio\u2019 madrile\u00f1o? Con su \u00faltimo libro, si no ha aumentado la n\u00f3mina, la ha reavivado, sobre todo en Catalu\u00f1a\u2026<\/strong><br \/>\n\u2018Diarios de un francotirador. Mis desayunos con ella\u2019 repasa tres a\u00f1os contados sin tapujos. En \u00e9l hablo de pr\u00e1cticamente todo: de arte, de toros\u2026 y de Catalu\u00f1a. En \u2018Operaci\u00f3 Ubu\u2019, en 1981, ya ve\u00eda claro que iba a pasar\u00a0esto, que iba a ser un proceso irreversible en busca de una tierra feliz y prometida, con la paranoia ante un \u00a0enemigo que no lo es. Lo veo como un montaje de ficci\u00f3n, al que asisto con una piel ya muy gruesa, en el que no me preocupa ser el \u2018traidor nacional de Catalu\u00f1a\u2019, la tierra de mi infancia y juventud, la del sentido com\u00fan. No es que sea masoquista, pero\u2026<\/p>\n<p><strong>En sus obras han aparecido personalidades como Salvador Dal\u00ed o Josep Pla, \u00bfc\u00f3mo cree que asistir\u00edan a este proceso?<\/strong><br \/>\nPues, desde luego, Dal\u00ed le dar\u00eda una aportaci\u00f3n especial, con su mezcla de inteligencia, genio y locura. \u00bfPla? Representa la sensatez, el buen sentido, incluso un toque de dulzura\u2026 Dir\u00eda cosas\u00a0irreproducibles.<\/p>\n","protected":false},"excerpt":{"rendered":"<p>Albert Boadella (Madrid, 1943) tiene una vida para contarla, como ya apunt\u00f3 con su libro \u2018Memorias de un<a class=\"moretag\" href=\"https:\/\/empresas.infoempleo.com\/hrtrends\/empece-como-monaguillo-profesional-con-8-anos\/\"> Leer m\u00e1s<\/a><\/p>\n","protected":false},"author":63,"featured_media":15741,"comment_status":"closed","ping_status":"open","sticky":false,"template":"","format":"standard","meta":{"footnotes":""},"categories":[3],"tags":[491],"class_list":["post-15740","post","type-post","status-publish","format-standard","has-post-thumbnail","hentry","category-actualidad","tag-primer-empleo"],"yoast_head":"<!-- This site is optimized with the Yoast SEO plugin v26.1.1 - https:\/\/yoast.com\/wordpress\/plugins\/seo\/ -->\n<title>\u00abEmpec\u00e9 como monaguillo profesional, con 8 a\u00f1os\u00bb | HRTRENDS<\/title>\n<meta name=\"robots\" content=\"index, follow, max-snippet:-1, max-image-preview:large, max-video-preview:-1\" \/>\n<link rel=\"canonical\" href=\"https:\/\/empresas.infoempleo.com\/hrtrends\/empece-como-monaguillo-profesional-con-8-anos\/\" \/>\n<meta property=\"og:locale\" content=\"es_ES\" \/>\n<meta property=\"og:type\" content=\"article\" \/>\n<meta property=\"og:title\" content=\"\u00abEmpec\u00e9 como monaguillo profesional, con 8 a\u00f1os\u00bb | HRTRENDS\" \/>\n<meta property=\"og:description\" content=\"Albert Boadella (Madrid, 1943) tiene una vida para contarla, como ya apunt\u00f3 con su libro \u2018Memorias de un Leer m\u00e1s\" \/>\n<meta property=\"og:url\" content=\"https:\/\/empresas.infoempleo.com\/hrtrends\/empece-como-monaguillo-profesional-con-8-anos\/\" \/>\n<meta property=\"og:site_name\" content=\"HRTRENDS\" \/>\n<meta property=\"article:publisher\" content=\"https:\/\/www.facebook.com\/Infoempleo\" \/>\n<meta property=\"article:published_time\" content=\"2012-11-19T09:48:14+00:00\" \/>\n<meta property=\"article:modified_time\" content=\"2018-05-23T15:05:24+00:00\" \/>\n<meta property=\"og:image\" content=\"https:\/\/empresas.infoempleo.com\/hrtrends\/media\/2012\/11\/AlbertBoadella.jpg\" \/>\n\t<meta property=\"og:image:width\" content=\"568\" \/>\n\t<meta property=\"og:image:height\" content=\"258\" \/>\n\t<meta property=\"og:image:type\" content=\"image\/jpeg\" \/>\n<meta name=\"author\" content=\"Alberto Vel\u00e1zquez\" \/>\n<meta name=\"twitter:card\" content=\"summary_large_image\" \/>\n<meta name=\"twitter:creator\" content=\"@infoempleo\" \/>\n<meta name=\"twitter:site\" content=\"@infoempleo\" \/>\n<meta name=\"twitter:label1\" content=\"Escrito por\" \/>\n\t<meta name=\"twitter:data1\" content=\"Alberto Vel\u00e1zquez\" \/>\n\t<meta name=\"twitter:label2\" content=\"Tiempo de lectura\" \/>\n\t<meta name=\"twitter:data2\" content=\"4 minutos\" \/>\n<script type=\"application\/ld+json\" class=\"yoast-schema-graph\">{\"@context\":\"https:\/\/schema.org\",\"@graph\":[{\"@type\":\"NewsArticle\",\"@id\":\"https:\/\/empresas.infoempleo.com\/hrtrends\/empece-como-monaguillo-profesional-con-8-anos\/#article\",\"isPartOf\":{\"@id\":\"https:\/\/empresas.infoempleo.com\/hrtrends\/empece-como-monaguillo-profesional-con-8-anos\/\"},\"author\":{\"name\":\"Alberto Vel\u00e1zquez\",\"@id\":\"https:\/\/empresas.infoempleo.com\/hrtrends\/#\/schema\/person\/489b9b333c8c991c7917fffb0fad494b\"},\"headline\":\"\u00abEmpec\u00e9 como monaguillo profesional, con 8 a\u00f1os\u00bb\",\"datePublished\":\"2012-11-19T09:48:14+00:00\",\"dateModified\":\"2018-05-23T15:05:24+00:00\",\"mainEntityOfPage\":{\"@id\":\"https:\/\/empresas.infoempleo.com\/hrtrends\/empece-como-monaguillo-profesional-con-8-anos\/\"},\"wordCount\":823,\"publisher\":{\"@id\":\"https:\/\/empresas.infoempleo.com\/hrtrends\/#organization\"},\"image\":{\"@id\":\"https:\/\/empresas.infoempleo.com\/hrtrends\/empece-como-monaguillo-profesional-con-8-anos\/#primaryimage\"},\"thumbnailUrl\":\"https:\/\/empresas.infoempleo.com\/hrtrends\/media\/2012\/11\/AlbertBoadella.jpg\",\"keywords\":[\"primer empleo\"],\"articleSection\":[\"Actualidad\"],\"inLanguage\":\"es\",\"copyrightYear\":\"2012\",\"copyrightHolder\":{\"@id\":\"https:\/\/empresas.infoempleo.com\/hrtrends\/#organization\"}},{\"@type\":\"WebPage\",\"@id\":\"https:\/\/empresas.infoempleo.com\/hrtrends\/empece-como-monaguillo-profesional-con-8-anos\/\",\"url\":\"https:\/\/empresas.infoempleo.com\/hrtrends\/empece-como-monaguillo-profesional-con-8-anos\/\",\"name\":\"\u00abEmpec\u00e9 como monaguillo profesional, con 8 a\u00f1os\u00bb | HRTRENDS\",\"isPartOf\":{\"@id\":\"https:\/\/empresas.infoempleo.com\/hrtrends\/#website\"},\"primaryImageOfPage\":{\"@id\":\"https:\/\/empresas.infoempleo.com\/hrtrends\/empece-como-monaguillo-profesional-con-8-anos\/#primaryimage\"},\"image\":{\"@id\":\"https:\/\/empresas.infoempleo.com\/hrtrends\/empece-como-monaguillo-profesional-con-8-anos\/#primaryimage\"},\"thumbnailUrl\":\"https:\/\/empresas.infoempleo.com\/hrtrends\/media\/2012\/11\/AlbertBoadella.jpg\",\"datePublished\":\"2012-11-19T09:48:14+00:00\",\"dateModified\":\"2018-05-23T15:05:24+00:00\",\"breadcrumb\":{\"@id\":\"https:\/\/empresas.infoempleo.com\/hrtrends\/empece-como-monaguillo-profesional-con-8-anos\/#breadcrumb\"},\"inLanguage\":\"es\",\"potentialAction\":[{\"@type\":\"ReadAction\",\"target\":[\"https:\/\/empresas.infoempleo.com\/hrtrends\/empece-como-monaguillo-profesional-con-8-anos\/\"]}]},{\"@type\":\"ImageObject\",\"inLanguage\":\"es\",\"@id\":\"https:\/\/empresas.infoempleo.com\/hrtrends\/empece-como-monaguillo-profesional-con-8-anos\/#primaryimage\",\"url\":\"https:\/\/empresas.infoempleo.com\/hrtrends\/media\/2012\/11\/AlbertBoadella-150x150.jpg\",\"contentUrl\":\"https:\/\/empresas.infoempleo.com\/hrtrends\/media\/2012\/11\/AlbertBoadella-150x150.jpg\",\"width\":150,\"height\":150},{\"@type\":\"BreadcrumbList\",\"@id\":\"https:\/\/empresas.infoempleo.com\/hrtrends\/empece-como-monaguillo-profesional-con-8-anos\/#breadcrumb\",\"itemListElement\":[{\"@type\":\"ListItem\",\"position\":1,\"name\":\"Portada\",\"item\":\"https:\/\/empresas.infoempleo.com\/hrtrends\/\"},{\"@type\":\"ListItem\",\"position\":2,\"name\":\"\u00abEmpec\u00e9 como monaguillo profesional, con 8 a\u00f1os\u00bb\"}]},{\"@type\":\"WebSite\",\"@id\":\"https:\/\/empresas.infoempleo.com\/hrtrends\/#website\",\"url\":\"https:\/\/empresas.infoempleo.com\/hrtrends\",\"name\":\"HRTrends by Infoempleo\",\"description\":\"\",\"publisher\":{\"@id\":\"https:\/\/empresas.infoempleo.com\/hrtrends\/#organization\"},\"potentialAction\":{\"@type\":\"SearchAction\",\"target\":\"https:\/\/empresas.infoempleo.com\/hrtrends\/?s={search_term_string}\",\"query-input\":\"required name=search_term_string\"},\"inLanguage\":\"es\"},{\"@type\":\"Organization\",\"@id\":\"https:\/\/empresas.infoempleo.com\/hrtrends\/#organization\",\"name\":\"Infoempleo\",\"url\":\"https:\/\/www.infoempleo.com\/\",\"logo\":{\"@type\":\"ImageObject\",\"@id\":\"https:\/\/empresas.infoempleo.com\/hrtrends\/#logo\",\"inLanguage\":\"es\",\"url\":\"https:\/\/cdnazure.infoempleo.com\/infoempleo\/assets\/style\/gfx\/logo.svg\",\"contentUrl\":\"https:\/\/cdnazure.infoempleo.com\/infoempleo\/assets\/style\/gfx\/logo.svg\",\"width\":150,\"height\":40,\"caption\":\"Infoempleo\"},\"image\":{\"@id\":\"https:\/\/empresas.infoempleo.com\/hrtrends\/#logo\"},\"sameAs\":[\"https:\/\/www.facebook.com\/Infoempleo\",\"https:\/\/x.com\/infoempleo\",\"http:\/\/instagram.com\/infoempleo\/\",\"http:\/\/www.linkedin.com\/groups\/Empleo-Espa\u00f1a-Infoempleocom-111276\",\"http:\/\/pinterest.com\/infoempleo\/\"],\"address\":{\"@type\":\"PostalAddress\",\"addressLocality\":\"Madrid\",\"postalCode\":\"28050\",\"streetAddress\":\"Avenida de Burgos 114\"},\"brand\":[\"Infoempleo\"]},{\"@type\":\"Person\",\"@id\":\"https:\/\/empresas.infoempleo.com\/hrtrends\/#\/schema\/person\/489b9b333c8c991c7917fffb0fad494b\",\"name\":\"Alberto Vel\u00e1zquez\",\"image\":{\"@type\":\"ImageObject\",\"inLanguage\":\"es\",\"@id\":\"https:\/\/empresas.infoempleo.com\/hrtrends\/#\/schema\/person\/image\/\",\"url\":\"https:\/\/secure.gravatar.com\/avatar\/407b1ab1402f8162e8d74e6eac50dc6097e1de442ee9ce30e065a0d5496000c4?s=96&d=mm&r=g\",\"contentUrl\":\"https:\/\/secure.gravatar.com\/avatar\/407b1ab1402f8162e8d74e6eac50dc6097e1de442ee9ce30e065a0d5496000c4?s=96&d=mm&r=g\",\"caption\":\"Alberto Vel\u00e1zquez\"},\"url\":\"https:\/\/empresas.infoempleo.com\/hrtrends\/author\/alberto-velazquez\/\"}]}<\/script>\n<!-- \/ Yoast SEO plugin. -->","yoast_head_json":{"title":"\u00abEmpec\u00e9 como monaguillo profesional, con 8 a\u00f1os\u00bb | HRTRENDS","robots":{"index":"index","follow":"follow","max-snippet":"max-snippet:-1","max-image-preview":"max-image-preview:large","max-video-preview":"max-video-preview:-1"},"canonical":"https:\/\/empresas.infoempleo.com\/hrtrends\/empece-como-monaguillo-profesional-con-8-anos\/","og_locale":"es_ES","og_type":"article","og_title":"\u00abEmpec\u00e9 como monaguillo profesional, con 8 a\u00f1os\u00bb | HRTRENDS","og_description":"Albert Boadella (Madrid, 1943) tiene una vida para contarla, como ya apunt\u00f3 con su libro \u2018Memorias de un Leer m\u00e1s","og_url":"https:\/\/empresas.infoempleo.com\/hrtrends\/empece-como-monaguillo-profesional-con-8-anos\/","og_site_name":"HRTRENDS","article_publisher":"https:\/\/www.facebook.com\/Infoempleo","article_published_time":"2012-11-19T09:48:14+00:00","article_modified_time":"2018-05-23T15:05:24+00:00","og_image":[{"width":568,"height":258,"url":"https:\/\/empresas.infoempleo.com\/hrtrends\/media\/2012\/11\/AlbertBoadella.jpg","type":"image\/jpeg"}],"author":"Alberto Vel\u00e1zquez","twitter_card":"summary_large_image","twitter_creator":"@infoempleo","twitter_site":"@infoempleo","twitter_misc":{"Escrito por":"Alberto Vel\u00e1zquez","Tiempo de lectura":"4 minutos"},"schema":{"@context":"https:\/\/schema.org","@graph":[{"@type":"NewsArticle","@id":"https:\/\/empresas.infoempleo.com\/hrtrends\/empece-como-monaguillo-profesional-con-8-anos\/#article","isPartOf":{"@id":"https:\/\/empresas.infoempleo.com\/hrtrends\/empece-como-monaguillo-profesional-con-8-anos\/"},"author":{"name":"Alberto Vel\u00e1zquez","@id":"https:\/\/empresas.infoempleo.com\/hrtrends\/#\/schema\/person\/489b9b333c8c991c7917fffb0fad494b"},"headline":"\u00abEmpec\u00e9 como monaguillo profesional, con 8 a\u00f1os\u00bb","datePublished":"2012-11-19T09:48:14+00:00","dateModified":"2018-05-23T15:05:24+00:00","mainEntityOfPage":{"@id":"https:\/\/empresas.infoempleo.com\/hrtrends\/empece-como-monaguillo-profesional-con-8-anos\/"},"wordCount":823,"publisher":{"@id":"https:\/\/empresas.infoempleo.com\/hrtrends\/#organization"},"image":{"@id":"https:\/\/empresas.infoempleo.com\/hrtrends\/empece-como-monaguillo-profesional-con-8-anos\/#primaryimage"},"thumbnailUrl":"https:\/\/empresas.infoempleo.com\/hrtrends\/media\/2012\/11\/AlbertBoadella.jpg","keywords":["primer empleo"],"articleSection":["Actualidad"],"inLanguage":"es","copyrightYear":"2012","copyrightHolder":{"@id":"https:\/\/empresas.infoempleo.com\/hrtrends\/#organization"}},{"@type":"WebPage","@id":"https:\/\/empresas.infoempleo.com\/hrtrends\/empece-como-monaguillo-profesional-con-8-anos\/","url":"https:\/\/empresas.infoempleo.com\/hrtrends\/empece-como-monaguillo-profesional-con-8-anos\/","name":"\u00abEmpec\u00e9 como monaguillo profesional, con 8 a\u00f1os\u00bb | HRTRENDS","isPartOf":{"@id":"https:\/\/empresas.infoempleo.com\/hrtrends\/#website"},"primaryImageOfPage":{"@id":"https:\/\/empresas.infoempleo.com\/hrtrends\/empece-como-monaguillo-profesional-con-8-anos\/#primaryimage"},"image":{"@id":"https:\/\/empresas.infoempleo.com\/hrtrends\/empece-como-monaguillo-profesional-con-8-anos\/#primaryimage"},"thumbnailUrl":"https:\/\/empresas.infoempleo.com\/hrtrends\/media\/2012\/11\/AlbertBoadella.jpg","datePublished":"2012-11-19T09:48:14+00:00","dateModified":"2018-05-23T15:05:24+00:00","breadcrumb":{"@id":"https:\/\/empresas.infoempleo.com\/hrtrends\/empece-como-monaguillo-profesional-con-8-anos\/#breadcrumb"},"inLanguage":"es","potentialAction":[{"@type":"ReadAction","target":["https:\/\/empresas.infoempleo.com\/hrtrends\/empece-como-monaguillo-profesional-con-8-anos\/"]}]},{"@type":"ImageObject","inLanguage":"es","@id":"https:\/\/empresas.infoempleo.com\/hrtrends\/empece-como-monaguillo-profesional-con-8-anos\/#primaryimage","url":"https:\/\/empresas.infoempleo.com\/hrtrends\/media\/2012\/11\/AlbertBoadella-150x150.jpg","contentUrl":"https:\/\/empresas.infoempleo.com\/hrtrends\/media\/2012\/11\/AlbertBoadella-150x150.jpg","width":150,"height":150},{"@type":"BreadcrumbList","@id":"https:\/\/empresas.infoempleo.com\/hrtrends\/empece-como-monaguillo-profesional-con-8-anos\/#breadcrumb","itemListElement":[{"@type":"ListItem","position":1,"name":"Portada","item":"https:\/\/empresas.infoempleo.com\/hrtrends\/"},{"@type":"ListItem","position":2,"name":"\u00abEmpec\u00e9 como monaguillo profesional, con 8 a\u00f1os\u00bb"}]},{"@type":"WebSite","@id":"https:\/\/empresas.infoempleo.com\/hrtrends\/#website","url":"https:\/\/empresas.infoempleo.com\/hrtrends","name":"HRTrends by Infoempleo","description":"","publisher":{"@id":"https:\/\/empresas.infoempleo.com\/hrtrends\/#organization"},"potentialAction":{"@type":"SearchAction","target":"https:\/\/empresas.infoempleo.com\/hrtrends\/?s={search_term_string}","query-input":"required name=search_term_string"},"inLanguage":"es"},{"@type":"Organization","@id":"https:\/\/empresas.infoempleo.com\/hrtrends\/#organization","name":"Infoempleo","url":"https:\/\/www.infoempleo.com\/","logo":{"@type":"ImageObject","@id":"https:\/\/empresas.infoempleo.com\/hrtrends\/#logo","inLanguage":"es","url":"https:\/\/cdnazure.infoempleo.com\/infoempleo\/assets\/style\/gfx\/logo.svg","contentUrl":"https:\/\/cdnazure.infoempleo.com\/infoempleo\/assets\/style\/gfx\/logo.svg","width":150,"height":40,"caption":"Infoempleo"},"image":{"@id":"https:\/\/empresas.infoempleo.com\/hrtrends\/#logo"},"sameAs":["https:\/\/www.facebook.com\/Infoempleo","https:\/\/x.com\/infoempleo","http:\/\/instagram.com\/infoempleo\/","http:\/\/www.linkedin.com\/groups\/Empleo-Espa\u00f1a-Infoempleocom-111276","http:\/\/pinterest.com\/infoempleo\/"],"address":{"@type":"PostalAddress","addressLocality":"Madrid","postalCode":"28050","streetAddress":"Avenida de Burgos 114"},"brand":["Infoempleo"]},{"@type":"Person","@id":"https:\/\/empresas.infoempleo.com\/hrtrends\/#\/schema\/person\/489b9b333c8c991c7917fffb0fad494b","name":"Alberto Vel\u00e1zquez","image":{"@type":"ImageObject","inLanguage":"es","@id":"https:\/\/empresas.infoempleo.com\/hrtrends\/#\/schema\/person\/image\/","url":"https:\/\/secure.gravatar.com\/avatar\/407b1ab1402f8162e8d74e6eac50dc6097e1de442ee9ce30e065a0d5496000c4?s=96&d=mm&r=g","contentUrl":"https:\/\/secure.gravatar.com\/avatar\/407b1ab1402f8162e8d74e6eac50dc6097e1de442ee9ce30e065a0d5496000c4?s=96&d=mm&r=g","caption":"Alberto Vel\u00e1zquez"},"url":"https:\/\/empresas.infoempleo.com\/hrtrends\/author\/alberto-velazquez\/"}]}},"amp_enabled":true,"_links":{"self":[{"href":"https:\/\/empresas.infoempleo.com\/hrtrends\/wp-json\/wp\/v2\/posts\/15740","targetHints":{"allow":["GET"]}}],"collection":[{"href":"https:\/\/empresas.infoempleo.com\/hrtrends\/wp-json\/wp\/v2\/posts"}],"about":[{"href":"https:\/\/empresas.infoempleo.com\/hrtrends\/wp-json\/wp\/v2\/types\/post"}],"author":[{"embeddable":true,"href":"https:\/\/empresas.infoempleo.com\/hrtrends\/wp-json\/wp\/v2\/users\/63"}],"replies":[{"embeddable":true,"href":"https:\/\/empresas.infoempleo.com\/hrtrends\/wp-json\/wp\/v2\/comments?post=15740"}],"version-history":[{"count":0,"href":"https:\/\/empresas.infoempleo.com\/hrtrends\/wp-json\/wp\/v2\/posts\/15740\/revisions"}],"wp:featuredmedia":[{"embeddable":true,"href":"https:\/\/empresas.infoempleo.com\/hrtrends\/wp-json\/wp\/v2\/media\/15741"}],"wp:attachment":[{"href":"https:\/\/empresas.infoempleo.com\/hrtrends\/wp-json\/wp\/v2\/media?parent=15740"}],"wp:term":[{"taxonomy":"category","embeddable":true,"href":"https:\/\/empresas.infoempleo.com\/hrtrends\/wp-json\/wp\/v2\/categories?post=15740"},{"taxonomy":"post_tag","embeddable":true,"href":"https:\/\/empresas.infoempleo.com\/hrtrends\/wp-json\/wp\/v2\/tags?post=15740"}],"curies":[{"name":"wp","href":"https:\/\/api.w.org\/{rel}","templated":true}]}}