{"id":15723,"date":"2012-11-12T12:16:17","date_gmt":"2012-11-12T11:16:17","guid":{"rendered":"http:\/\/blog.infoempleo.com\/?p=15723"},"modified":"2018-05-23T17:05:24","modified_gmt":"2018-05-23T15:05:24","slug":"algun-equipo-por-ahi","status":"publish","type":"post","link":"https:\/\/empresas.infoempleo.com\/hrtrends\/algun-equipo-por-ahi\/","title":{"rendered":"\u00bfAlg\u00fan equipo por ah\u00ed?"},"content":{"rendered":"<p><img loading=\"lazy\" decoding=\"async\" class=\"alignnone size-full wp-image-15724\" title=\"Marc Vidal\" src=\"https:\/\/empresas.infoempleo.com\/hrtrends\/media\/2012\/11\/MarcVidal1.jpg\" alt=\"\" width=\"74\" height=\"72\" \/><\/p>\n<h3>Marc Vidal, Up in the Cloud.<\/h3>\n<p>Uno de mis mejores amigos es piloto de American Airlines. Se llama Stephen y vuela m\u00e1s que yo. Su mayor afici\u00f3n es subirse a un avi\u00f3n y resulta que de su pasi\u00f3n hizo su trabajo. Casi como yo, que me gusta aprender y viajar, de lo que surgi\u00f3 emprender y asesorar empresas. Lo primero me permite aprender y viajar y lo segundo viajar y aprender. A mi amigo piloto le encanta lo de los vuelos comerciales porque es un trabajo en equipo. Desde quien est\u00e1 en la torre de control, hasta el responsable de catering, pasando por auxiliares de cabina y copiloto. Un equipo. <strong>Qu\u00e9 maravilloso concepto: sumar para crecer. <\/strong><\/p>\n<p>En mi caso,<strong> la mejor de las vitaminas para que nada me frene y que me retuerza en el estimulante mundo de las ideas nuevas es trabajar en grupo, con\u00a0mi gente, con la gente m\u00e1s joven y as\u00ed llenarme de energ\u00eda y con los m\u00e1s mayores para que me regalen toda su experiencia.<\/strong> Es una maravilla, un puente estructurado sobre el conocimiento y sobre la alfombra aterciopelada del \u00e9xito colectivo. Y es que hoy no quiero que nadie me frene. Alguien de mi equipo tuvo una idea nueva. Algo que estoy seguro va a revolucionar el mundo, la vida de la gente y convertir\u00e1 este valle de l\u00e1grimas en algo extremadamente agradable. Es una idea m\u00e1s, una de tantas. Una idea que nos mueve, nos levanta de la cama y muscula mi esp\u00edritu emprendedor. Como siempre, cuando llegue el caf\u00e9, esa utop\u00eda se rebajar\u00e1 como un cortado y se asentar\u00e1 en el territorio de las cosas pendientes de an\u00e1lisis. Y as\u00ed ser\u00e1. Esa gran idea, la que sea, se convertir\u00e1 en un modelo de negocio o no, pero seguro que ser\u00e1 motivo de debate, reuniones y estudios por parte de algunos locos m\u00e1s que me rodean todos los d\u00edas.<\/p>\n<p><strong>Me encanta rodearme de locos.<\/strong> Me da\u00a0igual su g\u00e9nero, su edad o su origen, solo quiero que sean so\u00f1adores: son m\u00e1s creativos. Procurar\u00e9 siempre no hacerlo solo pues emprender, como muchas otras cosas de la vida, es m\u00e1s divertido si lo haces en grupo. Me maravilla el proceso met\u00e1lico que rodea su cimentaci\u00f3n. <strong>Cuando las ideas se\u00a0amontonan y se comparten, en un restaurante, en un bar o en el gimnasio, donde sea, se complementan y eso es fascinante desde todos sus v\u00e9rtices.<\/strong><\/p>\n<p>Los que hemos puesto en marcha alg\u00fan proyecto y lo hemos hecho rodeados de amigos, socios o inversores implicados sabemos lo extraordinario del camino a seguir. Cuando pasan unos meses, aquella idea inicial se convierte en algo radicalmente distinta aunque mantenga el tronco conceptual del principio. <strong>Es tremendo mirar\u00a0hacia atr\u00e1s y ver c\u00f3mo mutan las grandes ocurrencias hasta el punto de que la inicial parece una idea penosa comparada con la resultante. <\/strong><\/p>\n<p>Y les aseguro que en cada cent\u00edmetro recorrido en esta vida, donde un grupo inexperto y apoltronado de pol\u00edticos ha procurado que nuestra dependencia del sistema sea siempre la m\u00e1s alta posible y as\u00ed no sepamos lo fascinante que es ser cr\u00edtico y combativo, los proyectos empresariales me permitieron siempre trasladar a la vida real aquello de \u00abtomar las riendas de mi propia existencia y olvidarme de todos ellos\u00bb.\u00a0Otros lo har\u00e1n revolucionando sociedades o vete t\u00fa a saber, pero, en general, todos lo haremos buscando alguien que nos acompa\u00f1e en ese tr\u00e1nsito. \u00bfAlg\u00fan\u00a0equipo por ah\u00ed?<\/p>\n","protected":false},"excerpt":{"rendered":"<p>Marc Vidal, Up in the Cloud. Uno de mis mejores amigos es piloto de American Airlines. Se llama<a class=\"moretag\" href=\"https:\/\/empresas.infoempleo.com\/hrtrends\/algun-equipo-por-ahi\/\"> Leer m\u00e1s<\/a><\/p>\n","protected":false},"author":72,"featured_media":15725,"comment_status":"closed","ping_status":"open","sticky":false,"template":"","format":"standard","meta":{"footnotes":""},"categories":[3],"tags":[117,365],"class_list":["post-15723","post","type-post","status-publish","format-standard","has-post-thumbnail","hentry","category-actualidad","tag-emprender","tag-opinion"],"yoast_head":"<!-- This site is optimized with the Yoast SEO plugin v26.1.1 - https:\/\/yoast.com\/wordpress\/plugins\/seo\/ -->\n<title>\u00bfAlg\u00fan equipo por ah\u00ed? | HRTRENDS<\/title>\n<meta name=\"robots\" content=\"index, follow, max-snippet:-1, max-image-preview:large, max-video-preview:-1\" \/>\n<link rel=\"canonical\" href=\"https:\/\/empresas.infoempleo.com\/hrtrends\/algun-equipo-por-ahi\/\" \/>\n<meta property=\"og:locale\" content=\"es_ES\" \/>\n<meta property=\"og:type\" content=\"article\" \/>\n<meta property=\"og:title\" content=\"\u00bfAlg\u00fan equipo por ah\u00ed? | HRTRENDS\" \/>\n<meta property=\"og:description\" content=\"Marc Vidal, Up in the Cloud. Uno de mis mejores amigos es piloto de American Airlines. Se llama Leer m\u00e1s\" \/>\n<meta property=\"og:url\" content=\"https:\/\/empresas.infoempleo.com\/hrtrends\/algun-equipo-por-ahi\/\" \/>\n<meta property=\"og:site_name\" content=\"HRTRENDS\" \/>\n<meta property=\"article:publisher\" content=\"https:\/\/www.facebook.com\/Infoempleo\" \/>\n<meta property=\"article:published_time\" content=\"2012-11-12T11:16:17+00:00\" \/>\n<meta property=\"article:modified_time\" content=\"2018-05-23T15:05:24+00:00\" \/>\n<meta property=\"og:image\" content=\"https:\/\/empresas.infoempleo.com\/hrtrends\/media\/2012\/11\/Equipo.jpg\" \/>\n\t<meta property=\"og:image:width\" content=\"568\" \/>\n\t<meta property=\"og:image:height\" content=\"259\" \/>\n\t<meta property=\"og:image:type\" content=\"image\/jpeg\" \/>\n<meta name=\"author\" content=\"infoempleo\" \/>\n<meta name=\"twitter:card\" content=\"summary_large_image\" \/>\n<meta name=\"twitter:creator\" content=\"@infoempleo\" \/>\n<meta name=\"twitter:site\" content=\"@infoempleo\" \/>\n<meta name=\"twitter:label1\" content=\"Escrito por\" \/>\n\t<meta name=\"twitter:data1\" content=\"infoempleo\" \/>\n\t<meta name=\"twitter:label2\" content=\"Tiempo de lectura\" \/>\n\t<meta name=\"twitter:data2\" content=\"3 minutos\" \/>\n<script type=\"application\/ld+json\" class=\"yoast-schema-graph\">{\"@context\":\"https:\/\/schema.org\",\"@graph\":[{\"@type\":\"NewsArticle\",\"@id\":\"https:\/\/empresas.infoempleo.com\/hrtrends\/algun-equipo-por-ahi\/#article\",\"isPartOf\":{\"@id\":\"https:\/\/empresas.infoempleo.com\/hrtrends\/algun-equipo-por-ahi\/\"},\"author\":{\"name\":\"infoempleo\",\"@id\":\"https:\/\/empresas.infoempleo.com\/hrtrends\/#\/schema\/person\/67d3e276ffcc8b3ae0ebec816daf775a\"},\"headline\":\"\u00bfAlg\u00fan equipo por ah\u00ed?\",\"datePublished\":\"2012-11-12T11:16:17+00:00\",\"dateModified\":\"2018-05-23T15:05:24+00:00\",\"mainEntityOfPage\":{\"@id\":\"https:\/\/empresas.infoempleo.com\/hrtrends\/algun-equipo-por-ahi\/\"},\"wordCount\":607,\"publisher\":{\"@id\":\"https:\/\/empresas.infoempleo.com\/hrtrends\/#organization\"},\"image\":{\"@id\":\"https:\/\/empresas.infoempleo.com\/hrtrends\/algun-equipo-por-ahi\/#primaryimage\"},\"thumbnailUrl\":\"https:\/\/empresas.infoempleo.com\/hrtrends\/media\/2012\/11\/Equipo.jpg\",\"keywords\":[\"emprender\",\"Opini\u00f3n\"],\"articleSection\":[\"Actualidad\"],\"inLanguage\":\"es\",\"copyrightYear\":\"2012\",\"copyrightHolder\":{\"@id\":\"https:\/\/empresas.infoempleo.com\/hrtrends\/#organization\"}},{\"@type\":\"WebPage\",\"@id\":\"https:\/\/empresas.infoempleo.com\/hrtrends\/algun-equipo-por-ahi\/\",\"url\":\"https:\/\/empresas.infoempleo.com\/hrtrends\/algun-equipo-por-ahi\/\",\"name\":\"\u00bfAlg\u00fan equipo por ah\u00ed? | HRTRENDS\",\"isPartOf\":{\"@id\":\"https:\/\/empresas.infoempleo.com\/hrtrends\/#website\"},\"primaryImageOfPage\":{\"@id\":\"https:\/\/empresas.infoempleo.com\/hrtrends\/algun-equipo-por-ahi\/#primaryimage\"},\"image\":{\"@id\":\"https:\/\/empresas.infoempleo.com\/hrtrends\/algun-equipo-por-ahi\/#primaryimage\"},\"thumbnailUrl\":\"https:\/\/empresas.infoempleo.com\/hrtrends\/media\/2012\/11\/Equipo.jpg\",\"datePublished\":\"2012-11-12T11:16:17+00:00\",\"dateModified\":\"2018-05-23T15:05:24+00:00\",\"breadcrumb\":{\"@id\":\"https:\/\/empresas.infoempleo.com\/hrtrends\/algun-equipo-por-ahi\/#breadcrumb\"},\"inLanguage\":\"es\",\"potentialAction\":[{\"@type\":\"ReadAction\",\"target\":[\"https:\/\/empresas.infoempleo.com\/hrtrends\/algun-equipo-por-ahi\/\"]}]},{\"@type\":\"ImageObject\",\"inLanguage\":\"es\",\"@id\":\"https:\/\/empresas.infoempleo.com\/hrtrends\/algun-equipo-por-ahi\/#primaryimage\",\"url\":\"https:\/\/empresas.infoempleo.com\/hrtrends\/media\/2012\/11\/Equipo-150x150.jpg\",\"contentUrl\":\"https:\/\/empresas.infoempleo.com\/hrtrends\/media\/2012\/11\/Equipo-150x150.jpg\",\"width\":150,\"height\":150},{\"@type\":\"BreadcrumbList\",\"@id\":\"https:\/\/empresas.infoempleo.com\/hrtrends\/algun-equipo-por-ahi\/#breadcrumb\",\"itemListElement\":[{\"@type\":\"ListItem\",\"position\":1,\"name\":\"Portada\",\"item\":\"https:\/\/empresas.infoempleo.com\/hrtrends\/\"},{\"@type\":\"ListItem\",\"position\":2,\"name\":\"\u00bfAlg\u00fan equipo por ah\u00ed?\"}]},{\"@type\":\"WebSite\",\"@id\":\"https:\/\/empresas.infoempleo.com\/hrtrends\/#website\",\"url\":\"https:\/\/empresas.infoempleo.com\/hrtrends\",\"name\":\"HRTrends by Infoempleo\",\"description\":\"\",\"publisher\":{\"@id\":\"https:\/\/empresas.infoempleo.com\/hrtrends\/#organization\"},\"potentialAction\":{\"@type\":\"SearchAction\",\"target\":\"https:\/\/empresas.infoempleo.com\/hrtrends\/?s={search_term_string}\",\"query-input\":\"required name=search_term_string\"},\"inLanguage\":\"es\"},{\"@type\":\"Organization\",\"@id\":\"https:\/\/empresas.infoempleo.com\/hrtrends\/#organization\",\"name\":\"Infoempleo\",\"url\":\"https:\/\/www.infoempleo.com\/\",\"logo\":{\"@type\":\"ImageObject\",\"@id\":\"https:\/\/empresas.infoempleo.com\/hrtrends\/#logo\",\"inLanguage\":\"es\",\"url\":\"https:\/\/cdnazure.infoempleo.com\/infoempleo\/assets\/style\/gfx\/logo.svg\",\"contentUrl\":\"https:\/\/cdnazure.infoempleo.com\/infoempleo\/assets\/style\/gfx\/logo.svg\",\"width\":150,\"height\":40,\"caption\":\"Infoempleo\"},\"image\":{\"@id\":\"https:\/\/empresas.infoempleo.com\/hrtrends\/#logo\"},\"sameAs\":[\"https:\/\/www.facebook.com\/Infoempleo\",\"https:\/\/x.com\/infoempleo\",\"http:\/\/instagram.com\/infoempleo\/\",\"http:\/\/www.linkedin.com\/groups\/Empleo-Espa\u00f1a-Infoempleocom-111276\",\"http:\/\/pinterest.com\/infoempleo\/\"],\"address\":{\"@type\":\"PostalAddress\",\"addressLocality\":\"Madrid\",\"postalCode\":\"28050\",\"streetAddress\":\"Avenida de Burgos 114\"},\"brand\":[\"Infoempleo\"]},{\"@type\":\"Person\",\"@id\":\"https:\/\/empresas.infoempleo.com\/hrtrends\/#\/schema\/person\/67d3e276ffcc8b3ae0ebec816daf775a\",\"name\":\"infoempleo\",\"image\":{\"@type\":\"ImageObject\",\"inLanguage\":\"es\",\"@id\":\"https:\/\/empresas.infoempleo.com\/hrtrends\/#\/schema\/person\/image\/\",\"url\":\"https:\/\/secure.gravatar.com\/avatar\/7b437777242fe67d2473c2a818da2344692d1ee91e91080ccffbd97bcd4a0975?s=96&d=mm&r=g\",\"contentUrl\":\"https:\/\/secure.gravatar.com\/avatar\/7b437777242fe67d2473c2a818da2344692d1ee91e91080ccffbd97bcd4a0975?s=96&d=mm&r=g\",\"caption\":\"infoempleo\"},\"url\":\"https:\/\/empresas.infoempleo.com\/hrtrends\/author\/infoempleo\/\"}]}<\/script>\n<!-- \/ Yoast SEO plugin. -->","yoast_head_json":{"title":"\u00bfAlg\u00fan equipo por ah\u00ed? | HRTRENDS","robots":{"index":"index","follow":"follow","max-snippet":"max-snippet:-1","max-image-preview":"max-image-preview:large","max-video-preview":"max-video-preview:-1"},"canonical":"https:\/\/empresas.infoempleo.com\/hrtrends\/algun-equipo-por-ahi\/","og_locale":"es_ES","og_type":"article","og_title":"\u00bfAlg\u00fan equipo por ah\u00ed? | HRTRENDS","og_description":"Marc Vidal, Up in the Cloud. Uno de mis mejores amigos es piloto de American Airlines. Se llama Leer m\u00e1s","og_url":"https:\/\/empresas.infoempleo.com\/hrtrends\/algun-equipo-por-ahi\/","og_site_name":"HRTRENDS","article_publisher":"https:\/\/www.facebook.com\/Infoempleo","article_published_time":"2012-11-12T11:16:17+00:00","article_modified_time":"2018-05-23T15:05:24+00:00","og_image":[{"width":568,"height":259,"url":"https:\/\/empresas.infoempleo.com\/hrtrends\/media\/2012\/11\/Equipo.jpg","type":"image\/jpeg"}],"author":"infoempleo","twitter_card":"summary_large_image","twitter_creator":"@infoempleo","twitter_site":"@infoempleo","twitter_misc":{"Escrito por":"infoempleo","Tiempo de lectura":"3 minutos"},"schema":{"@context":"https:\/\/schema.org","@graph":[{"@type":"NewsArticle","@id":"https:\/\/empresas.infoempleo.com\/hrtrends\/algun-equipo-por-ahi\/#article","isPartOf":{"@id":"https:\/\/empresas.infoempleo.com\/hrtrends\/algun-equipo-por-ahi\/"},"author":{"name":"infoempleo","@id":"https:\/\/empresas.infoempleo.com\/hrtrends\/#\/schema\/person\/67d3e276ffcc8b3ae0ebec816daf775a"},"headline":"\u00bfAlg\u00fan equipo por ah\u00ed?","datePublished":"2012-11-12T11:16:17+00:00","dateModified":"2018-05-23T15:05:24+00:00","mainEntityOfPage":{"@id":"https:\/\/empresas.infoempleo.com\/hrtrends\/algun-equipo-por-ahi\/"},"wordCount":607,"publisher":{"@id":"https:\/\/empresas.infoempleo.com\/hrtrends\/#organization"},"image":{"@id":"https:\/\/empresas.infoempleo.com\/hrtrends\/algun-equipo-por-ahi\/#primaryimage"},"thumbnailUrl":"https:\/\/empresas.infoempleo.com\/hrtrends\/media\/2012\/11\/Equipo.jpg","keywords":["emprender","Opini\u00f3n"],"articleSection":["Actualidad"],"inLanguage":"es","copyrightYear":"2012","copyrightHolder":{"@id":"https:\/\/empresas.infoempleo.com\/hrtrends\/#organization"}},{"@type":"WebPage","@id":"https:\/\/empresas.infoempleo.com\/hrtrends\/algun-equipo-por-ahi\/","url":"https:\/\/empresas.infoempleo.com\/hrtrends\/algun-equipo-por-ahi\/","name":"\u00bfAlg\u00fan equipo por ah\u00ed? | HRTRENDS","isPartOf":{"@id":"https:\/\/empresas.infoempleo.com\/hrtrends\/#website"},"primaryImageOfPage":{"@id":"https:\/\/empresas.infoempleo.com\/hrtrends\/algun-equipo-por-ahi\/#primaryimage"},"image":{"@id":"https:\/\/empresas.infoempleo.com\/hrtrends\/algun-equipo-por-ahi\/#primaryimage"},"thumbnailUrl":"https:\/\/empresas.infoempleo.com\/hrtrends\/media\/2012\/11\/Equipo.jpg","datePublished":"2012-11-12T11:16:17+00:00","dateModified":"2018-05-23T15:05:24+00:00","breadcrumb":{"@id":"https:\/\/empresas.infoempleo.com\/hrtrends\/algun-equipo-por-ahi\/#breadcrumb"},"inLanguage":"es","potentialAction":[{"@type":"ReadAction","target":["https:\/\/empresas.infoempleo.com\/hrtrends\/algun-equipo-por-ahi\/"]}]},{"@type":"ImageObject","inLanguage":"es","@id":"https:\/\/empresas.infoempleo.com\/hrtrends\/algun-equipo-por-ahi\/#primaryimage","url":"https:\/\/empresas.infoempleo.com\/hrtrends\/media\/2012\/11\/Equipo-150x150.jpg","contentUrl":"https:\/\/empresas.infoempleo.com\/hrtrends\/media\/2012\/11\/Equipo-150x150.jpg","width":150,"height":150},{"@type":"BreadcrumbList","@id":"https:\/\/empresas.infoempleo.com\/hrtrends\/algun-equipo-por-ahi\/#breadcrumb","itemListElement":[{"@type":"ListItem","position":1,"name":"Portada","item":"https:\/\/empresas.infoempleo.com\/hrtrends\/"},{"@type":"ListItem","position":2,"name":"\u00bfAlg\u00fan equipo por ah\u00ed?"}]},{"@type":"WebSite","@id":"https:\/\/empresas.infoempleo.com\/hrtrends\/#website","url":"https:\/\/empresas.infoempleo.com\/hrtrends","name":"HRTrends by Infoempleo","description":"","publisher":{"@id":"https:\/\/empresas.infoempleo.com\/hrtrends\/#organization"},"potentialAction":{"@type":"SearchAction","target":"https:\/\/empresas.infoempleo.com\/hrtrends\/?s={search_term_string}","query-input":"required name=search_term_string"},"inLanguage":"es"},{"@type":"Organization","@id":"https:\/\/empresas.infoempleo.com\/hrtrends\/#organization","name":"Infoempleo","url":"https:\/\/www.infoempleo.com\/","logo":{"@type":"ImageObject","@id":"https:\/\/empresas.infoempleo.com\/hrtrends\/#logo","inLanguage":"es","url":"https:\/\/cdnazure.infoempleo.com\/infoempleo\/assets\/style\/gfx\/logo.svg","contentUrl":"https:\/\/cdnazure.infoempleo.com\/infoempleo\/assets\/style\/gfx\/logo.svg","width":150,"height":40,"caption":"Infoempleo"},"image":{"@id":"https:\/\/empresas.infoempleo.com\/hrtrends\/#logo"},"sameAs":["https:\/\/www.facebook.com\/Infoempleo","https:\/\/x.com\/infoempleo","http:\/\/instagram.com\/infoempleo\/","http:\/\/www.linkedin.com\/groups\/Empleo-Espa\u00f1a-Infoempleocom-111276","http:\/\/pinterest.com\/infoempleo\/"],"address":{"@type":"PostalAddress","addressLocality":"Madrid","postalCode":"28050","streetAddress":"Avenida de Burgos 114"},"brand":["Infoempleo"]},{"@type":"Person","@id":"https:\/\/empresas.infoempleo.com\/hrtrends\/#\/schema\/person\/67d3e276ffcc8b3ae0ebec816daf775a","name":"infoempleo","image":{"@type":"ImageObject","inLanguage":"es","@id":"https:\/\/empresas.infoempleo.com\/hrtrends\/#\/schema\/person\/image\/","url":"https:\/\/secure.gravatar.com\/avatar\/7b437777242fe67d2473c2a818da2344692d1ee91e91080ccffbd97bcd4a0975?s=96&d=mm&r=g","contentUrl":"https:\/\/secure.gravatar.com\/avatar\/7b437777242fe67d2473c2a818da2344692d1ee91e91080ccffbd97bcd4a0975?s=96&d=mm&r=g","caption":"infoempleo"},"url":"https:\/\/empresas.infoempleo.com\/hrtrends\/author\/infoempleo\/"}]}},"amp_enabled":true,"_links":{"self":[{"href":"https:\/\/empresas.infoempleo.com\/hrtrends\/wp-json\/wp\/v2\/posts\/15723","targetHints":{"allow":["GET"]}}],"collection":[{"href":"https:\/\/empresas.infoempleo.com\/hrtrends\/wp-json\/wp\/v2\/posts"}],"about":[{"href":"https:\/\/empresas.infoempleo.com\/hrtrends\/wp-json\/wp\/v2\/types\/post"}],"author":[{"embeddable":true,"href":"https:\/\/empresas.infoempleo.com\/hrtrends\/wp-json\/wp\/v2\/users\/72"}],"replies":[{"embeddable":true,"href":"https:\/\/empresas.infoempleo.com\/hrtrends\/wp-json\/wp\/v2\/comments?post=15723"}],"version-history":[{"count":0,"href":"https:\/\/empresas.infoempleo.com\/hrtrends\/wp-json\/wp\/v2\/posts\/15723\/revisions"}],"wp:featuredmedia":[{"embeddable":true,"href":"https:\/\/empresas.infoempleo.com\/hrtrends\/wp-json\/wp\/v2\/media\/15725"}],"wp:attachment":[{"href":"https:\/\/empresas.infoempleo.com\/hrtrends\/wp-json\/wp\/v2\/media?parent=15723"}],"wp:term":[{"taxonomy":"category","embeddable":true,"href":"https:\/\/empresas.infoempleo.com\/hrtrends\/wp-json\/wp\/v2\/categories?post=15723"},{"taxonomy":"post_tag","embeddable":true,"href":"https:\/\/empresas.infoempleo.com\/hrtrends\/wp-json\/wp\/v2\/tags?post=15723"}],"curies":[{"name":"wp","href":"https:\/\/api.w.org\/{rel}","templated":true}]}}