{"id":15718,"date":"2012-11-12T11:52:24","date_gmt":"2012-11-12T10:52:24","guid":{"rendered":"http:\/\/blog.infoempleo.com\/?p=15718"},"modified":"2018-05-23T17:05:24","modified_gmt":"2018-05-23T15:05:24","slug":"a-quien-creer","status":"publish","type":"post","link":"https:\/\/empresas.infoempleo.com\/hrtrends\/a-quien-creer\/","title":{"rendered":"\u00bfA qui\u00e9n creer?"},"content":{"rendered":"<p><img loading=\"lazy\" decoding=\"async\" class=\"alignnone size-full wp-image-15719\" title=\"Ignacio L\u00f3pez\" src=\"https:\/\/empresas.infoempleo.com\/hrtrends\/media\/2012\/11\/IgnacioLopez.jpg\" alt=\"\" width=\"116\" height=\"114\" \/><\/p>\n<h3>Ignacio L\u00f3pez Dom\u00ednguez, director de programas MBA de Nebrija Business School.<\/h3>\n<p>La cuesti\u00f3n ya no es si debemos creer m\u00e1s lo que uno afirma, y que se contradice con las declaraciones de otro. <strong>El asunto es que los pol\u00edticos, en general, van a un ritmo completamente diferente al de empresas y consumidores y, por tanto, su visi\u00f3n de la realidad no se ajusta plenamente a lo que cualquier mortal \u00abpadece\u00bb. <\/strong><\/p>\n<p>La anterior afirmaci\u00f3n viene al hilo de escuchar esta misma semana declaraciones de responsables pol\u00edticos de \u00a0diferente pelaje como Joaqu\u00edn Almunia o Luis De Guindos, en el sentido de que la crisis ya est\u00e1 siendo superada, argumento que se contradice con algunos datos como el crecimiento negativo (recesi\u00f3n para entendernos, porque crecer de forma negativa\u00a0resulta bastante complicado) que sufre Espa\u00f1a, o las previsiones de alg\u00fan servicio de estudios de una entidad financiera que se\u00f1alan a un incremento en el n\u00famero de parados (y en nuestra opini\u00f3n, todo el mundo puede comprender que si eso se acaba finalmente produciendo, no ser\u00e1 \u00a0indicador de nada bueno).<\/p>\n<p>Est\u00e1 claro que, en la mayor\u00eda de las ocasiones, los pol\u00edticos intentan vendernos una realidad edulcorada, seguramente para que no suframos, apoyando esos argumentos, siempre positivos, en algunas estad\u00edsticas que \u2013como no todo puede ir mal muestran se\u00f1ales de recuperaci\u00f3n. Pero no dejan de ser m\u00e1s que eso, se\u00f1ales, que no nos guiar\u00e1n al final del abismo si no se siguen realizando las reformas oportunas, algunas t\u00edmidamente iniciadas (mercado laboral, sector financiero), otras a la espera de acometerse (administraci\u00f3n p\u00fablica, o en plural, si lo prefieren).<\/p>\n<p>De ah\u00ed la afirmaci\u00f3n del tempo diferente del pol\u00edtico que, eso, intenta ganar espacio al calendario para ver si todo se soluciona\u00a0por el mero paso de los d\u00edas, frente al \u00a0resto de las personas o empresas, a las que el d\u00eda a d\u00eda les consume y solo quieren una soluci\u00f3n, inmediata, a sus problemas.<\/p>\n<p>Pues nosotros no nos creemos ni a uno ni a otro, porque adem\u00e1s nos da igual. Y ese es nuestro consejo para todos. <strong>Lo que tenga que ser, ser\u00e1. Y da lo mismo si ahora estamos saliendo o seguimos entrando. Lo importante es lo que cada uno de nosotros podemos hacer para que nuestra situaci\u00f3n personal mejore y, desde ah\u00ed, que todo el pa\u00eds salga adelante<\/strong>. Solo con un esfuerzo y un cambio de actitud por parte de todos, la\u00a0recuperaci\u00f3n \/ salida \/ salvaci\u00f3n \/ crecimiento, ser\u00e1 posible.<\/p>\n<p><strong>Es la hora de los pol\u00edticos valientes, de los empresarios arriesgados (que no osados), de los trabajadores decididos. \u00bfNos\u00a0creen?\u00a0<\/strong><\/p>\n","protected":false},"excerpt":{"rendered":"<p>Ignacio L\u00f3pez Dom\u00ednguez, director de programas MBA de Nebrija Business School. La cuesti\u00f3n ya no es si debemos<a class=\"moretag\" href=\"https:\/\/empresas.infoempleo.com\/hrtrends\/a-quien-creer\/\"> Leer m\u00e1s<\/a><\/p>\n","protected":false},"author":72,"featured_media":15720,"comment_status":"closed","ping_status":"open","sticky":false,"template":"","format":"standard","meta":{"footnotes":""},"categories":[3],"tags":[48],"class_list":["post-15718","post","type-post","status-publish","format-standard","has-post-thumbnail","hentry","category-actualidad","tag-crisis"],"yoast_head":"<!-- This site is optimized with the Yoast SEO plugin v26.1.1 - https:\/\/yoast.com\/wordpress\/plugins\/seo\/ -->\n<title>\u00bfA qui\u00e9n creer? | HRTRENDS<\/title>\n<meta name=\"robots\" content=\"index, follow, max-snippet:-1, max-image-preview:large, max-video-preview:-1\" \/>\n<link rel=\"canonical\" href=\"https:\/\/empresas.infoempleo.com\/hrtrends\/a-quien-creer\/\" \/>\n<meta property=\"og:locale\" content=\"es_ES\" \/>\n<meta property=\"og:type\" content=\"article\" \/>\n<meta property=\"og:title\" content=\"\u00bfA qui\u00e9n creer? | HRTRENDS\" \/>\n<meta property=\"og:description\" content=\"Ignacio L\u00f3pez Dom\u00ednguez, director de programas MBA de Nebrija Business School. La cuesti\u00f3n ya no es si debemos Leer m\u00e1s\" \/>\n<meta property=\"og:url\" content=\"https:\/\/empresas.infoempleo.com\/hrtrends\/a-quien-creer\/\" \/>\n<meta property=\"og:site_name\" content=\"HRTRENDS\" \/>\n<meta property=\"article:publisher\" content=\"https:\/\/www.facebook.com\/Infoempleo\" \/>\n<meta property=\"article:published_time\" content=\"2012-11-12T10:52:24+00:00\" \/>\n<meta property=\"article:modified_time\" content=\"2018-05-23T15:05:24+00:00\" \/>\n<meta property=\"og:image\" content=\"https:\/\/empresas.infoempleo.com\/hrtrends\/media\/2012\/11\/Creer.jpg\" \/>\n\t<meta property=\"og:image:width\" content=\"568\" \/>\n\t<meta property=\"og:image:height\" content=\"258\" \/>\n\t<meta property=\"og:image:type\" content=\"image\/jpeg\" \/>\n<meta name=\"author\" content=\"infoempleo\" \/>\n<meta name=\"twitter:card\" content=\"summary_large_image\" \/>\n<meta name=\"twitter:creator\" content=\"@infoempleo\" \/>\n<meta name=\"twitter:site\" content=\"@infoempleo\" \/>\n<meta name=\"twitter:label1\" content=\"Escrito por\" \/>\n\t<meta name=\"twitter:data1\" content=\"infoempleo\" \/>\n\t<meta name=\"twitter:label2\" content=\"Tiempo de lectura\" \/>\n\t<meta name=\"twitter:data2\" content=\"2 minutos\" \/>\n<script type=\"application\/ld+json\" class=\"yoast-schema-graph\">{\"@context\":\"https:\/\/schema.org\",\"@graph\":[{\"@type\":\"NewsArticle\",\"@id\":\"https:\/\/empresas.infoempleo.com\/hrtrends\/a-quien-creer\/#article\",\"isPartOf\":{\"@id\":\"https:\/\/empresas.infoempleo.com\/hrtrends\/a-quien-creer\/\"},\"author\":{\"name\":\"infoempleo\",\"@id\":\"https:\/\/empresas.infoempleo.com\/hrtrends\/#\/schema\/person\/67d3e276ffcc8b3ae0ebec816daf775a\"},\"headline\":\"\u00bfA qui\u00e9n creer?\",\"datePublished\":\"2012-11-12T10:52:24+00:00\",\"dateModified\":\"2018-05-23T15:05:24+00:00\",\"mainEntityOfPage\":{\"@id\":\"https:\/\/empresas.infoempleo.com\/hrtrends\/a-quien-creer\/\"},\"wordCount\":464,\"publisher\":{\"@id\":\"https:\/\/empresas.infoempleo.com\/hrtrends\/#organization\"},\"image\":{\"@id\":\"https:\/\/empresas.infoempleo.com\/hrtrends\/a-quien-creer\/#primaryimage\"},\"thumbnailUrl\":\"https:\/\/empresas.infoempleo.com\/hrtrends\/media\/2012\/11\/Creer.jpg\",\"keywords\":[\"Crisis\"],\"articleSection\":[\"Actualidad\"],\"inLanguage\":\"es\",\"copyrightYear\":\"2012\",\"copyrightHolder\":{\"@id\":\"https:\/\/empresas.infoempleo.com\/hrtrends\/#organization\"}},{\"@type\":\"WebPage\",\"@id\":\"https:\/\/empresas.infoempleo.com\/hrtrends\/a-quien-creer\/\",\"url\":\"https:\/\/empresas.infoempleo.com\/hrtrends\/a-quien-creer\/\",\"name\":\"\u00bfA qui\u00e9n creer? | HRTRENDS\",\"isPartOf\":{\"@id\":\"https:\/\/empresas.infoempleo.com\/hrtrends\/#website\"},\"primaryImageOfPage\":{\"@id\":\"https:\/\/empresas.infoempleo.com\/hrtrends\/a-quien-creer\/#primaryimage\"},\"image\":{\"@id\":\"https:\/\/empresas.infoempleo.com\/hrtrends\/a-quien-creer\/#primaryimage\"},\"thumbnailUrl\":\"https:\/\/empresas.infoempleo.com\/hrtrends\/media\/2012\/11\/Creer.jpg\",\"datePublished\":\"2012-11-12T10:52:24+00:00\",\"dateModified\":\"2018-05-23T15:05:24+00:00\",\"breadcrumb\":{\"@id\":\"https:\/\/empresas.infoempleo.com\/hrtrends\/a-quien-creer\/#breadcrumb\"},\"inLanguage\":\"es\",\"potentialAction\":[{\"@type\":\"ReadAction\",\"target\":[\"https:\/\/empresas.infoempleo.com\/hrtrends\/a-quien-creer\/\"]}]},{\"@type\":\"ImageObject\",\"inLanguage\":\"es\",\"@id\":\"https:\/\/empresas.infoempleo.com\/hrtrends\/a-quien-creer\/#primaryimage\",\"url\":\"https:\/\/empresas.infoempleo.com\/hrtrends\/media\/2012\/11\/Creer-150x150.jpg\",\"contentUrl\":\"https:\/\/empresas.infoempleo.com\/hrtrends\/media\/2012\/11\/Creer-150x150.jpg\",\"width\":150,\"height\":150},{\"@type\":\"BreadcrumbList\",\"@id\":\"https:\/\/empresas.infoempleo.com\/hrtrends\/a-quien-creer\/#breadcrumb\",\"itemListElement\":[{\"@type\":\"ListItem\",\"position\":1,\"name\":\"Portada\",\"item\":\"https:\/\/empresas.infoempleo.com\/hrtrends\/\"},{\"@type\":\"ListItem\",\"position\":2,\"name\":\"\u00bfA qui\u00e9n creer?\"}]},{\"@type\":\"WebSite\",\"@id\":\"https:\/\/empresas.infoempleo.com\/hrtrends\/#website\",\"url\":\"https:\/\/empresas.infoempleo.com\/hrtrends\",\"name\":\"HRTrends by Infoempleo\",\"description\":\"\",\"publisher\":{\"@id\":\"https:\/\/empresas.infoempleo.com\/hrtrends\/#organization\"},\"potentialAction\":{\"@type\":\"SearchAction\",\"target\":\"https:\/\/empresas.infoempleo.com\/hrtrends\/?s={search_term_string}\",\"query-input\":\"required name=search_term_string\"},\"inLanguage\":\"es\"},{\"@type\":\"Organization\",\"@id\":\"https:\/\/empresas.infoempleo.com\/hrtrends\/#organization\",\"name\":\"Infoempleo\",\"url\":\"https:\/\/www.infoempleo.com\/\",\"logo\":{\"@type\":\"ImageObject\",\"@id\":\"https:\/\/empresas.infoempleo.com\/hrtrends\/#logo\",\"inLanguage\":\"es\",\"url\":\"https:\/\/cdnazure.infoempleo.com\/infoempleo\/assets\/style\/gfx\/logo.svg\",\"contentUrl\":\"https:\/\/cdnazure.infoempleo.com\/infoempleo\/assets\/style\/gfx\/logo.svg\",\"width\":150,\"height\":40,\"caption\":\"Infoempleo\"},\"image\":{\"@id\":\"https:\/\/empresas.infoempleo.com\/hrtrends\/#logo\"},\"sameAs\":[\"https:\/\/www.facebook.com\/Infoempleo\",\"https:\/\/x.com\/infoempleo\",\"http:\/\/instagram.com\/infoempleo\/\",\"http:\/\/www.linkedin.com\/groups\/Empleo-Espa\u00f1a-Infoempleocom-111276\",\"http:\/\/pinterest.com\/infoempleo\/\"],\"address\":{\"@type\":\"PostalAddress\",\"addressLocality\":\"Madrid\",\"postalCode\":\"28050\",\"streetAddress\":\"Avenida de Burgos 114\"},\"brand\":[\"Infoempleo\"]},{\"@type\":\"Person\",\"@id\":\"https:\/\/empresas.infoempleo.com\/hrtrends\/#\/schema\/person\/67d3e276ffcc8b3ae0ebec816daf775a\",\"name\":\"infoempleo\",\"image\":{\"@type\":\"ImageObject\",\"inLanguage\":\"es\",\"@id\":\"https:\/\/empresas.infoempleo.com\/hrtrends\/#\/schema\/person\/image\/\",\"url\":\"https:\/\/secure.gravatar.com\/avatar\/7b437777242fe67d2473c2a818da2344692d1ee91e91080ccffbd97bcd4a0975?s=96&d=mm&r=g\",\"contentUrl\":\"https:\/\/secure.gravatar.com\/avatar\/7b437777242fe67d2473c2a818da2344692d1ee91e91080ccffbd97bcd4a0975?s=96&d=mm&r=g\",\"caption\":\"infoempleo\"},\"url\":\"https:\/\/empresas.infoempleo.com\/hrtrends\/author\/infoempleo\/\"}]}<\/script>\n<!-- \/ Yoast SEO plugin. -->","yoast_head_json":{"title":"\u00bfA qui\u00e9n creer? | HRTRENDS","robots":{"index":"index","follow":"follow","max-snippet":"max-snippet:-1","max-image-preview":"max-image-preview:large","max-video-preview":"max-video-preview:-1"},"canonical":"https:\/\/empresas.infoempleo.com\/hrtrends\/a-quien-creer\/","og_locale":"es_ES","og_type":"article","og_title":"\u00bfA qui\u00e9n creer? | HRTRENDS","og_description":"Ignacio L\u00f3pez Dom\u00ednguez, director de programas MBA de Nebrija Business School. La cuesti\u00f3n ya no es si debemos Leer m\u00e1s","og_url":"https:\/\/empresas.infoempleo.com\/hrtrends\/a-quien-creer\/","og_site_name":"HRTRENDS","article_publisher":"https:\/\/www.facebook.com\/Infoempleo","article_published_time":"2012-11-12T10:52:24+00:00","article_modified_time":"2018-05-23T15:05:24+00:00","og_image":[{"width":568,"height":258,"url":"https:\/\/empresas.infoempleo.com\/hrtrends\/media\/2012\/11\/Creer.jpg","type":"image\/jpeg"}],"author":"infoempleo","twitter_card":"summary_large_image","twitter_creator":"@infoempleo","twitter_site":"@infoempleo","twitter_misc":{"Escrito por":"infoempleo","Tiempo de lectura":"2 minutos"},"schema":{"@context":"https:\/\/schema.org","@graph":[{"@type":"NewsArticle","@id":"https:\/\/empresas.infoempleo.com\/hrtrends\/a-quien-creer\/#article","isPartOf":{"@id":"https:\/\/empresas.infoempleo.com\/hrtrends\/a-quien-creer\/"},"author":{"name":"infoempleo","@id":"https:\/\/empresas.infoempleo.com\/hrtrends\/#\/schema\/person\/67d3e276ffcc8b3ae0ebec816daf775a"},"headline":"\u00bfA qui\u00e9n creer?","datePublished":"2012-11-12T10:52:24+00:00","dateModified":"2018-05-23T15:05:24+00:00","mainEntityOfPage":{"@id":"https:\/\/empresas.infoempleo.com\/hrtrends\/a-quien-creer\/"},"wordCount":464,"publisher":{"@id":"https:\/\/empresas.infoempleo.com\/hrtrends\/#organization"},"image":{"@id":"https:\/\/empresas.infoempleo.com\/hrtrends\/a-quien-creer\/#primaryimage"},"thumbnailUrl":"https:\/\/empresas.infoempleo.com\/hrtrends\/media\/2012\/11\/Creer.jpg","keywords":["Crisis"],"articleSection":["Actualidad"],"inLanguage":"es","copyrightYear":"2012","copyrightHolder":{"@id":"https:\/\/empresas.infoempleo.com\/hrtrends\/#organization"}},{"@type":"WebPage","@id":"https:\/\/empresas.infoempleo.com\/hrtrends\/a-quien-creer\/","url":"https:\/\/empresas.infoempleo.com\/hrtrends\/a-quien-creer\/","name":"\u00bfA qui\u00e9n creer? | HRTRENDS","isPartOf":{"@id":"https:\/\/empresas.infoempleo.com\/hrtrends\/#website"},"primaryImageOfPage":{"@id":"https:\/\/empresas.infoempleo.com\/hrtrends\/a-quien-creer\/#primaryimage"},"image":{"@id":"https:\/\/empresas.infoempleo.com\/hrtrends\/a-quien-creer\/#primaryimage"},"thumbnailUrl":"https:\/\/empresas.infoempleo.com\/hrtrends\/media\/2012\/11\/Creer.jpg","datePublished":"2012-11-12T10:52:24+00:00","dateModified":"2018-05-23T15:05:24+00:00","breadcrumb":{"@id":"https:\/\/empresas.infoempleo.com\/hrtrends\/a-quien-creer\/#breadcrumb"},"inLanguage":"es","potentialAction":[{"@type":"ReadAction","target":["https:\/\/empresas.infoempleo.com\/hrtrends\/a-quien-creer\/"]}]},{"@type":"ImageObject","inLanguage":"es","@id":"https:\/\/empresas.infoempleo.com\/hrtrends\/a-quien-creer\/#primaryimage","url":"https:\/\/empresas.infoempleo.com\/hrtrends\/media\/2012\/11\/Creer-150x150.jpg","contentUrl":"https:\/\/empresas.infoempleo.com\/hrtrends\/media\/2012\/11\/Creer-150x150.jpg","width":150,"height":150},{"@type":"BreadcrumbList","@id":"https:\/\/empresas.infoempleo.com\/hrtrends\/a-quien-creer\/#breadcrumb","itemListElement":[{"@type":"ListItem","position":1,"name":"Portada","item":"https:\/\/empresas.infoempleo.com\/hrtrends\/"},{"@type":"ListItem","position":2,"name":"\u00bfA qui\u00e9n creer?"}]},{"@type":"WebSite","@id":"https:\/\/empresas.infoempleo.com\/hrtrends\/#website","url":"https:\/\/empresas.infoempleo.com\/hrtrends","name":"HRTrends by Infoempleo","description":"","publisher":{"@id":"https:\/\/empresas.infoempleo.com\/hrtrends\/#organization"},"potentialAction":{"@type":"SearchAction","target":"https:\/\/empresas.infoempleo.com\/hrtrends\/?s={search_term_string}","query-input":"required name=search_term_string"},"inLanguage":"es"},{"@type":"Organization","@id":"https:\/\/empresas.infoempleo.com\/hrtrends\/#organization","name":"Infoempleo","url":"https:\/\/www.infoempleo.com\/","logo":{"@type":"ImageObject","@id":"https:\/\/empresas.infoempleo.com\/hrtrends\/#logo","inLanguage":"es","url":"https:\/\/cdnazure.infoempleo.com\/infoempleo\/assets\/style\/gfx\/logo.svg","contentUrl":"https:\/\/cdnazure.infoempleo.com\/infoempleo\/assets\/style\/gfx\/logo.svg","width":150,"height":40,"caption":"Infoempleo"},"image":{"@id":"https:\/\/empresas.infoempleo.com\/hrtrends\/#logo"},"sameAs":["https:\/\/www.facebook.com\/Infoempleo","https:\/\/x.com\/infoempleo","http:\/\/instagram.com\/infoempleo\/","http:\/\/www.linkedin.com\/groups\/Empleo-Espa\u00f1a-Infoempleocom-111276","http:\/\/pinterest.com\/infoempleo\/"],"address":{"@type":"PostalAddress","addressLocality":"Madrid","postalCode":"28050","streetAddress":"Avenida de Burgos 114"},"brand":["Infoempleo"]},{"@type":"Person","@id":"https:\/\/empresas.infoempleo.com\/hrtrends\/#\/schema\/person\/67d3e276ffcc8b3ae0ebec816daf775a","name":"infoempleo","image":{"@type":"ImageObject","inLanguage":"es","@id":"https:\/\/empresas.infoempleo.com\/hrtrends\/#\/schema\/person\/image\/","url":"https:\/\/secure.gravatar.com\/avatar\/7b437777242fe67d2473c2a818da2344692d1ee91e91080ccffbd97bcd4a0975?s=96&d=mm&r=g","contentUrl":"https:\/\/secure.gravatar.com\/avatar\/7b437777242fe67d2473c2a818da2344692d1ee91e91080ccffbd97bcd4a0975?s=96&d=mm&r=g","caption":"infoempleo"},"url":"https:\/\/empresas.infoempleo.com\/hrtrends\/author\/infoempleo\/"}]}},"amp_enabled":true,"_links":{"self":[{"href":"https:\/\/empresas.infoempleo.com\/hrtrends\/wp-json\/wp\/v2\/posts\/15718","targetHints":{"allow":["GET"]}}],"collection":[{"href":"https:\/\/empresas.infoempleo.com\/hrtrends\/wp-json\/wp\/v2\/posts"}],"about":[{"href":"https:\/\/empresas.infoempleo.com\/hrtrends\/wp-json\/wp\/v2\/types\/post"}],"author":[{"embeddable":true,"href":"https:\/\/empresas.infoempleo.com\/hrtrends\/wp-json\/wp\/v2\/users\/72"}],"replies":[{"embeddable":true,"href":"https:\/\/empresas.infoempleo.com\/hrtrends\/wp-json\/wp\/v2\/comments?post=15718"}],"version-history":[{"count":0,"href":"https:\/\/empresas.infoempleo.com\/hrtrends\/wp-json\/wp\/v2\/posts\/15718\/revisions"}],"wp:featuredmedia":[{"embeddable":true,"href":"https:\/\/empresas.infoempleo.com\/hrtrends\/wp-json\/wp\/v2\/media\/15720"}],"wp:attachment":[{"href":"https:\/\/empresas.infoempleo.com\/hrtrends\/wp-json\/wp\/v2\/media?parent=15718"}],"wp:term":[{"taxonomy":"category","embeddable":true,"href":"https:\/\/empresas.infoempleo.com\/hrtrends\/wp-json\/wp\/v2\/categories?post=15718"},{"taxonomy":"post_tag","embeddable":true,"href":"https:\/\/empresas.infoempleo.com\/hrtrends\/wp-json\/wp\/v2\/tags?post=15718"}],"curies":[{"name":"wp","href":"https:\/\/api.w.org\/{rel}","templated":true}]}}