{"id":15698,"date":"2012-11-05T11:32:28","date_gmt":"2012-11-05T10:32:28","guid":{"rendered":"http:\/\/blog.infoempleo.com\/?p=15698"},"modified":"2024-08-29T17:46:05","modified_gmt":"2024-08-29T15:46:05","slug":"el-tercer-sector-lucha-por-reinventarse","status":"publish","type":"post","link":"https:\/\/empresas.infoempleo.com\/hrtrends\/el-tercer-sector-lucha-por-reinventarse\/","title":{"rendered":"El Tercer Sector lucha por reinventarse"},"content":{"rendered":"<p>Un reciente estudio elaborado por el Instituto de Innovaci\u00f3n Social de Esade y <a href=\"https:\/\/www.pwc.es\/\/\" target=\"_blank\" rel=\"noopener\">PricewaterhouseCoopers<\/a> Espa\u00f1a se\u00f1ala que <strong>solamente el 8% de las organizaciones no lucrativas que componen el Tercer Sector se consideran innovadoras<\/strong>. En opini\u00f3n de <strong>Javier Garc\u00eda Ca\u00f1ete, responsable del Programa Talento Solidario de la <a href=\"https:\/\/www.fundacionbotin.org\/\/\" target=\"_blank\" rel=\"noopener\">Fundaci\u00f3n Bot\u00edn<\/a><\/strong>, el Tercer Sector en Espa\u00f1a est\u00e1 necesitado de innovaci\u00f3n y es consciente de ello, pero, al mismo tiempo, \u00abtiene en su gen la innovaci\u00f3n, en el sentido de que es algo que debe hacer continuamente para afrontar los problemas diarios\u00bb.<\/p>\n<p>La principal barrera que las ONG encuentran en su camino hacia la innovaci\u00f3n es la falta de financiaci\u00f3n. <strong>Pablo Aledo, Director de la <a href=\"http:\/\/www.altius.org\/\" target=\"_blank\" rel=\"noopener\">Fundaci\u00f3n Altius<\/a> en Espa\u00f1a<\/strong>, se\u00f1ala los recortes de la Administraci\u00f3n P\u00fablica, la disminuci\u00f3n de los presupuestos de RSC de las empresas privadas y el empobrecimiento de la sociedad civil como las causas fundamentales de su cr\u00edtica situaci\u00f3n. \u00abEsos factores se unen al hecho de que ahora es precisamente cuando m\u00e1s necesarias son las ayudas. Se han combinado ambos problemas para dar lugar a la Tormenta Perfecta\u00bb, comenta.<\/p>\n<p><strong>Una ONG exitosa, seg\u00fan el estudio citado anteriormente, debe cumplir seis puntos b\u00e1sicos<\/strong>: \u00abConseguir un alto nivel de resultados con su misi\u00f3n; aportar gran valor a sus destinatarios de forma duradera; ser eficiente, transparente y rendir\u00a0cuentas de su gesti\u00f3n; tener un apoyo creciente por parte de la sociedad e instituciones; tener mucha credibilidad, y ser considerada como una entidad ideal para trabajar y colaborar por plantilla, voluntarios y socios\u00bb. Para cumplir estos puntos es necesario un equipo de personas bien formadas y motivadas\u00a0y, en este sentido, Pablo\u00a0Aledo reconoce que \u00abcontamos\u00a0con una gran ventaja: lo que denominamos el salario emocional. <strong>Al tratarse de entidades en las que lo fundamental es la misi\u00f3n que llevan a cabo, podemos contar con profesionales muy bien preparados y motivados, a los que en otros casos no podr\u00edamos tener acceso<\/strong>\u00bb.<\/p>\n<p>El aumento de la innovaci\u00f3n en el Tercer Sector pasa, adem\u00e1s de la financiaci\u00f3n, por la profesionalizaci\u00f3n. Se impone la necesidad de trabajadores que empiecen a desarrollar su carrera en una ONGy compartan sus \u00a0conocimientos, habilidades y competencias, dotando as\u00ed a la organizaci\u00f3n del talento necesario para ser m\u00e1s flexible\u00a0y eficaz. De hecho, la petici\u00f3n de apoyo y de innovaci\u00f3n que hace el Tercer sector va dirigida, seg\u00fan Pablo Aledo, \u00abtambi\u00e9n a nosotros mismos; dentro de ese llamamiento va impl\u00edcito que las ayudas comiencen a venir de otra forma: preferimos que nos ense\u00f1en a pescar a que nos den un pez\u00bb.<\/p>\n<p>Javier Garc\u00eda Ca\u00f1ete explica c\u00f3mo se est\u00e1 reinventando el sector: \u00abVivimos una \u00e9poca de solidaridad y, al \u00a0mismo tiempo, de reinvenci\u00f3n. Vemos casos de personas que se han visto abocadas al paro y que, aunque proven\u00edan de\u00a0otros sectores, han visto en este una buena salida profesional y una forma de comprometerse con una causa social, aunque eso suponga renunciar\u00a0a salarios mayores\u00bb.<\/p>\n","protected":false},"excerpt":{"rendered":"<p>Un reciente estudio elaborado por el Instituto de Innovaci\u00f3n Social de Esade y PricewaterhouseCoopers Espa\u00f1a se\u00f1ala que solamente<a class=\"moretag\" href=\"https:\/\/empresas.infoempleo.com\/hrtrends\/el-tercer-sector-lucha-por-reinventarse\/\"> Leer m\u00e1s<\/a><\/p>\n","protected":false},"author":65,"featured_media":15699,"comment_status":"closed","ping_status":"open","sticky":false,"template":"","format":"standard","meta":{"footnotes":""},"categories":[3],"tags":[545,1806],"class_list":["post-15698","post","type-post","status-publish","format-standard","has-post-thumbnail","hentry","category-actualidad","tag-solidaridad","tag-tercer-sector"],"yoast_head":"<!-- This site is optimized with the Yoast SEO plugin v26.1.1 - https:\/\/yoast.com\/wordpress\/plugins\/seo\/ -->\n<title>El Tercer Sector lucha por reinventarse | HRTRENDS<\/title>\n<meta name=\"robots\" content=\"index, follow, max-snippet:-1, max-image-preview:large, max-video-preview:-1\" \/>\n<link rel=\"canonical\" href=\"https:\/\/empresas.infoempleo.com\/hrtrends\/el-tercer-sector-lucha-por-reinventarse\/\" \/>\n<meta property=\"og:locale\" content=\"es_ES\" \/>\n<meta property=\"og:type\" content=\"article\" \/>\n<meta property=\"og:title\" content=\"El Tercer Sector lucha por reinventarse | HRTRENDS\" \/>\n<meta property=\"og:description\" content=\"Un reciente estudio elaborado por el Instituto de Innovaci\u00f3n Social de Esade y PricewaterhouseCoopers Espa\u00f1a se\u00f1ala que solamente Leer m\u00e1s\" \/>\n<meta property=\"og:url\" content=\"https:\/\/empresas.infoempleo.com\/hrtrends\/el-tercer-sector-lucha-por-reinventarse\/\" \/>\n<meta property=\"og:site_name\" content=\"HRTRENDS\" \/>\n<meta property=\"article:publisher\" content=\"https:\/\/www.facebook.com\/Infoempleo\" \/>\n<meta property=\"article:published_time\" content=\"2012-11-05T10:32:28+00:00\" \/>\n<meta property=\"article:modified_time\" content=\"2024-08-29T15:46:05+00:00\" \/>\n<meta property=\"og:image\" content=\"https:\/\/empresas.infoempleo.com\/hrtrends\/media\/2012\/11\/Solidaridad.jpg\" \/>\n\t<meta property=\"og:image:width\" content=\"568\" \/>\n\t<meta property=\"og:image:height\" content=\"259\" \/>\n\t<meta property=\"og:image:type\" content=\"image\/jpeg\" \/>\n<meta name=\"author\" content=\"Enrique G\u00f3mez\" \/>\n<meta name=\"twitter:card\" content=\"summary_large_image\" \/>\n<meta name=\"twitter:creator\" content=\"@infoempleo\" \/>\n<meta name=\"twitter:site\" content=\"@infoempleo\" \/>\n<meta name=\"twitter:label1\" content=\"Escrito por\" \/>\n\t<meta name=\"twitter:data1\" content=\"Enrique G\u00f3mez\" \/>\n\t<meta name=\"twitter:label2\" content=\"Tiempo de lectura\" \/>\n\t<meta name=\"twitter:data2\" content=\"3 minutos\" \/>\n<script type=\"application\/ld+json\" class=\"yoast-schema-graph\">{\"@context\":\"https:\/\/schema.org\",\"@graph\":[{\"@type\":\"NewsArticle\",\"@id\":\"https:\/\/empresas.infoempleo.com\/hrtrends\/el-tercer-sector-lucha-por-reinventarse\/#article\",\"isPartOf\":{\"@id\":\"https:\/\/empresas.infoempleo.com\/hrtrends\/el-tercer-sector-lucha-por-reinventarse\/\"},\"author\":{\"name\":\"Enrique G\u00f3mez\",\"@id\":\"https:\/\/empresas.infoempleo.com\/hrtrends\/#\/schema\/person\/2e8d0209009fe50281b146eb7db611e5\"},\"headline\":\"El Tercer Sector lucha por reinventarse\",\"datePublished\":\"2012-11-05T10:32:28+00:00\",\"dateModified\":\"2024-08-29T15:46:05+00:00\",\"mainEntityOfPage\":{\"@id\":\"https:\/\/empresas.infoempleo.com\/hrtrends\/el-tercer-sector-lucha-por-reinventarse\/\"},\"wordCount\":531,\"publisher\":{\"@id\":\"https:\/\/empresas.infoempleo.com\/hrtrends\/#organization\"},\"image\":{\"@id\":\"https:\/\/empresas.infoempleo.com\/hrtrends\/el-tercer-sector-lucha-por-reinventarse\/#primaryimage\"},\"thumbnailUrl\":\"https:\/\/empresas.infoempleo.com\/hrtrends\/media\/2012\/11\/Solidaridad.jpg\",\"keywords\":[\"solidaridad\",\"tercer sector\"],\"articleSection\":[\"Actualidad\"],\"inLanguage\":\"es\",\"copyrightYear\":\"2012\",\"copyrightHolder\":{\"@id\":\"https:\/\/empresas.infoempleo.com\/hrtrends\/#organization\"}},{\"@type\":\"WebPage\",\"@id\":\"https:\/\/empresas.infoempleo.com\/hrtrends\/el-tercer-sector-lucha-por-reinventarse\/\",\"url\":\"https:\/\/empresas.infoempleo.com\/hrtrends\/el-tercer-sector-lucha-por-reinventarse\/\",\"name\":\"El Tercer Sector lucha por reinventarse | HRTRENDS\",\"isPartOf\":{\"@id\":\"https:\/\/empresas.infoempleo.com\/hrtrends\/#website\"},\"primaryImageOfPage\":{\"@id\":\"https:\/\/empresas.infoempleo.com\/hrtrends\/el-tercer-sector-lucha-por-reinventarse\/#primaryimage\"},\"image\":{\"@id\":\"https:\/\/empresas.infoempleo.com\/hrtrends\/el-tercer-sector-lucha-por-reinventarse\/#primaryimage\"},\"thumbnailUrl\":\"https:\/\/empresas.infoempleo.com\/hrtrends\/media\/2012\/11\/Solidaridad.jpg\",\"datePublished\":\"2012-11-05T10:32:28+00:00\",\"dateModified\":\"2024-08-29T15:46:05+00:00\",\"breadcrumb\":{\"@id\":\"https:\/\/empresas.infoempleo.com\/hrtrends\/el-tercer-sector-lucha-por-reinventarse\/#breadcrumb\"},\"inLanguage\":\"es\",\"potentialAction\":[{\"@type\":\"ReadAction\",\"target\":[\"https:\/\/empresas.infoempleo.com\/hrtrends\/el-tercer-sector-lucha-por-reinventarse\/\"]}]},{\"@type\":\"ImageObject\",\"inLanguage\":\"es\",\"@id\":\"https:\/\/empresas.infoempleo.com\/hrtrends\/el-tercer-sector-lucha-por-reinventarse\/#primaryimage\",\"url\":\"https:\/\/empresas.infoempleo.com\/hrtrends\/media\/2012\/11\/Solidaridad-150x150.jpg\",\"contentUrl\":\"https:\/\/empresas.infoempleo.com\/hrtrends\/media\/2012\/11\/Solidaridad-150x150.jpg\",\"width\":150,\"height\":150},{\"@type\":\"BreadcrumbList\",\"@id\":\"https:\/\/empresas.infoempleo.com\/hrtrends\/el-tercer-sector-lucha-por-reinventarse\/#breadcrumb\",\"itemListElement\":[{\"@type\":\"ListItem\",\"position\":1,\"name\":\"Portada\",\"item\":\"https:\/\/empresas.infoempleo.com\/hrtrends\/\"},{\"@type\":\"ListItem\",\"position\":2,\"name\":\"El Tercer Sector lucha por reinventarse\"}]},{\"@type\":\"WebSite\",\"@id\":\"https:\/\/empresas.infoempleo.com\/hrtrends\/#website\",\"url\":\"https:\/\/empresas.infoempleo.com\/hrtrends\",\"name\":\"HRTrends by Infoempleo\",\"description\":\"\",\"publisher\":{\"@id\":\"https:\/\/empresas.infoempleo.com\/hrtrends\/#organization\"},\"potentialAction\":{\"@type\":\"SearchAction\",\"target\":\"https:\/\/empresas.infoempleo.com\/hrtrends\/?s={search_term_string}\",\"query-input\":\"required name=search_term_string\"},\"inLanguage\":\"es\"},{\"@type\":\"Organization\",\"@id\":\"https:\/\/empresas.infoempleo.com\/hrtrends\/#organization\",\"name\":\"Infoempleo\",\"url\":\"https:\/\/www.infoempleo.com\/\",\"logo\":{\"@type\":\"ImageObject\",\"@id\":\"https:\/\/empresas.infoempleo.com\/hrtrends\/#logo\",\"inLanguage\":\"es\",\"url\":\"https:\/\/cdnazure.infoempleo.com\/infoempleo\/assets\/style\/gfx\/logo.svg\",\"contentUrl\":\"https:\/\/cdnazure.infoempleo.com\/infoempleo\/assets\/style\/gfx\/logo.svg\",\"width\":150,\"height\":40,\"caption\":\"Infoempleo\"},\"image\":{\"@id\":\"https:\/\/empresas.infoempleo.com\/hrtrends\/#logo\"},\"sameAs\":[\"https:\/\/www.facebook.com\/Infoempleo\",\"https:\/\/x.com\/infoempleo\",\"http:\/\/instagram.com\/infoempleo\/\",\"http:\/\/www.linkedin.com\/groups\/Empleo-Espa\u00f1a-Infoempleocom-111276\",\"http:\/\/pinterest.com\/infoempleo\/\"],\"address\":{\"@type\":\"PostalAddress\",\"addressLocality\":\"Madrid\",\"postalCode\":\"28050\",\"streetAddress\":\"Avenida de Burgos 114\"},\"brand\":[\"Infoempleo\"]},{\"@type\":\"Person\",\"@id\":\"https:\/\/empresas.infoempleo.com\/hrtrends\/#\/schema\/person\/2e8d0209009fe50281b146eb7db611e5\",\"name\":\"Enrique G\u00f3mez\",\"image\":{\"@type\":\"ImageObject\",\"inLanguage\":\"es\",\"@id\":\"https:\/\/empresas.infoempleo.com\/hrtrends\/#\/schema\/person\/image\/\",\"url\":\"https:\/\/secure.gravatar.com\/avatar\/3074103869ac7b0b696f8d73d85e6a3cf5e69295f9f44b80c9b44721ea7f9b52?s=96&d=mm&r=g\",\"contentUrl\":\"https:\/\/secure.gravatar.com\/avatar\/3074103869ac7b0b696f8d73d85e6a3cf5e69295f9f44b80c9b44721ea7f9b52?s=96&d=mm&r=g\",\"caption\":\"Enrique G\u00f3mez\"},\"url\":\"https:\/\/empresas.infoempleo.com\/hrtrends\/author\/egomez\/\"}]}<\/script>\n<!-- \/ Yoast SEO plugin. -->","yoast_head_json":{"title":"El Tercer Sector lucha por reinventarse | HRTRENDS","robots":{"index":"index","follow":"follow","max-snippet":"max-snippet:-1","max-image-preview":"max-image-preview:large","max-video-preview":"max-video-preview:-1"},"canonical":"https:\/\/empresas.infoempleo.com\/hrtrends\/el-tercer-sector-lucha-por-reinventarse\/","og_locale":"es_ES","og_type":"article","og_title":"El Tercer Sector lucha por reinventarse | HRTRENDS","og_description":"Un reciente estudio elaborado por el Instituto de Innovaci\u00f3n Social de Esade y PricewaterhouseCoopers Espa\u00f1a se\u00f1ala que solamente Leer m\u00e1s","og_url":"https:\/\/empresas.infoempleo.com\/hrtrends\/el-tercer-sector-lucha-por-reinventarse\/","og_site_name":"HRTRENDS","article_publisher":"https:\/\/www.facebook.com\/Infoempleo","article_published_time":"2012-11-05T10:32:28+00:00","article_modified_time":"2024-08-29T15:46:05+00:00","og_image":[{"width":568,"height":259,"url":"https:\/\/empresas.infoempleo.com\/hrtrends\/media\/2012\/11\/Solidaridad.jpg","type":"image\/jpeg"}],"author":"Enrique G\u00f3mez","twitter_card":"summary_large_image","twitter_creator":"@infoempleo","twitter_site":"@infoempleo","twitter_misc":{"Escrito por":"Enrique G\u00f3mez","Tiempo de lectura":"3 minutos"},"schema":{"@context":"https:\/\/schema.org","@graph":[{"@type":"NewsArticle","@id":"https:\/\/empresas.infoempleo.com\/hrtrends\/el-tercer-sector-lucha-por-reinventarse\/#article","isPartOf":{"@id":"https:\/\/empresas.infoempleo.com\/hrtrends\/el-tercer-sector-lucha-por-reinventarse\/"},"author":{"name":"Enrique G\u00f3mez","@id":"https:\/\/empresas.infoempleo.com\/hrtrends\/#\/schema\/person\/2e8d0209009fe50281b146eb7db611e5"},"headline":"El Tercer Sector lucha por reinventarse","datePublished":"2012-11-05T10:32:28+00:00","dateModified":"2024-08-29T15:46:05+00:00","mainEntityOfPage":{"@id":"https:\/\/empresas.infoempleo.com\/hrtrends\/el-tercer-sector-lucha-por-reinventarse\/"},"wordCount":531,"publisher":{"@id":"https:\/\/empresas.infoempleo.com\/hrtrends\/#organization"},"image":{"@id":"https:\/\/empresas.infoempleo.com\/hrtrends\/el-tercer-sector-lucha-por-reinventarse\/#primaryimage"},"thumbnailUrl":"https:\/\/empresas.infoempleo.com\/hrtrends\/media\/2012\/11\/Solidaridad.jpg","keywords":["solidaridad","tercer sector"],"articleSection":["Actualidad"],"inLanguage":"es","copyrightYear":"2012","copyrightHolder":{"@id":"https:\/\/empresas.infoempleo.com\/hrtrends\/#organization"}},{"@type":"WebPage","@id":"https:\/\/empresas.infoempleo.com\/hrtrends\/el-tercer-sector-lucha-por-reinventarse\/","url":"https:\/\/empresas.infoempleo.com\/hrtrends\/el-tercer-sector-lucha-por-reinventarse\/","name":"El Tercer Sector lucha por reinventarse | HRTRENDS","isPartOf":{"@id":"https:\/\/empresas.infoempleo.com\/hrtrends\/#website"},"primaryImageOfPage":{"@id":"https:\/\/empresas.infoempleo.com\/hrtrends\/el-tercer-sector-lucha-por-reinventarse\/#primaryimage"},"image":{"@id":"https:\/\/empresas.infoempleo.com\/hrtrends\/el-tercer-sector-lucha-por-reinventarse\/#primaryimage"},"thumbnailUrl":"https:\/\/empresas.infoempleo.com\/hrtrends\/media\/2012\/11\/Solidaridad.jpg","datePublished":"2012-11-05T10:32:28+00:00","dateModified":"2024-08-29T15:46:05+00:00","breadcrumb":{"@id":"https:\/\/empresas.infoempleo.com\/hrtrends\/el-tercer-sector-lucha-por-reinventarse\/#breadcrumb"},"inLanguage":"es","potentialAction":[{"@type":"ReadAction","target":["https:\/\/empresas.infoempleo.com\/hrtrends\/el-tercer-sector-lucha-por-reinventarse\/"]}]},{"@type":"ImageObject","inLanguage":"es","@id":"https:\/\/empresas.infoempleo.com\/hrtrends\/el-tercer-sector-lucha-por-reinventarse\/#primaryimage","url":"https:\/\/empresas.infoempleo.com\/hrtrends\/media\/2012\/11\/Solidaridad-150x150.jpg","contentUrl":"https:\/\/empresas.infoempleo.com\/hrtrends\/media\/2012\/11\/Solidaridad-150x150.jpg","width":150,"height":150},{"@type":"BreadcrumbList","@id":"https:\/\/empresas.infoempleo.com\/hrtrends\/el-tercer-sector-lucha-por-reinventarse\/#breadcrumb","itemListElement":[{"@type":"ListItem","position":1,"name":"Portada","item":"https:\/\/empresas.infoempleo.com\/hrtrends\/"},{"@type":"ListItem","position":2,"name":"El Tercer Sector lucha por reinventarse"}]},{"@type":"WebSite","@id":"https:\/\/empresas.infoempleo.com\/hrtrends\/#website","url":"https:\/\/empresas.infoempleo.com\/hrtrends","name":"HRTrends by Infoempleo","description":"","publisher":{"@id":"https:\/\/empresas.infoempleo.com\/hrtrends\/#organization"},"potentialAction":{"@type":"SearchAction","target":"https:\/\/empresas.infoempleo.com\/hrtrends\/?s={search_term_string}","query-input":"required name=search_term_string"},"inLanguage":"es"},{"@type":"Organization","@id":"https:\/\/empresas.infoempleo.com\/hrtrends\/#organization","name":"Infoempleo","url":"https:\/\/www.infoempleo.com\/","logo":{"@type":"ImageObject","@id":"https:\/\/empresas.infoempleo.com\/hrtrends\/#logo","inLanguage":"es","url":"https:\/\/cdnazure.infoempleo.com\/infoempleo\/assets\/style\/gfx\/logo.svg","contentUrl":"https:\/\/cdnazure.infoempleo.com\/infoempleo\/assets\/style\/gfx\/logo.svg","width":150,"height":40,"caption":"Infoempleo"},"image":{"@id":"https:\/\/empresas.infoempleo.com\/hrtrends\/#logo"},"sameAs":["https:\/\/www.facebook.com\/Infoempleo","https:\/\/x.com\/infoempleo","http:\/\/instagram.com\/infoempleo\/","http:\/\/www.linkedin.com\/groups\/Empleo-Espa\u00f1a-Infoempleocom-111276","http:\/\/pinterest.com\/infoempleo\/"],"address":{"@type":"PostalAddress","addressLocality":"Madrid","postalCode":"28050","streetAddress":"Avenida de Burgos 114"},"brand":["Infoempleo"]},{"@type":"Person","@id":"https:\/\/empresas.infoempleo.com\/hrtrends\/#\/schema\/person\/2e8d0209009fe50281b146eb7db611e5","name":"Enrique G\u00f3mez","image":{"@type":"ImageObject","inLanguage":"es","@id":"https:\/\/empresas.infoempleo.com\/hrtrends\/#\/schema\/person\/image\/","url":"https:\/\/secure.gravatar.com\/avatar\/3074103869ac7b0b696f8d73d85e6a3cf5e69295f9f44b80c9b44721ea7f9b52?s=96&d=mm&r=g","contentUrl":"https:\/\/secure.gravatar.com\/avatar\/3074103869ac7b0b696f8d73d85e6a3cf5e69295f9f44b80c9b44721ea7f9b52?s=96&d=mm&r=g","caption":"Enrique G\u00f3mez"},"url":"https:\/\/empresas.infoempleo.com\/hrtrends\/author\/egomez\/"}]}},"amp_enabled":true,"_links":{"self":[{"href":"https:\/\/empresas.infoempleo.com\/hrtrends\/wp-json\/wp\/v2\/posts\/15698","targetHints":{"allow":["GET"]}}],"collection":[{"href":"https:\/\/empresas.infoempleo.com\/hrtrends\/wp-json\/wp\/v2\/posts"}],"about":[{"href":"https:\/\/empresas.infoempleo.com\/hrtrends\/wp-json\/wp\/v2\/types\/post"}],"author":[{"embeddable":true,"href":"https:\/\/empresas.infoempleo.com\/hrtrends\/wp-json\/wp\/v2\/users\/65"}],"replies":[{"embeddable":true,"href":"https:\/\/empresas.infoempleo.com\/hrtrends\/wp-json\/wp\/v2\/comments?post=15698"}],"version-history":[{"count":1,"href":"https:\/\/empresas.infoempleo.com\/hrtrends\/wp-json\/wp\/v2\/posts\/15698\/revisions"}],"predecessor-version":[{"id":45141,"href":"https:\/\/empresas.infoempleo.com\/hrtrends\/wp-json\/wp\/v2\/posts\/15698\/revisions\/45141"}],"wp:featuredmedia":[{"embeddable":true,"href":"https:\/\/empresas.infoempleo.com\/hrtrends\/wp-json\/wp\/v2\/media\/15699"}],"wp:attachment":[{"href":"https:\/\/empresas.infoempleo.com\/hrtrends\/wp-json\/wp\/v2\/media?parent=15698"}],"wp:term":[{"taxonomy":"category","embeddable":true,"href":"https:\/\/empresas.infoempleo.com\/hrtrends\/wp-json\/wp\/v2\/categories?post=15698"},{"taxonomy":"post_tag","embeddable":true,"href":"https:\/\/empresas.infoempleo.com\/hrtrends\/wp-json\/wp\/v2\/tags?post=15698"}],"curies":[{"name":"wp","href":"https:\/\/api.w.org\/{rel}","templated":true}]}}