{"id":15600,"date":"2012-10-16T10:09:56","date_gmt":"2012-10-16T09:09:56","guid":{"rendered":"http:\/\/blog.infoempleo.com\/?p=15600"},"modified":"2025-01-15T19:01:15","modified_gmt":"2025-01-15T17:01:15","slug":"trabajaenverde-que-perfiles-se-demandan","status":"publish","type":"post","link":"https:\/\/empresas.infoempleo.com\/hrtrends\/trabajaenverde-que-perfiles-se-demandan\/","title":{"rendered":"#trabajaenverde, \u00bfqu\u00e9 perfiles se demandan?"},"content":{"rendered":"<p>\u00abEl empleo existe, est\u00e1 ah\u00ed, pero hay que salir a buscarlo\u00bb, as\u00ed de claro lo tiene <strong>Raquel Ant\u00f3n<\/strong>,\u00a0protagonista\u00a0del nuevo v\u00eddeo de la serie <a href=\"https:\/\/twitter.com\/i\/#!\/search\/trabajaenverde?q=trabajaenverde\" target=\"_blank\" rel=\"noopener\">#trabajaenverde<\/a> y directora t\u00e9cnica de Gaia, estudios mediambientales.<\/p>\n<p>Seg\u00fan esta joven emprendedora, las empresas buscan perfiles cada vez m\u00e1s multidisciplinares. Poniendo como ejemplo su propia empresa, Raquel comenta que para ella lo m\u00e1s importante es que sean personas \u00abresolutivas, con capacidad de trabajo en equipo y que sean capaces de enfrentarse a nuevos retos\u00bb.<\/p>\n<p>Es el momento de avanzar, de romper con las reglas establecidas porque seg\u00fan Raquel Ant\u00f3n \u00abquiz\u00e1 ha llegado el\u00a0momento\u00a0de que este sector se convierta en un sector de micropymes, pymes y aut\u00f3nomos, y olvidarse del trabajo remunerado para toda la vida\u00bb.<\/p>\n<p><iframe loading=\"lazy\" src=\"http:\/\/player.vimeo.com\/video\/51404026\" frameborder=\"0\" width=\"600\" height=\"400\"><\/iframe><\/p>\n","protected":false},"excerpt":{"rendered":"<p>\u00abEl empleo existe, est\u00e1 ah\u00ed, pero hay que salir a buscarlo\u00bb, as\u00ed de claro lo tiene Raquel Ant\u00f3n,\u00a0protagonista\u00a0del<a class=\"moretag\" href=\"https:\/\/empresas.infoempleo.com\/hrtrends\/trabajaenverde-que-perfiles-se-demandan\/\"> Leer m\u00e1s<\/a><\/p>\n","protected":false},"author":47,"featured_media":15601,"comment_status":"closed","ping_status":"open","sticky":false,"template":"","format":"standard","meta":{"footnotes":""},"categories":[3],"tags":[2539,2541],"class_list":["post-15600","post","type-post","status-publish","format-standard","has-post-thumbnail","hentry","category-actualidad","tag-gaiaema","tag-raquel-anton"],"yoast_head":"<!-- This site is optimized with the Yoast SEO plugin v26.1.1 - https:\/\/yoast.com\/wordpress\/plugins\/seo\/ -->\n<title>#trabajaenverde, \u00bfqu\u00e9 perfiles se demandan? | HRTRENDS<\/title>\n<meta name=\"robots\" content=\"index, follow, max-snippet:-1, max-image-preview:large, max-video-preview:-1\" \/>\n<link rel=\"canonical\" href=\"https:\/\/empresas.infoempleo.com\/hrtrends\/trabajaenverde-que-perfiles-se-demandan\/\" \/>\n<meta property=\"og:locale\" content=\"es_ES\" \/>\n<meta property=\"og:type\" content=\"article\" \/>\n<meta property=\"og:title\" content=\"#trabajaenverde, \u00bfqu\u00e9 perfiles se demandan? | HRTRENDS\" \/>\n<meta property=\"og:description\" content=\"\u00abEl empleo existe, est\u00e1 ah\u00ed, pero hay que salir a buscarlo\u00bb, as\u00ed de claro lo tiene Raquel Ant\u00f3n,\u00a0protagonista\u00a0del Leer m\u00e1s\" \/>\n<meta property=\"og:url\" content=\"https:\/\/empresas.infoempleo.com\/hrtrends\/trabajaenverde-que-perfiles-se-demandan\/\" \/>\n<meta property=\"og:site_name\" content=\"HRTRENDS\" \/>\n<meta property=\"article:publisher\" content=\"https:\/\/www.facebook.com\/Infoempleo\" \/>\n<meta property=\"article:published_time\" content=\"2012-10-16T09:09:56+00:00\" \/>\n<meta property=\"article:modified_time\" content=\"2025-01-15T17:01:15+00:00\" \/>\n<meta property=\"og:image\" content=\"https:\/\/empresas.infoempleo.com\/hrtrends\/media\/2012\/10\/RaquelAnton.jpg\" \/>\n\t<meta property=\"og:image:width\" content=\"568\" \/>\n\t<meta property=\"og:image:height\" content=\"290\" \/>\n\t<meta property=\"og:image:type\" content=\"image\/jpeg\" \/>\n<meta name=\"author\" content=\"Marta Toledano\" \/>\n<meta name=\"twitter:card\" content=\"summary_large_image\" \/>\n<meta name=\"twitter:creator\" content=\"@infoempleo\" \/>\n<meta name=\"twitter:site\" content=\"@infoempleo\" \/>\n<meta name=\"twitter:label1\" content=\"Escrito por\" \/>\n\t<meta name=\"twitter:data1\" content=\"Marta Toledano\" \/>\n\t<meta name=\"twitter:label2\" content=\"Tiempo de lectura\" \/>\n\t<meta name=\"twitter:data2\" content=\"1 minuto\" \/>\n<script type=\"application\/ld+json\" class=\"yoast-schema-graph\">{\"@context\":\"https:\/\/schema.org\",\"@graph\":[{\"@type\":\"NewsArticle\",\"@id\":\"https:\/\/empresas.infoempleo.com\/hrtrends\/trabajaenverde-que-perfiles-se-demandan\/#article\",\"isPartOf\":{\"@id\":\"https:\/\/empresas.infoempleo.com\/hrtrends\/trabajaenverde-que-perfiles-se-demandan\/\"},\"author\":{\"name\":\"Marta Toledano\",\"@id\":\"https:\/\/empresas.infoempleo.com\/hrtrends\/#\/schema\/person\/148d627e345a4676aeecce408bfd7761\"},\"headline\":\"#trabajaenverde, \u00bfqu\u00e9 perfiles se demandan?\",\"datePublished\":\"2012-10-16T09:09:56+00:00\",\"dateModified\":\"2025-01-15T17:01:15+00:00\",\"mainEntityOfPage\":{\"@id\":\"https:\/\/empresas.infoempleo.com\/hrtrends\/trabajaenverde-que-perfiles-se-demandan\/\"},\"wordCount\":136,\"publisher\":{\"@id\":\"https:\/\/empresas.infoempleo.com\/hrtrends\/#organization\"},\"image\":{\"@id\":\"https:\/\/empresas.infoempleo.com\/hrtrends\/trabajaenverde-que-perfiles-se-demandan\/#primaryimage\"},\"thumbnailUrl\":\"https:\/\/empresas.infoempleo.com\/hrtrends\/media\/2012\/10\/RaquelAnton.jpg\",\"keywords\":[\"GaiaEMA\",\"Raquel Ant\u00f3n\"],\"articleSection\":[\"Actualidad\"],\"inLanguage\":\"es\",\"copyrightYear\":\"2012\",\"copyrightHolder\":{\"@id\":\"https:\/\/empresas.infoempleo.com\/hrtrends\/#organization\"}},{\"@type\":\"WebPage\",\"@id\":\"https:\/\/empresas.infoempleo.com\/hrtrends\/trabajaenverde-que-perfiles-se-demandan\/\",\"url\":\"https:\/\/empresas.infoempleo.com\/hrtrends\/trabajaenverde-que-perfiles-se-demandan\/\",\"name\":\"#trabajaenverde, \u00bfqu\u00e9 perfiles se demandan? | HRTRENDS\",\"isPartOf\":{\"@id\":\"https:\/\/empresas.infoempleo.com\/hrtrends\/#website\"},\"primaryImageOfPage\":{\"@id\":\"https:\/\/empresas.infoempleo.com\/hrtrends\/trabajaenverde-que-perfiles-se-demandan\/#primaryimage\"},\"image\":{\"@id\":\"https:\/\/empresas.infoempleo.com\/hrtrends\/trabajaenverde-que-perfiles-se-demandan\/#primaryimage\"},\"thumbnailUrl\":\"https:\/\/empresas.infoempleo.com\/hrtrends\/media\/2012\/10\/RaquelAnton.jpg\",\"datePublished\":\"2012-10-16T09:09:56+00:00\",\"dateModified\":\"2025-01-15T17:01:15+00:00\",\"breadcrumb\":{\"@id\":\"https:\/\/empresas.infoempleo.com\/hrtrends\/trabajaenverde-que-perfiles-se-demandan\/#breadcrumb\"},\"inLanguage\":\"es\",\"potentialAction\":[{\"@type\":\"ReadAction\",\"target\":[\"https:\/\/empresas.infoempleo.com\/hrtrends\/trabajaenverde-que-perfiles-se-demandan\/\"]}]},{\"@type\":\"ImageObject\",\"inLanguage\":\"es\",\"@id\":\"https:\/\/empresas.infoempleo.com\/hrtrends\/trabajaenverde-que-perfiles-se-demandan\/#primaryimage\",\"url\":\"https:\/\/empresas.infoempleo.com\/hrtrends\/media\/2012\/10\/RaquelAnton-150x150.jpg\",\"contentUrl\":\"https:\/\/empresas.infoempleo.com\/hrtrends\/media\/2012\/10\/RaquelAnton-150x150.jpg\",\"width\":150,\"height\":150},{\"@type\":\"BreadcrumbList\",\"@id\":\"https:\/\/empresas.infoempleo.com\/hrtrends\/trabajaenverde-que-perfiles-se-demandan\/#breadcrumb\",\"itemListElement\":[{\"@type\":\"ListItem\",\"position\":1,\"name\":\"Portada\",\"item\":\"https:\/\/empresas.infoempleo.com\/hrtrends\/\"},{\"@type\":\"ListItem\",\"position\":2,\"name\":\"#trabajaenverde, \u00bfqu\u00e9 perfiles se demandan?\"}]},{\"@type\":\"WebSite\",\"@id\":\"https:\/\/empresas.infoempleo.com\/hrtrends\/#website\",\"url\":\"https:\/\/empresas.infoempleo.com\/hrtrends\",\"name\":\"HRTrends by Infoempleo\",\"description\":\"\",\"publisher\":{\"@id\":\"https:\/\/empresas.infoempleo.com\/hrtrends\/#organization\"},\"potentialAction\":{\"@type\":\"SearchAction\",\"target\":\"https:\/\/empresas.infoempleo.com\/hrtrends\/?s={search_term_string}\",\"query-input\":\"required name=search_term_string\"},\"inLanguage\":\"es\"},{\"@type\":\"Organization\",\"@id\":\"https:\/\/empresas.infoempleo.com\/hrtrends\/#organization\",\"name\":\"Infoempleo\",\"url\":\"https:\/\/www.infoempleo.com\/\",\"logo\":{\"@type\":\"ImageObject\",\"@id\":\"https:\/\/empresas.infoempleo.com\/hrtrends\/#logo\",\"inLanguage\":\"es\",\"url\":\"https:\/\/cdnazure.infoempleo.com\/infoempleo\/assets\/style\/gfx\/logo.svg\",\"contentUrl\":\"https:\/\/cdnazure.infoempleo.com\/infoempleo\/assets\/style\/gfx\/logo.svg\",\"width\":150,\"height\":40,\"caption\":\"Infoempleo\"},\"image\":{\"@id\":\"https:\/\/empresas.infoempleo.com\/hrtrends\/#logo\"},\"sameAs\":[\"https:\/\/www.facebook.com\/Infoempleo\",\"https:\/\/x.com\/infoempleo\",\"http:\/\/instagram.com\/infoempleo\/\",\"http:\/\/www.linkedin.com\/groups\/Empleo-Espa\u00f1a-Infoempleocom-111276\",\"http:\/\/pinterest.com\/infoempleo\/\"],\"address\":{\"@type\":\"PostalAddress\",\"addressLocality\":\"Madrid\",\"postalCode\":\"28050\",\"streetAddress\":\"Avenida de Burgos 114\"},\"brand\":[\"Infoempleo\"]},{\"@type\":\"Person\",\"@id\":\"https:\/\/empresas.infoempleo.com\/hrtrends\/#\/schema\/person\/148d627e345a4676aeecce408bfd7761\",\"name\":\"Marta Toledano\",\"image\":{\"@type\":\"ImageObject\",\"inLanguage\":\"es\",\"@id\":\"https:\/\/empresas.infoempleo.com\/hrtrends\/#\/schema\/person\/image\/\",\"url\":\"https:\/\/secure.gravatar.com\/avatar\/93363d5d792ee4fc55b75a71007430155fadc7be42b4e09eee0b8f4c536dc729?s=96&d=mm&r=g\",\"contentUrl\":\"https:\/\/secure.gravatar.com\/avatar\/93363d5d792ee4fc55b75a71007430155fadc7be42b4e09eee0b8f4c536dc729?s=96&d=mm&r=g\",\"caption\":\"Marta Toledano\"},\"url\":\"https:\/\/empresas.infoempleo.com\/hrtrends\/author\/marta-toledano\/\"}]}<\/script>\n<!-- \/ Yoast SEO plugin. -->","yoast_head_json":{"title":"#trabajaenverde, \u00bfqu\u00e9 perfiles se demandan? | HRTRENDS","robots":{"index":"index","follow":"follow","max-snippet":"max-snippet:-1","max-image-preview":"max-image-preview:large","max-video-preview":"max-video-preview:-1"},"canonical":"https:\/\/empresas.infoempleo.com\/hrtrends\/trabajaenverde-que-perfiles-se-demandan\/","og_locale":"es_ES","og_type":"article","og_title":"#trabajaenverde, \u00bfqu\u00e9 perfiles se demandan? | HRTRENDS","og_description":"\u00abEl empleo existe, est\u00e1 ah\u00ed, pero hay que salir a buscarlo\u00bb, as\u00ed de claro lo tiene Raquel Ant\u00f3n,\u00a0protagonista\u00a0del Leer m\u00e1s","og_url":"https:\/\/empresas.infoempleo.com\/hrtrends\/trabajaenverde-que-perfiles-se-demandan\/","og_site_name":"HRTRENDS","article_publisher":"https:\/\/www.facebook.com\/Infoempleo","article_published_time":"2012-10-16T09:09:56+00:00","article_modified_time":"2025-01-15T17:01:15+00:00","og_image":[{"width":568,"height":290,"url":"https:\/\/empresas.infoempleo.com\/hrtrends\/media\/2012\/10\/RaquelAnton.jpg","type":"image\/jpeg"}],"author":"Marta Toledano","twitter_card":"summary_large_image","twitter_creator":"@infoempleo","twitter_site":"@infoempleo","twitter_misc":{"Escrito por":"Marta Toledano","Tiempo de lectura":"1 minuto"},"schema":{"@context":"https:\/\/schema.org","@graph":[{"@type":"NewsArticle","@id":"https:\/\/empresas.infoempleo.com\/hrtrends\/trabajaenverde-que-perfiles-se-demandan\/#article","isPartOf":{"@id":"https:\/\/empresas.infoempleo.com\/hrtrends\/trabajaenverde-que-perfiles-se-demandan\/"},"author":{"name":"Marta Toledano","@id":"https:\/\/empresas.infoempleo.com\/hrtrends\/#\/schema\/person\/148d627e345a4676aeecce408bfd7761"},"headline":"#trabajaenverde, \u00bfqu\u00e9 perfiles se demandan?","datePublished":"2012-10-16T09:09:56+00:00","dateModified":"2025-01-15T17:01:15+00:00","mainEntityOfPage":{"@id":"https:\/\/empresas.infoempleo.com\/hrtrends\/trabajaenverde-que-perfiles-se-demandan\/"},"wordCount":136,"publisher":{"@id":"https:\/\/empresas.infoempleo.com\/hrtrends\/#organization"},"image":{"@id":"https:\/\/empresas.infoempleo.com\/hrtrends\/trabajaenverde-que-perfiles-se-demandan\/#primaryimage"},"thumbnailUrl":"https:\/\/empresas.infoempleo.com\/hrtrends\/media\/2012\/10\/RaquelAnton.jpg","keywords":["GaiaEMA","Raquel Ant\u00f3n"],"articleSection":["Actualidad"],"inLanguage":"es","copyrightYear":"2012","copyrightHolder":{"@id":"https:\/\/empresas.infoempleo.com\/hrtrends\/#organization"}},{"@type":"WebPage","@id":"https:\/\/empresas.infoempleo.com\/hrtrends\/trabajaenverde-que-perfiles-se-demandan\/","url":"https:\/\/empresas.infoempleo.com\/hrtrends\/trabajaenverde-que-perfiles-se-demandan\/","name":"#trabajaenverde, \u00bfqu\u00e9 perfiles se demandan? | HRTRENDS","isPartOf":{"@id":"https:\/\/empresas.infoempleo.com\/hrtrends\/#website"},"primaryImageOfPage":{"@id":"https:\/\/empresas.infoempleo.com\/hrtrends\/trabajaenverde-que-perfiles-se-demandan\/#primaryimage"},"image":{"@id":"https:\/\/empresas.infoempleo.com\/hrtrends\/trabajaenverde-que-perfiles-se-demandan\/#primaryimage"},"thumbnailUrl":"https:\/\/empresas.infoempleo.com\/hrtrends\/media\/2012\/10\/RaquelAnton.jpg","datePublished":"2012-10-16T09:09:56+00:00","dateModified":"2025-01-15T17:01:15+00:00","breadcrumb":{"@id":"https:\/\/empresas.infoempleo.com\/hrtrends\/trabajaenverde-que-perfiles-se-demandan\/#breadcrumb"},"inLanguage":"es","potentialAction":[{"@type":"ReadAction","target":["https:\/\/empresas.infoempleo.com\/hrtrends\/trabajaenverde-que-perfiles-se-demandan\/"]}]},{"@type":"ImageObject","inLanguage":"es","@id":"https:\/\/empresas.infoempleo.com\/hrtrends\/trabajaenverde-que-perfiles-se-demandan\/#primaryimage","url":"https:\/\/empresas.infoempleo.com\/hrtrends\/media\/2012\/10\/RaquelAnton-150x150.jpg","contentUrl":"https:\/\/empresas.infoempleo.com\/hrtrends\/media\/2012\/10\/RaquelAnton-150x150.jpg","width":150,"height":150},{"@type":"BreadcrumbList","@id":"https:\/\/empresas.infoempleo.com\/hrtrends\/trabajaenverde-que-perfiles-se-demandan\/#breadcrumb","itemListElement":[{"@type":"ListItem","position":1,"name":"Portada","item":"https:\/\/empresas.infoempleo.com\/hrtrends\/"},{"@type":"ListItem","position":2,"name":"#trabajaenverde, \u00bfqu\u00e9 perfiles se demandan?"}]},{"@type":"WebSite","@id":"https:\/\/empresas.infoempleo.com\/hrtrends\/#website","url":"https:\/\/empresas.infoempleo.com\/hrtrends","name":"HRTrends by Infoempleo","description":"","publisher":{"@id":"https:\/\/empresas.infoempleo.com\/hrtrends\/#organization"},"potentialAction":{"@type":"SearchAction","target":"https:\/\/empresas.infoempleo.com\/hrtrends\/?s={search_term_string}","query-input":"required name=search_term_string"},"inLanguage":"es"},{"@type":"Organization","@id":"https:\/\/empresas.infoempleo.com\/hrtrends\/#organization","name":"Infoempleo","url":"https:\/\/www.infoempleo.com\/","logo":{"@type":"ImageObject","@id":"https:\/\/empresas.infoempleo.com\/hrtrends\/#logo","inLanguage":"es","url":"https:\/\/cdnazure.infoempleo.com\/infoempleo\/assets\/style\/gfx\/logo.svg","contentUrl":"https:\/\/cdnazure.infoempleo.com\/infoempleo\/assets\/style\/gfx\/logo.svg","width":150,"height":40,"caption":"Infoempleo"},"image":{"@id":"https:\/\/empresas.infoempleo.com\/hrtrends\/#logo"},"sameAs":["https:\/\/www.facebook.com\/Infoempleo","https:\/\/x.com\/infoempleo","http:\/\/instagram.com\/infoempleo\/","http:\/\/www.linkedin.com\/groups\/Empleo-Espa\u00f1a-Infoempleocom-111276","http:\/\/pinterest.com\/infoempleo\/"],"address":{"@type":"PostalAddress","addressLocality":"Madrid","postalCode":"28050","streetAddress":"Avenida de Burgos 114"},"brand":["Infoempleo"]},{"@type":"Person","@id":"https:\/\/empresas.infoempleo.com\/hrtrends\/#\/schema\/person\/148d627e345a4676aeecce408bfd7761","name":"Marta Toledano","image":{"@type":"ImageObject","inLanguage":"es","@id":"https:\/\/empresas.infoempleo.com\/hrtrends\/#\/schema\/person\/image\/","url":"https:\/\/secure.gravatar.com\/avatar\/93363d5d792ee4fc55b75a71007430155fadc7be42b4e09eee0b8f4c536dc729?s=96&d=mm&r=g","contentUrl":"https:\/\/secure.gravatar.com\/avatar\/93363d5d792ee4fc55b75a71007430155fadc7be42b4e09eee0b8f4c536dc729?s=96&d=mm&r=g","caption":"Marta Toledano"},"url":"https:\/\/empresas.infoempleo.com\/hrtrends\/author\/marta-toledano\/"}]}},"amp_enabled":true,"_links":{"self":[{"href":"https:\/\/empresas.infoempleo.com\/hrtrends\/wp-json\/wp\/v2\/posts\/15600","targetHints":{"allow":["GET"]}}],"collection":[{"href":"https:\/\/empresas.infoempleo.com\/hrtrends\/wp-json\/wp\/v2\/posts"}],"about":[{"href":"https:\/\/empresas.infoempleo.com\/hrtrends\/wp-json\/wp\/v2\/types\/post"}],"author":[{"embeddable":true,"href":"https:\/\/empresas.infoempleo.com\/hrtrends\/wp-json\/wp\/v2\/users\/47"}],"replies":[{"embeddable":true,"href":"https:\/\/empresas.infoempleo.com\/hrtrends\/wp-json\/wp\/v2\/comments?post=15600"}],"version-history":[{"count":1,"href":"https:\/\/empresas.infoempleo.com\/hrtrends\/wp-json\/wp\/v2\/posts\/15600\/revisions"}],"predecessor-version":[{"id":46264,"href":"https:\/\/empresas.infoempleo.com\/hrtrends\/wp-json\/wp\/v2\/posts\/15600\/revisions\/46264"}],"wp:featuredmedia":[{"embeddable":true,"href":"https:\/\/empresas.infoempleo.com\/hrtrends\/wp-json\/wp\/v2\/media\/15601"}],"wp:attachment":[{"href":"https:\/\/empresas.infoempleo.com\/hrtrends\/wp-json\/wp\/v2\/media?parent=15600"}],"wp:term":[{"taxonomy":"category","embeddable":true,"href":"https:\/\/empresas.infoempleo.com\/hrtrends\/wp-json\/wp\/v2\/categories?post=15600"},{"taxonomy":"post_tag","embeddable":true,"href":"https:\/\/empresas.infoempleo.com\/hrtrends\/wp-json\/wp\/v2\/tags?post=15600"}],"curies":[{"name":"wp","href":"https:\/\/api.w.org\/{rel}","templated":true}]}}