{"id":15581,"date":"2012-10-15T12:11:49","date_gmt":"2012-10-15T11:11:49","guid":{"rendered":"http:\/\/blog.infoempleo.com\/?p=15581"},"modified":"2018-05-23T17:06:12","modified_gmt":"2018-05-23T15:06:12","slug":"mercados-paralelos-necesarios","status":"publish","type":"post","link":"https:\/\/empresas.infoempleo.com\/hrtrends\/mercados-paralelos-necesarios\/","title":{"rendered":"Mercados paralelos necesarios"},"content":{"rendered":"<p><img loading=\"lazy\" decoding=\"async\" class=\"alignnone size-full wp-image-15596\" title=\"Jos\u00e9 Miguel Gonz\u00e1lez\" src=\"https:\/\/empresas.infoempleo.com\/hrtrends\/media\/2012\/10\/JoseMiguelGonzalez.jpg\" alt=\"\" width=\"67\" height=\"69\" \/><\/p>\n<h3>Jos\u00e9 Miguel Gonz\u00e1lez, economista-director del Gabinete T\u00e9cnico de CCOO Canarias.<\/h3>\n<p>La contenci\u00f3n del estallido social procede de la econom\u00eda sumergida porque sabemos que est\u00e1 correlacionada con la tasa de paro. Si \u00e9sta es inferior al 10%, la ilegalidad es estructural, propia del sistema. Ahora bien, <strong>si la tasa de paro se sit\u00faa por encima del 20%, la econom\u00eda sumergida se convierte en una necesidad porque crece de forma inexorable el n\u00famero de personas sin empleo y sin ning\u00fan tipo de renta debido a que se ha pasado de los noventa d\u00edas a los \u00a0veintitr\u00e9s meses de media entre la p\u00e9rdida\u00a0de un empleo y la obtenci\u00f3n de \u00a0otro.<\/strong><\/p>\n<p>Si existe una hora de trabajo que no est\u00e1 declarada, est\u00e1 claro que se muestra como necesaria tanto para la empresa como para el mercado. Es por ello que, junto al sistema\u00a0sancionador, tambi\u00e9n es necesario su afloramiento en lo que a la personalizaci\u00f3n de los problemas se refiere. No podemos solucionar un problema si desconocemos su dimensi\u00f3n y deber\u00e1n detectarse los hechos objetivos que pueden incentivar los\u00a0procesos de econom\u00eda sumergida, as\u00ed como el grado de incidencia y prevalencia que tienen, tanto desde la perspectiva sectorial como territorial y los obst\u00e1culos a su regularizaci\u00f3n. En definitiva, <strong>hay que escrutar las caracter\u00edsticas que empujan hacia la irregularidad.<\/strong><\/p>\n<p>Es por ello que hay que ajustar los costes de gesti\u00f3n a los beneficios finales de la actividad que se pretende regular, como tambi\u00e9n <strong>es necesaria la coordinaci\u00f3n interadministrativa al objeto de agilizar y facilitar la relaci\u00f3n entre Administraci\u00f3n y administrado, as\u00ed como a simplificar el entramado burocr\u00e1tico competencial que act\u00faa\u00a0a modo de factor disuasorio para que las relaciones administrativas sean f\u00e1ciles de comprender y de emprender.<\/strong> De igual modo, hay que establecer un sistema en pro de la regularizaci\u00f3n de aquellas situaciones que se encuentran en situaci\u00f3n de ilegalidad, diferenciando claramente a los que incumplen determinados requisitos burocr\u00e1ticos formales frente a aquellas actividades\u00a0que inciden en faltas m\u00e1s graves. De ah\u00ed que la tipificaci\u00f3n del delito cometido debe tener una respuesta proporcional al delito cometido.<\/p>\n<p>En definitiva, en el plano general, <strong>hay\u00a0que apostar por la generaci\u00f3n de \u00a0actividad econ\u00f3mica que incentive la demanda de consumo e inversi\u00f3n.<\/strong> Es decir, hay que priorizar el descenso de la tasa de paro sobre cualquier otra cosa. Puede parecer obvio, pero no por eso es menos \u00fatil. La historia nos ha ense\u00f1ado c\u00f3mo el uso de las puertas traseras nos facilita la resoluci\u00f3n de los problemas y ser\u00eda de poco inteligentes\u00a0no utilizarlas.<\/p>\n","protected":false},"excerpt":{"rendered":"<p>Jos\u00e9 Miguel Gonz\u00e1lez, economista-director del Gabinete T\u00e9cnico de CCOO Canarias. La contenci\u00f3n del estallido social procede de la<a class=\"moretag\" href=\"https:\/\/empresas.infoempleo.com\/hrtrends\/mercados-paralelos-necesarios\/\"> Leer m\u00e1s<\/a><\/p>\n","protected":false},"author":72,"featured_media":15582,"comment_status":"closed","ping_status":"open","sticky":false,"template":"","format":"standard","meta":{"footnotes":""},"categories":[3],"tags":[162,37],"class_list":["post-15581","post","type-post","status-publish","format-standard","has-post-thumbnail","hentry","category-actualidad","tag-empleo","tag-trabajo"],"yoast_head":"<!-- This site is optimized with the Yoast SEO plugin v26.1.1 - https:\/\/yoast.com\/wordpress\/plugins\/seo\/ -->\n<title>Mercados paralelos necesarios | HRTRENDS<\/title>\n<meta name=\"robots\" content=\"index, follow, max-snippet:-1, max-image-preview:large, max-video-preview:-1\" \/>\n<link rel=\"canonical\" href=\"https:\/\/empresas.infoempleo.com\/hrtrends\/mercados-paralelos-necesarios\/\" \/>\n<meta property=\"og:locale\" content=\"es_ES\" \/>\n<meta property=\"og:type\" content=\"article\" \/>\n<meta property=\"og:title\" content=\"Mercados paralelos necesarios | HRTRENDS\" \/>\n<meta property=\"og:description\" content=\"Jos\u00e9 Miguel Gonz\u00e1lez, economista-director del Gabinete T\u00e9cnico de CCOO Canarias. La contenci\u00f3n del estallido social procede de la Leer m\u00e1s\" \/>\n<meta property=\"og:url\" content=\"https:\/\/empresas.infoempleo.com\/hrtrends\/mercados-paralelos-necesarios\/\" \/>\n<meta property=\"og:site_name\" content=\"HRTRENDS\" \/>\n<meta property=\"article:publisher\" content=\"https:\/\/www.facebook.com\/Infoempleo\" \/>\n<meta property=\"article:published_time\" content=\"2012-10-15T11:11:49+00:00\" \/>\n<meta property=\"article:modified_time\" content=\"2018-05-23T15:06:12+00:00\" \/>\n<meta property=\"og:image\" content=\"https:\/\/empresas.infoempleo.com\/hrtrends\/media\/2012\/10\/Mercadps.jpg\" \/>\n\t<meta property=\"og:image:width\" content=\"568\" \/>\n\t<meta property=\"og:image:height\" content=\"258\" \/>\n\t<meta property=\"og:image:type\" content=\"image\/jpeg\" \/>\n<meta name=\"author\" content=\"infoempleo\" \/>\n<meta name=\"twitter:card\" content=\"summary_large_image\" \/>\n<meta name=\"twitter:creator\" content=\"@infoempleo\" \/>\n<meta name=\"twitter:site\" content=\"@infoempleo\" \/>\n<meta name=\"twitter:label1\" content=\"Escrito por\" \/>\n\t<meta name=\"twitter:data1\" content=\"infoempleo\" \/>\n\t<meta name=\"twitter:label2\" content=\"Tiempo de lectura\" \/>\n\t<meta name=\"twitter:data2\" content=\"2 minutos\" \/>\n<script type=\"application\/ld+json\" class=\"yoast-schema-graph\">{\"@context\":\"https:\/\/schema.org\",\"@graph\":[{\"@type\":\"NewsArticle\",\"@id\":\"https:\/\/empresas.infoempleo.com\/hrtrends\/mercados-paralelos-necesarios\/#article\",\"isPartOf\":{\"@id\":\"https:\/\/empresas.infoempleo.com\/hrtrends\/mercados-paralelos-necesarios\/\"},\"author\":{\"name\":\"infoempleo\",\"@id\":\"https:\/\/empresas.infoempleo.com\/hrtrends\/#\/schema\/person\/67d3e276ffcc8b3ae0ebec816daf775a\"},\"headline\":\"Mercados paralelos necesarios\",\"datePublished\":\"2012-10-15T11:11:49+00:00\",\"dateModified\":\"2018-05-23T15:06:12+00:00\",\"mainEntityOfPage\":{\"@id\":\"https:\/\/empresas.infoempleo.com\/hrtrends\/mercados-paralelos-necesarios\/\"},\"wordCount\":458,\"publisher\":{\"@id\":\"https:\/\/empresas.infoempleo.com\/hrtrends\/#organization\"},\"image\":{\"@id\":\"https:\/\/empresas.infoempleo.com\/hrtrends\/mercados-paralelos-necesarios\/#primaryimage\"},\"thumbnailUrl\":\"https:\/\/empresas.infoempleo.com\/hrtrends\/media\/2012\/10\/Mercadps.jpg\",\"keywords\":[\"Empleo\",\"trabajo\"],\"articleSection\":[\"Actualidad\"],\"inLanguage\":\"es\",\"copyrightYear\":\"2012\",\"copyrightHolder\":{\"@id\":\"https:\/\/empresas.infoempleo.com\/hrtrends\/#organization\"}},{\"@type\":\"WebPage\",\"@id\":\"https:\/\/empresas.infoempleo.com\/hrtrends\/mercados-paralelos-necesarios\/\",\"url\":\"https:\/\/empresas.infoempleo.com\/hrtrends\/mercados-paralelos-necesarios\/\",\"name\":\"Mercados paralelos necesarios | HRTRENDS\",\"isPartOf\":{\"@id\":\"https:\/\/empresas.infoempleo.com\/hrtrends\/#website\"},\"primaryImageOfPage\":{\"@id\":\"https:\/\/empresas.infoempleo.com\/hrtrends\/mercados-paralelos-necesarios\/#primaryimage\"},\"image\":{\"@id\":\"https:\/\/empresas.infoempleo.com\/hrtrends\/mercados-paralelos-necesarios\/#primaryimage\"},\"thumbnailUrl\":\"https:\/\/empresas.infoempleo.com\/hrtrends\/media\/2012\/10\/Mercadps.jpg\",\"datePublished\":\"2012-10-15T11:11:49+00:00\",\"dateModified\":\"2018-05-23T15:06:12+00:00\",\"breadcrumb\":{\"@id\":\"https:\/\/empresas.infoempleo.com\/hrtrends\/mercados-paralelos-necesarios\/#breadcrumb\"},\"inLanguage\":\"es\",\"potentialAction\":[{\"@type\":\"ReadAction\",\"target\":[\"https:\/\/empresas.infoempleo.com\/hrtrends\/mercados-paralelos-necesarios\/\"]}]},{\"@type\":\"ImageObject\",\"inLanguage\":\"es\",\"@id\":\"https:\/\/empresas.infoempleo.com\/hrtrends\/mercados-paralelos-necesarios\/#primaryimage\",\"url\":\"https:\/\/empresas.infoempleo.com\/hrtrends\/media\/2012\/10\/Mercadps-150x150.jpg\",\"contentUrl\":\"https:\/\/empresas.infoempleo.com\/hrtrends\/media\/2012\/10\/Mercadps-150x150.jpg\",\"width\":150,\"height\":150},{\"@type\":\"BreadcrumbList\",\"@id\":\"https:\/\/empresas.infoempleo.com\/hrtrends\/mercados-paralelos-necesarios\/#breadcrumb\",\"itemListElement\":[{\"@type\":\"ListItem\",\"position\":1,\"name\":\"Portada\",\"item\":\"https:\/\/empresas.infoempleo.com\/hrtrends\/\"},{\"@type\":\"ListItem\",\"position\":2,\"name\":\"Mercados paralelos necesarios\"}]},{\"@type\":\"WebSite\",\"@id\":\"https:\/\/empresas.infoempleo.com\/hrtrends\/#website\",\"url\":\"https:\/\/empresas.infoempleo.com\/hrtrends\",\"name\":\"HRTrends by Infoempleo\",\"description\":\"\",\"publisher\":{\"@id\":\"https:\/\/empresas.infoempleo.com\/hrtrends\/#organization\"},\"potentialAction\":{\"@type\":\"SearchAction\",\"target\":\"https:\/\/empresas.infoempleo.com\/hrtrends\/?s={search_term_string}\",\"query-input\":\"required name=search_term_string\"},\"inLanguage\":\"es\"},{\"@type\":\"Organization\",\"@id\":\"https:\/\/empresas.infoempleo.com\/hrtrends\/#organization\",\"name\":\"Infoempleo\",\"url\":\"https:\/\/www.infoempleo.com\/\",\"logo\":{\"@type\":\"ImageObject\",\"@id\":\"https:\/\/empresas.infoempleo.com\/hrtrends\/#logo\",\"inLanguage\":\"es\",\"url\":\"https:\/\/cdnazure.infoempleo.com\/infoempleo\/assets\/style\/gfx\/logo.svg\",\"contentUrl\":\"https:\/\/cdnazure.infoempleo.com\/infoempleo\/assets\/style\/gfx\/logo.svg\",\"width\":150,\"height\":40,\"caption\":\"Infoempleo\"},\"image\":{\"@id\":\"https:\/\/empresas.infoempleo.com\/hrtrends\/#logo\"},\"sameAs\":[\"https:\/\/www.facebook.com\/Infoempleo\",\"https:\/\/x.com\/infoempleo\",\"http:\/\/instagram.com\/infoempleo\/\",\"http:\/\/www.linkedin.com\/groups\/Empleo-Espa\u00f1a-Infoempleocom-111276\",\"http:\/\/pinterest.com\/infoempleo\/\"],\"address\":{\"@type\":\"PostalAddress\",\"addressLocality\":\"Madrid\",\"postalCode\":\"28050\",\"streetAddress\":\"Avenida de Burgos 114\"},\"brand\":[\"Infoempleo\"]},{\"@type\":\"Person\",\"@id\":\"https:\/\/empresas.infoempleo.com\/hrtrends\/#\/schema\/person\/67d3e276ffcc8b3ae0ebec816daf775a\",\"name\":\"infoempleo\",\"image\":{\"@type\":\"ImageObject\",\"inLanguage\":\"es\",\"@id\":\"https:\/\/empresas.infoempleo.com\/hrtrends\/#\/schema\/person\/image\/\",\"url\":\"https:\/\/secure.gravatar.com\/avatar\/7b437777242fe67d2473c2a818da2344692d1ee91e91080ccffbd97bcd4a0975?s=96&d=mm&r=g\",\"contentUrl\":\"https:\/\/secure.gravatar.com\/avatar\/7b437777242fe67d2473c2a818da2344692d1ee91e91080ccffbd97bcd4a0975?s=96&d=mm&r=g\",\"caption\":\"infoempleo\"},\"url\":\"https:\/\/empresas.infoempleo.com\/hrtrends\/author\/infoempleo\/\"}]}<\/script>\n<!-- \/ Yoast SEO plugin. -->","yoast_head_json":{"title":"Mercados paralelos necesarios | HRTRENDS","robots":{"index":"index","follow":"follow","max-snippet":"max-snippet:-1","max-image-preview":"max-image-preview:large","max-video-preview":"max-video-preview:-1"},"canonical":"https:\/\/empresas.infoempleo.com\/hrtrends\/mercados-paralelos-necesarios\/","og_locale":"es_ES","og_type":"article","og_title":"Mercados paralelos necesarios | HRTRENDS","og_description":"Jos\u00e9 Miguel Gonz\u00e1lez, economista-director del Gabinete T\u00e9cnico de CCOO Canarias. La contenci\u00f3n del estallido social procede de la Leer m\u00e1s","og_url":"https:\/\/empresas.infoempleo.com\/hrtrends\/mercados-paralelos-necesarios\/","og_site_name":"HRTRENDS","article_publisher":"https:\/\/www.facebook.com\/Infoempleo","article_published_time":"2012-10-15T11:11:49+00:00","article_modified_time":"2018-05-23T15:06:12+00:00","og_image":[{"width":568,"height":258,"url":"https:\/\/empresas.infoempleo.com\/hrtrends\/media\/2012\/10\/Mercadps.jpg","type":"image\/jpeg"}],"author":"infoempleo","twitter_card":"summary_large_image","twitter_creator":"@infoempleo","twitter_site":"@infoempleo","twitter_misc":{"Escrito por":"infoempleo","Tiempo de lectura":"2 minutos"},"schema":{"@context":"https:\/\/schema.org","@graph":[{"@type":"NewsArticle","@id":"https:\/\/empresas.infoempleo.com\/hrtrends\/mercados-paralelos-necesarios\/#article","isPartOf":{"@id":"https:\/\/empresas.infoempleo.com\/hrtrends\/mercados-paralelos-necesarios\/"},"author":{"name":"infoempleo","@id":"https:\/\/empresas.infoempleo.com\/hrtrends\/#\/schema\/person\/67d3e276ffcc8b3ae0ebec816daf775a"},"headline":"Mercados paralelos necesarios","datePublished":"2012-10-15T11:11:49+00:00","dateModified":"2018-05-23T15:06:12+00:00","mainEntityOfPage":{"@id":"https:\/\/empresas.infoempleo.com\/hrtrends\/mercados-paralelos-necesarios\/"},"wordCount":458,"publisher":{"@id":"https:\/\/empresas.infoempleo.com\/hrtrends\/#organization"},"image":{"@id":"https:\/\/empresas.infoempleo.com\/hrtrends\/mercados-paralelos-necesarios\/#primaryimage"},"thumbnailUrl":"https:\/\/empresas.infoempleo.com\/hrtrends\/media\/2012\/10\/Mercadps.jpg","keywords":["Empleo","trabajo"],"articleSection":["Actualidad"],"inLanguage":"es","copyrightYear":"2012","copyrightHolder":{"@id":"https:\/\/empresas.infoempleo.com\/hrtrends\/#organization"}},{"@type":"WebPage","@id":"https:\/\/empresas.infoempleo.com\/hrtrends\/mercados-paralelos-necesarios\/","url":"https:\/\/empresas.infoempleo.com\/hrtrends\/mercados-paralelos-necesarios\/","name":"Mercados paralelos necesarios | HRTRENDS","isPartOf":{"@id":"https:\/\/empresas.infoempleo.com\/hrtrends\/#website"},"primaryImageOfPage":{"@id":"https:\/\/empresas.infoempleo.com\/hrtrends\/mercados-paralelos-necesarios\/#primaryimage"},"image":{"@id":"https:\/\/empresas.infoempleo.com\/hrtrends\/mercados-paralelos-necesarios\/#primaryimage"},"thumbnailUrl":"https:\/\/empresas.infoempleo.com\/hrtrends\/media\/2012\/10\/Mercadps.jpg","datePublished":"2012-10-15T11:11:49+00:00","dateModified":"2018-05-23T15:06:12+00:00","breadcrumb":{"@id":"https:\/\/empresas.infoempleo.com\/hrtrends\/mercados-paralelos-necesarios\/#breadcrumb"},"inLanguage":"es","potentialAction":[{"@type":"ReadAction","target":["https:\/\/empresas.infoempleo.com\/hrtrends\/mercados-paralelos-necesarios\/"]}]},{"@type":"ImageObject","inLanguage":"es","@id":"https:\/\/empresas.infoempleo.com\/hrtrends\/mercados-paralelos-necesarios\/#primaryimage","url":"https:\/\/empresas.infoempleo.com\/hrtrends\/media\/2012\/10\/Mercadps-150x150.jpg","contentUrl":"https:\/\/empresas.infoempleo.com\/hrtrends\/media\/2012\/10\/Mercadps-150x150.jpg","width":150,"height":150},{"@type":"BreadcrumbList","@id":"https:\/\/empresas.infoempleo.com\/hrtrends\/mercados-paralelos-necesarios\/#breadcrumb","itemListElement":[{"@type":"ListItem","position":1,"name":"Portada","item":"https:\/\/empresas.infoempleo.com\/hrtrends\/"},{"@type":"ListItem","position":2,"name":"Mercados paralelos necesarios"}]},{"@type":"WebSite","@id":"https:\/\/empresas.infoempleo.com\/hrtrends\/#website","url":"https:\/\/empresas.infoempleo.com\/hrtrends","name":"HRTrends by Infoempleo","description":"","publisher":{"@id":"https:\/\/empresas.infoempleo.com\/hrtrends\/#organization"},"potentialAction":{"@type":"SearchAction","target":"https:\/\/empresas.infoempleo.com\/hrtrends\/?s={search_term_string}","query-input":"required name=search_term_string"},"inLanguage":"es"},{"@type":"Organization","@id":"https:\/\/empresas.infoempleo.com\/hrtrends\/#organization","name":"Infoempleo","url":"https:\/\/www.infoempleo.com\/","logo":{"@type":"ImageObject","@id":"https:\/\/empresas.infoempleo.com\/hrtrends\/#logo","inLanguage":"es","url":"https:\/\/cdnazure.infoempleo.com\/infoempleo\/assets\/style\/gfx\/logo.svg","contentUrl":"https:\/\/cdnazure.infoempleo.com\/infoempleo\/assets\/style\/gfx\/logo.svg","width":150,"height":40,"caption":"Infoempleo"},"image":{"@id":"https:\/\/empresas.infoempleo.com\/hrtrends\/#logo"},"sameAs":["https:\/\/www.facebook.com\/Infoempleo","https:\/\/x.com\/infoempleo","http:\/\/instagram.com\/infoempleo\/","http:\/\/www.linkedin.com\/groups\/Empleo-Espa\u00f1a-Infoempleocom-111276","http:\/\/pinterest.com\/infoempleo\/"],"address":{"@type":"PostalAddress","addressLocality":"Madrid","postalCode":"28050","streetAddress":"Avenida de Burgos 114"},"brand":["Infoempleo"]},{"@type":"Person","@id":"https:\/\/empresas.infoempleo.com\/hrtrends\/#\/schema\/person\/67d3e276ffcc8b3ae0ebec816daf775a","name":"infoempleo","image":{"@type":"ImageObject","inLanguage":"es","@id":"https:\/\/empresas.infoempleo.com\/hrtrends\/#\/schema\/person\/image\/","url":"https:\/\/secure.gravatar.com\/avatar\/7b437777242fe67d2473c2a818da2344692d1ee91e91080ccffbd97bcd4a0975?s=96&d=mm&r=g","contentUrl":"https:\/\/secure.gravatar.com\/avatar\/7b437777242fe67d2473c2a818da2344692d1ee91e91080ccffbd97bcd4a0975?s=96&d=mm&r=g","caption":"infoempleo"},"url":"https:\/\/empresas.infoempleo.com\/hrtrends\/author\/infoempleo\/"}]}},"amp_enabled":true,"_links":{"self":[{"href":"https:\/\/empresas.infoempleo.com\/hrtrends\/wp-json\/wp\/v2\/posts\/15581","targetHints":{"allow":["GET"]}}],"collection":[{"href":"https:\/\/empresas.infoempleo.com\/hrtrends\/wp-json\/wp\/v2\/posts"}],"about":[{"href":"https:\/\/empresas.infoempleo.com\/hrtrends\/wp-json\/wp\/v2\/types\/post"}],"author":[{"embeddable":true,"href":"https:\/\/empresas.infoempleo.com\/hrtrends\/wp-json\/wp\/v2\/users\/72"}],"replies":[{"embeddable":true,"href":"https:\/\/empresas.infoempleo.com\/hrtrends\/wp-json\/wp\/v2\/comments?post=15581"}],"version-history":[{"count":0,"href":"https:\/\/empresas.infoempleo.com\/hrtrends\/wp-json\/wp\/v2\/posts\/15581\/revisions"}],"wp:featuredmedia":[{"embeddable":true,"href":"https:\/\/empresas.infoempleo.com\/hrtrends\/wp-json\/wp\/v2\/media\/15582"}],"wp:attachment":[{"href":"https:\/\/empresas.infoempleo.com\/hrtrends\/wp-json\/wp\/v2\/media?parent=15581"}],"wp:term":[{"taxonomy":"category","embeddable":true,"href":"https:\/\/empresas.infoempleo.com\/hrtrends\/wp-json\/wp\/v2\/categories?post=15581"},{"taxonomy":"post_tag","embeddable":true,"href":"https:\/\/empresas.infoempleo.com\/hrtrends\/wp-json\/wp\/v2\/tags?post=15581"}],"curies":[{"name":"wp","href":"https:\/\/api.w.org\/{rel}","templated":true}]}}