{"id":15577,"date":"2012-10-15T11:43:48","date_gmt":"2012-10-15T10:43:48","guid":{"rendered":"http:\/\/blog.infoempleo.com\/?p=15577"},"modified":"2018-05-23T17:06:12","modified_gmt":"2018-05-23T15:06:12","slug":"la-crisis-y-la-reforma-laboral","status":"publish","type":"post","link":"https:\/\/empresas.infoempleo.com\/hrtrends\/la-crisis-y-la-reforma-laboral\/","title":{"rendered":"La crisis y la reforma laboral"},"content":{"rendered":"<p><img loading=\"lazy\" decoding=\"async\" class=\"alignnone size-full wp-image-15578\" title=\"Jes\u00fas R. Mercader\" src=\"https:\/\/empresas.infoempleo.com\/hrtrends\/media\/2012\/10\/JesusRMercader.jpg\" alt=\"\" width=\"122\" height=\"105\" \/><\/p>\n<h3>Jes\u00fas R. Mercader, director de IRLE de la Fundaci\u00f3n Sagardoy.<\/h3>\n<p>Las conclusiones del <a href=\"http:\/\/www.fundacionsagardoy.com\/index.php?option=com_content&amp;view=category&amp;layout=blog&amp;id=41&amp;Itemid=43\" target=\"_blank\">tercer bar\u00f3metro de mercado de trabajo del IRLE (Fundaci\u00f3n Sagardoy)<\/a> ponen de manifiesto que la crisis contin\u00faa destruyendo empleo a un ritmo elevado; conforme a la <a href=\"https:\/\/www.ine.es\/daco\/daco42\/daco4211\/epa0212.pdf\" target=\"_blank\">EPA del segundo trimestre de 2012<\/a>, el desempleo ha alcanzado el 24,44%. No obstante, los primeros efectos de la reciente reforma laboral, aunque a\u00fan es pronto para hacer juicios definitivos, resultan positivos: aunque el n\u00famero de parados sigue aumentando, al menos ha dejado de hacerlo a un ritmo creciente. <strong>Los desempleados son m\u00e1s cada mes, pero cada incremento ya no es \u2013desde el mes de mayo\u2013 mayor que el anterior<\/strong>. <strong>Un dato especialmente preocupante es, sin embargo, el relativo al n\u00famero de los desempleados de larga duraci\u00f3n<\/strong>. Cada vez es mayor la proporci\u00f3n de parados que han perdido su ocupaci\u00f3n hace un a\u00f1o o m\u00e1s. Esta variable, que alcanz\u00f3 su m\u00ednimo (23,5% de los parados) en el tercer trimestre de 2008, hoy es del 47,9%, con una fuerte subida de tres puntos en el segundo trimestre de 2012.<\/p>\n<p>Un primer objetivo de la reforma es la potenciaci\u00f3n de la contrataci\u00f3n indefinida aunque, a pesar de los esfuerzos, supone, en este momento, menos del 8% de los contratos firmados. No\u00a0obstante, <strong>se aprecia una recuperaci\u00f3n, y por primera vez desde el comienzo de la crisis los datos mensuales mejoran a los del a\u00f1o anterior, en parte gracias a la mayor contrataci\u00f3n indefinida por las peque\u00f1as empresas, destinatarias del contrato de apoyo a los emprendedores.<\/strong> Los m\u00e1s de 51.000 contratos celebrados bajo esta modalidad contractual son un signo favorable dentro del sombr\u00edo panorama existente.<\/p>\n<p>En el \u00e1mbito de la negociaci\u00f3n colectiva, los convenios siguen en m\u00ednimos hist\u00f3ricos. En el \u00faltimo a\u00f1o se han registrado 2.994 convenios colectivos de trabajo, lo que supone una ca\u00edda del 53% desde el m\u00e1ximo del periodo marzo 2008-febrero 2009 (6.355 convenios colectivos).<\/p>\n<p><strong>La apuesta de la reforma laboral por el convenio de empresa empieza a tener \u00a0sus primeros efectos.<\/strong> El m\u00e1s claro ha sido la ca\u00edda de los convenios \u00a0provinciales, que han reducido su peso a menos la mitad en cuanto al n\u00famero de trabajadores afectados de 2011 a 2012. La evoluci\u00f3n de los salarios \u00a0pactados, por su parte, mantiene las tendencias anteriores a la reforma: cae el\u00a0incremento medio en los convenios supraempresariales y se mantiene estable en los empresariales, siendo ambos inferiores al IPC. En todo caso, debe se\u00f1alarse que los costes laborales (por\u00a0hora trabajada) est\u00e1n respondiendo de forma clara, aunque tard\u00eda, a la crisis: durante la \u00faltima d\u00e9cada, llegaron a crecer hasta un 13,5% (entre 2002 y\u00a0\u00a02010) para, en los dos \u00faltimos a\u00f1os, haberse reducido un 3,9%. Adem\u00e1s, algunas de las reducciones de cotizaciones\u00a0sociales previstas en la reforma no se\u00a0\u00a0han puesto a\u00fan en marcha, por lo que es previsible que sigan moder\u00e1ndose en el futuro.<\/p>\n<p>Es importante se\u00f1alar asimismo, que algunos fallos judiciales importantes est\u00e1n avalando la Reforma. As\u00ed, la reciente sentencia de 10 de septiembre de la Sala de lo Social de la Audiencia Nacional que, por demanda de oficio del Ministerio de Empleo, declara de modo rotundo la primac\u00eda de lo que disponga el convenio colectivo de empresa frente a lo que pueda disponer el convenio del sector. Y adem\u00e1s, se deja claro\u00a0en la sentencia que el mandato se refiere no solo a los nuevos convenios\u00a0sino tambi\u00e9n a los pre existentes a 2012.<\/p>\n","protected":false},"excerpt":{"rendered":"<p>Jes\u00fas R. Mercader, director de IRLE de la Fundaci\u00f3n Sagardoy. Las conclusiones del tercer bar\u00f3metro de mercado de<a class=\"moretag\" href=\"https:\/\/empresas.infoempleo.com\/hrtrends\/la-crisis-y-la-reforma-laboral\/\"> Leer m\u00e1s<\/a><\/p>\n","protected":false},"author":72,"featured_media":15579,"comment_status":"closed","ping_status":"open","sticky":false,"template":"","format":"standard","meta":{"footnotes":""},"categories":[3],"tags":[162,2036],"class_list":["post-15577","post","type-post","status-publish","format-standard","has-post-thumbnail","hentry","category-actualidad","tag-empleo","tag-reforma-laboral"],"yoast_head":"<!-- This site is optimized with the Yoast SEO plugin v26.1.1 - https:\/\/yoast.com\/wordpress\/plugins\/seo\/ -->\n<title>La crisis y la reforma laboral | HRTRENDS<\/title>\n<meta name=\"robots\" content=\"index, follow, max-snippet:-1, max-image-preview:large, max-video-preview:-1\" \/>\n<link rel=\"canonical\" href=\"https:\/\/empresas.infoempleo.com\/hrtrends\/la-crisis-y-la-reforma-laboral\/\" \/>\n<meta property=\"og:locale\" content=\"es_ES\" \/>\n<meta property=\"og:type\" content=\"article\" \/>\n<meta property=\"og:title\" content=\"La crisis y la reforma laboral | HRTRENDS\" \/>\n<meta property=\"og:description\" content=\"Jes\u00fas R. Mercader, director de IRLE de la Fundaci\u00f3n Sagardoy. Las conclusiones del tercer bar\u00f3metro de mercado de Leer m\u00e1s\" \/>\n<meta property=\"og:url\" content=\"https:\/\/empresas.infoempleo.com\/hrtrends\/la-crisis-y-la-reforma-laboral\/\" \/>\n<meta property=\"og:site_name\" content=\"HRTRENDS\" \/>\n<meta property=\"article:publisher\" content=\"https:\/\/www.facebook.com\/Infoempleo\" \/>\n<meta property=\"article:published_time\" content=\"2012-10-15T10:43:48+00:00\" \/>\n<meta property=\"article:modified_time\" content=\"2018-05-23T15:06:12+00:00\" \/>\n<meta property=\"og:image\" content=\"https:\/\/empresas.infoempleo.com\/hrtrends\/media\/2012\/10\/Reforma.jpg\" \/>\n\t<meta property=\"og:image:width\" content=\"568\" \/>\n\t<meta property=\"og:image:height\" content=\"258\" \/>\n\t<meta property=\"og:image:type\" content=\"image\/jpeg\" \/>\n<meta name=\"author\" content=\"infoempleo\" \/>\n<meta name=\"twitter:card\" content=\"summary_large_image\" \/>\n<meta name=\"twitter:creator\" content=\"@infoempleo\" \/>\n<meta name=\"twitter:site\" content=\"@infoempleo\" \/>\n<meta name=\"twitter:label1\" content=\"Escrito por\" \/>\n\t<meta name=\"twitter:data1\" content=\"infoempleo\" \/>\n\t<meta name=\"twitter:label2\" content=\"Tiempo de lectura\" \/>\n\t<meta name=\"twitter:data2\" content=\"3 minutos\" \/>\n<script type=\"application\/ld+json\" class=\"yoast-schema-graph\">{\"@context\":\"https:\/\/schema.org\",\"@graph\":[{\"@type\":\"NewsArticle\",\"@id\":\"https:\/\/empresas.infoempleo.com\/hrtrends\/la-crisis-y-la-reforma-laboral\/#article\",\"isPartOf\":{\"@id\":\"https:\/\/empresas.infoempleo.com\/hrtrends\/la-crisis-y-la-reforma-laboral\/\"},\"author\":{\"name\":\"infoempleo\",\"@id\":\"https:\/\/empresas.infoempleo.com\/hrtrends\/#\/schema\/person\/67d3e276ffcc8b3ae0ebec816daf775a\"},\"headline\":\"La crisis y la reforma laboral\",\"datePublished\":\"2012-10-15T10:43:48+00:00\",\"dateModified\":\"2018-05-23T15:06:12+00:00\",\"mainEntityOfPage\":{\"@id\":\"https:\/\/empresas.infoempleo.com\/hrtrends\/la-crisis-y-la-reforma-laboral\/\"},\"wordCount\":598,\"publisher\":{\"@id\":\"https:\/\/empresas.infoempleo.com\/hrtrends\/#organization\"},\"image\":{\"@id\":\"https:\/\/empresas.infoempleo.com\/hrtrends\/la-crisis-y-la-reforma-laboral\/#primaryimage\"},\"thumbnailUrl\":\"https:\/\/empresas.infoempleo.com\/hrtrends\/media\/2012\/10\/Reforma.jpg\",\"keywords\":[\"Empleo\",\"reforma laboral\"],\"articleSection\":[\"Actualidad\"],\"inLanguage\":\"es\",\"copyrightYear\":\"2012\",\"copyrightHolder\":{\"@id\":\"https:\/\/empresas.infoempleo.com\/hrtrends\/#organization\"}},{\"@type\":\"WebPage\",\"@id\":\"https:\/\/empresas.infoempleo.com\/hrtrends\/la-crisis-y-la-reforma-laboral\/\",\"url\":\"https:\/\/empresas.infoempleo.com\/hrtrends\/la-crisis-y-la-reforma-laboral\/\",\"name\":\"La crisis y la reforma laboral | HRTRENDS\",\"isPartOf\":{\"@id\":\"https:\/\/empresas.infoempleo.com\/hrtrends\/#website\"},\"primaryImageOfPage\":{\"@id\":\"https:\/\/empresas.infoempleo.com\/hrtrends\/la-crisis-y-la-reforma-laboral\/#primaryimage\"},\"image\":{\"@id\":\"https:\/\/empresas.infoempleo.com\/hrtrends\/la-crisis-y-la-reforma-laboral\/#primaryimage\"},\"thumbnailUrl\":\"https:\/\/empresas.infoempleo.com\/hrtrends\/media\/2012\/10\/Reforma.jpg\",\"datePublished\":\"2012-10-15T10:43:48+00:00\",\"dateModified\":\"2018-05-23T15:06:12+00:00\",\"breadcrumb\":{\"@id\":\"https:\/\/empresas.infoempleo.com\/hrtrends\/la-crisis-y-la-reforma-laboral\/#breadcrumb\"},\"inLanguage\":\"es\",\"potentialAction\":[{\"@type\":\"ReadAction\",\"target\":[\"https:\/\/empresas.infoempleo.com\/hrtrends\/la-crisis-y-la-reforma-laboral\/\"]}]},{\"@type\":\"ImageObject\",\"inLanguage\":\"es\",\"@id\":\"https:\/\/empresas.infoempleo.com\/hrtrends\/la-crisis-y-la-reforma-laboral\/#primaryimage\",\"url\":\"https:\/\/empresas.infoempleo.com\/hrtrends\/media\/2012\/10\/Reforma-150x150.jpg\",\"contentUrl\":\"https:\/\/empresas.infoempleo.com\/hrtrends\/media\/2012\/10\/Reforma-150x150.jpg\",\"width\":150,\"height\":150},{\"@type\":\"BreadcrumbList\",\"@id\":\"https:\/\/empresas.infoempleo.com\/hrtrends\/la-crisis-y-la-reforma-laboral\/#breadcrumb\",\"itemListElement\":[{\"@type\":\"ListItem\",\"position\":1,\"name\":\"Portada\",\"item\":\"https:\/\/empresas.infoempleo.com\/hrtrends\/\"},{\"@type\":\"ListItem\",\"position\":2,\"name\":\"La crisis y la reforma laboral\"}]},{\"@type\":\"WebSite\",\"@id\":\"https:\/\/empresas.infoempleo.com\/hrtrends\/#website\",\"url\":\"https:\/\/empresas.infoempleo.com\/hrtrends\",\"name\":\"HRTrends by Infoempleo\",\"description\":\"\",\"publisher\":{\"@id\":\"https:\/\/empresas.infoempleo.com\/hrtrends\/#organization\"},\"potentialAction\":{\"@type\":\"SearchAction\",\"target\":\"https:\/\/empresas.infoempleo.com\/hrtrends\/?s={search_term_string}\",\"query-input\":\"required name=search_term_string\"},\"inLanguage\":\"es\"},{\"@type\":\"Organization\",\"@id\":\"https:\/\/empresas.infoempleo.com\/hrtrends\/#organization\",\"name\":\"Infoempleo\",\"url\":\"https:\/\/www.infoempleo.com\/\",\"logo\":{\"@type\":\"ImageObject\",\"@id\":\"https:\/\/empresas.infoempleo.com\/hrtrends\/#logo\",\"inLanguage\":\"es\",\"url\":\"https:\/\/cdnazure.infoempleo.com\/infoempleo\/assets\/style\/gfx\/logo.svg\",\"contentUrl\":\"https:\/\/cdnazure.infoempleo.com\/infoempleo\/assets\/style\/gfx\/logo.svg\",\"width\":150,\"height\":40,\"caption\":\"Infoempleo\"},\"image\":{\"@id\":\"https:\/\/empresas.infoempleo.com\/hrtrends\/#logo\"},\"sameAs\":[\"https:\/\/www.facebook.com\/Infoempleo\",\"https:\/\/x.com\/infoempleo\",\"http:\/\/instagram.com\/infoempleo\/\",\"http:\/\/www.linkedin.com\/groups\/Empleo-Espa\u00f1a-Infoempleocom-111276\",\"http:\/\/pinterest.com\/infoempleo\/\"],\"address\":{\"@type\":\"PostalAddress\",\"addressLocality\":\"Madrid\",\"postalCode\":\"28050\",\"streetAddress\":\"Avenida de Burgos 114\"},\"brand\":[\"Infoempleo\"]},{\"@type\":\"Person\",\"@id\":\"https:\/\/empresas.infoempleo.com\/hrtrends\/#\/schema\/person\/67d3e276ffcc8b3ae0ebec816daf775a\",\"name\":\"infoempleo\",\"image\":{\"@type\":\"ImageObject\",\"inLanguage\":\"es\",\"@id\":\"https:\/\/empresas.infoempleo.com\/hrtrends\/#\/schema\/person\/image\/\",\"url\":\"https:\/\/secure.gravatar.com\/avatar\/7b437777242fe67d2473c2a818da2344692d1ee91e91080ccffbd97bcd4a0975?s=96&d=mm&r=g\",\"contentUrl\":\"https:\/\/secure.gravatar.com\/avatar\/7b437777242fe67d2473c2a818da2344692d1ee91e91080ccffbd97bcd4a0975?s=96&d=mm&r=g\",\"caption\":\"infoempleo\"},\"url\":\"https:\/\/empresas.infoempleo.com\/hrtrends\/author\/infoempleo\/\"}]}<\/script>\n<!-- \/ Yoast SEO plugin. -->","yoast_head_json":{"title":"La crisis y la reforma laboral | HRTRENDS","robots":{"index":"index","follow":"follow","max-snippet":"max-snippet:-1","max-image-preview":"max-image-preview:large","max-video-preview":"max-video-preview:-1"},"canonical":"https:\/\/empresas.infoempleo.com\/hrtrends\/la-crisis-y-la-reforma-laboral\/","og_locale":"es_ES","og_type":"article","og_title":"La crisis y la reforma laboral | HRTRENDS","og_description":"Jes\u00fas R. Mercader, director de IRLE de la Fundaci\u00f3n Sagardoy. Las conclusiones del tercer bar\u00f3metro de mercado de Leer m\u00e1s","og_url":"https:\/\/empresas.infoempleo.com\/hrtrends\/la-crisis-y-la-reforma-laboral\/","og_site_name":"HRTRENDS","article_publisher":"https:\/\/www.facebook.com\/Infoempleo","article_published_time":"2012-10-15T10:43:48+00:00","article_modified_time":"2018-05-23T15:06:12+00:00","og_image":[{"width":568,"height":258,"url":"https:\/\/empresas.infoempleo.com\/hrtrends\/media\/2012\/10\/Reforma.jpg","type":"image\/jpeg"}],"author":"infoempleo","twitter_card":"summary_large_image","twitter_creator":"@infoempleo","twitter_site":"@infoempleo","twitter_misc":{"Escrito por":"infoempleo","Tiempo de lectura":"3 minutos"},"schema":{"@context":"https:\/\/schema.org","@graph":[{"@type":"NewsArticle","@id":"https:\/\/empresas.infoempleo.com\/hrtrends\/la-crisis-y-la-reforma-laboral\/#article","isPartOf":{"@id":"https:\/\/empresas.infoempleo.com\/hrtrends\/la-crisis-y-la-reforma-laboral\/"},"author":{"name":"infoempleo","@id":"https:\/\/empresas.infoempleo.com\/hrtrends\/#\/schema\/person\/67d3e276ffcc8b3ae0ebec816daf775a"},"headline":"La crisis y la reforma laboral","datePublished":"2012-10-15T10:43:48+00:00","dateModified":"2018-05-23T15:06:12+00:00","mainEntityOfPage":{"@id":"https:\/\/empresas.infoempleo.com\/hrtrends\/la-crisis-y-la-reforma-laboral\/"},"wordCount":598,"publisher":{"@id":"https:\/\/empresas.infoempleo.com\/hrtrends\/#organization"},"image":{"@id":"https:\/\/empresas.infoempleo.com\/hrtrends\/la-crisis-y-la-reforma-laboral\/#primaryimage"},"thumbnailUrl":"https:\/\/empresas.infoempleo.com\/hrtrends\/media\/2012\/10\/Reforma.jpg","keywords":["Empleo","reforma laboral"],"articleSection":["Actualidad"],"inLanguage":"es","copyrightYear":"2012","copyrightHolder":{"@id":"https:\/\/empresas.infoempleo.com\/hrtrends\/#organization"}},{"@type":"WebPage","@id":"https:\/\/empresas.infoempleo.com\/hrtrends\/la-crisis-y-la-reforma-laboral\/","url":"https:\/\/empresas.infoempleo.com\/hrtrends\/la-crisis-y-la-reforma-laboral\/","name":"La crisis y la reforma laboral | HRTRENDS","isPartOf":{"@id":"https:\/\/empresas.infoempleo.com\/hrtrends\/#website"},"primaryImageOfPage":{"@id":"https:\/\/empresas.infoempleo.com\/hrtrends\/la-crisis-y-la-reforma-laboral\/#primaryimage"},"image":{"@id":"https:\/\/empresas.infoempleo.com\/hrtrends\/la-crisis-y-la-reforma-laboral\/#primaryimage"},"thumbnailUrl":"https:\/\/empresas.infoempleo.com\/hrtrends\/media\/2012\/10\/Reforma.jpg","datePublished":"2012-10-15T10:43:48+00:00","dateModified":"2018-05-23T15:06:12+00:00","breadcrumb":{"@id":"https:\/\/empresas.infoempleo.com\/hrtrends\/la-crisis-y-la-reforma-laboral\/#breadcrumb"},"inLanguage":"es","potentialAction":[{"@type":"ReadAction","target":["https:\/\/empresas.infoempleo.com\/hrtrends\/la-crisis-y-la-reforma-laboral\/"]}]},{"@type":"ImageObject","inLanguage":"es","@id":"https:\/\/empresas.infoempleo.com\/hrtrends\/la-crisis-y-la-reforma-laboral\/#primaryimage","url":"https:\/\/empresas.infoempleo.com\/hrtrends\/media\/2012\/10\/Reforma-150x150.jpg","contentUrl":"https:\/\/empresas.infoempleo.com\/hrtrends\/media\/2012\/10\/Reforma-150x150.jpg","width":150,"height":150},{"@type":"BreadcrumbList","@id":"https:\/\/empresas.infoempleo.com\/hrtrends\/la-crisis-y-la-reforma-laboral\/#breadcrumb","itemListElement":[{"@type":"ListItem","position":1,"name":"Portada","item":"https:\/\/empresas.infoempleo.com\/hrtrends\/"},{"@type":"ListItem","position":2,"name":"La crisis y la reforma laboral"}]},{"@type":"WebSite","@id":"https:\/\/empresas.infoempleo.com\/hrtrends\/#website","url":"https:\/\/empresas.infoempleo.com\/hrtrends","name":"HRTrends by Infoempleo","description":"","publisher":{"@id":"https:\/\/empresas.infoempleo.com\/hrtrends\/#organization"},"potentialAction":{"@type":"SearchAction","target":"https:\/\/empresas.infoempleo.com\/hrtrends\/?s={search_term_string}","query-input":"required name=search_term_string"},"inLanguage":"es"},{"@type":"Organization","@id":"https:\/\/empresas.infoempleo.com\/hrtrends\/#organization","name":"Infoempleo","url":"https:\/\/www.infoempleo.com\/","logo":{"@type":"ImageObject","@id":"https:\/\/empresas.infoempleo.com\/hrtrends\/#logo","inLanguage":"es","url":"https:\/\/cdnazure.infoempleo.com\/infoempleo\/assets\/style\/gfx\/logo.svg","contentUrl":"https:\/\/cdnazure.infoempleo.com\/infoempleo\/assets\/style\/gfx\/logo.svg","width":150,"height":40,"caption":"Infoempleo"},"image":{"@id":"https:\/\/empresas.infoempleo.com\/hrtrends\/#logo"},"sameAs":["https:\/\/www.facebook.com\/Infoempleo","https:\/\/x.com\/infoempleo","http:\/\/instagram.com\/infoempleo\/","http:\/\/www.linkedin.com\/groups\/Empleo-Espa\u00f1a-Infoempleocom-111276","http:\/\/pinterest.com\/infoempleo\/"],"address":{"@type":"PostalAddress","addressLocality":"Madrid","postalCode":"28050","streetAddress":"Avenida de Burgos 114"},"brand":["Infoempleo"]},{"@type":"Person","@id":"https:\/\/empresas.infoempleo.com\/hrtrends\/#\/schema\/person\/67d3e276ffcc8b3ae0ebec816daf775a","name":"infoempleo","image":{"@type":"ImageObject","inLanguage":"es","@id":"https:\/\/empresas.infoempleo.com\/hrtrends\/#\/schema\/person\/image\/","url":"https:\/\/secure.gravatar.com\/avatar\/7b437777242fe67d2473c2a818da2344692d1ee91e91080ccffbd97bcd4a0975?s=96&d=mm&r=g","contentUrl":"https:\/\/secure.gravatar.com\/avatar\/7b437777242fe67d2473c2a818da2344692d1ee91e91080ccffbd97bcd4a0975?s=96&d=mm&r=g","caption":"infoempleo"},"url":"https:\/\/empresas.infoempleo.com\/hrtrends\/author\/infoempleo\/"}]}},"amp_enabled":true,"_links":{"self":[{"href":"https:\/\/empresas.infoempleo.com\/hrtrends\/wp-json\/wp\/v2\/posts\/15577","targetHints":{"allow":["GET"]}}],"collection":[{"href":"https:\/\/empresas.infoempleo.com\/hrtrends\/wp-json\/wp\/v2\/posts"}],"about":[{"href":"https:\/\/empresas.infoempleo.com\/hrtrends\/wp-json\/wp\/v2\/types\/post"}],"author":[{"embeddable":true,"href":"https:\/\/empresas.infoempleo.com\/hrtrends\/wp-json\/wp\/v2\/users\/72"}],"replies":[{"embeddable":true,"href":"https:\/\/empresas.infoempleo.com\/hrtrends\/wp-json\/wp\/v2\/comments?post=15577"}],"version-history":[{"count":0,"href":"https:\/\/empresas.infoempleo.com\/hrtrends\/wp-json\/wp\/v2\/posts\/15577\/revisions"}],"wp:featuredmedia":[{"embeddable":true,"href":"https:\/\/empresas.infoempleo.com\/hrtrends\/wp-json\/wp\/v2\/media\/15579"}],"wp:attachment":[{"href":"https:\/\/empresas.infoempleo.com\/hrtrends\/wp-json\/wp\/v2\/media?parent=15577"}],"wp:term":[{"taxonomy":"category","embeddable":true,"href":"https:\/\/empresas.infoempleo.com\/hrtrends\/wp-json\/wp\/v2\/categories?post=15577"},{"taxonomy":"post_tag","embeddable":true,"href":"https:\/\/empresas.infoempleo.com\/hrtrends\/wp-json\/wp\/v2\/tags?post=15577"}],"curies":[{"name":"wp","href":"https:\/\/api.w.org\/{rel}","templated":true}]}}