{"id":15479,"date":"2012-10-01T14:45:32","date_gmt":"2012-10-01T13:45:32","guid":{"rendered":"http:\/\/blog.infoempleo.com\/?p=15479"},"modified":"2018-05-23T17:06:57","modified_gmt":"2018-05-23T15:06:57","slug":"la-importancia-del-optimismo","status":"publish","type":"post","link":"https:\/\/empresas.infoempleo.com\/hrtrends\/la-importancia-del-optimismo\/","title":{"rendered":"La importancia del optimismo"},"content":{"rendered":"<p>\u00abEl pesimismo ya nos preced\u00eda en \u00e9poca de bonanza. No creo que sea la causa de la crisis, pero s\u00ed es un lastre, porque en la medida en que somos pesimistas nos convertimos en v\u00edctimas de la situaci\u00f3n y no actuamos para resolver los problemas\u00bb. As\u00ed lo asegura <strong>Bel\u00e9nVarela, autora del libro \u2018La rebeli\u00f3n de las moscas\u2019<\/strong>, un t\u00edtulo donde esta abogada y especialista en direcci\u00f3n de personas reflexiona sobre las claves de una organizaci\u00f3n optimista.<\/p>\n<p>Las empresas tienen personalidad propia y, ante la crisis, se comportan de una u otra manera. Algunas \u00abse est\u00e1n dejando llevar por las noticias, preven que les vaya mal, provocan incertidumbre\u00bb y, a partir de ah\u00ed, \u00abintentan no perder el control del barco\u00bb, explica Varela. Pero otras \u00abest\u00e1n prepar\u00e1ndose, \u00a0intentando descubrir cu\u00e1l es el \u00a0diferencial que les va a hacer mantenerse en el \u00a0mercado\u00bb.<\/p>\n<h3>El papel del directivo<\/h3>\n<p>En este panorama \u2013dice Varela\u2013<strong> los l\u00edderes de la organizaci\u00f3n tienen un papel fundamental en la creaci\u00f3n del esp\u00edritu empresarial<\/strong>: \u00abLa c\u00fapula directiva genera las normas, las pautas organizativas, la visi\u00f3n de la organizaci\u00f3n, construye las expectativas, de tal manera que tiene much\u00edsimo peso en el optimismo o pesimismo de la organizaci\u00f3n\u00bb.<\/p>\n<p>Los l\u00edderes tienen, pues, que tener en su bagaje personal una serie de habilidades que permitan sacar de la plantilla lo mejor de s\u00ed mismos. Seg\u00fan explica <strong>Carme Castro, coach y socia de <a href=\"https:\/\/kainova.es\/\">Kainova<\/a><\/strong>\u2013empresa especializada en la gesti\u00f3n y desarrollo de personas\u2013 \u00abestas competencias de liderazgo se pueden desarrollar a trav\u00e9s procesos basados en la metodolog\u00eda del coaching dise\u00f1ados en funci\u00f3n de la situaci\u00f3n actual\u00bb.\u00bfDe qu\u00e9 competencias hablamos? Por ejemplo, de la <strong>inteligencia emocional, la capacidad de comunicaci\u00f3n y negociaci\u00f3n, la creatividad en el desarrollo de las tareas, la innovaci\u00f3n asumiendo el riesgo que ello implica\u2026<\/strong><\/p>\n<p>Bel\u00e9n Varela, que adem\u00e1s de escritora es vicepresidente de <a href=\"http:\/\/www.aedipe.es\/\" target=\"_blank\">AEDIPE<\/a> (Asociaci\u00f3n Espa\u00f1ola de Direcci\u00f3n y Desarrollo de Personas) en Galicia incide en <strong>la importancia del lenguaje para motivar a los empleados<\/strong>. \u00abEn una misma organizaci\u00f3n, dos directivos con plantillas diferentes, cada una de ellas siente cosas diferentes. En mi caso, hab\u00eda un directivo que transmit\u00eda unos mensajes tan pesimistas que \u00e9l mismo no confiaba en su capacidad de superarse. Lo que\u00a0hicimos fue trabajar sobre su lenguaje y sobre la imagen que daba a la organizaci\u00f3n a la hora de dirigirla\u00bb, cuenta. Y es que <strong>la comunicaci\u00f3n y la cercan\u00eda con el individuo son\u00a0fundamentales a la hora de transmitir optimismo a la plantilla<\/strong>, dice la experta. \u00abSon las herramientas con las que el l\u00edder transmite expectativas, con las que ayuda a las personas a entender el valor\u00a0que est\u00e1n aportando a la organizaci\u00f3n y regarlo y hacer que crezca.Tambi\u00e9n es la herramienta con la que entiende si la persona est\u00e1 alineada en intereses con la organizaci\u00f3n. En ese t\u00fa a t\u00fa te das cuenta de si la persona cree o no en lo que est\u00e1 haciendo. Si no lo cree, dif\u00edcilmente se va a implicar\u00bb, concluye Varela.<\/p>\n","protected":false},"excerpt":{"rendered":"<p>\u00abEl pesimismo ya nos preced\u00eda en \u00e9poca de bonanza. No creo que sea la causa de la crisis,<a class=\"moretag\" href=\"https:\/\/empresas.infoempleo.com\/hrtrends\/la-importancia-del-optimismo\/\"> Leer m\u00e1s<\/a><\/p>\n","protected":false},"author":50,"featured_media":15480,"comment_status":"closed","ping_status":"open","sticky":false,"template":"","format":"standard","meta":{"footnotes":""},"categories":[3],"tags":[],"class_list":["post-15479","post","type-post","status-publish","format-standard","has-post-thumbnail","hentry","category-actualidad"],"yoast_head":"<!-- This site is optimized with the Yoast SEO plugin v26.1.1 - https:\/\/yoast.com\/wordpress\/plugins\/seo\/ -->\n<title>La importancia del optimismo | HRTRENDS<\/title>\n<meta name=\"robots\" content=\"index, follow, max-snippet:-1, max-image-preview:large, max-video-preview:-1\" \/>\n<link rel=\"canonical\" href=\"https:\/\/empresas.infoempleo.com\/hrtrends\/la-importancia-del-optimismo\/\" \/>\n<meta property=\"og:locale\" content=\"es_ES\" \/>\n<meta property=\"og:type\" content=\"article\" \/>\n<meta property=\"og:title\" content=\"La importancia del optimismo | HRTRENDS\" \/>\n<meta property=\"og:description\" content=\"\u00abEl pesimismo ya nos preced\u00eda en \u00e9poca de bonanza. No creo que sea la causa de la crisis, Leer m\u00e1s\" \/>\n<meta property=\"og:url\" content=\"https:\/\/empresas.infoempleo.com\/hrtrends\/la-importancia-del-optimismo\/\" \/>\n<meta property=\"og:site_name\" content=\"HRTRENDS\" \/>\n<meta property=\"article:publisher\" content=\"https:\/\/www.facebook.com\/Infoempleo\" \/>\n<meta property=\"article:published_time\" content=\"2012-10-01T13:45:32+00:00\" \/>\n<meta property=\"article:modified_time\" content=\"2018-05-23T15:06:57+00:00\" \/>\n<meta property=\"og:image\" content=\"https:\/\/empresas.infoempleo.com\/hrtrends\/media\/2012\/10\/Optimismo.jpg\" \/>\n\t<meta property=\"og:image:width\" content=\"568\" \/>\n\t<meta property=\"og:image:height\" content=\"258\" \/>\n\t<meta property=\"og:image:type\" content=\"image\/jpeg\" \/>\n<meta name=\"author\" content=\"Sergio Mu\u00f1oz\" \/>\n<meta name=\"twitter:card\" content=\"summary_large_image\" \/>\n<meta name=\"twitter:creator\" content=\"@infoempleo\" \/>\n<meta name=\"twitter:site\" content=\"@infoempleo\" \/>\n<meta name=\"twitter:label1\" content=\"Escrito por\" \/>\n\t<meta name=\"twitter:data1\" content=\"Sergio Mu\u00f1oz\" \/>\n\t<meta name=\"twitter:label2\" content=\"Tiempo de lectura\" \/>\n\t<meta name=\"twitter:data2\" content=\"3 minutos\" \/>\n<script type=\"application\/ld+json\" class=\"yoast-schema-graph\">{\"@context\":\"https:\/\/schema.org\",\"@graph\":[{\"@type\":\"NewsArticle\",\"@id\":\"https:\/\/empresas.infoempleo.com\/hrtrends\/la-importancia-del-optimismo\/#article\",\"isPartOf\":{\"@id\":\"https:\/\/empresas.infoempleo.com\/hrtrends\/la-importancia-del-optimismo\/\"},\"author\":{\"name\":\"Sergio Mu\u00f1oz\",\"@id\":\"https:\/\/empresas.infoempleo.com\/hrtrends\/#\/schema\/person\/6eed0717dd6d324ad674543577f7d352\"},\"headline\":\"La importancia del optimismo\",\"datePublished\":\"2012-10-01T13:45:32+00:00\",\"dateModified\":\"2018-05-23T15:06:57+00:00\",\"mainEntityOfPage\":{\"@id\":\"https:\/\/empresas.infoempleo.com\/hrtrends\/la-importancia-del-optimismo\/\"},\"wordCount\":546,\"publisher\":{\"@id\":\"https:\/\/empresas.infoempleo.com\/hrtrends\/#organization\"},\"image\":{\"@id\":\"https:\/\/empresas.infoempleo.com\/hrtrends\/la-importancia-del-optimismo\/#primaryimage\"},\"thumbnailUrl\":\"https:\/\/empresas.infoempleo.com\/hrtrends\/media\/2012\/10\/Optimismo.jpg\",\"articleSection\":[\"Actualidad\"],\"inLanguage\":\"es\",\"copyrightYear\":\"2012\",\"copyrightHolder\":{\"@id\":\"https:\/\/empresas.infoempleo.com\/hrtrends\/#organization\"}},{\"@type\":\"WebPage\",\"@id\":\"https:\/\/empresas.infoempleo.com\/hrtrends\/la-importancia-del-optimismo\/\",\"url\":\"https:\/\/empresas.infoempleo.com\/hrtrends\/la-importancia-del-optimismo\/\",\"name\":\"La importancia del optimismo | HRTRENDS\",\"isPartOf\":{\"@id\":\"https:\/\/empresas.infoempleo.com\/hrtrends\/#website\"},\"primaryImageOfPage\":{\"@id\":\"https:\/\/empresas.infoempleo.com\/hrtrends\/la-importancia-del-optimismo\/#primaryimage\"},\"image\":{\"@id\":\"https:\/\/empresas.infoempleo.com\/hrtrends\/la-importancia-del-optimismo\/#primaryimage\"},\"thumbnailUrl\":\"https:\/\/empresas.infoempleo.com\/hrtrends\/media\/2012\/10\/Optimismo.jpg\",\"datePublished\":\"2012-10-01T13:45:32+00:00\",\"dateModified\":\"2018-05-23T15:06:57+00:00\",\"breadcrumb\":{\"@id\":\"https:\/\/empresas.infoempleo.com\/hrtrends\/la-importancia-del-optimismo\/#breadcrumb\"},\"inLanguage\":\"es\",\"potentialAction\":[{\"@type\":\"ReadAction\",\"target\":[\"https:\/\/empresas.infoempleo.com\/hrtrends\/la-importancia-del-optimismo\/\"]}]},{\"@type\":\"ImageObject\",\"inLanguage\":\"es\",\"@id\":\"https:\/\/empresas.infoempleo.com\/hrtrends\/la-importancia-del-optimismo\/#primaryimage\",\"url\":\"https:\/\/empresas.infoempleo.com\/hrtrends\/media\/2012\/10\/Optimismo-150x150.jpg\",\"contentUrl\":\"https:\/\/empresas.infoempleo.com\/hrtrends\/media\/2012\/10\/Optimismo-150x150.jpg\",\"width\":150,\"height\":150},{\"@type\":\"BreadcrumbList\",\"@id\":\"https:\/\/empresas.infoempleo.com\/hrtrends\/la-importancia-del-optimismo\/#breadcrumb\",\"itemListElement\":[{\"@type\":\"ListItem\",\"position\":1,\"name\":\"Portada\",\"item\":\"https:\/\/empresas.infoempleo.com\/hrtrends\/\"},{\"@type\":\"ListItem\",\"position\":2,\"name\":\"La importancia del optimismo\"}]},{\"@type\":\"WebSite\",\"@id\":\"https:\/\/empresas.infoempleo.com\/hrtrends\/#website\",\"url\":\"https:\/\/empresas.infoempleo.com\/hrtrends\",\"name\":\"HRTrends by Infoempleo\",\"description\":\"\",\"publisher\":{\"@id\":\"https:\/\/empresas.infoempleo.com\/hrtrends\/#organization\"},\"potentialAction\":{\"@type\":\"SearchAction\",\"target\":\"https:\/\/empresas.infoempleo.com\/hrtrends\/?s={search_term_string}\",\"query-input\":\"required name=search_term_string\"},\"inLanguage\":\"es\"},{\"@type\":\"Organization\",\"@id\":\"https:\/\/empresas.infoempleo.com\/hrtrends\/#organization\",\"name\":\"Infoempleo\",\"url\":\"https:\/\/www.infoempleo.com\/\",\"logo\":{\"@type\":\"ImageObject\",\"@id\":\"https:\/\/empresas.infoempleo.com\/hrtrends\/#logo\",\"inLanguage\":\"es\",\"url\":\"https:\/\/cdnazure.infoempleo.com\/infoempleo\/assets\/style\/gfx\/logo.svg\",\"contentUrl\":\"https:\/\/cdnazure.infoempleo.com\/infoempleo\/assets\/style\/gfx\/logo.svg\",\"width\":150,\"height\":40,\"caption\":\"Infoempleo\"},\"image\":{\"@id\":\"https:\/\/empresas.infoempleo.com\/hrtrends\/#logo\"},\"sameAs\":[\"https:\/\/www.facebook.com\/Infoempleo\",\"https:\/\/x.com\/infoempleo\",\"http:\/\/instagram.com\/infoempleo\/\",\"http:\/\/www.linkedin.com\/groups\/Empleo-Espa\u00f1a-Infoempleocom-111276\",\"http:\/\/pinterest.com\/infoempleo\/\"],\"address\":{\"@type\":\"PostalAddress\",\"addressLocality\":\"Madrid\",\"postalCode\":\"28050\",\"streetAddress\":\"Avenida de Burgos 114\"},\"brand\":[\"Infoempleo\"]},{\"@type\":\"Person\",\"@id\":\"https:\/\/empresas.infoempleo.com\/hrtrends\/#\/schema\/person\/6eed0717dd6d324ad674543577f7d352\",\"name\":\"Sergio Mu\u00f1oz\",\"image\":{\"@type\":\"ImageObject\",\"inLanguage\":\"es\",\"@id\":\"https:\/\/empresas.infoempleo.com\/hrtrends\/#\/schema\/person\/image\/\",\"url\":\"https:\/\/secure.gravatar.com\/avatar\/e7731161b4b74cbcb9baea8553044aadfdf78c0164ca104016474818fd843019?s=96&d=mm&r=g\",\"contentUrl\":\"https:\/\/secure.gravatar.com\/avatar\/e7731161b4b74cbcb9baea8553044aadfdf78c0164ca104016474818fd843019?s=96&d=mm&r=g\",\"caption\":\"Sergio Mu\u00f1oz\"},\"url\":\"https:\/\/empresas.infoempleo.com\/hrtrends\/author\/sergio-munoz\/\"}]}<\/script>\n<!-- \/ Yoast SEO plugin. -->","yoast_head_json":{"title":"La importancia del optimismo | HRTRENDS","robots":{"index":"index","follow":"follow","max-snippet":"max-snippet:-1","max-image-preview":"max-image-preview:large","max-video-preview":"max-video-preview:-1"},"canonical":"https:\/\/empresas.infoempleo.com\/hrtrends\/la-importancia-del-optimismo\/","og_locale":"es_ES","og_type":"article","og_title":"La importancia del optimismo | HRTRENDS","og_description":"\u00abEl pesimismo ya nos preced\u00eda en \u00e9poca de bonanza. No creo que sea la causa de la crisis, Leer m\u00e1s","og_url":"https:\/\/empresas.infoempleo.com\/hrtrends\/la-importancia-del-optimismo\/","og_site_name":"HRTRENDS","article_publisher":"https:\/\/www.facebook.com\/Infoempleo","article_published_time":"2012-10-01T13:45:32+00:00","article_modified_time":"2018-05-23T15:06:57+00:00","og_image":[{"width":568,"height":258,"url":"https:\/\/empresas.infoempleo.com\/hrtrends\/media\/2012\/10\/Optimismo.jpg","type":"image\/jpeg"}],"author":"Sergio Mu\u00f1oz","twitter_card":"summary_large_image","twitter_creator":"@infoempleo","twitter_site":"@infoempleo","twitter_misc":{"Escrito por":"Sergio Mu\u00f1oz","Tiempo de lectura":"3 minutos"},"schema":{"@context":"https:\/\/schema.org","@graph":[{"@type":"NewsArticle","@id":"https:\/\/empresas.infoempleo.com\/hrtrends\/la-importancia-del-optimismo\/#article","isPartOf":{"@id":"https:\/\/empresas.infoempleo.com\/hrtrends\/la-importancia-del-optimismo\/"},"author":{"name":"Sergio Mu\u00f1oz","@id":"https:\/\/empresas.infoempleo.com\/hrtrends\/#\/schema\/person\/6eed0717dd6d324ad674543577f7d352"},"headline":"La importancia del optimismo","datePublished":"2012-10-01T13:45:32+00:00","dateModified":"2018-05-23T15:06:57+00:00","mainEntityOfPage":{"@id":"https:\/\/empresas.infoempleo.com\/hrtrends\/la-importancia-del-optimismo\/"},"wordCount":546,"publisher":{"@id":"https:\/\/empresas.infoempleo.com\/hrtrends\/#organization"},"image":{"@id":"https:\/\/empresas.infoempleo.com\/hrtrends\/la-importancia-del-optimismo\/#primaryimage"},"thumbnailUrl":"https:\/\/empresas.infoempleo.com\/hrtrends\/media\/2012\/10\/Optimismo.jpg","articleSection":["Actualidad"],"inLanguage":"es","copyrightYear":"2012","copyrightHolder":{"@id":"https:\/\/empresas.infoempleo.com\/hrtrends\/#organization"}},{"@type":"WebPage","@id":"https:\/\/empresas.infoempleo.com\/hrtrends\/la-importancia-del-optimismo\/","url":"https:\/\/empresas.infoempleo.com\/hrtrends\/la-importancia-del-optimismo\/","name":"La importancia del optimismo | HRTRENDS","isPartOf":{"@id":"https:\/\/empresas.infoempleo.com\/hrtrends\/#website"},"primaryImageOfPage":{"@id":"https:\/\/empresas.infoempleo.com\/hrtrends\/la-importancia-del-optimismo\/#primaryimage"},"image":{"@id":"https:\/\/empresas.infoempleo.com\/hrtrends\/la-importancia-del-optimismo\/#primaryimage"},"thumbnailUrl":"https:\/\/empresas.infoempleo.com\/hrtrends\/media\/2012\/10\/Optimismo.jpg","datePublished":"2012-10-01T13:45:32+00:00","dateModified":"2018-05-23T15:06:57+00:00","breadcrumb":{"@id":"https:\/\/empresas.infoempleo.com\/hrtrends\/la-importancia-del-optimismo\/#breadcrumb"},"inLanguage":"es","potentialAction":[{"@type":"ReadAction","target":["https:\/\/empresas.infoempleo.com\/hrtrends\/la-importancia-del-optimismo\/"]}]},{"@type":"ImageObject","inLanguage":"es","@id":"https:\/\/empresas.infoempleo.com\/hrtrends\/la-importancia-del-optimismo\/#primaryimage","url":"https:\/\/empresas.infoempleo.com\/hrtrends\/media\/2012\/10\/Optimismo-150x150.jpg","contentUrl":"https:\/\/empresas.infoempleo.com\/hrtrends\/media\/2012\/10\/Optimismo-150x150.jpg","width":150,"height":150},{"@type":"BreadcrumbList","@id":"https:\/\/empresas.infoempleo.com\/hrtrends\/la-importancia-del-optimismo\/#breadcrumb","itemListElement":[{"@type":"ListItem","position":1,"name":"Portada","item":"https:\/\/empresas.infoempleo.com\/hrtrends\/"},{"@type":"ListItem","position":2,"name":"La importancia del optimismo"}]},{"@type":"WebSite","@id":"https:\/\/empresas.infoempleo.com\/hrtrends\/#website","url":"https:\/\/empresas.infoempleo.com\/hrtrends","name":"HRTrends by Infoempleo","description":"","publisher":{"@id":"https:\/\/empresas.infoempleo.com\/hrtrends\/#organization"},"potentialAction":{"@type":"SearchAction","target":"https:\/\/empresas.infoempleo.com\/hrtrends\/?s={search_term_string}","query-input":"required name=search_term_string"},"inLanguage":"es"},{"@type":"Organization","@id":"https:\/\/empresas.infoempleo.com\/hrtrends\/#organization","name":"Infoempleo","url":"https:\/\/www.infoempleo.com\/","logo":{"@type":"ImageObject","@id":"https:\/\/empresas.infoempleo.com\/hrtrends\/#logo","inLanguage":"es","url":"https:\/\/cdnazure.infoempleo.com\/infoempleo\/assets\/style\/gfx\/logo.svg","contentUrl":"https:\/\/cdnazure.infoempleo.com\/infoempleo\/assets\/style\/gfx\/logo.svg","width":150,"height":40,"caption":"Infoempleo"},"image":{"@id":"https:\/\/empresas.infoempleo.com\/hrtrends\/#logo"},"sameAs":["https:\/\/www.facebook.com\/Infoempleo","https:\/\/x.com\/infoempleo","http:\/\/instagram.com\/infoempleo\/","http:\/\/www.linkedin.com\/groups\/Empleo-Espa\u00f1a-Infoempleocom-111276","http:\/\/pinterest.com\/infoempleo\/"],"address":{"@type":"PostalAddress","addressLocality":"Madrid","postalCode":"28050","streetAddress":"Avenida de Burgos 114"},"brand":["Infoempleo"]},{"@type":"Person","@id":"https:\/\/empresas.infoempleo.com\/hrtrends\/#\/schema\/person\/6eed0717dd6d324ad674543577f7d352","name":"Sergio Mu\u00f1oz","image":{"@type":"ImageObject","inLanguage":"es","@id":"https:\/\/empresas.infoempleo.com\/hrtrends\/#\/schema\/person\/image\/","url":"https:\/\/secure.gravatar.com\/avatar\/e7731161b4b74cbcb9baea8553044aadfdf78c0164ca104016474818fd843019?s=96&d=mm&r=g","contentUrl":"https:\/\/secure.gravatar.com\/avatar\/e7731161b4b74cbcb9baea8553044aadfdf78c0164ca104016474818fd843019?s=96&d=mm&r=g","caption":"Sergio Mu\u00f1oz"},"url":"https:\/\/empresas.infoempleo.com\/hrtrends\/author\/sergio-munoz\/"}]}},"amp_enabled":true,"_links":{"self":[{"href":"https:\/\/empresas.infoempleo.com\/hrtrends\/wp-json\/wp\/v2\/posts\/15479","targetHints":{"allow":["GET"]}}],"collection":[{"href":"https:\/\/empresas.infoempleo.com\/hrtrends\/wp-json\/wp\/v2\/posts"}],"about":[{"href":"https:\/\/empresas.infoempleo.com\/hrtrends\/wp-json\/wp\/v2\/types\/post"}],"author":[{"embeddable":true,"href":"https:\/\/empresas.infoempleo.com\/hrtrends\/wp-json\/wp\/v2\/users\/50"}],"replies":[{"embeddable":true,"href":"https:\/\/empresas.infoempleo.com\/hrtrends\/wp-json\/wp\/v2\/comments?post=15479"}],"version-history":[{"count":0,"href":"https:\/\/empresas.infoempleo.com\/hrtrends\/wp-json\/wp\/v2\/posts\/15479\/revisions"}],"wp:featuredmedia":[{"embeddable":true,"href":"https:\/\/empresas.infoempleo.com\/hrtrends\/wp-json\/wp\/v2\/media\/15480"}],"wp:attachment":[{"href":"https:\/\/empresas.infoempleo.com\/hrtrends\/wp-json\/wp\/v2\/media?parent=15479"}],"wp:term":[{"taxonomy":"category","embeddable":true,"href":"https:\/\/empresas.infoempleo.com\/hrtrends\/wp-json\/wp\/v2\/categories?post=15479"},{"taxonomy":"post_tag","embeddable":true,"href":"https:\/\/empresas.infoempleo.com\/hrtrends\/wp-json\/wp\/v2\/tags?post=15479"}],"curies":[{"name":"wp","href":"https:\/\/api.w.org\/{rel}","templated":true}]}}