{"id":15465,"date":"2012-10-01T11:50:03","date_gmt":"2012-10-01T10:50:03","guid":{"rendered":"http:\/\/blog.infoempleo.com\/?p=15465"},"modified":"2018-05-23T17:06:58","modified_gmt":"2018-05-23T15:06:58","slug":"formacion-al-servicios-de-la-innovacion","status":"publish","type":"post","link":"https:\/\/empresas.infoempleo.com\/hrtrends\/formacion-al-servicios-de-la-innovacion\/","title":{"rendered":"Formaci\u00f3n al servicios de la innovaci\u00f3n"},"content":{"rendered":"<p><img loading=\"lazy\" decoding=\"async\" class=\"alignnone size-full wp-image-15466\" title=\"Rosa Sanchidri\u00e1n\" src=\"https:\/\/empresas.infoempleo.com\/hrtrends\/media\/2012\/10\/RosaSanchidrian.jpg\" alt=\"\" width=\"117\" height=\"114\" \/><\/p>\n<p><strong>Rosa Sanchidri\u00e1n. Directora de la Escuela de Negocios Estema.\u00a0<\/strong><\/p>\n<p>El segundo informe <strong>\u00abEl bar\u00f3metro de innovaci\u00f3n de la UE\u00bb<\/strong>, presentado en el parlamento europeo, considera que <strong>la inversi\u00f3n en innovaci\u00f3n es una de las mejores v\u00edas de generaci\u00f3n de empleo<\/strong>, e incluso un 93% de los l\u00edderes de opini\u00f3n de la UE as\u00ed lo valoran. Ahora bien, la crisis tambi\u00e9n ha afectado a la innovaci\u00f3n, reduciendo recursos e incluso fomentando la fuga de talento a zonas geoecon\u00f3micas que est\u00e1n invirtiendo en I+D+i. Sin embargo, no podemos olvidar que <strong>la globalizaci\u00f3n y los grandes avances que nos esperan requieren de expertos dotados de competencias distintas al modelo tradicional y, para esto, la formaci\u00f3n es la clave<\/strong>. La falta de emprendedores y los escasos incentivos para j\u00f3venes investigadores pone de manifiesto que la innovaci\u00f3n no est\u00e1 recibiendo los apoyos pol\u00edticos y empresariales necesarios.<\/p>\n<p>El evidente consenso de los l\u00edderes que han participado en este estudio define la relaci\u00f3n directa entre innovaci\u00f3n y empleo, algo que las universidades y empresas norteamericanas tienen fuertemente asumido, haciendo del modelo educativo en Estados Unidos un caso exitoso en el fomento del esp\u00edritu innovador y emprendedor. Por eso, somos conscientes de la importancia que tiene para nuestros estudiantes la formaci\u00f3n en competencias y habilidades, as\u00ed como la visi\u00f3n global para trabajar en un mundo globalizado.<\/p>\n<p>Pero, <strong>\u00bfcu\u00e1l es la soluci\u00f3n?<\/strong> Aunque no es sencilla, es necesaria una mayor \u00a0inversi\u00f3n en innovaci\u00f3n, fijarse en otros pa\u00edses y en\u00a0las empresas que tienen \u00e9xito, establecer sistemas que permitan que los resultados puedan venderse y ser rentables en entornos de competencia, generar cultura de la innovaci\u00f3n y, sobre todo, provocar un cambio en la educaci\u00f3n, que pase de la cultura del fracaso a la del \u00e9xito, incentivando la creatividad, la investigaci\u00f3n, el liderazgo y el emprendimiento.<\/p>\n<p>Es verdad que la semilla est\u00e1 y Espa\u00f1a y la UE no pueden dejar que no de frutos. Nuestro compromiso, desde las instituciones universitarias, es<strong> formar a ese profesional capaz de incorporar las habilidades propias de la innovaci\u00f3n entre sus competencias profesionales<\/strong>, ofreci\u00e9ndole el entorno necesario para enfrentarse a una sociedad global cambiante y a un entorno laboral altamente competitivo y cualificado con un enfoque de emprendimiento que apoya la innovaci\u00f3n en todos sus enfoques.<\/p>\n<p>Por consiguiente, nuestros programas, nuestra forma de trabajar como universidad y los recursos, son ejemplos de c\u00f3mo la innovaci\u00f3n\u00a0no es una idea sino que es acci\u00f3n.<\/p>\n","protected":false},"excerpt":{"rendered":"<p>Rosa Sanchidri\u00e1n. Directora de la Escuela de Negocios Estema.\u00a0 El segundo informe \u00abEl bar\u00f3metro de innovaci\u00f3n de la<a class=\"moretag\" href=\"https:\/\/empresas.infoempleo.com\/hrtrends\/formacion-al-servicios-de-la-innovacion\/\"> Leer m\u00e1s<\/a><\/p>\n","protected":false},"author":72,"featured_media":15468,"comment_status":"closed","ping_status":"open","sticky":false,"template":"","format":"standard","meta":{"footnotes":""},"categories":[3],"tags":[198,2259,2530],"class_list":["post-15465","post","type-post","status-publish","format-standard","has-post-thumbnail","hentry","category-actualidad","tag-innovacion","tag-newsltter","tag-rosa-sanchidrian"],"yoast_head":"<!-- This site is optimized with the Yoast SEO plugin v26.1.1 - https:\/\/yoast.com\/wordpress\/plugins\/seo\/ -->\n<title>Formaci\u00f3n al servicios de la innovaci\u00f3n | HRTRENDS<\/title>\n<meta name=\"robots\" content=\"index, follow, max-snippet:-1, max-image-preview:large, max-video-preview:-1\" \/>\n<link rel=\"canonical\" href=\"https:\/\/empresas.infoempleo.com\/hrtrends\/formacion-al-servicios-de-la-innovacion\/\" \/>\n<meta property=\"og:locale\" content=\"es_ES\" \/>\n<meta property=\"og:type\" content=\"article\" \/>\n<meta property=\"og:title\" content=\"Formaci\u00f3n al servicios de la innovaci\u00f3n | HRTRENDS\" \/>\n<meta property=\"og:description\" content=\"Rosa Sanchidri\u00e1n. Directora de la Escuela de Negocios Estema.\u00a0 El segundo informe \u00abEl bar\u00f3metro de innovaci\u00f3n de la Leer m\u00e1s\" \/>\n<meta property=\"og:url\" content=\"https:\/\/empresas.infoempleo.com\/hrtrends\/formacion-al-servicios-de-la-innovacion\/\" \/>\n<meta property=\"og:site_name\" content=\"HRTRENDS\" \/>\n<meta property=\"article:publisher\" content=\"https:\/\/www.facebook.com\/Infoempleo\" \/>\n<meta property=\"article:published_time\" content=\"2012-10-01T10:50:03+00:00\" \/>\n<meta property=\"article:modified_time\" content=\"2018-05-23T15:06:58+00:00\" \/>\n<meta property=\"og:image\" content=\"https:\/\/empresas.infoempleo.com\/hrtrends\/media\/2012\/10\/Innovacion.jpg\" \/>\n\t<meta property=\"og:image:width\" content=\"568\" \/>\n\t<meta property=\"og:image:height\" content=\"258\" \/>\n\t<meta property=\"og:image:type\" content=\"image\/jpeg\" \/>\n<meta name=\"author\" content=\"infoempleo\" \/>\n<meta name=\"twitter:card\" content=\"summary_large_image\" \/>\n<meta name=\"twitter:creator\" content=\"@infoempleo\" \/>\n<meta name=\"twitter:site\" content=\"@infoempleo\" \/>\n<meta name=\"twitter:label1\" content=\"Escrito por\" \/>\n\t<meta name=\"twitter:data1\" content=\"infoempleo\" \/>\n\t<meta name=\"twitter:label2\" content=\"Tiempo de lectura\" \/>\n\t<meta name=\"twitter:data2\" content=\"2 minutos\" \/>\n<script type=\"application\/ld+json\" class=\"yoast-schema-graph\">{\"@context\":\"https:\/\/schema.org\",\"@graph\":[{\"@type\":\"NewsArticle\",\"@id\":\"https:\/\/empresas.infoempleo.com\/hrtrends\/formacion-al-servicios-de-la-innovacion\/#article\",\"isPartOf\":{\"@id\":\"https:\/\/empresas.infoempleo.com\/hrtrends\/formacion-al-servicios-de-la-innovacion\/\"},\"author\":{\"name\":\"infoempleo\",\"@id\":\"https:\/\/empresas.infoempleo.com\/hrtrends\/#\/schema\/person\/67d3e276ffcc8b3ae0ebec816daf775a\"},\"headline\":\"Formaci\u00f3n al servicios de la innovaci\u00f3n\",\"datePublished\":\"2012-10-01T10:50:03+00:00\",\"dateModified\":\"2018-05-23T15:06:58+00:00\",\"mainEntityOfPage\":{\"@id\":\"https:\/\/empresas.infoempleo.com\/hrtrends\/formacion-al-servicios-de-la-innovacion\/\"},\"wordCount\":446,\"publisher\":{\"@id\":\"https:\/\/empresas.infoempleo.com\/hrtrends\/#organization\"},\"image\":{\"@id\":\"https:\/\/empresas.infoempleo.com\/hrtrends\/formacion-al-servicios-de-la-innovacion\/#primaryimage\"},\"thumbnailUrl\":\"https:\/\/empresas.infoempleo.com\/hrtrends\/media\/2012\/10\/Innovacion.jpg\",\"keywords\":[\"innovaci\u00f3n\",\"newsltter\",\"Rosa Sanchidri\u00e1n\"],\"articleSection\":[\"Actualidad\"],\"inLanguage\":\"es\",\"copyrightYear\":\"2012\",\"copyrightHolder\":{\"@id\":\"https:\/\/empresas.infoempleo.com\/hrtrends\/#organization\"}},{\"@type\":\"WebPage\",\"@id\":\"https:\/\/empresas.infoempleo.com\/hrtrends\/formacion-al-servicios-de-la-innovacion\/\",\"url\":\"https:\/\/empresas.infoempleo.com\/hrtrends\/formacion-al-servicios-de-la-innovacion\/\",\"name\":\"Formaci\u00f3n al servicios de la innovaci\u00f3n | HRTRENDS\",\"isPartOf\":{\"@id\":\"https:\/\/empresas.infoempleo.com\/hrtrends\/#website\"},\"primaryImageOfPage\":{\"@id\":\"https:\/\/empresas.infoempleo.com\/hrtrends\/formacion-al-servicios-de-la-innovacion\/#primaryimage\"},\"image\":{\"@id\":\"https:\/\/empresas.infoempleo.com\/hrtrends\/formacion-al-servicios-de-la-innovacion\/#primaryimage\"},\"thumbnailUrl\":\"https:\/\/empresas.infoempleo.com\/hrtrends\/media\/2012\/10\/Innovacion.jpg\",\"datePublished\":\"2012-10-01T10:50:03+00:00\",\"dateModified\":\"2018-05-23T15:06:58+00:00\",\"breadcrumb\":{\"@id\":\"https:\/\/empresas.infoempleo.com\/hrtrends\/formacion-al-servicios-de-la-innovacion\/#breadcrumb\"},\"inLanguage\":\"es\",\"potentialAction\":[{\"@type\":\"ReadAction\",\"target\":[\"https:\/\/empresas.infoempleo.com\/hrtrends\/formacion-al-servicios-de-la-innovacion\/\"]}]},{\"@type\":\"ImageObject\",\"inLanguage\":\"es\",\"@id\":\"https:\/\/empresas.infoempleo.com\/hrtrends\/formacion-al-servicios-de-la-innovacion\/#primaryimage\",\"url\":\"https:\/\/empresas.infoempleo.com\/hrtrends\/media\/2012\/10\/Innovacion-150x150.jpg\",\"contentUrl\":\"https:\/\/empresas.infoempleo.com\/hrtrends\/media\/2012\/10\/Innovacion-150x150.jpg\",\"width\":150,\"height\":150},{\"@type\":\"BreadcrumbList\",\"@id\":\"https:\/\/empresas.infoempleo.com\/hrtrends\/formacion-al-servicios-de-la-innovacion\/#breadcrumb\",\"itemListElement\":[{\"@type\":\"ListItem\",\"position\":1,\"name\":\"Portada\",\"item\":\"https:\/\/empresas.infoempleo.com\/hrtrends\/\"},{\"@type\":\"ListItem\",\"position\":2,\"name\":\"Formaci\u00f3n al servicios de la innovaci\u00f3n\"}]},{\"@type\":\"WebSite\",\"@id\":\"https:\/\/empresas.infoempleo.com\/hrtrends\/#website\",\"url\":\"https:\/\/empresas.infoempleo.com\/hrtrends\",\"name\":\"HRTrends by Infoempleo\",\"description\":\"\",\"publisher\":{\"@id\":\"https:\/\/empresas.infoempleo.com\/hrtrends\/#organization\"},\"potentialAction\":{\"@type\":\"SearchAction\",\"target\":\"https:\/\/empresas.infoempleo.com\/hrtrends\/?s={search_term_string}\",\"query-input\":\"required name=search_term_string\"},\"inLanguage\":\"es\"},{\"@type\":\"Organization\",\"@id\":\"https:\/\/empresas.infoempleo.com\/hrtrends\/#organization\",\"name\":\"Infoempleo\",\"url\":\"https:\/\/www.infoempleo.com\/\",\"logo\":{\"@type\":\"ImageObject\",\"@id\":\"https:\/\/empresas.infoempleo.com\/hrtrends\/#logo\",\"inLanguage\":\"es\",\"url\":\"https:\/\/cdnazure.infoempleo.com\/infoempleo\/assets\/style\/gfx\/logo.svg\",\"contentUrl\":\"https:\/\/cdnazure.infoempleo.com\/infoempleo\/assets\/style\/gfx\/logo.svg\",\"width\":150,\"height\":40,\"caption\":\"Infoempleo\"},\"image\":{\"@id\":\"https:\/\/empresas.infoempleo.com\/hrtrends\/#logo\"},\"sameAs\":[\"https:\/\/www.facebook.com\/Infoempleo\",\"https:\/\/x.com\/infoempleo\",\"http:\/\/instagram.com\/infoempleo\/\",\"http:\/\/www.linkedin.com\/groups\/Empleo-Espa\u00f1a-Infoempleocom-111276\",\"http:\/\/pinterest.com\/infoempleo\/\"],\"address\":{\"@type\":\"PostalAddress\",\"addressLocality\":\"Madrid\",\"postalCode\":\"28050\",\"streetAddress\":\"Avenida de Burgos 114\"},\"brand\":[\"Infoempleo\"]},{\"@type\":\"Person\",\"@id\":\"https:\/\/empresas.infoempleo.com\/hrtrends\/#\/schema\/person\/67d3e276ffcc8b3ae0ebec816daf775a\",\"name\":\"infoempleo\",\"image\":{\"@type\":\"ImageObject\",\"inLanguage\":\"es\",\"@id\":\"https:\/\/empresas.infoempleo.com\/hrtrends\/#\/schema\/person\/image\/\",\"url\":\"https:\/\/secure.gravatar.com\/avatar\/7b437777242fe67d2473c2a818da2344692d1ee91e91080ccffbd97bcd4a0975?s=96&d=mm&r=g\",\"contentUrl\":\"https:\/\/secure.gravatar.com\/avatar\/7b437777242fe67d2473c2a818da2344692d1ee91e91080ccffbd97bcd4a0975?s=96&d=mm&r=g\",\"caption\":\"infoempleo\"},\"url\":\"https:\/\/empresas.infoempleo.com\/hrtrends\/author\/infoempleo\/\"}]}<\/script>\n<!-- \/ Yoast SEO plugin. -->","yoast_head_json":{"title":"Formaci\u00f3n al servicios de la innovaci\u00f3n | HRTRENDS","robots":{"index":"index","follow":"follow","max-snippet":"max-snippet:-1","max-image-preview":"max-image-preview:large","max-video-preview":"max-video-preview:-1"},"canonical":"https:\/\/empresas.infoempleo.com\/hrtrends\/formacion-al-servicios-de-la-innovacion\/","og_locale":"es_ES","og_type":"article","og_title":"Formaci\u00f3n al servicios de la innovaci\u00f3n | HRTRENDS","og_description":"Rosa Sanchidri\u00e1n. Directora de la Escuela de Negocios Estema.\u00a0 El segundo informe \u00abEl bar\u00f3metro de innovaci\u00f3n de la Leer m\u00e1s","og_url":"https:\/\/empresas.infoempleo.com\/hrtrends\/formacion-al-servicios-de-la-innovacion\/","og_site_name":"HRTRENDS","article_publisher":"https:\/\/www.facebook.com\/Infoempleo","article_published_time":"2012-10-01T10:50:03+00:00","article_modified_time":"2018-05-23T15:06:58+00:00","og_image":[{"width":568,"height":258,"url":"https:\/\/empresas.infoempleo.com\/hrtrends\/media\/2012\/10\/Innovacion.jpg","type":"image\/jpeg"}],"author":"infoempleo","twitter_card":"summary_large_image","twitter_creator":"@infoempleo","twitter_site":"@infoempleo","twitter_misc":{"Escrito por":"infoempleo","Tiempo de lectura":"2 minutos"},"schema":{"@context":"https:\/\/schema.org","@graph":[{"@type":"NewsArticle","@id":"https:\/\/empresas.infoempleo.com\/hrtrends\/formacion-al-servicios-de-la-innovacion\/#article","isPartOf":{"@id":"https:\/\/empresas.infoempleo.com\/hrtrends\/formacion-al-servicios-de-la-innovacion\/"},"author":{"name":"infoempleo","@id":"https:\/\/empresas.infoempleo.com\/hrtrends\/#\/schema\/person\/67d3e276ffcc8b3ae0ebec816daf775a"},"headline":"Formaci\u00f3n al servicios de la innovaci\u00f3n","datePublished":"2012-10-01T10:50:03+00:00","dateModified":"2018-05-23T15:06:58+00:00","mainEntityOfPage":{"@id":"https:\/\/empresas.infoempleo.com\/hrtrends\/formacion-al-servicios-de-la-innovacion\/"},"wordCount":446,"publisher":{"@id":"https:\/\/empresas.infoempleo.com\/hrtrends\/#organization"},"image":{"@id":"https:\/\/empresas.infoempleo.com\/hrtrends\/formacion-al-servicios-de-la-innovacion\/#primaryimage"},"thumbnailUrl":"https:\/\/empresas.infoempleo.com\/hrtrends\/media\/2012\/10\/Innovacion.jpg","keywords":["innovaci\u00f3n","newsltter","Rosa Sanchidri\u00e1n"],"articleSection":["Actualidad"],"inLanguage":"es","copyrightYear":"2012","copyrightHolder":{"@id":"https:\/\/empresas.infoempleo.com\/hrtrends\/#organization"}},{"@type":"WebPage","@id":"https:\/\/empresas.infoempleo.com\/hrtrends\/formacion-al-servicios-de-la-innovacion\/","url":"https:\/\/empresas.infoempleo.com\/hrtrends\/formacion-al-servicios-de-la-innovacion\/","name":"Formaci\u00f3n al servicios de la innovaci\u00f3n | HRTRENDS","isPartOf":{"@id":"https:\/\/empresas.infoempleo.com\/hrtrends\/#website"},"primaryImageOfPage":{"@id":"https:\/\/empresas.infoempleo.com\/hrtrends\/formacion-al-servicios-de-la-innovacion\/#primaryimage"},"image":{"@id":"https:\/\/empresas.infoempleo.com\/hrtrends\/formacion-al-servicios-de-la-innovacion\/#primaryimage"},"thumbnailUrl":"https:\/\/empresas.infoempleo.com\/hrtrends\/media\/2012\/10\/Innovacion.jpg","datePublished":"2012-10-01T10:50:03+00:00","dateModified":"2018-05-23T15:06:58+00:00","breadcrumb":{"@id":"https:\/\/empresas.infoempleo.com\/hrtrends\/formacion-al-servicios-de-la-innovacion\/#breadcrumb"},"inLanguage":"es","potentialAction":[{"@type":"ReadAction","target":["https:\/\/empresas.infoempleo.com\/hrtrends\/formacion-al-servicios-de-la-innovacion\/"]}]},{"@type":"ImageObject","inLanguage":"es","@id":"https:\/\/empresas.infoempleo.com\/hrtrends\/formacion-al-servicios-de-la-innovacion\/#primaryimage","url":"https:\/\/empresas.infoempleo.com\/hrtrends\/media\/2012\/10\/Innovacion-150x150.jpg","contentUrl":"https:\/\/empresas.infoempleo.com\/hrtrends\/media\/2012\/10\/Innovacion-150x150.jpg","width":150,"height":150},{"@type":"BreadcrumbList","@id":"https:\/\/empresas.infoempleo.com\/hrtrends\/formacion-al-servicios-de-la-innovacion\/#breadcrumb","itemListElement":[{"@type":"ListItem","position":1,"name":"Portada","item":"https:\/\/empresas.infoempleo.com\/hrtrends\/"},{"@type":"ListItem","position":2,"name":"Formaci\u00f3n al servicios de la innovaci\u00f3n"}]},{"@type":"WebSite","@id":"https:\/\/empresas.infoempleo.com\/hrtrends\/#website","url":"https:\/\/empresas.infoempleo.com\/hrtrends","name":"HRTrends by Infoempleo","description":"","publisher":{"@id":"https:\/\/empresas.infoempleo.com\/hrtrends\/#organization"},"potentialAction":{"@type":"SearchAction","target":"https:\/\/empresas.infoempleo.com\/hrtrends\/?s={search_term_string}","query-input":"required name=search_term_string"},"inLanguage":"es"},{"@type":"Organization","@id":"https:\/\/empresas.infoempleo.com\/hrtrends\/#organization","name":"Infoempleo","url":"https:\/\/www.infoempleo.com\/","logo":{"@type":"ImageObject","@id":"https:\/\/empresas.infoempleo.com\/hrtrends\/#logo","inLanguage":"es","url":"https:\/\/cdnazure.infoempleo.com\/infoempleo\/assets\/style\/gfx\/logo.svg","contentUrl":"https:\/\/cdnazure.infoempleo.com\/infoempleo\/assets\/style\/gfx\/logo.svg","width":150,"height":40,"caption":"Infoempleo"},"image":{"@id":"https:\/\/empresas.infoempleo.com\/hrtrends\/#logo"},"sameAs":["https:\/\/www.facebook.com\/Infoempleo","https:\/\/x.com\/infoempleo","http:\/\/instagram.com\/infoempleo\/","http:\/\/www.linkedin.com\/groups\/Empleo-Espa\u00f1a-Infoempleocom-111276","http:\/\/pinterest.com\/infoempleo\/"],"address":{"@type":"PostalAddress","addressLocality":"Madrid","postalCode":"28050","streetAddress":"Avenida de Burgos 114"},"brand":["Infoempleo"]},{"@type":"Person","@id":"https:\/\/empresas.infoempleo.com\/hrtrends\/#\/schema\/person\/67d3e276ffcc8b3ae0ebec816daf775a","name":"infoempleo","image":{"@type":"ImageObject","inLanguage":"es","@id":"https:\/\/empresas.infoempleo.com\/hrtrends\/#\/schema\/person\/image\/","url":"https:\/\/secure.gravatar.com\/avatar\/7b437777242fe67d2473c2a818da2344692d1ee91e91080ccffbd97bcd4a0975?s=96&d=mm&r=g","contentUrl":"https:\/\/secure.gravatar.com\/avatar\/7b437777242fe67d2473c2a818da2344692d1ee91e91080ccffbd97bcd4a0975?s=96&d=mm&r=g","caption":"infoempleo"},"url":"https:\/\/empresas.infoempleo.com\/hrtrends\/author\/infoempleo\/"}]}},"amp_enabled":true,"_links":{"self":[{"href":"https:\/\/empresas.infoempleo.com\/hrtrends\/wp-json\/wp\/v2\/posts\/15465","targetHints":{"allow":["GET"]}}],"collection":[{"href":"https:\/\/empresas.infoempleo.com\/hrtrends\/wp-json\/wp\/v2\/posts"}],"about":[{"href":"https:\/\/empresas.infoempleo.com\/hrtrends\/wp-json\/wp\/v2\/types\/post"}],"author":[{"embeddable":true,"href":"https:\/\/empresas.infoempleo.com\/hrtrends\/wp-json\/wp\/v2\/users\/72"}],"replies":[{"embeddable":true,"href":"https:\/\/empresas.infoempleo.com\/hrtrends\/wp-json\/wp\/v2\/comments?post=15465"}],"version-history":[{"count":0,"href":"https:\/\/empresas.infoempleo.com\/hrtrends\/wp-json\/wp\/v2\/posts\/15465\/revisions"}],"wp:featuredmedia":[{"embeddable":true,"href":"https:\/\/empresas.infoempleo.com\/hrtrends\/wp-json\/wp\/v2\/media\/15468"}],"wp:attachment":[{"href":"https:\/\/empresas.infoempleo.com\/hrtrends\/wp-json\/wp\/v2\/media?parent=15465"}],"wp:term":[{"taxonomy":"category","embeddable":true,"href":"https:\/\/empresas.infoempleo.com\/hrtrends\/wp-json\/wp\/v2\/categories?post=15465"},{"taxonomy":"post_tag","embeddable":true,"href":"https:\/\/empresas.infoempleo.com\/hrtrends\/wp-json\/wp\/v2\/tags?post=15465"}],"curies":[{"name":"wp","href":"https:\/\/api.w.org\/{rel}","templated":true}]}}