{"id":15437,"date":"2012-09-24T10:36:14","date_gmt":"2012-09-24T09:36:14","guid":{"rendered":"http:\/\/blog.infoempleo.com\/?p=15437"},"modified":"2024-08-29T17:43:27","modified_gmt":"2024-08-29T15:43:27","slug":"mba-el-postgrado-de-los-numeros-uno-de-la-empresa","status":"publish","type":"post","link":"https:\/\/empresas.infoempleo.com\/hrtrends\/mba-el-postgrado-de-los-numeros-uno-de-la-empresa\/","title":{"rendered":"MBA, el postgrado de los n\u00fameros uno de la empresa"},"content":{"rendered":"<p>En general, <strong>el Executive MBA (EMBA) sigue siendo el \u2018buque insignia\u2019 de toda escuela de negocios de prestigio<\/strong>. As\u00ed lo cree <strong>Miguel Valiente Blanco, director general de CESMA Business School<\/strong>, y as\u00ed lo valoran tambi\u00e9n otros expertos, como <strong>Sotero Amador, Jefe de Estudios del <a href=\"https:\/\/www.cef.es\/\" target=\"_blank\" rel=\"noopener\">Centro de Estudios Financieros (CEF)<\/a><\/strong>: \u00abEs el que est\u00e1 destinado a los perfiles m\u00e1s altos dentro de la empresa, y el que te capacita para desempe\u00f1ar los puestos de mayor responsabilidad\u00bb. Y es que el Master in Business Administration (MBA), por su nombre en ingl\u00e9s, es algo m\u00e1s que un postgrado, por su profundidad y por su capacidad para generar mecanismos mentales en los alumnos. \u00abDesde su origen, el objetivo esencial de este programa va m\u00e1s all\u00e1 de la mera transmisi\u00f3n de conocimientos, ya que pretende una\u00a0capacitaci\u00f3n m\u00e1s amplia que abarca el desarrollo de la madurez profesional, de la visi\u00f3n global del negocio y, con ello, de las habilidades en el an\u00e1lisis y\u00a0toma de decisiones empresariales\u00bb, explica Valiente. Pero, como Se\u00f1ala Sotero Amador, desde un punto de vista pr\u00e1ctico, el MBA tambi\u00e9n ampl\u00eda las\u00a0posibilidades laborales del alumno: \u00ab<strong>Un MBA te permite crear una red de contactos m\u00e1s variopinta que otros m\u00e1steres.<\/strong> Cuantas m\u00e1s nacionalidades y profesiones est\u00e9n presentes en el aula del MBA m\u00e1s variada e interesante ser\u00e1 la red de contactos\u00bb.<\/p>\n<h3>La experiencia, clave<\/h3>\n<p><strong>El MBA est\u00e1 destinado a profesionales con experiencia, que ya tienen una \u00a0trayectoria profesional, que llevan ya trabajando cinco o diez a\u00f1os y que \u00a0necesitan adquirir conocimientos y habilidades de liderazgo para asumir roles directivos.<\/strong> Esta madurez es clave para poder aprovechar el programa. \u00abEl MBA\u00a0aporta una visi\u00f3n global de las organizaciones que los profesionales no suelen\u00a0tener hasta pasados varios a\u00f1os de carrera con la adecuada experiencia. Este tipo de programa viene a agilizar la transici\u00f3n de mero especialista a mando encargado de gesti\u00f3n de equipos,\u00a0definici\u00f3n de objetivos y de estrategias. Adem\u00e1s, capacita a profesionales que quieran evolucionar hacia el Management\u00bb, explica Sotero Amador,\u00a0del CEF. No es, por tanto, nada extra\u00f1o que el MBA siga siendo el postgrado m\u00e1s valorado por las empresas a nivel de altos cargos. \u00abDesde el punto de vista\u00a0funcional, hoy las empresas siguen valorando el MBA como un factor muy relevante en el curr\u00edculum de un \u00a0profesional, y especialmente el EMBA para profesionales con experiencia\u00bb, observa Miguel Valiente, de CESMA.<\/p>\n<p><strong>El MBA naci\u00f3 en Estados Unidos en una \u00e9poca a caballo entre el siglo XIX y el XX<\/strong>. Escuelas como Wharton School -la escuela de negocios de la Universidad de Pennsylvania-, Harvard Business School o Tuck School of Business -hoy consideradas de las mejores del mundo- son el germen de la formaci\u00f3n para ejecutivos. Su misi\u00f3n era preparar a todos esos hombres de negocios que liderar\u00edan la expansi\u00f3n industrial de Estados Unidos.<\/p>\n<p>Mucho han cambiado las cosas desde entonces, y mucho m\u00e1s en las \u00faltimas d\u00e9cadas. La realidad empresarial es otra y tambi\u00e9n es otra la formaci\u00f3n de los hombres de negocios. \u00bfC\u00f3mo est\u00e1 evolucionando el MBA y hacia d\u00f3nde se dirige? <strong>El programa estrella de los\u00a0postgrados se est\u00e1 especializando y su objetivo ahora es formar a los empresarios de sectores muy concretos<\/strong>. \u00abEstos programas est\u00e1n pensados para personas que tengan muy claro el sector sobre el que quieren profundizar. Sirvan de ejemplo los dirigidos a la Gesti\u00f3n Sanitaria, a la Direcci\u00f3n Hotelera, la Direcci\u00f3n de PYMES, Negocios \u00a0Internacionales, Direcci\u00f3n de empresas tecnol\u00f3gicas, etc\u00bb, dice Sotero \u00a0Amador, del CEF. \u00abNecesariamente, el contenido y enfoque del EMBA seguir\u00e1 evolucionando hacia donde se orienten las\u00a0necesidades de la empresa y sus nuevas realidades\u00bb, a\u00f1ade Miguel Valiente, de CESMA, y se\u00f1ala dos tendencias en la demanda formativa de este programa: \u00abPor un lado, los estudios de m\u00e1s casos empresariales en entornos complejos e internacionales, muy \u00a0caracter\u00edsticos de la realidad actual; por otro, el inter\u00e9s por a\u00f1adir a la visi\u00f3n global de los negocios una capacitaci\u00f3n\u00a0adicional m\u00e1s especializada en un \u00e1rea como marketing o finanzas\u00bb. En esta l\u00ednea, CESMA lanza este a\u00f1o un EMBA con opci\u00f3n de especializaci\u00f3n en Direcci\u00f3n Comercial y Marketing y otro con opci\u00f3n de especializaci\u00f3n en Direcci\u00f3n Financiera y Control. Por poner otro ejemplo, tambi\u00e9n la Nebrija Business School ofrece, adem\u00e1s de su MBA tradicional, un Executive MBA que permite combinar este programa con una especialidad por sectores empresariales.<\/p>\n","protected":false},"excerpt":{"rendered":"<p>En general, el Executive MBA (EMBA) sigue siendo el \u2018buque insignia\u2019 de toda escuela de negocios de prestigio.<a class=\"moretag\" href=\"https:\/\/empresas.infoempleo.com\/hrtrends\/mba-el-postgrado-de-los-numeros-uno-de-la-empresa\/\"> Leer m\u00e1s<\/a><\/p>\n","protected":false},"author":52,"featured_media":15438,"comment_status":"closed","ping_status":"open","sticky":false,"template":"","format":"standard","meta":{"footnotes":""},"categories":[3],"tags":[1012,1019],"class_list":["post-15437","post","type-post","status-publish","format-standard","has-post-thumbnail","hentry","category-actualidad","tag-mba","tag-postgrado"],"yoast_head":"<!-- This site is optimized with the Yoast SEO plugin v26.1.1 - https:\/\/yoast.com\/wordpress\/plugins\/seo\/ -->\n<title>MBA, el postgrado de los n\u00fameros uno de la empresa | HRTRENDS<\/title>\n<meta name=\"robots\" content=\"index, follow, max-snippet:-1, max-image-preview:large, max-video-preview:-1\" \/>\n<link rel=\"canonical\" href=\"https:\/\/empresas.infoempleo.com\/hrtrends\/mba-el-postgrado-de-los-numeros-uno-de-la-empresa\/\" \/>\n<meta property=\"og:locale\" content=\"es_ES\" \/>\n<meta property=\"og:type\" content=\"article\" \/>\n<meta property=\"og:title\" content=\"MBA, el postgrado de los n\u00fameros uno de la empresa | HRTRENDS\" \/>\n<meta property=\"og:description\" content=\"En general, el Executive MBA (EMBA) sigue siendo el \u2018buque insignia\u2019 de toda escuela de negocios de prestigio. Leer m\u00e1s\" \/>\n<meta property=\"og:url\" content=\"https:\/\/empresas.infoempleo.com\/hrtrends\/mba-el-postgrado-de-los-numeros-uno-de-la-empresa\/\" \/>\n<meta property=\"og:site_name\" content=\"HRTRENDS\" \/>\n<meta property=\"article:publisher\" content=\"https:\/\/www.facebook.com\/Infoempleo\" \/>\n<meta property=\"article:published_time\" content=\"2012-09-24T09:36:14+00:00\" \/>\n<meta property=\"article:modified_time\" content=\"2024-08-29T15:43:27+00:00\" \/>\n<meta property=\"og:image\" content=\"https:\/\/empresas.infoempleo.com\/hrtrends\/media\/2012\/09\/MBA.jpg\" \/>\n\t<meta property=\"og:image:width\" content=\"568\" \/>\n\t<meta property=\"og:image:height\" content=\"258\" \/>\n\t<meta property=\"og:image:type\" content=\"image\/jpeg\" \/>\n<meta name=\"author\" content=\"ruben marquez\" \/>\n<meta name=\"twitter:card\" content=\"summary_large_image\" \/>\n<meta name=\"twitter:creator\" content=\"@infoempleo\" \/>\n<meta name=\"twitter:site\" content=\"@infoempleo\" \/>\n<meta name=\"twitter:label1\" content=\"Escrito por\" \/>\n\t<meta name=\"twitter:data1\" content=\"ruben marquez\" \/>\n\t<meta name=\"twitter:label2\" content=\"Tiempo de lectura\" \/>\n\t<meta name=\"twitter:data2\" content=\"4 minutos\" \/>\n<script type=\"application\/ld+json\" class=\"yoast-schema-graph\">{\"@context\":\"https:\/\/schema.org\",\"@graph\":[{\"@type\":\"NewsArticle\",\"@id\":\"https:\/\/empresas.infoempleo.com\/hrtrends\/mba-el-postgrado-de-los-numeros-uno-de-la-empresa\/#article\",\"isPartOf\":{\"@id\":\"https:\/\/empresas.infoempleo.com\/hrtrends\/mba-el-postgrado-de-los-numeros-uno-de-la-empresa\/\"},\"author\":{\"name\":\"ruben marquez\",\"@id\":\"https:\/\/empresas.infoempleo.com\/hrtrends\/#\/schema\/person\/5b3903286b78efd57004978147c83ac3\"},\"headline\":\"MBA, el postgrado de los n\u00fameros uno de la empresa\",\"datePublished\":\"2012-09-24T09:36:14+00:00\",\"dateModified\":\"2024-08-29T15:43:27+00:00\",\"mainEntityOfPage\":{\"@id\":\"https:\/\/empresas.infoempleo.com\/hrtrends\/mba-el-postgrado-de-los-numeros-uno-de-la-empresa\/\"},\"wordCount\":788,\"publisher\":{\"@id\":\"https:\/\/empresas.infoempleo.com\/hrtrends\/#organization\"},\"image\":{\"@id\":\"https:\/\/empresas.infoempleo.com\/hrtrends\/mba-el-postgrado-de-los-numeros-uno-de-la-empresa\/#primaryimage\"},\"thumbnailUrl\":\"https:\/\/empresas.infoempleo.com\/hrtrends\/media\/2012\/09\/MBA.jpg\",\"keywords\":[\"MBA\",\"postgrado\"],\"articleSection\":[\"Actualidad\"],\"inLanguage\":\"es\",\"copyrightYear\":\"2012\",\"copyrightHolder\":{\"@id\":\"https:\/\/empresas.infoempleo.com\/hrtrends\/#organization\"}},{\"@type\":\"WebPage\",\"@id\":\"https:\/\/empresas.infoempleo.com\/hrtrends\/mba-el-postgrado-de-los-numeros-uno-de-la-empresa\/\",\"url\":\"https:\/\/empresas.infoempleo.com\/hrtrends\/mba-el-postgrado-de-los-numeros-uno-de-la-empresa\/\",\"name\":\"MBA, el postgrado de los n\u00fameros uno de la empresa | HRTRENDS\",\"isPartOf\":{\"@id\":\"https:\/\/empresas.infoempleo.com\/hrtrends\/#website\"},\"primaryImageOfPage\":{\"@id\":\"https:\/\/empresas.infoempleo.com\/hrtrends\/mba-el-postgrado-de-los-numeros-uno-de-la-empresa\/#primaryimage\"},\"image\":{\"@id\":\"https:\/\/empresas.infoempleo.com\/hrtrends\/mba-el-postgrado-de-los-numeros-uno-de-la-empresa\/#primaryimage\"},\"thumbnailUrl\":\"https:\/\/empresas.infoempleo.com\/hrtrends\/media\/2012\/09\/MBA.jpg\",\"datePublished\":\"2012-09-24T09:36:14+00:00\",\"dateModified\":\"2024-08-29T15:43:27+00:00\",\"breadcrumb\":{\"@id\":\"https:\/\/empresas.infoempleo.com\/hrtrends\/mba-el-postgrado-de-los-numeros-uno-de-la-empresa\/#breadcrumb\"},\"inLanguage\":\"es\",\"potentialAction\":[{\"@type\":\"ReadAction\",\"target\":[\"https:\/\/empresas.infoempleo.com\/hrtrends\/mba-el-postgrado-de-los-numeros-uno-de-la-empresa\/\"]}]},{\"@type\":\"ImageObject\",\"inLanguage\":\"es\",\"@id\":\"https:\/\/empresas.infoempleo.com\/hrtrends\/mba-el-postgrado-de-los-numeros-uno-de-la-empresa\/#primaryimage\",\"url\":\"https:\/\/empresas.infoempleo.com\/hrtrends\/media\/2012\/09\/MBA-150x150.jpg\",\"contentUrl\":\"https:\/\/empresas.infoempleo.com\/hrtrends\/media\/2012\/09\/MBA-150x150.jpg\",\"width\":150,\"height\":150},{\"@type\":\"BreadcrumbList\",\"@id\":\"https:\/\/empresas.infoempleo.com\/hrtrends\/mba-el-postgrado-de-los-numeros-uno-de-la-empresa\/#breadcrumb\",\"itemListElement\":[{\"@type\":\"ListItem\",\"position\":1,\"name\":\"Portada\",\"item\":\"https:\/\/empresas.infoempleo.com\/hrtrends\/\"},{\"@type\":\"ListItem\",\"position\":2,\"name\":\"MBA, el postgrado de los n\u00fameros uno de la empresa\"}]},{\"@type\":\"WebSite\",\"@id\":\"https:\/\/empresas.infoempleo.com\/hrtrends\/#website\",\"url\":\"https:\/\/empresas.infoempleo.com\/hrtrends\",\"name\":\"HRTrends by Infoempleo\",\"description\":\"\",\"publisher\":{\"@id\":\"https:\/\/empresas.infoempleo.com\/hrtrends\/#organization\"},\"potentialAction\":{\"@type\":\"SearchAction\",\"target\":\"https:\/\/empresas.infoempleo.com\/hrtrends\/?s={search_term_string}\",\"query-input\":\"required name=search_term_string\"},\"inLanguage\":\"es\"},{\"@type\":\"Organization\",\"@id\":\"https:\/\/empresas.infoempleo.com\/hrtrends\/#organization\",\"name\":\"Infoempleo\",\"url\":\"https:\/\/www.infoempleo.com\/\",\"logo\":{\"@type\":\"ImageObject\",\"@id\":\"https:\/\/empresas.infoempleo.com\/hrtrends\/#logo\",\"inLanguage\":\"es\",\"url\":\"https:\/\/cdnazure.infoempleo.com\/infoempleo\/assets\/style\/gfx\/logo.svg\",\"contentUrl\":\"https:\/\/cdnazure.infoempleo.com\/infoempleo\/assets\/style\/gfx\/logo.svg\",\"width\":150,\"height\":40,\"caption\":\"Infoempleo\"},\"image\":{\"@id\":\"https:\/\/empresas.infoempleo.com\/hrtrends\/#logo\"},\"sameAs\":[\"https:\/\/www.facebook.com\/Infoempleo\",\"https:\/\/x.com\/infoempleo\",\"http:\/\/instagram.com\/infoempleo\/\",\"http:\/\/www.linkedin.com\/groups\/Empleo-Espa\u00f1a-Infoempleocom-111276\",\"http:\/\/pinterest.com\/infoempleo\/\"],\"address\":{\"@type\":\"PostalAddress\",\"addressLocality\":\"Madrid\",\"postalCode\":\"28050\",\"streetAddress\":\"Avenida de Burgos 114\"},\"brand\":[\"Infoempleo\"]},{\"@type\":\"Person\",\"@id\":\"https:\/\/empresas.infoempleo.com\/hrtrends\/#\/schema\/person\/5b3903286b78efd57004978147c83ac3\",\"name\":\"ruben marquez\",\"image\":{\"@type\":\"ImageObject\",\"inLanguage\":\"es\",\"@id\":\"https:\/\/empresas.infoempleo.com\/hrtrends\/#\/schema\/person\/image\/\",\"url\":\"https:\/\/secure.gravatar.com\/avatar\/d267ab5c891354ec4988ad241ab3dce50b6eebc6a3ae04dba361419fffa31b8f?s=96&d=mm&r=g\",\"contentUrl\":\"https:\/\/secure.gravatar.com\/avatar\/d267ab5c891354ec4988ad241ab3dce50b6eebc6a3ae04dba361419fffa31b8f?s=96&d=mm&r=g\",\"caption\":\"ruben marquez\"},\"url\":\"https:\/\/empresas.infoempleo.com\/hrtrends\/author\/ruben-marquez\/\"}]}<\/script>\n<!-- \/ Yoast SEO plugin. -->","yoast_head_json":{"title":"MBA, el postgrado de los n\u00fameros uno de la empresa | HRTRENDS","robots":{"index":"index","follow":"follow","max-snippet":"max-snippet:-1","max-image-preview":"max-image-preview:large","max-video-preview":"max-video-preview:-1"},"canonical":"https:\/\/empresas.infoempleo.com\/hrtrends\/mba-el-postgrado-de-los-numeros-uno-de-la-empresa\/","og_locale":"es_ES","og_type":"article","og_title":"MBA, el postgrado de los n\u00fameros uno de la empresa | HRTRENDS","og_description":"En general, el Executive MBA (EMBA) sigue siendo el \u2018buque insignia\u2019 de toda escuela de negocios de prestigio. Leer m\u00e1s","og_url":"https:\/\/empresas.infoempleo.com\/hrtrends\/mba-el-postgrado-de-los-numeros-uno-de-la-empresa\/","og_site_name":"HRTRENDS","article_publisher":"https:\/\/www.facebook.com\/Infoempleo","article_published_time":"2012-09-24T09:36:14+00:00","article_modified_time":"2024-08-29T15:43:27+00:00","og_image":[{"width":568,"height":258,"url":"https:\/\/empresas.infoempleo.com\/hrtrends\/media\/2012\/09\/MBA.jpg","type":"image\/jpeg"}],"author":"ruben marquez","twitter_card":"summary_large_image","twitter_creator":"@infoempleo","twitter_site":"@infoempleo","twitter_misc":{"Escrito por":"ruben marquez","Tiempo de lectura":"4 minutos"},"schema":{"@context":"https:\/\/schema.org","@graph":[{"@type":"NewsArticle","@id":"https:\/\/empresas.infoempleo.com\/hrtrends\/mba-el-postgrado-de-los-numeros-uno-de-la-empresa\/#article","isPartOf":{"@id":"https:\/\/empresas.infoempleo.com\/hrtrends\/mba-el-postgrado-de-los-numeros-uno-de-la-empresa\/"},"author":{"name":"ruben marquez","@id":"https:\/\/empresas.infoempleo.com\/hrtrends\/#\/schema\/person\/5b3903286b78efd57004978147c83ac3"},"headline":"MBA, el postgrado de los n\u00fameros uno de la empresa","datePublished":"2012-09-24T09:36:14+00:00","dateModified":"2024-08-29T15:43:27+00:00","mainEntityOfPage":{"@id":"https:\/\/empresas.infoempleo.com\/hrtrends\/mba-el-postgrado-de-los-numeros-uno-de-la-empresa\/"},"wordCount":788,"publisher":{"@id":"https:\/\/empresas.infoempleo.com\/hrtrends\/#organization"},"image":{"@id":"https:\/\/empresas.infoempleo.com\/hrtrends\/mba-el-postgrado-de-los-numeros-uno-de-la-empresa\/#primaryimage"},"thumbnailUrl":"https:\/\/empresas.infoempleo.com\/hrtrends\/media\/2012\/09\/MBA.jpg","keywords":["MBA","postgrado"],"articleSection":["Actualidad"],"inLanguage":"es","copyrightYear":"2012","copyrightHolder":{"@id":"https:\/\/empresas.infoempleo.com\/hrtrends\/#organization"}},{"@type":"WebPage","@id":"https:\/\/empresas.infoempleo.com\/hrtrends\/mba-el-postgrado-de-los-numeros-uno-de-la-empresa\/","url":"https:\/\/empresas.infoempleo.com\/hrtrends\/mba-el-postgrado-de-los-numeros-uno-de-la-empresa\/","name":"MBA, el postgrado de los n\u00fameros uno de la empresa | HRTRENDS","isPartOf":{"@id":"https:\/\/empresas.infoempleo.com\/hrtrends\/#website"},"primaryImageOfPage":{"@id":"https:\/\/empresas.infoempleo.com\/hrtrends\/mba-el-postgrado-de-los-numeros-uno-de-la-empresa\/#primaryimage"},"image":{"@id":"https:\/\/empresas.infoempleo.com\/hrtrends\/mba-el-postgrado-de-los-numeros-uno-de-la-empresa\/#primaryimage"},"thumbnailUrl":"https:\/\/empresas.infoempleo.com\/hrtrends\/media\/2012\/09\/MBA.jpg","datePublished":"2012-09-24T09:36:14+00:00","dateModified":"2024-08-29T15:43:27+00:00","breadcrumb":{"@id":"https:\/\/empresas.infoempleo.com\/hrtrends\/mba-el-postgrado-de-los-numeros-uno-de-la-empresa\/#breadcrumb"},"inLanguage":"es","potentialAction":[{"@type":"ReadAction","target":["https:\/\/empresas.infoempleo.com\/hrtrends\/mba-el-postgrado-de-los-numeros-uno-de-la-empresa\/"]}]},{"@type":"ImageObject","inLanguage":"es","@id":"https:\/\/empresas.infoempleo.com\/hrtrends\/mba-el-postgrado-de-los-numeros-uno-de-la-empresa\/#primaryimage","url":"https:\/\/empresas.infoempleo.com\/hrtrends\/media\/2012\/09\/MBA-150x150.jpg","contentUrl":"https:\/\/empresas.infoempleo.com\/hrtrends\/media\/2012\/09\/MBA-150x150.jpg","width":150,"height":150},{"@type":"BreadcrumbList","@id":"https:\/\/empresas.infoempleo.com\/hrtrends\/mba-el-postgrado-de-los-numeros-uno-de-la-empresa\/#breadcrumb","itemListElement":[{"@type":"ListItem","position":1,"name":"Portada","item":"https:\/\/empresas.infoempleo.com\/hrtrends\/"},{"@type":"ListItem","position":2,"name":"MBA, el postgrado de los n\u00fameros uno de la empresa"}]},{"@type":"WebSite","@id":"https:\/\/empresas.infoempleo.com\/hrtrends\/#website","url":"https:\/\/empresas.infoempleo.com\/hrtrends","name":"HRTrends by Infoempleo","description":"","publisher":{"@id":"https:\/\/empresas.infoempleo.com\/hrtrends\/#organization"},"potentialAction":{"@type":"SearchAction","target":"https:\/\/empresas.infoempleo.com\/hrtrends\/?s={search_term_string}","query-input":"required name=search_term_string"},"inLanguage":"es"},{"@type":"Organization","@id":"https:\/\/empresas.infoempleo.com\/hrtrends\/#organization","name":"Infoempleo","url":"https:\/\/www.infoempleo.com\/","logo":{"@type":"ImageObject","@id":"https:\/\/empresas.infoempleo.com\/hrtrends\/#logo","inLanguage":"es","url":"https:\/\/cdnazure.infoempleo.com\/infoempleo\/assets\/style\/gfx\/logo.svg","contentUrl":"https:\/\/cdnazure.infoempleo.com\/infoempleo\/assets\/style\/gfx\/logo.svg","width":150,"height":40,"caption":"Infoempleo"},"image":{"@id":"https:\/\/empresas.infoempleo.com\/hrtrends\/#logo"},"sameAs":["https:\/\/www.facebook.com\/Infoempleo","https:\/\/x.com\/infoempleo","http:\/\/instagram.com\/infoempleo\/","http:\/\/www.linkedin.com\/groups\/Empleo-Espa\u00f1a-Infoempleocom-111276","http:\/\/pinterest.com\/infoempleo\/"],"address":{"@type":"PostalAddress","addressLocality":"Madrid","postalCode":"28050","streetAddress":"Avenida de Burgos 114"},"brand":["Infoempleo"]},{"@type":"Person","@id":"https:\/\/empresas.infoempleo.com\/hrtrends\/#\/schema\/person\/5b3903286b78efd57004978147c83ac3","name":"ruben marquez","image":{"@type":"ImageObject","inLanguage":"es","@id":"https:\/\/empresas.infoempleo.com\/hrtrends\/#\/schema\/person\/image\/","url":"https:\/\/secure.gravatar.com\/avatar\/d267ab5c891354ec4988ad241ab3dce50b6eebc6a3ae04dba361419fffa31b8f?s=96&d=mm&r=g","contentUrl":"https:\/\/secure.gravatar.com\/avatar\/d267ab5c891354ec4988ad241ab3dce50b6eebc6a3ae04dba361419fffa31b8f?s=96&d=mm&r=g","caption":"ruben marquez"},"url":"https:\/\/empresas.infoempleo.com\/hrtrends\/author\/ruben-marquez\/"}]}},"amp_enabled":true,"_links":{"self":[{"href":"https:\/\/empresas.infoempleo.com\/hrtrends\/wp-json\/wp\/v2\/posts\/15437","targetHints":{"allow":["GET"]}}],"collection":[{"href":"https:\/\/empresas.infoempleo.com\/hrtrends\/wp-json\/wp\/v2\/posts"}],"about":[{"href":"https:\/\/empresas.infoempleo.com\/hrtrends\/wp-json\/wp\/v2\/types\/post"}],"author":[{"embeddable":true,"href":"https:\/\/empresas.infoempleo.com\/hrtrends\/wp-json\/wp\/v2\/users\/52"}],"replies":[{"embeddable":true,"href":"https:\/\/empresas.infoempleo.com\/hrtrends\/wp-json\/wp\/v2\/comments?post=15437"}],"version-history":[{"count":1,"href":"https:\/\/empresas.infoempleo.com\/hrtrends\/wp-json\/wp\/v2\/posts\/15437\/revisions"}],"predecessor-version":[{"id":44980,"href":"https:\/\/empresas.infoempleo.com\/hrtrends\/wp-json\/wp\/v2\/posts\/15437\/revisions\/44980"}],"wp:featuredmedia":[{"embeddable":true,"href":"https:\/\/empresas.infoempleo.com\/hrtrends\/wp-json\/wp\/v2\/media\/15438"}],"wp:attachment":[{"href":"https:\/\/empresas.infoempleo.com\/hrtrends\/wp-json\/wp\/v2\/media?parent=15437"}],"wp:term":[{"taxonomy":"category","embeddable":true,"href":"https:\/\/empresas.infoempleo.com\/hrtrends\/wp-json\/wp\/v2\/categories?post=15437"},{"taxonomy":"post_tag","embeddable":true,"href":"https:\/\/empresas.infoempleo.com\/hrtrends\/wp-json\/wp\/v2\/tags?post=15437"}],"curies":[{"name":"wp","href":"https:\/\/api.w.org\/{rel}","templated":true}]}}