{"id":15365,"date":"2012-09-10T09:02:08","date_gmt":"2012-09-10T08:02:08","guid":{"rendered":"http:\/\/blog.infoempleo.com\/?p=15365"},"modified":"2024-08-29T17:45:57","modified_gmt":"2024-08-29T15:45:57","slug":"las-empresas-abren-sus-puertas-a-jovenes-flexibles","status":"publish","type":"post","link":"https:\/\/empresas.infoempleo.com\/hrtrends\/las-empresas-abren-sus-puertas-a-jovenes-flexibles\/","title":{"rendered":"Las empresas abren sus puertas a j\u00f3venes flexibles"},"content":{"rendered":"<p><img loading=\"lazy\" decoding=\"async\" class=\"size-full wp-image-15366 aligncenter\" title=\"Flexibilidad\" src=\"https:\/\/empresas.infoempleo.com\/hrtrends\/media\/2012\/09\/Flexibilidad.jpg\" alt=\"\" width=\"406\" height=\"258\" srcset=\"https:\/\/empresas.infoempleo.com\/hrtrends\/media\/2012\/09\/Flexibilidad.jpg 406w, https:\/\/empresas.infoempleo.com\/hrtrends\/media\/2012\/09\/Flexibilidad-300x191.jpg 300w\" sizes=\"auto, (max-width: 406px) 100vw, 406px\" \/><\/p>\n<p>La Real Academia de la Lengua (RAE) dice que flexible es aquel \u00abque en un \u00a0enfrentamiento se pliega confacilidad a la opini\u00f3n, a la voluntad o a la actitud de otro o de otros\u00bb. Otras acepciones que contempla el diccionario \u00a0son m\u00e1s prometedoras, cuando de lo que se habla es de trabajo, de recursos humanos; \u00abque no se sujeta a normas estrictas, a dogmas y a trabas\u00bb o que es \u00absusceptible de cambios o variaciones seg\u00fan las circunstancias o necesidades\u00bb.<\/p>\n<p>Necesit\u00e1bamos conocer el significado exacto porque se acaba de hacer p\u00fablico \u00a0un estudio europeo en el que se analizan las competencias clave para la \u00a0incorporaci\u00f3n de los j\u00f3venes al mercado laboral. El resultado ha sido presentado por pa\u00edses, y <strong>en Espa\u00f1a, la competencia mejor valorada por los profesionales de los recursos humanos ha sido la flexibilidad<\/strong>.<\/p>\n<p>La <a href=\"http:\/\/www.aedipe.es\/\" target=\"_blank\" rel=\"noopener\">Asociaci\u00f3n Espa\u00f1ola de Direcci\u00f3n y Desarrollo de Personas (AEDIPE)<\/a> ha colaborado en este proyecto de investigaci\u00f3n para, una vez conocidas estas competencias, trabajarlas a trav\u00e9s de programas de \u2018coaching\u2019, es decir, t\u00e9cnicas que gestionan el potencial de las personas. Su <strong>secretaria general y directora t\u00e9cnica del Foro Iberoamericano de Recursos Humanos, Mar\u00eda Jes\u00fas P\u00e9rez<\/strong>, explica que lo primero que hicieron fue ponerse de acuerdo en lo que entend\u00edan por flexibilidad, una suma de habilidades sin desperdicio:\u00a0\u00abla capacidad para adaptarse al ambiente empresarial, m\u00e1s la capacidad para\u00a0aprender de los clientes con los que trabajamos y poder modificar en un momento determinado las metas y objetivos a conseguir, m\u00e1s la\u00a0habilidad para comprender el contexto y poder adaptarnos al nuevo entornode forma r\u00e1pida y eficiente\u00bb.<\/p>\n<p>\u00abEste sumatorio fue objeto de bastantes discusiones internas entre los equipos \u00a0de cada pa\u00eds que formamos parte del proyecto\u00bb, explica la secretaria general de <a href=\"https:\/\/www.asociacion-centro.org\/\" target=\"_blank\" rel=\"noopener\">AEDIPE Centro<\/a>. \u00abPara las empresas participantes de Austria, Espa\u00f1a y Alemania, la capacidad de entender\u00a0el cambio, adaptarse y trabajar sobre \u00e9l de forma r\u00e1pida y eficiente ha resultado unacompetenciaclaveenm\u00e1s de un 60%\u00bb, a\u00f1ade P\u00e9rez.<\/p>\n<p>\u00abTodo eso estar\u00eda muy bien si no fuera porque a m\u00ed esta pretendida \u00a0&#8216;flexibilidad\u2019 que hoy interesa tanto a los empresarios me suena un tanto a cuento\u00bb, explica <strong>Gabriela Jadraque, documentalista e historiadora<\/strong> que desde \u00a0hace dos a\u00f1os trabaja de forma eventual en proyectos de investigaci\u00f3n mientras busca sin\u00a0desmayo un empleo. \u00abCreo que casi todos entendemos a qu\u00e9 ser refieren \u2013a\u00f1ade\u2013. Quieren personas capaces de aceptar condiciones que nunca antes habr\u00edan aceptado y sueldos que ni nos hubi\u00e9ramos planteado\u00bb.<\/p>\n<h3>Bien interpretado<\/h3>\n<p>Comparten sus reservas los responsables de la <a href=\"https:\/\/www.uso.es\/\" target=\"_blank\" rel=\"noopener\">Uni\u00f3n Sindical Obrera (USO)<\/a>. Su <strong>secretario confederal de Relaciones Institucionales, Jos\u00e9 Luis Fern\u00e1ndez Santillana<\/strong>, puntualiza que \u00abhay que dejar claro que la flexibilidad, tal y como parece entenderse, no es propiamente una competencia profesional y, por tanto, <strong>si lo que se pretende\u00a0es tener personas trabajando sin un horario de referencia o con unas condiciones laborales y salariales que el empresario pueda cambiar unilateralmente,\u00a0estar\u00edamos simplemente convirtiendo la supuesta flexibilidad en una moderna esclavitud<\/strong>\u00bb.<\/p>\n<p>Este peligro est\u00e1 en la mente de muchos que ven c\u00f3mo las ofertas escasean, mientras las condiciones son cada vez m\u00e1s leoninas. Pese a todo, no olvida Fern\u00e1ndez Santillana las necesidades del mercado laboral, por lo que puntualiza a rengl\u00f3n seguido;\u00a0\u00ab<strong>hay un concepto de flexibilidad que debe ser bien interpretado tanto por los j\u00f3venes, como por los empleadores.<\/strong> Es aquel que facilita la adaptaci\u00f3n a distintos puestos de trabajo. El que posibilita horarios flexibles e incluso\u00a0el trabajo realizado desde el domicilio\u00bb.<\/p>\n<h3>\u00bfSaber o habilidad?<\/h3>\n<p>El panorama laboral ha dado un giro radical en los \u00faltimos a\u00f1os y los nuevos \u00a0profesionales de todas las \u00e1reas sufren especialmente con este cambio. \u00abLos j\u00f3venes actuales han preferido formarse m\u00e1s e incorporarse m\u00e1s tarde al mercado de trabajo. Esto lo conocen bien las empresas y, en una situaci\u00f3n \u00a0como la vivida antes de la crisis actual, donde se hablaba de pleno empleo, era l\u00f3gico que la experiencia laboral se retrasase \u00bb, explica Mar\u00eda Jes\u00fas P\u00e9rez. En cuanto al orden de prioridad que da la empresa espa\u00f1ola a ciertas habilidades\u00a0de sus trabajadores, la secretaria general de AEDIPE Centro es rotunda. \u00abEn todos los casos el siguiente: <strong>habilidad para adaptarse al entorno, inteligencia emocional, comunicaci\u00f3n y autonom\u00eda<\/strong>\u00bb. En otros pa\u00edses europeos, estas habilidades pasan a otro\u00a0plano y lo que prima es la experiencia. Es el caso de Francia y Austria.<\/p>\n<p>A pesar de este cambio de tendencia, desde el sindicato USO apuestan \u00a0claramente por la formaci\u00f3n de los profesionales. \u00abCon respecto a los j\u00f3venes, existe actualmente una dualidad entre quienes tienen una gran formaci\u00f3n y aquellos que no han alcanzado los m\u00ednimos para acreditar una cualificaci\u00f3n profesional. No es de recibo que, en el contexto actual, un joven abandone el\u00a0sistema educativo sin obtener un certificado de profesionalidad\u00bb, se duele Jos\u00e9 Luis Fern\u00e1ndez Santillana, quien considera que hay que potenciar\u00a0\u00aba trav\u00e9s del sistema educativo \u00bb las competencias transversales, \u00abaquellas que\u00a0afectan a multitud de puestos\u00a0de trabajo: la capacidad de organizaci\u00f3n del trabajo, la resoluci\u00f3n de problemas, la responsabilidad y el trabajo en equipo\u00bb. A su juicio, \u00abhay que cambiar la cultura de la presencia por la de la eficiencia. Ello mejorar\u00eda notablemente\u00a0los ratios de productividad\u00bb.<\/p>\n","protected":false},"excerpt":{"rendered":"<p>La Real Academia de la Lengua (RAE) dice que flexible es aquel \u00abque en un \u00a0enfrentamiento se pliega<a class=\"moretag\" href=\"https:\/\/empresas.infoempleo.com\/hrtrends\/las-empresas-abren-sus-puertas-a-jovenes-flexibles\/\"> Leer m\u00e1s<\/a><\/p>\n","protected":false},"author":31,"featured_media":15366,"comment_status":"closed","ping_status":"open","sticky":false,"template":"","format":"standard","meta":{"footnotes":""},"categories":[3],"tags":[162,1841,37],"class_list":["post-15365","post","type-post","status-publish","format-standard","has-post-thumbnail","hentry","category-actualidad","tag-empleo","tag-flexibilidad","tag-trabajo"],"yoast_head":"<!-- This site is optimized with the Yoast SEO plugin v26.1.1 - https:\/\/yoast.com\/wordpress\/plugins\/seo\/ -->\n<title>Las empresas abren sus puertas a j\u00f3venes flexibles | HRTRENDS<\/title>\n<meta name=\"robots\" content=\"index, follow, max-snippet:-1, max-image-preview:large, max-video-preview:-1\" \/>\n<link rel=\"canonical\" href=\"https:\/\/empresas.infoempleo.com\/hrtrends\/las-empresas-abren-sus-puertas-a-jovenes-flexibles\/\" \/>\n<meta property=\"og:locale\" content=\"es_ES\" \/>\n<meta property=\"og:type\" content=\"article\" \/>\n<meta property=\"og:title\" content=\"Las empresas abren sus puertas a j\u00f3venes flexibles | HRTRENDS\" \/>\n<meta property=\"og:description\" content=\"La Real Academia de la Lengua (RAE) dice que flexible es aquel \u00abque en un \u00a0enfrentamiento se pliega Leer m\u00e1s\" \/>\n<meta property=\"og:url\" content=\"https:\/\/empresas.infoempleo.com\/hrtrends\/las-empresas-abren-sus-puertas-a-jovenes-flexibles\/\" \/>\n<meta property=\"og:site_name\" content=\"HRTRENDS\" \/>\n<meta property=\"article:publisher\" content=\"https:\/\/www.facebook.com\/Infoempleo\" \/>\n<meta property=\"article:published_time\" content=\"2012-09-10T08:02:08+00:00\" \/>\n<meta property=\"article:modified_time\" content=\"2024-08-29T15:45:57+00:00\" \/>\n<meta property=\"og:image\" content=\"https:\/\/empresas.infoempleo.com\/hrtrends\/media\/2012\/09\/Flexibilidad.jpg\" \/>\n\t<meta property=\"og:image:width\" content=\"406\" \/>\n\t<meta property=\"og:image:height\" content=\"258\" \/>\n\t<meta property=\"og:image:type\" content=\"image\/jpeg\" \/>\n<meta name=\"author\" content=\"In\u00e9s Molina\" \/>\n<meta name=\"twitter:card\" content=\"summary_large_image\" \/>\n<meta name=\"twitter:creator\" content=\"@infoempleo\" \/>\n<meta name=\"twitter:site\" content=\"@infoempleo\" \/>\n<meta name=\"twitter:label1\" content=\"Escrito por\" \/>\n\t<meta name=\"twitter:data1\" content=\"In\u00e9s Molina\" \/>\n\t<meta name=\"twitter:label2\" content=\"Tiempo de lectura\" \/>\n\t<meta name=\"twitter:data2\" content=\"5 minutos\" \/>\n<script type=\"application\/ld+json\" class=\"yoast-schema-graph\">{\"@context\":\"https:\/\/schema.org\",\"@graph\":[{\"@type\":\"NewsArticle\",\"@id\":\"https:\/\/empresas.infoempleo.com\/hrtrends\/las-empresas-abren-sus-puertas-a-jovenes-flexibles\/#article\",\"isPartOf\":{\"@id\":\"https:\/\/empresas.infoempleo.com\/hrtrends\/las-empresas-abren-sus-puertas-a-jovenes-flexibles\/\"},\"author\":{\"name\":\"In\u00e9s Molina\",\"@id\":\"https:\/\/empresas.infoempleo.com\/hrtrends\/#\/schema\/person\/b7a6badf8a824bd871816199d4073051\"},\"headline\":\"Las empresas abren sus puertas a j\u00f3venes flexibles\",\"datePublished\":\"2012-09-10T08:02:08+00:00\",\"dateModified\":\"2024-08-29T15:45:57+00:00\",\"mainEntityOfPage\":{\"@id\":\"https:\/\/empresas.infoempleo.com\/hrtrends\/las-empresas-abren-sus-puertas-a-jovenes-flexibles\/\"},\"wordCount\":923,\"publisher\":{\"@id\":\"https:\/\/empresas.infoempleo.com\/hrtrends\/#organization\"},\"image\":{\"@id\":\"https:\/\/empresas.infoempleo.com\/hrtrends\/las-empresas-abren-sus-puertas-a-jovenes-flexibles\/#primaryimage\"},\"thumbnailUrl\":\"https:\/\/empresas.infoempleo.com\/hrtrends\/media\/2012\/09\/Flexibilidad.jpg\",\"keywords\":[\"Empleo\",\"flexibilidad\",\"trabajo\"],\"articleSection\":[\"Actualidad\"],\"inLanguage\":\"es\",\"copyrightYear\":\"2012\",\"copyrightHolder\":{\"@id\":\"https:\/\/empresas.infoempleo.com\/hrtrends\/#organization\"}},{\"@type\":\"WebPage\",\"@id\":\"https:\/\/empresas.infoempleo.com\/hrtrends\/las-empresas-abren-sus-puertas-a-jovenes-flexibles\/\",\"url\":\"https:\/\/empresas.infoempleo.com\/hrtrends\/las-empresas-abren-sus-puertas-a-jovenes-flexibles\/\",\"name\":\"Las empresas abren sus puertas a j\u00f3venes flexibles | HRTRENDS\",\"isPartOf\":{\"@id\":\"https:\/\/empresas.infoempleo.com\/hrtrends\/#website\"},\"primaryImageOfPage\":{\"@id\":\"https:\/\/empresas.infoempleo.com\/hrtrends\/las-empresas-abren-sus-puertas-a-jovenes-flexibles\/#primaryimage\"},\"image\":{\"@id\":\"https:\/\/empresas.infoempleo.com\/hrtrends\/las-empresas-abren-sus-puertas-a-jovenes-flexibles\/#primaryimage\"},\"thumbnailUrl\":\"https:\/\/empresas.infoempleo.com\/hrtrends\/media\/2012\/09\/Flexibilidad.jpg\",\"datePublished\":\"2012-09-10T08:02:08+00:00\",\"dateModified\":\"2024-08-29T15:45:57+00:00\",\"breadcrumb\":{\"@id\":\"https:\/\/empresas.infoempleo.com\/hrtrends\/las-empresas-abren-sus-puertas-a-jovenes-flexibles\/#breadcrumb\"},\"inLanguage\":\"es\",\"potentialAction\":[{\"@type\":\"ReadAction\",\"target\":[\"https:\/\/empresas.infoempleo.com\/hrtrends\/las-empresas-abren-sus-puertas-a-jovenes-flexibles\/\"]}]},{\"@type\":\"ImageObject\",\"inLanguage\":\"es\",\"@id\":\"https:\/\/empresas.infoempleo.com\/hrtrends\/las-empresas-abren-sus-puertas-a-jovenes-flexibles\/#primaryimage\",\"url\":\"https:\/\/empresas.infoempleo.com\/hrtrends\/media\/2012\/09\/Flexibilidad-150x150.jpg\",\"contentUrl\":\"https:\/\/empresas.infoempleo.com\/hrtrends\/media\/2012\/09\/Flexibilidad-150x150.jpg\",\"width\":150,\"height\":150},{\"@type\":\"BreadcrumbList\",\"@id\":\"https:\/\/empresas.infoempleo.com\/hrtrends\/las-empresas-abren-sus-puertas-a-jovenes-flexibles\/#breadcrumb\",\"itemListElement\":[{\"@type\":\"ListItem\",\"position\":1,\"name\":\"Portada\",\"item\":\"https:\/\/empresas.infoempleo.com\/hrtrends\/\"},{\"@type\":\"ListItem\",\"position\":2,\"name\":\"Las empresas abren sus puertas a j\u00f3venes flexibles\"}]},{\"@type\":\"WebSite\",\"@id\":\"https:\/\/empresas.infoempleo.com\/hrtrends\/#website\",\"url\":\"https:\/\/empresas.infoempleo.com\/hrtrends\",\"name\":\"HRTrends by Infoempleo\",\"description\":\"\",\"publisher\":{\"@id\":\"https:\/\/empresas.infoempleo.com\/hrtrends\/#organization\"},\"potentialAction\":{\"@type\":\"SearchAction\",\"target\":\"https:\/\/empresas.infoempleo.com\/hrtrends\/?s={search_term_string}\",\"query-input\":\"required name=search_term_string\"},\"inLanguage\":\"es\"},{\"@type\":\"Organization\",\"@id\":\"https:\/\/empresas.infoempleo.com\/hrtrends\/#organization\",\"name\":\"Infoempleo\",\"url\":\"https:\/\/www.infoempleo.com\/\",\"logo\":{\"@type\":\"ImageObject\",\"@id\":\"https:\/\/empresas.infoempleo.com\/hrtrends\/#logo\",\"inLanguage\":\"es\",\"url\":\"https:\/\/cdnazure.infoempleo.com\/infoempleo\/assets\/style\/gfx\/logo.svg\",\"contentUrl\":\"https:\/\/cdnazure.infoempleo.com\/infoempleo\/assets\/style\/gfx\/logo.svg\",\"width\":150,\"height\":40,\"caption\":\"Infoempleo\"},\"image\":{\"@id\":\"https:\/\/empresas.infoempleo.com\/hrtrends\/#logo\"},\"sameAs\":[\"https:\/\/www.facebook.com\/Infoempleo\",\"https:\/\/x.com\/infoempleo\",\"http:\/\/instagram.com\/infoempleo\/\",\"http:\/\/www.linkedin.com\/groups\/Empleo-Espa\u00f1a-Infoempleocom-111276\",\"http:\/\/pinterest.com\/infoempleo\/\"],\"address\":{\"@type\":\"PostalAddress\",\"addressLocality\":\"Madrid\",\"postalCode\":\"28050\",\"streetAddress\":\"Avenida de Burgos 114\"},\"brand\":[\"Infoempleo\"]},{\"@type\":\"Person\",\"@id\":\"https:\/\/empresas.infoempleo.com\/hrtrends\/#\/schema\/person\/b7a6badf8a824bd871816199d4073051\",\"name\":\"In\u00e9s Molina\",\"image\":{\"@type\":\"ImageObject\",\"inLanguage\":\"es\",\"@id\":\"https:\/\/empresas.infoempleo.com\/hrtrends\/#\/schema\/person\/image\/\",\"url\":\"https:\/\/secure.gravatar.com\/avatar\/91ea6cf86c6b79f9f6f4d22793ffcbb45c9376d3b1a923126559ea4a8544b7b3?s=96&d=mm&r=g\",\"contentUrl\":\"https:\/\/secure.gravatar.com\/avatar\/91ea6cf86c6b79f9f6f4d22793ffcbb45c9376d3b1a923126559ea4a8544b7b3?s=96&d=mm&r=g\",\"caption\":\"In\u00e9s Molina\"},\"url\":\"https:\/\/empresas.infoempleo.com\/hrtrends\/author\/ines-molina\/\"}]}<\/script>\n<!-- \/ Yoast SEO plugin. -->","yoast_head_json":{"title":"Las empresas abren sus puertas a j\u00f3venes flexibles | HRTRENDS","robots":{"index":"index","follow":"follow","max-snippet":"max-snippet:-1","max-image-preview":"max-image-preview:large","max-video-preview":"max-video-preview:-1"},"canonical":"https:\/\/empresas.infoempleo.com\/hrtrends\/las-empresas-abren-sus-puertas-a-jovenes-flexibles\/","og_locale":"es_ES","og_type":"article","og_title":"Las empresas abren sus puertas a j\u00f3venes flexibles | HRTRENDS","og_description":"La Real Academia de la Lengua (RAE) dice que flexible es aquel \u00abque en un \u00a0enfrentamiento se pliega Leer m\u00e1s","og_url":"https:\/\/empresas.infoempleo.com\/hrtrends\/las-empresas-abren-sus-puertas-a-jovenes-flexibles\/","og_site_name":"HRTRENDS","article_publisher":"https:\/\/www.facebook.com\/Infoempleo","article_published_time":"2012-09-10T08:02:08+00:00","article_modified_time":"2024-08-29T15:45:57+00:00","og_image":[{"width":406,"height":258,"url":"https:\/\/empresas.infoempleo.com\/hrtrends\/media\/2012\/09\/Flexibilidad.jpg","type":"image\/jpeg"}],"author":"In\u00e9s Molina","twitter_card":"summary_large_image","twitter_creator":"@infoempleo","twitter_site":"@infoempleo","twitter_misc":{"Escrito por":"In\u00e9s Molina","Tiempo de lectura":"5 minutos"},"schema":{"@context":"https:\/\/schema.org","@graph":[{"@type":"NewsArticle","@id":"https:\/\/empresas.infoempleo.com\/hrtrends\/las-empresas-abren-sus-puertas-a-jovenes-flexibles\/#article","isPartOf":{"@id":"https:\/\/empresas.infoempleo.com\/hrtrends\/las-empresas-abren-sus-puertas-a-jovenes-flexibles\/"},"author":{"name":"In\u00e9s Molina","@id":"https:\/\/empresas.infoempleo.com\/hrtrends\/#\/schema\/person\/b7a6badf8a824bd871816199d4073051"},"headline":"Las empresas abren sus puertas a j\u00f3venes flexibles","datePublished":"2012-09-10T08:02:08+00:00","dateModified":"2024-08-29T15:45:57+00:00","mainEntityOfPage":{"@id":"https:\/\/empresas.infoempleo.com\/hrtrends\/las-empresas-abren-sus-puertas-a-jovenes-flexibles\/"},"wordCount":923,"publisher":{"@id":"https:\/\/empresas.infoempleo.com\/hrtrends\/#organization"},"image":{"@id":"https:\/\/empresas.infoempleo.com\/hrtrends\/las-empresas-abren-sus-puertas-a-jovenes-flexibles\/#primaryimage"},"thumbnailUrl":"https:\/\/empresas.infoempleo.com\/hrtrends\/media\/2012\/09\/Flexibilidad.jpg","keywords":["Empleo","flexibilidad","trabajo"],"articleSection":["Actualidad"],"inLanguage":"es","copyrightYear":"2012","copyrightHolder":{"@id":"https:\/\/empresas.infoempleo.com\/hrtrends\/#organization"}},{"@type":"WebPage","@id":"https:\/\/empresas.infoempleo.com\/hrtrends\/las-empresas-abren-sus-puertas-a-jovenes-flexibles\/","url":"https:\/\/empresas.infoempleo.com\/hrtrends\/las-empresas-abren-sus-puertas-a-jovenes-flexibles\/","name":"Las empresas abren sus puertas a j\u00f3venes flexibles | HRTRENDS","isPartOf":{"@id":"https:\/\/empresas.infoempleo.com\/hrtrends\/#website"},"primaryImageOfPage":{"@id":"https:\/\/empresas.infoempleo.com\/hrtrends\/las-empresas-abren-sus-puertas-a-jovenes-flexibles\/#primaryimage"},"image":{"@id":"https:\/\/empresas.infoempleo.com\/hrtrends\/las-empresas-abren-sus-puertas-a-jovenes-flexibles\/#primaryimage"},"thumbnailUrl":"https:\/\/empresas.infoempleo.com\/hrtrends\/media\/2012\/09\/Flexibilidad.jpg","datePublished":"2012-09-10T08:02:08+00:00","dateModified":"2024-08-29T15:45:57+00:00","breadcrumb":{"@id":"https:\/\/empresas.infoempleo.com\/hrtrends\/las-empresas-abren-sus-puertas-a-jovenes-flexibles\/#breadcrumb"},"inLanguage":"es","potentialAction":[{"@type":"ReadAction","target":["https:\/\/empresas.infoempleo.com\/hrtrends\/las-empresas-abren-sus-puertas-a-jovenes-flexibles\/"]}]},{"@type":"ImageObject","inLanguage":"es","@id":"https:\/\/empresas.infoempleo.com\/hrtrends\/las-empresas-abren-sus-puertas-a-jovenes-flexibles\/#primaryimage","url":"https:\/\/empresas.infoempleo.com\/hrtrends\/media\/2012\/09\/Flexibilidad-150x150.jpg","contentUrl":"https:\/\/empresas.infoempleo.com\/hrtrends\/media\/2012\/09\/Flexibilidad-150x150.jpg","width":150,"height":150},{"@type":"BreadcrumbList","@id":"https:\/\/empresas.infoempleo.com\/hrtrends\/las-empresas-abren-sus-puertas-a-jovenes-flexibles\/#breadcrumb","itemListElement":[{"@type":"ListItem","position":1,"name":"Portada","item":"https:\/\/empresas.infoempleo.com\/hrtrends\/"},{"@type":"ListItem","position":2,"name":"Las empresas abren sus puertas a j\u00f3venes flexibles"}]},{"@type":"WebSite","@id":"https:\/\/empresas.infoempleo.com\/hrtrends\/#website","url":"https:\/\/empresas.infoempleo.com\/hrtrends","name":"HRTrends by Infoempleo","description":"","publisher":{"@id":"https:\/\/empresas.infoempleo.com\/hrtrends\/#organization"},"potentialAction":{"@type":"SearchAction","target":"https:\/\/empresas.infoempleo.com\/hrtrends\/?s={search_term_string}","query-input":"required name=search_term_string"},"inLanguage":"es"},{"@type":"Organization","@id":"https:\/\/empresas.infoempleo.com\/hrtrends\/#organization","name":"Infoempleo","url":"https:\/\/www.infoempleo.com\/","logo":{"@type":"ImageObject","@id":"https:\/\/empresas.infoempleo.com\/hrtrends\/#logo","inLanguage":"es","url":"https:\/\/cdnazure.infoempleo.com\/infoempleo\/assets\/style\/gfx\/logo.svg","contentUrl":"https:\/\/cdnazure.infoempleo.com\/infoempleo\/assets\/style\/gfx\/logo.svg","width":150,"height":40,"caption":"Infoempleo"},"image":{"@id":"https:\/\/empresas.infoempleo.com\/hrtrends\/#logo"},"sameAs":["https:\/\/www.facebook.com\/Infoempleo","https:\/\/x.com\/infoempleo","http:\/\/instagram.com\/infoempleo\/","http:\/\/www.linkedin.com\/groups\/Empleo-Espa\u00f1a-Infoempleocom-111276","http:\/\/pinterest.com\/infoempleo\/"],"address":{"@type":"PostalAddress","addressLocality":"Madrid","postalCode":"28050","streetAddress":"Avenida de Burgos 114"},"brand":["Infoempleo"]},{"@type":"Person","@id":"https:\/\/empresas.infoempleo.com\/hrtrends\/#\/schema\/person\/b7a6badf8a824bd871816199d4073051","name":"In\u00e9s Molina","image":{"@type":"ImageObject","inLanguage":"es","@id":"https:\/\/empresas.infoempleo.com\/hrtrends\/#\/schema\/person\/image\/","url":"https:\/\/secure.gravatar.com\/avatar\/91ea6cf86c6b79f9f6f4d22793ffcbb45c9376d3b1a923126559ea4a8544b7b3?s=96&d=mm&r=g","contentUrl":"https:\/\/secure.gravatar.com\/avatar\/91ea6cf86c6b79f9f6f4d22793ffcbb45c9376d3b1a923126559ea4a8544b7b3?s=96&d=mm&r=g","caption":"In\u00e9s Molina"},"url":"https:\/\/empresas.infoempleo.com\/hrtrends\/author\/ines-molina\/"}]}},"amp_enabled":true,"_links":{"self":[{"href":"https:\/\/empresas.infoempleo.com\/hrtrends\/wp-json\/wp\/v2\/posts\/15365","targetHints":{"allow":["GET"]}}],"collection":[{"href":"https:\/\/empresas.infoempleo.com\/hrtrends\/wp-json\/wp\/v2\/posts"}],"about":[{"href":"https:\/\/empresas.infoempleo.com\/hrtrends\/wp-json\/wp\/v2\/types\/post"}],"author":[{"embeddable":true,"href":"https:\/\/empresas.infoempleo.com\/hrtrends\/wp-json\/wp\/v2\/users\/31"}],"replies":[{"embeddable":true,"href":"https:\/\/empresas.infoempleo.com\/hrtrends\/wp-json\/wp\/v2\/comments?post=15365"}],"version-history":[{"count":1,"href":"https:\/\/empresas.infoempleo.com\/hrtrends\/wp-json\/wp\/v2\/posts\/15365\/revisions"}],"predecessor-version":[{"id":45128,"href":"https:\/\/empresas.infoempleo.com\/hrtrends\/wp-json\/wp\/v2\/posts\/15365\/revisions\/45128"}],"wp:featuredmedia":[{"embeddable":true,"href":"https:\/\/empresas.infoempleo.com\/hrtrends\/wp-json\/wp\/v2\/media\/15366"}],"wp:attachment":[{"href":"https:\/\/empresas.infoempleo.com\/hrtrends\/wp-json\/wp\/v2\/media?parent=15365"}],"wp:term":[{"taxonomy":"category","embeddable":true,"href":"https:\/\/empresas.infoempleo.com\/hrtrends\/wp-json\/wp\/v2\/categories?post=15365"},{"taxonomy":"post_tag","embeddable":true,"href":"https:\/\/empresas.infoempleo.com\/hrtrends\/wp-json\/wp\/v2\/tags?post=15365"}],"curies":[{"name":"wp","href":"https:\/\/api.w.org\/{rel}","templated":true}]}}