{"id":15263,"date":"2012-07-09T11:11:30","date_gmt":"2012-07-09T10:11:30","guid":{"rendered":"http:\/\/blog.infoempleo.com\/?p=15263"},"modified":"2018-05-23T17:07:59","modified_gmt":"2018-05-23T15:07:59","slug":"mucho-que-aprender","status":"publish","type":"post","link":"https:\/\/empresas.infoempleo.com\/hrtrends\/mucho-que-aprender\/","title":{"rendered":"Mucho que aprender"},"content":{"rendered":"<p style=\"text-align: left;\"><img loading=\"lazy\" decoding=\"async\" class=\"alignnone size-full wp-image-15264\" title=\"Juan \u00c1ngel Narv\u00e1ez\" src=\"https:\/\/empresas.infoempleo.com\/hrtrends\/media\/2012\/07\/JuanAngelNarvaez.jpg\" alt=\"\" width=\"90\" height=\"117\" \/><\/p>\n<h3>Juan \u00c1ngel Narv\u00e1ez, director general de la C\u00e1mara Internacional de Empresarios de Barcelona.<\/h3>\n<p style=\"text-align: left;\">En la <a href=\"https:\/\/ciebarcelona.com\/\" target=\"_blank\">C\u00e1mara Internacional de Empresarios\u00a0de Barcelona<\/a> (CIE Barcelona)\u00a0hemos notado un ligero ascenso\u00a0proporcional de nuevos empresarios procedente de otros pa\u00edses, principalmente\u00a0de Europa y Latinoam\u00e9rica. Son\u00a0personas afincadas en Espa\u00f1a desde hace 5, 10 a\u00f1os o m\u00e1s, muchas de ellas con familias\u00a0creadas y establecidas aqu\u00ed. <strong>Alemanes, franceses,\u00a0brit\u00e1nicos, venezolanos, colombianos\u00a0y argentinos son las nacionalidades m\u00e1s\u00a0proclives a crear y mantener empresas. <\/strong><\/p>\n<p>En los programas de Formaci\u00f3n para el\u00a0Emprendimiento de CIE Barcelona notamos\u00a0actitudes y formas de ver el proyecto\u00a0empresarial de una manera distinta respecto\u00a0de los emprendedores propios de Espa\u00f1a.\u00a0Notamos un arrojo especial, generado por\u00a0aspectos como no contar con el apoyo familiar\u00a0o de amigos de toda la vida. Ante el cierre\u00a0del cr\u00e9dito, el empresario espa\u00f1ol recurre\u00a0a su familia, \u00abhacen pi\u00f1a\u00bb, como se dice,\u00a0algo con lo que no cuenta el emprendedor\u00a0que llega, que lo obliga a recorrer un camino\u00a0mucho m\u00e1s largo, a buscar m\u00e1s recursos, a\u00a0ser m\u00e1s met\u00f3dico y a rentabilizar m\u00e1s y mejor\u00a0sus contactos y relaciones.<\/p>\n<p>Aunque la crisis est\u00e1 mostrando que\u00a0\u00abcrear empresa\u00bb es una opci\u00f3n \u00a0profesional\u00a0clara \u2013y ya casi obligatoria\u2013, por contra vemos\u00a0que en el emprendedor espa\u00f1ol sigue\u00a0estando muy marcada la cultura del \u00abempleo\u00a0para toda la vida\u00bb que su generaci\u00f3n\u00a0anterior le inculca. Muchos padres de emprendedores\u00a0de entre 25 y 45 a\u00f1os contin\u00faan\u00a0deseando que su hijo deje esa idea loca\u00a0de trabajar por su cuenta, que ojal\u00e1 encuentre\u00a0un empleo, una hipoteca y una vejez\u00a0tranquila. Un discurso permanente, contundente\u00a0y claro que, aunque no lo quiera,\u00a0hace eco en la actitud del que quiere romper\u00a0con la tradici\u00f3n.<\/p>\n<p><strong>La decisi\u00f3n de hacer la maleta y cortar de\u00a0un tajo con todo un entorno de confort para\u00a0comenzar de cero en otro pa\u00eds es ya en s\u00ed\u00a0misma una empresa.<\/strong> Guardando las proporciones\u00a0y separando la parte rom\u00e1ntica de la\u00a0opci\u00f3n de emigrar, el que viaja tiene un\u00a0plan, unos recursos normalmente muy limitados, \u00a0un plan de ventas personal, unos\u00a0plazos y unos objetivos que cumplir y un\u00a0principal cliente: \u00e9l mismo. Como se puede\u00a0ver son elementos propios de una empresa,\u00a0que le dan un bagaje intr\u00ednseco especial que\u00a0con el tiempo lo va sacando y poniendo en\u00a0pr\u00e1ctica. El miedo al fracaso, el volver a empezar,\u00a0la adaptaci\u00f3n al cambio, nuevas reglas\u00a0de juego comercial son ejercicios del \u00a0emprendimiento que el que llega los viene\u00a0practicando desde antes de llegar. La crisis,\u00a0por tanto, se asume de otra manera: es una\u00a0de las tantas aguas m\u00e1s a las que se est\u00e1\u00a0acostumbrado a navegar.<\/p>\n","protected":false},"excerpt":{"rendered":"<p>Juan \u00c1ngel Narv\u00e1ez, director general de la C\u00e1mara Internacional de Empresarios de Barcelona. En la C\u00e1mara Internacional de<a class=\"moretag\" href=\"https:\/\/empresas.infoempleo.com\/hrtrends\/mucho-que-aprender\/\"> Leer m\u00e1s<\/a><\/p>\n","protected":false},"author":72,"featured_media":15266,"comment_status":"closed","ping_status":"open","sticky":false,"template":"","format":"standard","meta":{"footnotes":""},"categories":[3],"tags":[162],"class_list":["post-15263","post","type-post","status-publish","format-standard","has-post-thumbnail","hentry","category-actualidad","tag-empleo"],"yoast_head":"<!-- This site is optimized with the Yoast SEO plugin v26.1.1 - https:\/\/yoast.com\/wordpress\/plugins\/seo\/ -->\n<title>Mucho que aprender | HRTRENDS<\/title>\n<meta name=\"robots\" content=\"index, follow, max-snippet:-1, max-image-preview:large, max-video-preview:-1\" \/>\n<link rel=\"canonical\" href=\"https:\/\/empresas.infoempleo.com\/hrtrends\/mucho-que-aprender\/\" \/>\n<meta property=\"og:locale\" content=\"es_ES\" \/>\n<meta property=\"og:type\" content=\"article\" \/>\n<meta property=\"og:title\" content=\"Mucho que aprender | HRTRENDS\" \/>\n<meta property=\"og:description\" content=\"Juan \u00c1ngel Narv\u00e1ez, director general de la C\u00e1mara Internacional de Empresarios de Barcelona. En la C\u00e1mara Internacional de Leer m\u00e1s\" \/>\n<meta property=\"og:url\" content=\"https:\/\/empresas.infoempleo.com\/hrtrends\/mucho-que-aprender\/\" \/>\n<meta property=\"og:site_name\" content=\"HRTRENDS\" \/>\n<meta property=\"article:publisher\" content=\"https:\/\/www.facebook.com\/Infoempleo\" \/>\n<meta property=\"article:published_time\" content=\"2012-07-09T10:11:30+00:00\" \/>\n<meta property=\"article:modified_time\" content=\"2018-05-23T15:07:59+00:00\" \/>\n<meta property=\"og:image\" content=\"https:\/\/empresas.infoempleo.com\/hrtrends\/media\/2012\/07\/Emprendedores.jpg\" \/>\n\t<meta property=\"og:image:width\" content=\"568\" \/>\n\t<meta property=\"og:image:height\" content=\"259\" \/>\n\t<meta property=\"og:image:type\" content=\"image\/jpeg\" \/>\n<meta name=\"author\" content=\"infoempleo\" \/>\n<meta name=\"twitter:card\" content=\"summary_large_image\" \/>\n<meta name=\"twitter:creator\" content=\"@infoempleo\" \/>\n<meta name=\"twitter:site\" content=\"@infoempleo\" \/>\n<meta name=\"twitter:label1\" content=\"Escrito por\" \/>\n\t<meta name=\"twitter:data1\" content=\"infoempleo\" \/>\n\t<meta name=\"twitter:label2\" content=\"Tiempo de lectura\" \/>\n\t<meta name=\"twitter:data2\" content=\"2 minutos\" \/>\n<script type=\"application\/ld+json\" class=\"yoast-schema-graph\">{\"@context\":\"https:\/\/schema.org\",\"@graph\":[{\"@type\":\"NewsArticle\",\"@id\":\"https:\/\/empresas.infoempleo.com\/hrtrends\/mucho-que-aprender\/#article\",\"isPartOf\":{\"@id\":\"https:\/\/empresas.infoempleo.com\/hrtrends\/mucho-que-aprender\/\"},\"author\":{\"name\":\"infoempleo\",\"@id\":\"https:\/\/empresas.infoempleo.com\/hrtrends\/#\/schema\/person\/67d3e276ffcc8b3ae0ebec816daf775a\"},\"headline\":\"Mucho que aprender\",\"datePublished\":\"2012-07-09T10:11:30+00:00\",\"dateModified\":\"2018-05-23T15:07:59+00:00\",\"mainEntityOfPage\":{\"@id\":\"https:\/\/empresas.infoempleo.com\/hrtrends\/mucho-que-aprender\/\"},\"wordCount\":477,\"publisher\":{\"@id\":\"https:\/\/empresas.infoempleo.com\/hrtrends\/#organization\"},\"image\":{\"@id\":\"https:\/\/empresas.infoempleo.com\/hrtrends\/mucho-que-aprender\/#primaryimage\"},\"thumbnailUrl\":\"https:\/\/empresas.infoempleo.com\/hrtrends\/media\/2012\/07\/Emprendedores.jpg\",\"keywords\":[\"Empleo\"],\"articleSection\":[\"Actualidad\"],\"inLanguage\":\"es\",\"copyrightYear\":\"2012\",\"copyrightHolder\":{\"@id\":\"https:\/\/empresas.infoempleo.com\/hrtrends\/#organization\"}},{\"@type\":\"WebPage\",\"@id\":\"https:\/\/empresas.infoempleo.com\/hrtrends\/mucho-que-aprender\/\",\"url\":\"https:\/\/empresas.infoempleo.com\/hrtrends\/mucho-que-aprender\/\",\"name\":\"Mucho que aprender | HRTRENDS\",\"isPartOf\":{\"@id\":\"https:\/\/empresas.infoempleo.com\/hrtrends\/#website\"},\"primaryImageOfPage\":{\"@id\":\"https:\/\/empresas.infoempleo.com\/hrtrends\/mucho-que-aprender\/#primaryimage\"},\"image\":{\"@id\":\"https:\/\/empresas.infoempleo.com\/hrtrends\/mucho-que-aprender\/#primaryimage\"},\"thumbnailUrl\":\"https:\/\/empresas.infoempleo.com\/hrtrends\/media\/2012\/07\/Emprendedores.jpg\",\"datePublished\":\"2012-07-09T10:11:30+00:00\",\"dateModified\":\"2018-05-23T15:07:59+00:00\",\"breadcrumb\":{\"@id\":\"https:\/\/empresas.infoempleo.com\/hrtrends\/mucho-que-aprender\/#breadcrumb\"},\"inLanguage\":\"es\",\"potentialAction\":[{\"@type\":\"ReadAction\",\"target\":[\"https:\/\/empresas.infoempleo.com\/hrtrends\/mucho-que-aprender\/\"]}]},{\"@type\":\"ImageObject\",\"inLanguage\":\"es\",\"@id\":\"https:\/\/empresas.infoempleo.com\/hrtrends\/mucho-que-aprender\/#primaryimage\",\"url\":\"https:\/\/empresas.infoempleo.com\/hrtrends\/media\/2012\/07\/Emprendedores-150x150.jpg\",\"contentUrl\":\"https:\/\/empresas.infoempleo.com\/hrtrends\/media\/2012\/07\/Emprendedores-150x150.jpg\",\"width\":150,\"height\":150},{\"@type\":\"BreadcrumbList\",\"@id\":\"https:\/\/empresas.infoempleo.com\/hrtrends\/mucho-que-aprender\/#breadcrumb\",\"itemListElement\":[{\"@type\":\"ListItem\",\"position\":1,\"name\":\"Portada\",\"item\":\"https:\/\/empresas.infoempleo.com\/hrtrends\/\"},{\"@type\":\"ListItem\",\"position\":2,\"name\":\"Mucho que aprender\"}]},{\"@type\":\"WebSite\",\"@id\":\"https:\/\/empresas.infoempleo.com\/hrtrends\/#website\",\"url\":\"https:\/\/empresas.infoempleo.com\/hrtrends\",\"name\":\"HRTrends by Infoempleo\",\"description\":\"\",\"publisher\":{\"@id\":\"https:\/\/empresas.infoempleo.com\/hrtrends\/#organization\"},\"potentialAction\":{\"@type\":\"SearchAction\",\"target\":\"https:\/\/empresas.infoempleo.com\/hrtrends\/?s={search_term_string}\",\"query-input\":\"required name=search_term_string\"},\"inLanguage\":\"es\"},{\"@type\":\"Organization\",\"@id\":\"https:\/\/empresas.infoempleo.com\/hrtrends\/#organization\",\"name\":\"Infoempleo\",\"url\":\"https:\/\/www.infoempleo.com\/\",\"logo\":{\"@type\":\"ImageObject\",\"@id\":\"https:\/\/empresas.infoempleo.com\/hrtrends\/#logo\",\"inLanguage\":\"es\",\"url\":\"https:\/\/cdnazure.infoempleo.com\/infoempleo\/assets\/style\/gfx\/logo.svg\",\"contentUrl\":\"https:\/\/cdnazure.infoempleo.com\/infoempleo\/assets\/style\/gfx\/logo.svg\",\"width\":150,\"height\":40,\"caption\":\"Infoempleo\"},\"image\":{\"@id\":\"https:\/\/empresas.infoempleo.com\/hrtrends\/#logo\"},\"sameAs\":[\"https:\/\/www.facebook.com\/Infoempleo\",\"https:\/\/x.com\/infoempleo\",\"http:\/\/instagram.com\/infoempleo\/\",\"http:\/\/www.linkedin.com\/groups\/Empleo-Espa\u00f1a-Infoempleocom-111276\",\"http:\/\/pinterest.com\/infoempleo\/\"],\"address\":{\"@type\":\"PostalAddress\",\"addressLocality\":\"Madrid\",\"postalCode\":\"28050\",\"streetAddress\":\"Avenida de Burgos 114\"},\"brand\":[\"Infoempleo\"]},{\"@type\":\"Person\",\"@id\":\"https:\/\/empresas.infoempleo.com\/hrtrends\/#\/schema\/person\/67d3e276ffcc8b3ae0ebec816daf775a\",\"name\":\"infoempleo\",\"image\":{\"@type\":\"ImageObject\",\"inLanguage\":\"es\",\"@id\":\"https:\/\/empresas.infoempleo.com\/hrtrends\/#\/schema\/person\/image\/\",\"url\":\"https:\/\/secure.gravatar.com\/avatar\/7b437777242fe67d2473c2a818da2344692d1ee91e91080ccffbd97bcd4a0975?s=96&d=mm&r=g\",\"contentUrl\":\"https:\/\/secure.gravatar.com\/avatar\/7b437777242fe67d2473c2a818da2344692d1ee91e91080ccffbd97bcd4a0975?s=96&d=mm&r=g\",\"caption\":\"infoempleo\"},\"url\":\"https:\/\/empresas.infoempleo.com\/hrtrends\/author\/infoempleo\/\"}]}<\/script>\n<!-- \/ Yoast SEO plugin. -->","yoast_head_json":{"title":"Mucho que aprender | HRTRENDS","robots":{"index":"index","follow":"follow","max-snippet":"max-snippet:-1","max-image-preview":"max-image-preview:large","max-video-preview":"max-video-preview:-1"},"canonical":"https:\/\/empresas.infoempleo.com\/hrtrends\/mucho-que-aprender\/","og_locale":"es_ES","og_type":"article","og_title":"Mucho que aprender | HRTRENDS","og_description":"Juan \u00c1ngel Narv\u00e1ez, director general de la C\u00e1mara Internacional de Empresarios de Barcelona. En la C\u00e1mara Internacional de Leer m\u00e1s","og_url":"https:\/\/empresas.infoempleo.com\/hrtrends\/mucho-que-aprender\/","og_site_name":"HRTRENDS","article_publisher":"https:\/\/www.facebook.com\/Infoempleo","article_published_time":"2012-07-09T10:11:30+00:00","article_modified_time":"2018-05-23T15:07:59+00:00","og_image":[{"width":568,"height":259,"url":"https:\/\/empresas.infoempleo.com\/hrtrends\/media\/2012\/07\/Emprendedores.jpg","type":"image\/jpeg"}],"author":"infoempleo","twitter_card":"summary_large_image","twitter_creator":"@infoempleo","twitter_site":"@infoempleo","twitter_misc":{"Escrito por":"infoempleo","Tiempo de lectura":"2 minutos"},"schema":{"@context":"https:\/\/schema.org","@graph":[{"@type":"NewsArticle","@id":"https:\/\/empresas.infoempleo.com\/hrtrends\/mucho-que-aprender\/#article","isPartOf":{"@id":"https:\/\/empresas.infoempleo.com\/hrtrends\/mucho-que-aprender\/"},"author":{"name":"infoempleo","@id":"https:\/\/empresas.infoempleo.com\/hrtrends\/#\/schema\/person\/67d3e276ffcc8b3ae0ebec816daf775a"},"headline":"Mucho que aprender","datePublished":"2012-07-09T10:11:30+00:00","dateModified":"2018-05-23T15:07:59+00:00","mainEntityOfPage":{"@id":"https:\/\/empresas.infoempleo.com\/hrtrends\/mucho-que-aprender\/"},"wordCount":477,"publisher":{"@id":"https:\/\/empresas.infoempleo.com\/hrtrends\/#organization"},"image":{"@id":"https:\/\/empresas.infoempleo.com\/hrtrends\/mucho-que-aprender\/#primaryimage"},"thumbnailUrl":"https:\/\/empresas.infoempleo.com\/hrtrends\/media\/2012\/07\/Emprendedores.jpg","keywords":["Empleo"],"articleSection":["Actualidad"],"inLanguage":"es","copyrightYear":"2012","copyrightHolder":{"@id":"https:\/\/empresas.infoempleo.com\/hrtrends\/#organization"}},{"@type":"WebPage","@id":"https:\/\/empresas.infoempleo.com\/hrtrends\/mucho-que-aprender\/","url":"https:\/\/empresas.infoempleo.com\/hrtrends\/mucho-que-aprender\/","name":"Mucho que aprender | HRTRENDS","isPartOf":{"@id":"https:\/\/empresas.infoempleo.com\/hrtrends\/#website"},"primaryImageOfPage":{"@id":"https:\/\/empresas.infoempleo.com\/hrtrends\/mucho-que-aprender\/#primaryimage"},"image":{"@id":"https:\/\/empresas.infoempleo.com\/hrtrends\/mucho-que-aprender\/#primaryimage"},"thumbnailUrl":"https:\/\/empresas.infoempleo.com\/hrtrends\/media\/2012\/07\/Emprendedores.jpg","datePublished":"2012-07-09T10:11:30+00:00","dateModified":"2018-05-23T15:07:59+00:00","breadcrumb":{"@id":"https:\/\/empresas.infoempleo.com\/hrtrends\/mucho-que-aprender\/#breadcrumb"},"inLanguage":"es","potentialAction":[{"@type":"ReadAction","target":["https:\/\/empresas.infoempleo.com\/hrtrends\/mucho-que-aprender\/"]}]},{"@type":"ImageObject","inLanguage":"es","@id":"https:\/\/empresas.infoempleo.com\/hrtrends\/mucho-que-aprender\/#primaryimage","url":"https:\/\/empresas.infoempleo.com\/hrtrends\/media\/2012\/07\/Emprendedores-150x150.jpg","contentUrl":"https:\/\/empresas.infoempleo.com\/hrtrends\/media\/2012\/07\/Emprendedores-150x150.jpg","width":150,"height":150},{"@type":"BreadcrumbList","@id":"https:\/\/empresas.infoempleo.com\/hrtrends\/mucho-que-aprender\/#breadcrumb","itemListElement":[{"@type":"ListItem","position":1,"name":"Portada","item":"https:\/\/empresas.infoempleo.com\/hrtrends\/"},{"@type":"ListItem","position":2,"name":"Mucho que aprender"}]},{"@type":"WebSite","@id":"https:\/\/empresas.infoempleo.com\/hrtrends\/#website","url":"https:\/\/empresas.infoempleo.com\/hrtrends","name":"HRTrends by Infoempleo","description":"","publisher":{"@id":"https:\/\/empresas.infoempleo.com\/hrtrends\/#organization"},"potentialAction":{"@type":"SearchAction","target":"https:\/\/empresas.infoempleo.com\/hrtrends\/?s={search_term_string}","query-input":"required name=search_term_string"},"inLanguage":"es"},{"@type":"Organization","@id":"https:\/\/empresas.infoempleo.com\/hrtrends\/#organization","name":"Infoempleo","url":"https:\/\/www.infoempleo.com\/","logo":{"@type":"ImageObject","@id":"https:\/\/empresas.infoempleo.com\/hrtrends\/#logo","inLanguage":"es","url":"https:\/\/cdnazure.infoempleo.com\/infoempleo\/assets\/style\/gfx\/logo.svg","contentUrl":"https:\/\/cdnazure.infoempleo.com\/infoempleo\/assets\/style\/gfx\/logo.svg","width":150,"height":40,"caption":"Infoempleo"},"image":{"@id":"https:\/\/empresas.infoempleo.com\/hrtrends\/#logo"},"sameAs":["https:\/\/www.facebook.com\/Infoempleo","https:\/\/x.com\/infoempleo","http:\/\/instagram.com\/infoempleo\/","http:\/\/www.linkedin.com\/groups\/Empleo-Espa\u00f1a-Infoempleocom-111276","http:\/\/pinterest.com\/infoempleo\/"],"address":{"@type":"PostalAddress","addressLocality":"Madrid","postalCode":"28050","streetAddress":"Avenida de Burgos 114"},"brand":["Infoempleo"]},{"@type":"Person","@id":"https:\/\/empresas.infoempleo.com\/hrtrends\/#\/schema\/person\/67d3e276ffcc8b3ae0ebec816daf775a","name":"infoempleo","image":{"@type":"ImageObject","inLanguage":"es","@id":"https:\/\/empresas.infoempleo.com\/hrtrends\/#\/schema\/person\/image\/","url":"https:\/\/secure.gravatar.com\/avatar\/7b437777242fe67d2473c2a818da2344692d1ee91e91080ccffbd97bcd4a0975?s=96&d=mm&r=g","contentUrl":"https:\/\/secure.gravatar.com\/avatar\/7b437777242fe67d2473c2a818da2344692d1ee91e91080ccffbd97bcd4a0975?s=96&d=mm&r=g","caption":"infoempleo"},"url":"https:\/\/empresas.infoempleo.com\/hrtrends\/author\/infoempleo\/"}]}},"amp_enabled":true,"_links":{"self":[{"href":"https:\/\/empresas.infoempleo.com\/hrtrends\/wp-json\/wp\/v2\/posts\/15263","targetHints":{"allow":["GET"]}}],"collection":[{"href":"https:\/\/empresas.infoempleo.com\/hrtrends\/wp-json\/wp\/v2\/posts"}],"about":[{"href":"https:\/\/empresas.infoempleo.com\/hrtrends\/wp-json\/wp\/v2\/types\/post"}],"author":[{"embeddable":true,"href":"https:\/\/empresas.infoempleo.com\/hrtrends\/wp-json\/wp\/v2\/users\/72"}],"replies":[{"embeddable":true,"href":"https:\/\/empresas.infoempleo.com\/hrtrends\/wp-json\/wp\/v2\/comments?post=15263"}],"version-history":[{"count":0,"href":"https:\/\/empresas.infoempleo.com\/hrtrends\/wp-json\/wp\/v2\/posts\/15263\/revisions"}],"wp:featuredmedia":[{"embeddable":true,"href":"https:\/\/empresas.infoempleo.com\/hrtrends\/wp-json\/wp\/v2\/media\/15266"}],"wp:attachment":[{"href":"https:\/\/empresas.infoempleo.com\/hrtrends\/wp-json\/wp\/v2\/media?parent=15263"}],"wp:term":[{"taxonomy":"category","embeddable":true,"href":"https:\/\/empresas.infoempleo.com\/hrtrends\/wp-json\/wp\/v2\/categories?post=15263"},{"taxonomy":"post_tag","embeddable":true,"href":"https:\/\/empresas.infoempleo.com\/hrtrends\/wp-json\/wp\/v2\/tags?post=15263"}],"curies":[{"name":"wp","href":"https:\/\/api.w.org\/{rel}","templated":true}]}}