{"id":15208,"date":"2012-06-25T10:53:56","date_gmt":"2012-06-25T09:53:56","guid":{"rendered":"http:\/\/blog.infoempleo.com\/?p=15208"},"modified":"2018-05-23T17:08:54","modified_gmt":"2018-05-23T15:08:54","slug":"previsiones-de-empleo-demasiado-optimistas","status":"publish","type":"post","link":"https:\/\/empresas.infoempleo.com\/hrtrends\/previsiones-de-empleo-demasiado-optimistas\/","title":{"rendered":"\u00bfPrevisiones de empleo demasiado optimistas?"},"content":{"rendered":"<p style=\"text-align: justify;\"><strong>La implantaci\u00f3n de las nuevas\u00a0tecnolog\u00edas (TIC) podr\u00eda\u00a0crear hasta 218.000 empleos\u00a0en Espa\u00f1a de aqu\u00ed a 2020. <\/strong>Adem\u00e1s, implicar\u00eda un ahorro\u00a0potencial de m\u00e1s de\u00a0600.000 millones de euros,\u00a0a los que habr\u00eda que a\u00f1adir\u00a065.000 millones m\u00e1s de nuevos\u00a0ingresos, que se generar\u00edan\u00a0mediante la creaci\u00f3n de\u00a0nuevos negocios. Estas cifras\u00a0provienen del informe\u00a0<strong>\u00abSpain 20.20\u00bb<\/strong>, elaborado por\u00a0el <a href=\"https:\/\/www.clubsostenibilidad.org\/\" target=\"_blank\">Club de Excelencia en Sostenibilidad<\/a> \u2013una asociaci\u00f3n\u00a0empresarial formada por un\u00a0grupo de veintid\u00f3s grandes\u00a0compa\u00f1\u00edas que apuestan por\u00a0el crecimiento sostenible\u2013 y\u00a0diez partners.<\/p>\n<p>Aunque se trata\u00a0de previsiones, quiz\u00e1 son\u00a0demasiado optimistas, teniendo\u00a0en cuenta en qu\u00e9 situaci\u00f3n\u00a0est\u00e1 la econom\u00eda del\u00a0pa\u00eds. <strong>Los autores del informe\u00a0aseguran que, para llegar a\u00a0este panorama ideal, habr\u00eda\u00a0que invertir m\u00e1s de 137.000millones de euros y contar\u00a0con \u00abla voluntad y la valent\u00eda\u00a0de la sociedad en general\u00a0y de que se antepongan los\u00a0intereses comunes a los individuales,\u00a0con la colaboraci\u00f3n\u00a0a largo plazo de todos los\u00a0agentes implicados\u00bb<\/strong>, como\u00a0ha asegurado <strong>Ingemar Naeve, presidente de la Comisi\u00f3n\u00a0de TIC y Sostenibilidad\u00a0del Club y presidente de Ericsson\u00a0Espa\u00f1a<\/strong>.<\/p>\n<p>Sin embargo, estas cifras\u00a0parecen chocar con las previsiones\u00a0de las autoridades \u00a0econ\u00f3micas. Recientemente,\u00a0el Fondo Monetario Internacional\u00a0dijo que, en 2017,\u00a0Espa\u00f1a todav\u00eda tendr\u00e1 una\u00a0tasa de desempleo del 20%,\u00a0lo que dar\u00eda al traste con algunas\u00a0de estas previsiones.<\/p>\n<p>Son muchas las instituciones,\u00a0organismos y agentes\u00a0que ofrecen previsiones sobre\u00a0el futuro del empleo. Por\u00a0ejemplo, Randstad prev\u00e9 que\u00a0durante la \u00a0campa\u00f1a de verano se firmen m\u00e1s de medio\u00a0mill\u00f3n de nuevos contratos,\u00a0un \u00a02% m\u00e1s que el a\u00f1o pasado.\u00a0Teniendo en cuenta que\u00a0el empleo estacional de la\u00a0campa\u00f1a de verano se basa,\u00a0en gran medida, en el turismo,\u00a0hay un problema, ya que\u00a0los indicadores del Banco de \u00a0Espa\u00f1a han previsto que el sector continuar\u00e1 en el segundo\u00a0trimestre la ca\u00edda que \u00a0ya hab\u00eda comenzado en el primero.\u00a0En abril, la entrada de \u00a0turistas no residentes cay\u00f3\u00a0un 1,7%, y el n\u00famero de pernoctaciones \u00a0hoteleras de viajeros\u00a0procedentes del extranjero\u00a0baj\u00f3 un 4,6%, seg\u00fan la\u00a0Encuesta de Ocupaci\u00f3n Hotelera.\u00a0<strong>Al final, lo que hay que\u00a0tener en cuenta es de que se \u00a0trata de previsiones y, siempre,\u00a0est\u00e1n sujetas al discurrir\u00a0de la realidad. <\/strong><\/p>\n","protected":false},"excerpt":{"rendered":"<p>La implantaci\u00f3n de las nuevas\u00a0tecnolog\u00edas (TIC) podr\u00eda\u00a0crear hasta 218.000 empleos\u00a0en Espa\u00f1a de aqu\u00ed a 2020. Adem\u00e1s, implicar\u00eda un<a class=\"moretag\" href=\"https:\/\/empresas.infoempleo.com\/hrtrends\/previsiones-de-empleo-demasiado-optimistas\/\"> Leer m\u00e1s<\/a><\/p>\n","protected":false},"author":52,"featured_media":15209,"comment_status":"closed","ping_status":"open","sticky":false,"template":"","format":"standard","meta":{"footnotes":""},"categories":[3],"tags":[162,2343,37],"class_list":["post-15208","post","type-post","status-publish","format-standard","has-post-thumbnail","hentry","category-actualidad","tag-empleo","tag-previsiones","tag-trabajo"],"yoast_head":"<!-- This site is optimized with the Yoast SEO plugin v26.1.1 - https:\/\/yoast.com\/wordpress\/plugins\/seo\/ -->\n<title>\u00bfPrevisiones de empleo demasiado optimistas? | HRTRENDS<\/title>\n<meta name=\"robots\" content=\"index, follow, max-snippet:-1, max-image-preview:large, max-video-preview:-1\" \/>\n<link rel=\"canonical\" href=\"https:\/\/empresas.infoempleo.com\/hrtrends\/previsiones-de-empleo-demasiado-optimistas\/\" \/>\n<meta property=\"og:locale\" content=\"es_ES\" \/>\n<meta property=\"og:type\" content=\"article\" \/>\n<meta property=\"og:title\" content=\"\u00bfPrevisiones de empleo demasiado optimistas? | HRTRENDS\" \/>\n<meta property=\"og:description\" content=\"La implantaci\u00f3n de las nuevas\u00a0tecnolog\u00edas (TIC) podr\u00eda\u00a0crear hasta 218.000 empleos\u00a0en Espa\u00f1a de aqu\u00ed a 2020. Adem\u00e1s, implicar\u00eda un Leer m\u00e1s\" \/>\n<meta property=\"og:url\" content=\"https:\/\/empresas.infoempleo.com\/hrtrends\/previsiones-de-empleo-demasiado-optimistas\/\" \/>\n<meta property=\"og:site_name\" content=\"HRTRENDS\" \/>\n<meta property=\"article:publisher\" content=\"https:\/\/www.facebook.com\/Infoempleo\" \/>\n<meta property=\"article:published_time\" content=\"2012-06-25T09:53:56+00:00\" \/>\n<meta property=\"article:modified_time\" content=\"2018-05-23T15:08:54+00:00\" \/>\n<meta property=\"og:image\" content=\"https:\/\/empresas.infoempleo.com\/hrtrends\/media\/2012\/06\/Empleo.jpg\" \/>\n\t<meta property=\"og:image:width\" content=\"568\" \/>\n\t<meta property=\"og:image:height\" content=\"258\" \/>\n\t<meta property=\"og:image:type\" content=\"image\/jpeg\" \/>\n<meta name=\"author\" content=\"ruben marquez\" \/>\n<meta name=\"twitter:card\" content=\"summary_large_image\" \/>\n<meta name=\"twitter:creator\" content=\"@infoempleo\" \/>\n<meta name=\"twitter:site\" content=\"@infoempleo\" \/>\n<meta name=\"twitter:label1\" content=\"Escrito por\" \/>\n\t<meta name=\"twitter:data1\" content=\"ruben marquez\" \/>\n\t<meta name=\"twitter:label2\" content=\"Tiempo de lectura\" \/>\n\t<meta name=\"twitter:data2\" content=\"2 minutos\" \/>\n<script type=\"application\/ld+json\" class=\"yoast-schema-graph\">{\"@context\":\"https:\/\/schema.org\",\"@graph\":[{\"@type\":\"NewsArticle\",\"@id\":\"https:\/\/empresas.infoempleo.com\/hrtrends\/previsiones-de-empleo-demasiado-optimistas\/#article\",\"isPartOf\":{\"@id\":\"https:\/\/empresas.infoempleo.com\/hrtrends\/previsiones-de-empleo-demasiado-optimistas\/\"},\"author\":{\"name\":\"ruben marquez\",\"@id\":\"https:\/\/empresas.infoempleo.com\/hrtrends\/#\/schema\/person\/5b3903286b78efd57004978147c83ac3\"},\"headline\":\"\u00bfPrevisiones de empleo demasiado optimistas?\",\"datePublished\":\"2012-06-25T09:53:56+00:00\",\"dateModified\":\"2018-05-23T15:08:54+00:00\",\"mainEntityOfPage\":{\"@id\":\"https:\/\/empresas.infoempleo.com\/hrtrends\/previsiones-de-empleo-demasiado-optimistas\/\"},\"wordCount\":405,\"publisher\":{\"@id\":\"https:\/\/empresas.infoempleo.com\/hrtrends\/#organization\"},\"image\":{\"@id\":\"https:\/\/empresas.infoempleo.com\/hrtrends\/previsiones-de-empleo-demasiado-optimistas\/#primaryimage\"},\"thumbnailUrl\":\"https:\/\/empresas.infoempleo.com\/hrtrends\/media\/2012\/06\/Empleo.jpg\",\"keywords\":[\"Empleo\",\"previsiones\",\"trabajo\"],\"articleSection\":[\"Actualidad\"],\"inLanguage\":\"es\",\"copyrightYear\":\"2012\",\"copyrightHolder\":{\"@id\":\"https:\/\/empresas.infoempleo.com\/hrtrends\/#organization\"}},{\"@type\":\"WebPage\",\"@id\":\"https:\/\/empresas.infoempleo.com\/hrtrends\/previsiones-de-empleo-demasiado-optimistas\/\",\"url\":\"https:\/\/empresas.infoempleo.com\/hrtrends\/previsiones-de-empleo-demasiado-optimistas\/\",\"name\":\"\u00bfPrevisiones de empleo demasiado optimistas? | HRTRENDS\",\"isPartOf\":{\"@id\":\"https:\/\/empresas.infoempleo.com\/hrtrends\/#website\"},\"primaryImageOfPage\":{\"@id\":\"https:\/\/empresas.infoempleo.com\/hrtrends\/previsiones-de-empleo-demasiado-optimistas\/#primaryimage\"},\"image\":{\"@id\":\"https:\/\/empresas.infoempleo.com\/hrtrends\/previsiones-de-empleo-demasiado-optimistas\/#primaryimage\"},\"thumbnailUrl\":\"https:\/\/empresas.infoempleo.com\/hrtrends\/media\/2012\/06\/Empleo.jpg\",\"datePublished\":\"2012-06-25T09:53:56+00:00\",\"dateModified\":\"2018-05-23T15:08:54+00:00\",\"breadcrumb\":{\"@id\":\"https:\/\/empresas.infoempleo.com\/hrtrends\/previsiones-de-empleo-demasiado-optimistas\/#breadcrumb\"},\"inLanguage\":\"es\",\"potentialAction\":[{\"@type\":\"ReadAction\",\"target\":[\"https:\/\/empresas.infoempleo.com\/hrtrends\/previsiones-de-empleo-demasiado-optimistas\/\"]}]},{\"@type\":\"ImageObject\",\"inLanguage\":\"es\",\"@id\":\"https:\/\/empresas.infoempleo.com\/hrtrends\/previsiones-de-empleo-demasiado-optimistas\/#primaryimage\",\"url\":\"https:\/\/empresas.infoempleo.com\/hrtrends\/media\/2012\/06\/Empleo-150x150.jpg\",\"contentUrl\":\"https:\/\/empresas.infoempleo.com\/hrtrends\/media\/2012\/06\/Empleo-150x150.jpg\",\"width\":150,\"height\":150},{\"@type\":\"BreadcrumbList\",\"@id\":\"https:\/\/empresas.infoempleo.com\/hrtrends\/previsiones-de-empleo-demasiado-optimistas\/#breadcrumb\",\"itemListElement\":[{\"@type\":\"ListItem\",\"position\":1,\"name\":\"Portada\",\"item\":\"https:\/\/empresas.infoempleo.com\/hrtrends\/\"},{\"@type\":\"ListItem\",\"position\":2,\"name\":\"\u00bfPrevisiones de empleo demasiado optimistas?\"}]},{\"@type\":\"WebSite\",\"@id\":\"https:\/\/empresas.infoempleo.com\/hrtrends\/#website\",\"url\":\"https:\/\/empresas.infoempleo.com\/hrtrends\",\"name\":\"HRTrends by Infoempleo\",\"description\":\"\",\"publisher\":{\"@id\":\"https:\/\/empresas.infoempleo.com\/hrtrends\/#organization\"},\"potentialAction\":{\"@type\":\"SearchAction\",\"target\":\"https:\/\/empresas.infoempleo.com\/hrtrends\/?s={search_term_string}\",\"query-input\":\"required name=search_term_string\"},\"inLanguage\":\"es\"},{\"@type\":\"Organization\",\"@id\":\"https:\/\/empresas.infoempleo.com\/hrtrends\/#organization\",\"name\":\"Infoempleo\",\"url\":\"https:\/\/www.infoempleo.com\/\",\"logo\":{\"@type\":\"ImageObject\",\"@id\":\"https:\/\/empresas.infoempleo.com\/hrtrends\/#logo\",\"inLanguage\":\"es\",\"url\":\"https:\/\/cdnazure.infoempleo.com\/infoempleo\/assets\/style\/gfx\/logo.svg\",\"contentUrl\":\"https:\/\/cdnazure.infoempleo.com\/infoempleo\/assets\/style\/gfx\/logo.svg\",\"width\":150,\"height\":40,\"caption\":\"Infoempleo\"},\"image\":{\"@id\":\"https:\/\/empresas.infoempleo.com\/hrtrends\/#logo\"},\"sameAs\":[\"https:\/\/www.facebook.com\/Infoempleo\",\"https:\/\/x.com\/infoempleo\",\"http:\/\/instagram.com\/infoempleo\/\",\"http:\/\/www.linkedin.com\/groups\/Empleo-Espa\u00f1a-Infoempleocom-111276\",\"http:\/\/pinterest.com\/infoempleo\/\"],\"address\":{\"@type\":\"PostalAddress\",\"addressLocality\":\"Madrid\",\"postalCode\":\"28050\",\"streetAddress\":\"Avenida de Burgos 114\"},\"brand\":[\"Infoempleo\"]},{\"@type\":\"Person\",\"@id\":\"https:\/\/empresas.infoempleo.com\/hrtrends\/#\/schema\/person\/5b3903286b78efd57004978147c83ac3\",\"name\":\"ruben marquez\",\"image\":{\"@type\":\"ImageObject\",\"inLanguage\":\"es\",\"@id\":\"https:\/\/empresas.infoempleo.com\/hrtrends\/#\/schema\/person\/image\/\",\"url\":\"https:\/\/secure.gravatar.com\/avatar\/d267ab5c891354ec4988ad241ab3dce50b6eebc6a3ae04dba361419fffa31b8f?s=96&d=mm&r=g\",\"contentUrl\":\"https:\/\/secure.gravatar.com\/avatar\/d267ab5c891354ec4988ad241ab3dce50b6eebc6a3ae04dba361419fffa31b8f?s=96&d=mm&r=g\",\"caption\":\"ruben marquez\"},\"url\":\"https:\/\/empresas.infoempleo.com\/hrtrends\/author\/ruben-marquez\/\"}]}<\/script>\n<!-- \/ Yoast SEO plugin. -->","yoast_head_json":{"title":"\u00bfPrevisiones de empleo demasiado optimistas? | HRTRENDS","robots":{"index":"index","follow":"follow","max-snippet":"max-snippet:-1","max-image-preview":"max-image-preview:large","max-video-preview":"max-video-preview:-1"},"canonical":"https:\/\/empresas.infoempleo.com\/hrtrends\/previsiones-de-empleo-demasiado-optimistas\/","og_locale":"es_ES","og_type":"article","og_title":"\u00bfPrevisiones de empleo demasiado optimistas? | HRTRENDS","og_description":"La implantaci\u00f3n de las nuevas\u00a0tecnolog\u00edas (TIC) podr\u00eda\u00a0crear hasta 218.000 empleos\u00a0en Espa\u00f1a de aqu\u00ed a 2020. Adem\u00e1s, implicar\u00eda un Leer m\u00e1s","og_url":"https:\/\/empresas.infoempleo.com\/hrtrends\/previsiones-de-empleo-demasiado-optimistas\/","og_site_name":"HRTRENDS","article_publisher":"https:\/\/www.facebook.com\/Infoempleo","article_published_time":"2012-06-25T09:53:56+00:00","article_modified_time":"2018-05-23T15:08:54+00:00","og_image":[{"width":568,"height":258,"url":"https:\/\/empresas.infoempleo.com\/hrtrends\/media\/2012\/06\/Empleo.jpg","type":"image\/jpeg"}],"author":"ruben marquez","twitter_card":"summary_large_image","twitter_creator":"@infoempleo","twitter_site":"@infoempleo","twitter_misc":{"Escrito por":"ruben marquez","Tiempo de lectura":"2 minutos"},"schema":{"@context":"https:\/\/schema.org","@graph":[{"@type":"NewsArticle","@id":"https:\/\/empresas.infoempleo.com\/hrtrends\/previsiones-de-empleo-demasiado-optimistas\/#article","isPartOf":{"@id":"https:\/\/empresas.infoempleo.com\/hrtrends\/previsiones-de-empleo-demasiado-optimistas\/"},"author":{"name":"ruben marquez","@id":"https:\/\/empresas.infoempleo.com\/hrtrends\/#\/schema\/person\/5b3903286b78efd57004978147c83ac3"},"headline":"\u00bfPrevisiones de empleo demasiado optimistas?","datePublished":"2012-06-25T09:53:56+00:00","dateModified":"2018-05-23T15:08:54+00:00","mainEntityOfPage":{"@id":"https:\/\/empresas.infoempleo.com\/hrtrends\/previsiones-de-empleo-demasiado-optimistas\/"},"wordCount":405,"publisher":{"@id":"https:\/\/empresas.infoempleo.com\/hrtrends\/#organization"},"image":{"@id":"https:\/\/empresas.infoempleo.com\/hrtrends\/previsiones-de-empleo-demasiado-optimistas\/#primaryimage"},"thumbnailUrl":"https:\/\/empresas.infoempleo.com\/hrtrends\/media\/2012\/06\/Empleo.jpg","keywords":["Empleo","previsiones","trabajo"],"articleSection":["Actualidad"],"inLanguage":"es","copyrightYear":"2012","copyrightHolder":{"@id":"https:\/\/empresas.infoempleo.com\/hrtrends\/#organization"}},{"@type":"WebPage","@id":"https:\/\/empresas.infoempleo.com\/hrtrends\/previsiones-de-empleo-demasiado-optimistas\/","url":"https:\/\/empresas.infoempleo.com\/hrtrends\/previsiones-de-empleo-demasiado-optimistas\/","name":"\u00bfPrevisiones de empleo demasiado optimistas? | HRTRENDS","isPartOf":{"@id":"https:\/\/empresas.infoempleo.com\/hrtrends\/#website"},"primaryImageOfPage":{"@id":"https:\/\/empresas.infoempleo.com\/hrtrends\/previsiones-de-empleo-demasiado-optimistas\/#primaryimage"},"image":{"@id":"https:\/\/empresas.infoempleo.com\/hrtrends\/previsiones-de-empleo-demasiado-optimistas\/#primaryimage"},"thumbnailUrl":"https:\/\/empresas.infoempleo.com\/hrtrends\/media\/2012\/06\/Empleo.jpg","datePublished":"2012-06-25T09:53:56+00:00","dateModified":"2018-05-23T15:08:54+00:00","breadcrumb":{"@id":"https:\/\/empresas.infoempleo.com\/hrtrends\/previsiones-de-empleo-demasiado-optimistas\/#breadcrumb"},"inLanguage":"es","potentialAction":[{"@type":"ReadAction","target":["https:\/\/empresas.infoempleo.com\/hrtrends\/previsiones-de-empleo-demasiado-optimistas\/"]}]},{"@type":"ImageObject","inLanguage":"es","@id":"https:\/\/empresas.infoempleo.com\/hrtrends\/previsiones-de-empleo-demasiado-optimistas\/#primaryimage","url":"https:\/\/empresas.infoempleo.com\/hrtrends\/media\/2012\/06\/Empleo-150x150.jpg","contentUrl":"https:\/\/empresas.infoempleo.com\/hrtrends\/media\/2012\/06\/Empleo-150x150.jpg","width":150,"height":150},{"@type":"BreadcrumbList","@id":"https:\/\/empresas.infoempleo.com\/hrtrends\/previsiones-de-empleo-demasiado-optimistas\/#breadcrumb","itemListElement":[{"@type":"ListItem","position":1,"name":"Portada","item":"https:\/\/empresas.infoempleo.com\/hrtrends\/"},{"@type":"ListItem","position":2,"name":"\u00bfPrevisiones de empleo demasiado optimistas?"}]},{"@type":"WebSite","@id":"https:\/\/empresas.infoempleo.com\/hrtrends\/#website","url":"https:\/\/empresas.infoempleo.com\/hrtrends","name":"HRTrends by Infoempleo","description":"","publisher":{"@id":"https:\/\/empresas.infoempleo.com\/hrtrends\/#organization"},"potentialAction":{"@type":"SearchAction","target":"https:\/\/empresas.infoempleo.com\/hrtrends\/?s={search_term_string}","query-input":"required name=search_term_string"},"inLanguage":"es"},{"@type":"Organization","@id":"https:\/\/empresas.infoempleo.com\/hrtrends\/#organization","name":"Infoempleo","url":"https:\/\/www.infoempleo.com\/","logo":{"@type":"ImageObject","@id":"https:\/\/empresas.infoempleo.com\/hrtrends\/#logo","inLanguage":"es","url":"https:\/\/cdnazure.infoempleo.com\/infoempleo\/assets\/style\/gfx\/logo.svg","contentUrl":"https:\/\/cdnazure.infoempleo.com\/infoempleo\/assets\/style\/gfx\/logo.svg","width":150,"height":40,"caption":"Infoempleo"},"image":{"@id":"https:\/\/empresas.infoempleo.com\/hrtrends\/#logo"},"sameAs":["https:\/\/www.facebook.com\/Infoempleo","https:\/\/x.com\/infoempleo","http:\/\/instagram.com\/infoempleo\/","http:\/\/www.linkedin.com\/groups\/Empleo-Espa\u00f1a-Infoempleocom-111276","http:\/\/pinterest.com\/infoempleo\/"],"address":{"@type":"PostalAddress","addressLocality":"Madrid","postalCode":"28050","streetAddress":"Avenida de Burgos 114"},"brand":["Infoempleo"]},{"@type":"Person","@id":"https:\/\/empresas.infoempleo.com\/hrtrends\/#\/schema\/person\/5b3903286b78efd57004978147c83ac3","name":"ruben marquez","image":{"@type":"ImageObject","inLanguage":"es","@id":"https:\/\/empresas.infoempleo.com\/hrtrends\/#\/schema\/person\/image\/","url":"https:\/\/secure.gravatar.com\/avatar\/d267ab5c891354ec4988ad241ab3dce50b6eebc6a3ae04dba361419fffa31b8f?s=96&d=mm&r=g","contentUrl":"https:\/\/secure.gravatar.com\/avatar\/d267ab5c891354ec4988ad241ab3dce50b6eebc6a3ae04dba361419fffa31b8f?s=96&d=mm&r=g","caption":"ruben marquez"},"url":"https:\/\/empresas.infoempleo.com\/hrtrends\/author\/ruben-marquez\/"}]}},"amp_enabled":true,"_links":{"self":[{"href":"https:\/\/empresas.infoempleo.com\/hrtrends\/wp-json\/wp\/v2\/posts\/15208","targetHints":{"allow":["GET"]}}],"collection":[{"href":"https:\/\/empresas.infoempleo.com\/hrtrends\/wp-json\/wp\/v2\/posts"}],"about":[{"href":"https:\/\/empresas.infoempleo.com\/hrtrends\/wp-json\/wp\/v2\/types\/post"}],"author":[{"embeddable":true,"href":"https:\/\/empresas.infoempleo.com\/hrtrends\/wp-json\/wp\/v2\/users\/52"}],"replies":[{"embeddable":true,"href":"https:\/\/empresas.infoempleo.com\/hrtrends\/wp-json\/wp\/v2\/comments?post=15208"}],"version-history":[{"count":0,"href":"https:\/\/empresas.infoempleo.com\/hrtrends\/wp-json\/wp\/v2\/posts\/15208\/revisions"}],"wp:featuredmedia":[{"embeddable":true,"href":"https:\/\/empresas.infoempleo.com\/hrtrends\/wp-json\/wp\/v2\/media\/15209"}],"wp:attachment":[{"href":"https:\/\/empresas.infoempleo.com\/hrtrends\/wp-json\/wp\/v2\/media?parent=15208"}],"wp:term":[{"taxonomy":"category","embeddable":true,"href":"https:\/\/empresas.infoempleo.com\/hrtrends\/wp-json\/wp\/v2\/categories?post=15208"},{"taxonomy":"post_tag","embeddable":true,"href":"https:\/\/empresas.infoempleo.com\/hrtrends\/wp-json\/wp\/v2\/tags?post=15208"}],"curies":[{"name":"wp","href":"https:\/\/api.w.org\/{rel}","templated":true}]}}