{"id":15104,"date":"2012-06-04T10:03:04","date_gmt":"2012-06-04T09:03:04","guid":{"rendered":"http:\/\/blog.infoempleo.com\/?p=15104"},"modified":"2018-05-23T17:08:55","modified_gmt":"2018-05-23T15:08:55","slug":"prima-de-riesgo-y-mercado-laboral","status":"publish","type":"post","link":"https:\/\/empresas.infoempleo.com\/hrtrends\/prima-de-riesgo-y-mercado-laboral\/","title":{"rendered":"Prima de riesgo y mercado laboral"},"content":{"rendered":"<p><img loading=\"lazy\" decoding=\"async\" class=\"alignnone size-full wp-image-15105\" title=\"Jose Luis Alvarez Arce\" src=\"https:\/\/empresas.infoempleo.com\/hrtrends\/media\/2012\/06\/JoseLuisAlvarezArce.jpg\" alt=\"\" width=\"125\" height=\"106\" \/><\/p>\n<h3>Jos\u00e9 Luis \u00c1lvarez Arce, director del departamento de Econom\u00eda de la Universidad de Navarra.<\/h3>\n<p>Desde hace dos semanas asistimos a\u00a0una intensificaci\u00f3n de las tensiones\u00a0alcistas sobre la prima de riesgo\u00a0espa\u00f1ola, cuyos m\u00e1ximos han\u00a0rondado los 500 puntos b\u00e1sicos. Una parte de la elevaci\u00f3n de dicha prima se debe a la\u00a0ca\u00edda de los tipos de inter\u00e9s alemanes, ante la que no debemos preocuparnos mucho. <strong>El\u00a0problema radica en la fuerte subida de los tipos\u00a0de inter\u00e9s de la deuda espa\u00f1ola a diez a\u00f1os hasta valores superiores al 6%. <\/strong><\/p>\n<p>Las consecuencias de esta p\u00e9rdida de confianza\u00a0en la econom\u00eda espa\u00f1ola \u2013as\u00ed podemos\u00a0interpretar el sobreprecio que se exige\u00a0para invertir en bonos espa\u00f1oles\u2013 alcanzan\u00a0por supuesto al mercado laboral. Por un\u00a0lado, <strong>mayores tipos de inter\u00e9s implican mayor carga financiera de la deuda para el Estado,\u00a0complicando el cumplimiento de los objetivos\u00a0de d\u00e9ficit y obligando, por tanto, a nuevos esfuerzos de austeridad.<\/strong> Para hacerse\u00a0una idea de la magnitud del problema,\u00a0pensemos que los presupuestos estatales de\u00a02012 incluyen un gasto cercano a 30.000\u00a0millones en intereses. En semejantes circunstancias,\u00a0cualquier aumento de los tipos\u00a0da\u00f1a al crecimiento y al empleo por la presi\u00f3n\u00a0que supone sobre el gasto p\u00fablico.<\/p>\n<p style=\"text-align: center;\"><img loading=\"lazy\" decoding=\"async\" class=\"size-full wp-image-15106 aligncenter\" title=\"Dinero\" src=\"https:\/\/empresas.infoempleo.com\/hrtrends\/media\/2012\/06\/Dinero.jpg\" alt=\"\" width=\"454\" height=\"207\" srcset=\"https:\/\/empresas.infoempleo.com\/hrtrends\/media\/2012\/06\/Dinero.jpg 568w, https:\/\/empresas.infoempleo.com\/hrtrends\/media\/2012\/06\/Dinero-300x137.jpg 300w\" sizes=\"auto, (max-width: 454px) 100vw, 454px\" \/><\/p>\n<p>De otra parte, hay que tener en cuenta\u00a0que la prima de riesgo tambi\u00e9n refleja de alguna\u00a0forma la confianza que los inversorestienen en las empresas espa\u00f1olas. As\u00ed, <strong>los\u00a0mayores tipos de inter\u00e9s que soporta la hacienda\u00a0p\u00fablica espa\u00f1ola se trasladan a dificultades\u00a0notables para la obtenci\u00f3n de financiaci\u00f3n\u00a0por parte de las compa\u00f1\u00edas espa\u00f1olas\u00a0que, a su vez, inciden negativamente en el empleo. <\/strong><\/p>\n<p>El deterioro de la credibilidad de la econom\u00eda\u00a0espa\u00f1ola afecta asimismo a la inversi\u00f3n\u00a0extranjera directa. <strong>Aquellas empresas for\u00e1neas\u00a0que pensaran invertir en Espa\u00f1a,\u00a0creando o instalando capacidad productiva\u00a0y tirando del empleo, se ven ahuyentadas\u00a0por la incertidumbre que vislumbran tras\u00a0las alzas de la prima de riesgo.<\/strong> No debemos olvidar tampoco que en este\u00a0caso, al igual que en otros muchos en el \u00e1mbito\u00a0de la econom\u00eda, nos encontramos ante\u00a0un c\u00edrculo vicioso. <strong>Las malas perspectivas\u00a0de empleo y crecimiento elevan la prima de\u00a0riesgo, porque sugieren mayores dificultades\u00a0en la devoluci\u00f3n futura de la deuda actual.\u00a0A su vez, como acabamos de ver, mayores\u00a0primas de riesgo complican la creaci\u00f3n\u00a0de empleo.<\/strong> Y vuelta a empezar. Ahora\u00a0bien, esta din\u00e1mica tiene una potencial lectura\u00a0positiva: el c\u00edrculo vicioso puede pasar\u00a0a virtuoso si mejores perspectivas macroecon\u00f3micas \u00a0conducen a primas de riesgo inferiores\u00a0que facilitan la reactivaci\u00f3n. Confiemos\u00a0en que la esperada cumbre europea\u00a0del crecimiento logre iniciar ese cambio.<\/p>\n","protected":false},"excerpt":{"rendered":"<p>Jos\u00e9 Luis \u00c1lvarez Arce, director del departamento de Econom\u00eda de la Universidad de Navarra. Desde hace dos semanas<a class=\"moretag\" href=\"https:\/\/empresas.infoempleo.com\/hrtrends\/prima-de-riesgo-y-mercado-laboral\/\"> Leer m\u00e1s<\/a><\/p>\n","protected":false},"author":72,"featured_media":15106,"comment_status":"closed","ping_status":"open","sticky":false,"template":"","format":"standard","meta":{"footnotes":""},"categories":[3],"tags":[162,2499],"class_list":["post-15104","post","type-post","status-publish","format-standard","has-post-thumbnail","hentry","category-actualidad","tag-empleo","tag-prima-de-riesgo"],"yoast_head":"<!-- This site is optimized with the Yoast SEO plugin v26.1.1 - https:\/\/yoast.com\/wordpress\/plugins\/seo\/ -->\n<title>Prima de riesgo y mercado laboral | HRTRENDS<\/title>\n<meta name=\"robots\" content=\"index, follow, max-snippet:-1, max-image-preview:large, max-video-preview:-1\" \/>\n<link rel=\"canonical\" href=\"https:\/\/empresas.infoempleo.com\/hrtrends\/prima-de-riesgo-y-mercado-laboral\/\" \/>\n<meta property=\"og:locale\" content=\"es_ES\" \/>\n<meta property=\"og:type\" content=\"article\" \/>\n<meta property=\"og:title\" content=\"Prima de riesgo y mercado laboral | HRTRENDS\" \/>\n<meta property=\"og:description\" content=\"Jos\u00e9 Luis \u00c1lvarez Arce, director del departamento de Econom\u00eda de la Universidad de Navarra. Desde hace dos semanas Leer m\u00e1s\" \/>\n<meta property=\"og:url\" content=\"https:\/\/empresas.infoempleo.com\/hrtrends\/prima-de-riesgo-y-mercado-laboral\/\" \/>\n<meta property=\"og:site_name\" content=\"HRTRENDS\" \/>\n<meta property=\"article:publisher\" content=\"https:\/\/www.facebook.com\/Infoempleo\" \/>\n<meta property=\"article:published_time\" content=\"2012-06-04T09:03:04+00:00\" \/>\n<meta property=\"article:modified_time\" content=\"2018-05-23T15:08:55+00:00\" \/>\n<meta property=\"og:image\" content=\"https:\/\/empresas.infoempleo.com\/hrtrends\/media\/2012\/06\/Dinero.jpg\" \/>\n\t<meta property=\"og:image:width\" content=\"568\" \/>\n\t<meta property=\"og:image:height\" content=\"259\" \/>\n\t<meta property=\"og:image:type\" content=\"image\/jpeg\" \/>\n<meta name=\"author\" content=\"infoempleo\" \/>\n<meta name=\"twitter:card\" content=\"summary_large_image\" \/>\n<meta name=\"twitter:creator\" content=\"@infoempleo\" \/>\n<meta name=\"twitter:site\" content=\"@infoempleo\" \/>\n<meta name=\"twitter:label1\" content=\"Escrito por\" \/>\n\t<meta name=\"twitter:data1\" content=\"infoempleo\" \/>\n\t<meta name=\"twitter:label2\" content=\"Tiempo de lectura\" \/>\n\t<meta name=\"twitter:data2\" content=\"2 minutos\" \/>\n<script type=\"application\/ld+json\" class=\"yoast-schema-graph\">{\"@context\":\"https:\/\/schema.org\",\"@graph\":[{\"@type\":\"NewsArticle\",\"@id\":\"https:\/\/empresas.infoempleo.com\/hrtrends\/prima-de-riesgo-y-mercado-laboral\/#article\",\"isPartOf\":{\"@id\":\"https:\/\/empresas.infoempleo.com\/hrtrends\/prima-de-riesgo-y-mercado-laboral\/\"},\"author\":{\"name\":\"infoempleo\",\"@id\":\"https:\/\/empresas.infoempleo.com\/hrtrends\/#\/schema\/person\/67d3e276ffcc8b3ae0ebec816daf775a\"},\"headline\":\"Prima de riesgo y mercado laboral\",\"datePublished\":\"2012-06-04T09:03:04+00:00\",\"dateModified\":\"2018-05-23T15:08:55+00:00\",\"mainEntityOfPage\":{\"@id\":\"https:\/\/empresas.infoempleo.com\/hrtrends\/prima-de-riesgo-y-mercado-laboral\/\"},\"wordCount\":472,\"publisher\":{\"@id\":\"https:\/\/empresas.infoempleo.com\/hrtrends\/#organization\"},\"image\":{\"@id\":\"https:\/\/empresas.infoempleo.com\/hrtrends\/prima-de-riesgo-y-mercado-laboral\/#primaryimage\"},\"thumbnailUrl\":\"https:\/\/empresas.infoempleo.com\/hrtrends\/media\/2012\/06\/Dinero.jpg\",\"keywords\":[\"Empleo\",\"prima de riesgo\"],\"articleSection\":[\"Actualidad\"],\"inLanguage\":\"es\",\"copyrightYear\":\"2012\",\"copyrightHolder\":{\"@id\":\"https:\/\/empresas.infoempleo.com\/hrtrends\/#organization\"}},{\"@type\":\"WebPage\",\"@id\":\"https:\/\/empresas.infoempleo.com\/hrtrends\/prima-de-riesgo-y-mercado-laboral\/\",\"url\":\"https:\/\/empresas.infoempleo.com\/hrtrends\/prima-de-riesgo-y-mercado-laboral\/\",\"name\":\"Prima de riesgo y mercado laboral | HRTRENDS\",\"isPartOf\":{\"@id\":\"https:\/\/empresas.infoempleo.com\/hrtrends\/#website\"},\"primaryImageOfPage\":{\"@id\":\"https:\/\/empresas.infoempleo.com\/hrtrends\/prima-de-riesgo-y-mercado-laboral\/#primaryimage\"},\"image\":{\"@id\":\"https:\/\/empresas.infoempleo.com\/hrtrends\/prima-de-riesgo-y-mercado-laboral\/#primaryimage\"},\"thumbnailUrl\":\"https:\/\/empresas.infoempleo.com\/hrtrends\/media\/2012\/06\/Dinero.jpg\",\"datePublished\":\"2012-06-04T09:03:04+00:00\",\"dateModified\":\"2018-05-23T15:08:55+00:00\",\"breadcrumb\":{\"@id\":\"https:\/\/empresas.infoempleo.com\/hrtrends\/prima-de-riesgo-y-mercado-laboral\/#breadcrumb\"},\"inLanguage\":\"es\",\"potentialAction\":[{\"@type\":\"ReadAction\",\"target\":[\"https:\/\/empresas.infoempleo.com\/hrtrends\/prima-de-riesgo-y-mercado-laboral\/\"]}]},{\"@type\":\"ImageObject\",\"inLanguage\":\"es\",\"@id\":\"https:\/\/empresas.infoempleo.com\/hrtrends\/prima-de-riesgo-y-mercado-laboral\/#primaryimage\",\"url\":\"https:\/\/empresas.infoempleo.com\/hrtrends\/media\/2012\/06\/Dinero-150x150.jpg\",\"contentUrl\":\"https:\/\/empresas.infoempleo.com\/hrtrends\/media\/2012\/06\/Dinero-150x150.jpg\",\"width\":150,\"height\":150},{\"@type\":\"BreadcrumbList\",\"@id\":\"https:\/\/empresas.infoempleo.com\/hrtrends\/prima-de-riesgo-y-mercado-laboral\/#breadcrumb\",\"itemListElement\":[{\"@type\":\"ListItem\",\"position\":1,\"name\":\"Portada\",\"item\":\"https:\/\/empresas.infoempleo.com\/hrtrends\/\"},{\"@type\":\"ListItem\",\"position\":2,\"name\":\"Prima de riesgo y mercado laboral\"}]},{\"@type\":\"WebSite\",\"@id\":\"https:\/\/empresas.infoempleo.com\/hrtrends\/#website\",\"url\":\"https:\/\/empresas.infoempleo.com\/hrtrends\",\"name\":\"HRTrends by Infoempleo\",\"description\":\"\",\"publisher\":{\"@id\":\"https:\/\/empresas.infoempleo.com\/hrtrends\/#organization\"},\"potentialAction\":{\"@type\":\"SearchAction\",\"target\":\"https:\/\/empresas.infoempleo.com\/hrtrends\/?s={search_term_string}\",\"query-input\":\"required name=search_term_string\"},\"inLanguage\":\"es\"},{\"@type\":\"Organization\",\"@id\":\"https:\/\/empresas.infoempleo.com\/hrtrends\/#organization\",\"name\":\"Infoempleo\",\"url\":\"https:\/\/www.infoempleo.com\/\",\"logo\":{\"@type\":\"ImageObject\",\"@id\":\"https:\/\/empresas.infoempleo.com\/hrtrends\/#logo\",\"inLanguage\":\"es\",\"url\":\"https:\/\/cdnazure.infoempleo.com\/infoempleo\/assets\/style\/gfx\/logo.svg\",\"contentUrl\":\"https:\/\/cdnazure.infoempleo.com\/infoempleo\/assets\/style\/gfx\/logo.svg\",\"width\":150,\"height\":40,\"caption\":\"Infoempleo\"},\"image\":{\"@id\":\"https:\/\/empresas.infoempleo.com\/hrtrends\/#logo\"},\"sameAs\":[\"https:\/\/www.facebook.com\/Infoempleo\",\"https:\/\/x.com\/infoempleo\",\"http:\/\/instagram.com\/infoempleo\/\",\"http:\/\/www.linkedin.com\/groups\/Empleo-Espa\u00f1a-Infoempleocom-111276\",\"http:\/\/pinterest.com\/infoempleo\/\"],\"address\":{\"@type\":\"PostalAddress\",\"addressLocality\":\"Madrid\",\"postalCode\":\"28050\",\"streetAddress\":\"Avenida de Burgos 114\"},\"brand\":[\"Infoempleo\"]},{\"@type\":\"Person\",\"@id\":\"https:\/\/empresas.infoempleo.com\/hrtrends\/#\/schema\/person\/67d3e276ffcc8b3ae0ebec816daf775a\",\"name\":\"infoempleo\",\"image\":{\"@type\":\"ImageObject\",\"inLanguage\":\"es\",\"@id\":\"https:\/\/empresas.infoempleo.com\/hrtrends\/#\/schema\/person\/image\/\",\"url\":\"https:\/\/secure.gravatar.com\/avatar\/7b437777242fe67d2473c2a818da2344692d1ee91e91080ccffbd97bcd4a0975?s=96&d=mm&r=g\",\"contentUrl\":\"https:\/\/secure.gravatar.com\/avatar\/7b437777242fe67d2473c2a818da2344692d1ee91e91080ccffbd97bcd4a0975?s=96&d=mm&r=g\",\"caption\":\"infoempleo\"},\"url\":\"https:\/\/empresas.infoempleo.com\/hrtrends\/author\/infoempleo\/\"}]}<\/script>\n<!-- \/ Yoast SEO plugin. -->","yoast_head_json":{"title":"Prima de riesgo y mercado laboral | HRTRENDS","robots":{"index":"index","follow":"follow","max-snippet":"max-snippet:-1","max-image-preview":"max-image-preview:large","max-video-preview":"max-video-preview:-1"},"canonical":"https:\/\/empresas.infoempleo.com\/hrtrends\/prima-de-riesgo-y-mercado-laboral\/","og_locale":"es_ES","og_type":"article","og_title":"Prima de riesgo y mercado laboral | HRTRENDS","og_description":"Jos\u00e9 Luis \u00c1lvarez Arce, director del departamento de Econom\u00eda de la Universidad de Navarra. Desde hace dos semanas Leer m\u00e1s","og_url":"https:\/\/empresas.infoempleo.com\/hrtrends\/prima-de-riesgo-y-mercado-laboral\/","og_site_name":"HRTRENDS","article_publisher":"https:\/\/www.facebook.com\/Infoempleo","article_published_time":"2012-06-04T09:03:04+00:00","article_modified_time":"2018-05-23T15:08:55+00:00","og_image":[{"width":568,"height":259,"url":"https:\/\/empresas.infoempleo.com\/hrtrends\/media\/2012\/06\/Dinero.jpg","type":"image\/jpeg"}],"author":"infoempleo","twitter_card":"summary_large_image","twitter_creator":"@infoempleo","twitter_site":"@infoempleo","twitter_misc":{"Escrito por":"infoempleo","Tiempo de lectura":"2 minutos"},"schema":{"@context":"https:\/\/schema.org","@graph":[{"@type":"NewsArticle","@id":"https:\/\/empresas.infoempleo.com\/hrtrends\/prima-de-riesgo-y-mercado-laboral\/#article","isPartOf":{"@id":"https:\/\/empresas.infoempleo.com\/hrtrends\/prima-de-riesgo-y-mercado-laboral\/"},"author":{"name":"infoempleo","@id":"https:\/\/empresas.infoempleo.com\/hrtrends\/#\/schema\/person\/67d3e276ffcc8b3ae0ebec816daf775a"},"headline":"Prima de riesgo y mercado laboral","datePublished":"2012-06-04T09:03:04+00:00","dateModified":"2018-05-23T15:08:55+00:00","mainEntityOfPage":{"@id":"https:\/\/empresas.infoempleo.com\/hrtrends\/prima-de-riesgo-y-mercado-laboral\/"},"wordCount":472,"publisher":{"@id":"https:\/\/empresas.infoempleo.com\/hrtrends\/#organization"},"image":{"@id":"https:\/\/empresas.infoempleo.com\/hrtrends\/prima-de-riesgo-y-mercado-laboral\/#primaryimage"},"thumbnailUrl":"https:\/\/empresas.infoempleo.com\/hrtrends\/media\/2012\/06\/Dinero.jpg","keywords":["Empleo","prima de riesgo"],"articleSection":["Actualidad"],"inLanguage":"es","copyrightYear":"2012","copyrightHolder":{"@id":"https:\/\/empresas.infoempleo.com\/hrtrends\/#organization"}},{"@type":"WebPage","@id":"https:\/\/empresas.infoempleo.com\/hrtrends\/prima-de-riesgo-y-mercado-laboral\/","url":"https:\/\/empresas.infoempleo.com\/hrtrends\/prima-de-riesgo-y-mercado-laboral\/","name":"Prima de riesgo y mercado laboral | HRTRENDS","isPartOf":{"@id":"https:\/\/empresas.infoempleo.com\/hrtrends\/#website"},"primaryImageOfPage":{"@id":"https:\/\/empresas.infoempleo.com\/hrtrends\/prima-de-riesgo-y-mercado-laboral\/#primaryimage"},"image":{"@id":"https:\/\/empresas.infoempleo.com\/hrtrends\/prima-de-riesgo-y-mercado-laboral\/#primaryimage"},"thumbnailUrl":"https:\/\/empresas.infoempleo.com\/hrtrends\/media\/2012\/06\/Dinero.jpg","datePublished":"2012-06-04T09:03:04+00:00","dateModified":"2018-05-23T15:08:55+00:00","breadcrumb":{"@id":"https:\/\/empresas.infoempleo.com\/hrtrends\/prima-de-riesgo-y-mercado-laboral\/#breadcrumb"},"inLanguage":"es","potentialAction":[{"@type":"ReadAction","target":["https:\/\/empresas.infoempleo.com\/hrtrends\/prima-de-riesgo-y-mercado-laboral\/"]}]},{"@type":"ImageObject","inLanguage":"es","@id":"https:\/\/empresas.infoempleo.com\/hrtrends\/prima-de-riesgo-y-mercado-laboral\/#primaryimage","url":"https:\/\/empresas.infoempleo.com\/hrtrends\/media\/2012\/06\/Dinero-150x150.jpg","contentUrl":"https:\/\/empresas.infoempleo.com\/hrtrends\/media\/2012\/06\/Dinero-150x150.jpg","width":150,"height":150},{"@type":"BreadcrumbList","@id":"https:\/\/empresas.infoempleo.com\/hrtrends\/prima-de-riesgo-y-mercado-laboral\/#breadcrumb","itemListElement":[{"@type":"ListItem","position":1,"name":"Portada","item":"https:\/\/empresas.infoempleo.com\/hrtrends\/"},{"@type":"ListItem","position":2,"name":"Prima de riesgo y mercado laboral"}]},{"@type":"WebSite","@id":"https:\/\/empresas.infoempleo.com\/hrtrends\/#website","url":"https:\/\/empresas.infoempleo.com\/hrtrends","name":"HRTrends by Infoempleo","description":"","publisher":{"@id":"https:\/\/empresas.infoempleo.com\/hrtrends\/#organization"},"potentialAction":{"@type":"SearchAction","target":"https:\/\/empresas.infoempleo.com\/hrtrends\/?s={search_term_string}","query-input":"required name=search_term_string"},"inLanguage":"es"},{"@type":"Organization","@id":"https:\/\/empresas.infoempleo.com\/hrtrends\/#organization","name":"Infoempleo","url":"https:\/\/www.infoempleo.com\/","logo":{"@type":"ImageObject","@id":"https:\/\/empresas.infoempleo.com\/hrtrends\/#logo","inLanguage":"es","url":"https:\/\/cdnazure.infoempleo.com\/infoempleo\/assets\/style\/gfx\/logo.svg","contentUrl":"https:\/\/cdnazure.infoempleo.com\/infoempleo\/assets\/style\/gfx\/logo.svg","width":150,"height":40,"caption":"Infoempleo"},"image":{"@id":"https:\/\/empresas.infoempleo.com\/hrtrends\/#logo"},"sameAs":["https:\/\/www.facebook.com\/Infoempleo","https:\/\/x.com\/infoempleo","http:\/\/instagram.com\/infoempleo\/","http:\/\/www.linkedin.com\/groups\/Empleo-Espa\u00f1a-Infoempleocom-111276","http:\/\/pinterest.com\/infoempleo\/"],"address":{"@type":"PostalAddress","addressLocality":"Madrid","postalCode":"28050","streetAddress":"Avenida de Burgos 114"},"brand":["Infoempleo"]},{"@type":"Person","@id":"https:\/\/empresas.infoempleo.com\/hrtrends\/#\/schema\/person\/67d3e276ffcc8b3ae0ebec816daf775a","name":"infoempleo","image":{"@type":"ImageObject","inLanguage":"es","@id":"https:\/\/empresas.infoempleo.com\/hrtrends\/#\/schema\/person\/image\/","url":"https:\/\/secure.gravatar.com\/avatar\/7b437777242fe67d2473c2a818da2344692d1ee91e91080ccffbd97bcd4a0975?s=96&d=mm&r=g","contentUrl":"https:\/\/secure.gravatar.com\/avatar\/7b437777242fe67d2473c2a818da2344692d1ee91e91080ccffbd97bcd4a0975?s=96&d=mm&r=g","caption":"infoempleo"},"url":"https:\/\/empresas.infoempleo.com\/hrtrends\/author\/infoempleo\/"}]}},"amp_enabled":true,"_links":{"self":[{"href":"https:\/\/empresas.infoempleo.com\/hrtrends\/wp-json\/wp\/v2\/posts\/15104","targetHints":{"allow":["GET"]}}],"collection":[{"href":"https:\/\/empresas.infoempleo.com\/hrtrends\/wp-json\/wp\/v2\/posts"}],"about":[{"href":"https:\/\/empresas.infoempleo.com\/hrtrends\/wp-json\/wp\/v2\/types\/post"}],"author":[{"embeddable":true,"href":"https:\/\/empresas.infoempleo.com\/hrtrends\/wp-json\/wp\/v2\/users\/72"}],"replies":[{"embeddable":true,"href":"https:\/\/empresas.infoempleo.com\/hrtrends\/wp-json\/wp\/v2\/comments?post=15104"}],"version-history":[{"count":0,"href":"https:\/\/empresas.infoempleo.com\/hrtrends\/wp-json\/wp\/v2\/posts\/15104\/revisions"}],"wp:featuredmedia":[{"embeddable":true,"href":"https:\/\/empresas.infoempleo.com\/hrtrends\/wp-json\/wp\/v2\/media\/15106"}],"wp:attachment":[{"href":"https:\/\/empresas.infoempleo.com\/hrtrends\/wp-json\/wp\/v2\/media?parent=15104"}],"wp:term":[{"taxonomy":"category","embeddable":true,"href":"https:\/\/empresas.infoempleo.com\/hrtrends\/wp-json\/wp\/v2\/categories?post=15104"},{"taxonomy":"post_tag","embeddable":true,"href":"https:\/\/empresas.infoempleo.com\/hrtrends\/wp-json\/wp\/v2\/tags?post=15104"}],"curies":[{"name":"wp","href":"https:\/\/api.w.org\/{rel}","templated":true}]}}