{"id":15099,"date":"2012-06-04T09:26:44","date_gmt":"2012-06-04T07:26:44","guid":{"rendered":"http:\/\/blog.infoempleo.com\/?p=15099"},"modified":"2019-01-04T10:33:26","modified_gmt":"2019-01-04T08:33:26","slug":"a-vueltas-con-el-contrato-de-emprendedores","status":"publish","type":"post","link":"https:\/\/empresas.infoempleo.com\/hrtrends\/a-vueltas-con-el-contrato-de-emprendedores\/","title":{"rendered":"A vueltas con el contrato de emprendedores"},"content":{"rendered":"<p><img loading=\"lazy\" decoding=\"async\" class=\"alignnone size-full wp-image-15101\" title=\"Juan Pablo Maldonado\" src=\"https:\/\/empresas.infoempleo.com\/hrtrends\/media\/2012\/06\/JuanPabloMaldonado.jpg\" alt=\"\" width=\"107\" height=\"85\" \/><\/p>\n<h3>Juan Pablo Maldonado, profesor de la Universidad CEU San Pablo.<\/h3>\n<p>Aunque la esencia de la reforma laboral se encuentra en otras\u00a0cuestiones, la opini\u00f3n p\u00fablica\u00a0ha centrado su atenci\u00f3n m\u00e1s\u00a0bien en el denominado <strong>\u00abcontrato de trabajo\u00a0por tiempo indefinido de apoyo a los\u00a0emprendedores\u00bb, al que pueden acogerse\u00a0aquellas empresas o aut\u00f3nomos con menos de 50 trabajadores<\/strong>, y que permite al\u00a0empresario beneficiarse de significativos\u00a0incentivos fiscales.<\/p>\n<p>Su r\u00e9gimen jur\u00eddico es el contenido\u00a0en el Estatuto de los Trabajadores para el\u00a0com\u00fan, con la salvedad de ampliar la duraci\u00f3n\u00a0del periodo de prueba, \u00aben todo caso\u00bb,\u00a0a un a\u00f1o, superando as\u00ed con creces la prevista\u00a0para aqu\u00e9llos. Es precisamente este\u00a0\u00faltimo punto el que suscita todas las inquietudes,\u00a0pues durante el transcurso del\u00a0periodo de prueba, la resoluci\u00f3n de la relaci\u00f3n\u00a0laboral puede producirse a instancia\u00a0de cualquiera de las partes.<\/p>\n<p>Muchas de las enmiendas parciales presentadas\u00a0durante su tramitaci\u00f3n parlamentaria\u00a0afectan precisamente a esta modalidad\u00a0contractual. Entre ellas, hay que destacar\u00a0una de las presentadas por el Grupo Parlamentario\u00a0Catal\u00e1n, que propone incluir una\u00a0disposici\u00f3n transitoria, al objeto de limitar a\u00a0tres a\u00f1os la vigencia de la previsi\u00f3n que establece\u00a0un periodo de prueba de un a\u00f1o para\u00a0esta nueva modalidad contractual. El Gobierno\u00a0y el Grupo Parlamentario Popular\u00a0aceptan limitar temporalmente la modalidad\u00a0contractual en cuesti\u00f3n, hasta que la\u00a0tasa de desempleo se sit\u00fae por debajo del\u00a015%, lo que a su vez genera un nuevo debate,\u00a0ya que ese parece un horizonte lejano.<\/p>\n<p><strong>En la pol\u00e9mica subyace la confusi\u00f3n sobre la naturaleza jur\u00eddica del periodo de prueba<\/strong>. Como su propio nombre indica, lo\u00a0esencial de la prueba es la experimentaci\u00f3n\u00a0pr\u00e1ctica de la relaci\u00f3n laboral, superada la\u00a0cual \u00e9sta se consolida. Desde esta perspectiva,\u00a0sin poder entrar aqu\u00ed en mayores detalles, hay que tener presente \u2013aviso para navegantes\u2013\u00a0que el periodo de prueba no supone\u00a0una lib\u00e9rrima facultad para despedir,\u00a0ni excluye la tutela judicial. La facultad de\u00a0resoluci\u00f3n de la relaci\u00f3n ha de interpretarse\u00a0a la luz de la naturaleza jur\u00eddica y de la causa\u00a0del contrato de prueba.<\/p>\n<p style=\"text-align: center;\"><a href=\"https:\/\/empresas.infoempleo.com\/hrtrends\/media\/2012\/06\/Contrato.jpg\"><img loading=\"lazy\" decoding=\"async\" class=\"size-full wp-image-15102 aligncenter\" title=\"Contrato\" src=\"https:\/\/empresas.infoempleo.com\/hrtrends\/media\/2012\/06\/Contrato.jpg\" alt=\"\" width=\"454\" height=\"207\" srcset=\"https:\/\/empresas.infoempleo.com\/hrtrends\/media\/2012\/06\/Contrato.jpg 568w, https:\/\/empresas.infoempleo.com\/hrtrends\/media\/2012\/06\/Contrato-300x137.jpg 300w\" sizes=\"auto, (max-width: 454px) 100vw, 454px\" \/><\/a><\/p>\n<p>Es m\u00e1s, puesto que la reforma laboral configura\u00a0esta nueva modalidad contractual\u00a0\u00abcon el objeto de facilitar el empleo estable\u00bb,\u00a0si se acudiese al \u00abcontrato de trabajo por\u00a0tiempo indefinido de apoyo a los emprendedores\u00a0\u00bb con la pretensi\u00f3n de temporalidad dela relaci\u00f3n, estar\u00edamos ante un uso fraudulento\u00a0de la instituci\u00f3n que no deber\u00eda salir\u00a0exitoso. Si alguien quiere encontrar por esta\u00a0v\u00eda la posibilidad de despedir a su antojo: cuidado,\u00a0pues se mover\u00e1 en arenas movedizas.<\/p>\n","protected":false},"excerpt":{"rendered":"<p>Juan Pablo Maldonado, profesor de la Universidad CEU San Pablo. Aunque la esencia de la reforma laboral se<a class=\"moretag\" href=\"https:\/\/empresas.infoempleo.com\/hrtrends\/a-vueltas-con-el-contrato-de-emprendedores\/\"> Leer m\u00e1s<\/a><\/p>\n","protected":false},"author":72,"featured_media":15102,"comment_status":"closed","ping_status":"open","sticky":false,"template":"","format":"standard","meta":{"footnotes":""},"categories":[3],"tags":[783],"class_list":["post-15099","post","type-post","status-publish","format-standard","has-post-thumbnail","hentry","category-actualidad","tag-contratos"],"yoast_head":"<!-- This site is optimized with the Yoast SEO plugin v26.1.1 - https:\/\/yoast.com\/wordpress\/plugins\/seo\/ -->\n<title>A vueltas con el contrato de emprendedores | HRTRENDS<\/title>\n<meta name=\"robots\" content=\"index, follow, max-snippet:-1, max-image-preview:large, max-video-preview:-1\" \/>\n<link rel=\"canonical\" href=\"https:\/\/empresas.infoempleo.com\/hrtrends\/a-vueltas-con-el-contrato-de-emprendedores\/\" \/>\n<meta property=\"og:locale\" content=\"es_ES\" \/>\n<meta property=\"og:type\" content=\"article\" \/>\n<meta property=\"og:title\" content=\"A vueltas con el contrato de emprendedores | HRTRENDS\" \/>\n<meta property=\"og:description\" content=\"Juan Pablo Maldonado, profesor de la Universidad CEU San Pablo. Aunque la esencia de la reforma laboral se Leer m\u00e1s\" \/>\n<meta property=\"og:url\" content=\"https:\/\/empresas.infoempleo.com\/hrtrends\/a-vueltas-con-el-contrato-de-emprendedores\/\" \/>\n<meta property=\"og:site_name\" content=\"HRTRENDS\" \/>\n<meta property=\"article:publisher\" content=\"https:\/\/www.facebook.com\/Infoempleo\" \/>\n<meta property=\"article:published_time\" content=\"2012-06-04T07:26:44+00:00\" \/>\n<meta property=\"article:modified_time\" content=\"2019-01-04T08:33:26+00:00\" \/>\n<meta property=\"og:image\" content=\"https:\/\/empresas.infoempleo.com\/hrtrends\/media\/2012\/06\/Contrato.jpg\" \/>\n\t<meta property=\"og:image:width\" content=\"568\" \/>\n\t<meta property=\"og:image:height\" content=\"259\" \/>\n\t<meta property=\"og:image:type\" content=\"image\/jpeg\" \/>\n<meta name=\"author\" content=\"infoempleo\" \/>\n<meta name=\"twitter:card\" content=\"summary_large_image\" \/>\n<meta name=\"twitter:creator\" content=\"@infoempleo\" \/>\n<meta name=\"twitter:site\" content=\"@infoempleo\" \/>\n<meta name=\"twitter:label1\" content=\"Escrito por\" \/>\n\t<meta name=\"twitter:data1\" content=\"infoempleo\" \/>\n\t<meta name=\"twitter:label2\" content=\"Tiempo de lectura\" \/>\n\t<meta name=\"twitter:data2\" content=\"2 minutos\" \/>\n<script type=\"application\/ld+json\" class=\"yoast-schema-graph\">{\"@context\":\"https:\/\/schema.org\",\"@graph\":[{\"@type\":\"NewsArticle\",\"@id\":\"https:\/\/empresas.infoempleo.com\/hrtrends\/a-vueltas-con-el-contrato-de-emprendedores\/#article\",\"isPartOf\":{\"@id\":\"https:\/\/empresas.infoempleo.com\/hrtrends\/a-vueltas-con-el-contrato-de-emprendedores\/\"},\"author\":{\"name\":\"infoempleo\",\"@id\":\"https:\/\/empresas.infoempleo.com\/hrtrends\/#\/schema\/person\/67d3e276ffcc8b3ae0ebec816daf775a\"},\"headline\":\"A vueltas con el contrato de emprendedores\",\"datePublished\":\"2012-06-04T07:26:44+00:00\",\"dateModified\":\"2019-01-04T08:33:26+00:00\",\"mainEntityOfPage\":{\"@id\":\"https:\/\/empresas.infoempleo.com\/hrtrends\/a-vueltas-con-el-contrato-de-emprendedores\/\"},\"wordCount\":463,\"publisher\":{\"@id\":\"https:\/\/empresas.infoempleo.com\/hrtrends\/#organization\"},\"image\":{\"@id\":\"https:\/\/empresas.infoempleo.com\/hrtrends\/a-vueltas-con-el-contrato-de-emprendedores\/#primaryimage\"},\"thumbnailUrl\":\"https:\/\/empresas.infoempleo.com\/hrtrends\/media\/2012\/06\/Contrato.jpg\",\"keywords\":[\"contratos\"],\"articleSection\":[\"Actualidad\"],\"inLanguage\":\"es\",\"copyrightYear\":\"2012\",\"copyrightHolder\":{\"@id\":\"https:\/\/empresas.infoempleo.com\/hrtrends\/#organization\"}},{\"@type\":\"WebPage\",\"@id\":\"https:\/\/empresas.infoempleo.com\/hrtrends\/a-vueltas-con-el-contrato-de-emprendedores\/\",\"url\":\"https:\/\/empresas.infoempleo.com\/hrtrends\/a-vueltas-con-el-contrato-de-emprendedores\/\",\"name\":\"A vueltas con el contrato de emprendedores | HRTRENDS\",\"isPartOf\":{\"@id\":\"https:\/\/empresas.infoempleo.com\/hrtrends\/#website\"},\"primaryImageOfPage\":{\"@id\":\"https:\/\/empresas.infoempleo.com\/hrtrends\/a-vueltas-con-el-contrato-de-emprendedores\/#primaryimage\"},\"image\":{\"@id\":\"https:\/\/empresas.infoempleo.com\/hrtrends\/a-vueltas-con-el-contrato-de-emprendedores\/#primaryimage\"},\"thumbnailUrl\":\"https:\/\/empresas.infoempleo.com\/hrtrends\/media\/2012\/06\/Contrato.jpg\",\"datePublished\":\"2012-06-04T07:26:44+00:00\",\"dateModified\":\"2019-01-04T08:33:26+00:00\",\"breadcrumb\":{\"@id\":\"https:\/\/empresas.infoempleo.com\/hrtrends\/a-vueltas-con-el-contrato-de-emprendedores\/#breadcrumb\"},\"inLanguage\":\"es\",\"potentialAction\":[{\"@type\":\"ReadAction\",\"target\":[\"https:\/\/empresas.infoempleo.com\/hrtrends\/a-vueltas-con-el-contrato-de-emprendedores\/\"]}]},{\"@type\":\"ImageObject\",\"inLanguage\":\"es\",\"@id\":\"https:\/\/empresas.infoempleo.com\/hrtrends\/a-vueltas-con-el-contrato-de-emprendedores\/#primaryimage\",\"url\":\"https:\/\/empresas.infoempleo.com\/hrtrends\/media\/2012\/06\/Contrato-150x150.jpg\",\"contentUrl\":\"https:\/\/empresas.infoempleo.com\/hrtrends\/media\/2012\/06\/Contrato-150x150.jpg\",\"width\":150,\"height\":150},{\"@type\":\"BreadcrumbList\",\"@id\":\"https:\/\/empresas.infoempleo.com\/hrtrends\/a-vueltas-con-el-contrato-de-emprendedores\/#breadcrumb\",\"itemListElement\":[{\"@type\":\"ListItem\",\"position\":1,\"name\":\"Portada\",\"item\":\"https:\/\/empresas.infoempleo.com\/hrtrends\/\"},{\"@type\":\"ListItem\",\"position\":2,\"name\":\"A vueltas con el contrato de emprendedores\"}]},{\"@type\":\"WebSite\",\"@id\":\"https:\/\/empresas.infoempleo.com\/hrtrends\/#website\",\"url\":\"https:\/\/empresas.infoempleo.com\/hrtrends\",\"name\":\"HRTrends by Infoempleo\",\"description\":\"\",\"publisher\":{\"@id\":\"https:\/\/empresas.infoempleo.com\/hrtrends\/#organization\"},\"potentialAction\":{\"@type\":\"SearchAction\",\"target\":\"https:\/\/empresas.infoempleo.com\/hrtrends\/?s={search_term_string}\",\"query-input\":\"required name=search_term_string\"},\"inLanguage\":\"es\"},{\"@type\":\"Organization\",\"@id\":\"https:\/\/empresas.infoempleo.com\/hrtrends\/#organization\",\"name\":\"Infoempleo\",\"url\":\"https:\/\/www.infoempleo.com\/\",\"logo\":{\"@type\":\"ImageObject\",\"@id\":\"https:\/\/empresas.infoempleo.com\/hrtrends\/#logo\",\"inLanguage\":\"es\",\"url\":\"https:\/\/cdnazure.infoempleo.com\/infoempleo\/assets\/style\/gfx\/logo.svg\",\"contentUrl\":\"https:\/\/cdnazure.infoempleo.com\/infoempleo\/assets\/style\/gfx\/logo.svg\",\"width\":150,\"height\":40,\"caption\":\"Infoempleo\"},\"image\":{\"@id\":\"https:\/\/empresas.infoempleo.com\/hrtrends\/#logo\"},\"sameAs\":[\"https:\/\/www.facebook.com\/Infoempleo\",\"https:\/\/x.com\/infoempleo\",\"http:\/\/instagram.com\/infoempleo\/\",\"http:\/\/www.linkedin.com\/groups\/Empleo-Espa\u00f1a-Infoempleocom-111276\",\"http:\/\/pinterest.com\/infoempleo\/\"],\"address\":{\"@type\":\"PostalAddress\",\"addressLocality\":\"Madrid\",\"postalCode\":\"28050\",\"streetAddress\":\"Avenida de Burgos 114\"},\"brand\":[\"Infoempleo\"]},{\"@type\":\"Person\",\"@id\":\"https:\/\/empresas.infoempleo.com\/hrtrends\/#\/schema\/person\/67d3e276ffcc8b3ae0ebec816daf775a\",\"name\":\"infoempleo\",\"image\":{\"@type\":\"ImageObject\",\"inLanguage\":\"es\",\"@id\":\"https:\/\/empresas.infoempleo.com\/hrtrends\/#\/schema\/person\/image\/\",\"url\":\"https:\/\/secure.gravatar.com\/avatar\/7b437777242fe67d2473c2a818da2344692d1ee91e91080ccffbd97bcd4a0975?s=96&d=mm&r=g\",\"contentUrl\":\"https:\/\/secure.gravatar.com\/avatar\/7b437777242fe67d2473c2a818da2344692d1ee91e91080ccffbd97bcd4a0975?s=96&d=mm&r=g\",\"caption\":\"infoempleo\"},\"url\":\"https:\/\/empresas.infoempleo.com\/hrtrends\/author\/infoempleo\/\"}]}<\/script>\n<!-- \/ Yoast SEO plugin. -->","yoast_head_json":{"title":"A vueltas con el contrato de emprendedores | HRTRENDS","robots":{"index":"index","follow":"follow","max-snippet":"max-snippet:-1","max-image-preview":"max-image-preview:large","max-video-preview":"max-video-preview:-1"},"canonical":"https:\/\/empresas.infoempleo.com\/hrtrends\/a-vueltas-con-el-contrato-de-emprendedores\/","og_locale":"es_ES","og_type":"article","og_title":"A vueltas con el contrato de emprendedores | HRTRENDS","og_description":"Juan Pablo Maldonado, profesor de la Universidad CEU San Pablo. Aunque la esencia de la reforma laboral se Leer m\u00e1s","og_url":"https:\/\/empresas.infoempleo.com\/hrtrends\/a-vueltas-con-el-contrato-de-emprendedores\/","og_site_name":"HRTRENDS","article_publisher":"https:\/\/www.facebook.com\/Infoempleo","article_published_time":"2012-06-04T07:26:44+00:00","article_modified_time":"2019-01-04T08:33:26+00:00","og_image":[{"width":568,"height":259,"url":"https:\/\/empresas.infoempleo.com\/hrtrends\/media\/2012\/06\/Contrato.jpg","type":"image\/jpeg"}],"author":"infoempleo","twitter_card":"summary_large_image","twitter_creator":"@infoempleo","twitter_site":"@infoempleo","twitter_misc":{"Escrito por":"infoempleo","Tiempo de lectura":"2 minutos"},"schema":{"@context":"https:\/\/schema.org","@graph":[{"@type":"NewsArticle","@id":"https:\/\/empresas.infoempleo.com\/hrtrends\/a-vueltas-con-el-contrato-de-emprendedores\/#article","isPartOf":{"@id":"https:\/\/empresas.infoempleo.com\/hrtrends\/a-vueltas-con-el-contrato-de-emprendedores\/"},"author":{"name":"infoempleo","@id":"https:\/\/empresas.infoempleo.com\/hrtrends\/#\/schema\/person\/67d3e276ffcc8b3ae0ebec816daf775a"},"headline":"A vueltas con el contrato de emprendedores","datePublished":"2012-06-04T07:26:44+00:00","dateModified":"2019-01-04T08:33:26+00:00","mainEntityOfPage":{"@id":"https:\/\/empresas.infoempleo.com\/hrtrends\/a-vueltas-con-el-contrato-de-emprendedores\/"},"wordCount":463,"publisher":{"@id":"https:\/\/empresas.infoempleo.com\/hrtrends\/#organization"},"image":{"@id":"https:\/\/empresas.infoempleo.com\/hrtrends\/a-vueltas-con-el-contrato-de-emprendedores\/#primaryimage"},"thumbnailUrl":"https:\/\/empresas.infoempleo.com\/hrtrends\/media\/2012\/06\/Contrato.jpg","keywords":["contratos"],"articleSection":["Actualidad"],"inLanguage":"es","copyrightYear":"2012","copyrightHolder":{"@id":"https:\/\/empresas.infoempleo.com\/hrtrends\/#organization"}},{"@type":"WebPage","@id":"https:\/\/empresas.infoempleo.com\/hrtrends\/a-vueltas-con-el-contrato-de-emprendedores\/","url":"https:\/\/empresas.infoempleo.com\/hrtrends\/a-vueltas-con-el-contrato-de-emprendedores\/","name":"A vueltas con el contrato de emprendedores | HRTRENDS","isPartOf":{"@id":"https:\/\/empresas.infoempleo.com\/hrtrends\/#website"},"primaryImageOfPage":{"@id":"https:\/\/empresas.infoempleo.com\/hrtrends\/a-vueltas-con-el-contrato-de-emprendedores\/#primaryimage"},"image":{"@id":"https:\/\/empresas.infoempleo.com\/hrtrends\/a-vueltas-con-el-contrato-de-emprendedores\/#primaryimage"},"thumbnailUrl":"https:\/\/empresas.infoempleo.com\/hrtrends\/media\/2012\/06\/Contrato.jpg","datePublished":"2012-06-04T07:26:44+00:00","dateModified":"2019-01-04T08:33:26+00:00","breadcrumb":{"@id":"https:\/\/empresas.infoempleo.com\/hrtrends\/a-vueltas-con-el-contrato-de-emprendedores\/#breadcrumb"},"inLanguage":"es","potentialAction":[{"@type":"ReadAction","target":["https:\/\/empresas.infoempleo.com\/hrtrends\/a-vueltas-con-el-contrato-de-emprendedores\/"]}]},{"@type":"ImageObject","inLanguage":"es","@id":"https:\/\/empresas.infoempleo.com\/hrtrends\/a-vueltas-con-el-contrato-de-emprendedores\/#primaryimage","url":"https:\/\/empresas.infoempleo.com\/hrtrends\/media\/2012\/06\/Contrato-150x150.jpg","contentUrl":"https:\/\/empresas.infoempleo.com\/hrtrends\/media\/2012\/06\/Contrato-150x150.jpg","width":150,"height":150},{"@type":"BreadcrumbList","@id":"https:\/\/empresas.infoempleo.com\/hrtrends\/a-vueltas-con-el-contrato-de-emprendedores\/#breadcrumb","itemListElement":[{"@type":"ListItem","position":1,"name":"Portada","item":"https:\/\/empresas.infoempleo.com\/hrtrends\/"},{"@type":"ListItem","position":2,"name":"A vueltas con el contrato de emprendedores"}]},{"@type":"WebSite","@id":"https:\/\/empresas.infoempleo.com\/hrtrends\/#website","url":"https:\/\/empresas.infoempleo.com\/hrtrends","name":"HRTrends by Infoempleo","description":"","publisher":{"@id":"https:\/\/empresas.infoempleo.com\/hrtrends\/#organization"},"potentialAction":{"@type":"SearchAction","target":"https:\/\/empresas.infoempleo.com\/hrtrends\/?s={search_term_string}","query-input":"required name=search_term_string"},"inLanguage":"es"},{"@type":"Organization","@id":"https:\/\/empresas.infoempleo.com\/hrtrends\/#organization","name":"Infoempleo","url":"https:\/\/www.infoempleo.com\/","logo":{"@type":"ImageObject","@id":"https:\/\/empresas.infoempleo.com\/hrtrends\/#logo","inLanguage":"es","url":"https:\/\/cdnazure.infoempleo.com\/infoempleo\/assets\/style\/gfx\/logo.svg","contentUrl":"https:\/\/cdnazure.infoempleo.com\/infoempleo\/assets\/style\/gfx\/logo.svg","width":150,"height":40,"caption":"Infoempleo"},"image":{"@id":"https:\/\/empresas.infoempleo.com\/hrtrends\/#logo"},"sameAs":["https:\/\/www.facebook.com\/Infoempleo","https:\/\/x.com\/infoempleo","http:\/\/instagram.com\/infoempleo\/","http:\/\/www.linkedin.com\/groups\/Empleo-Espa\u00f1a-Infoempleocom-111276","http:\/\/pinterest.com\/infoempleo\/"],"address":{"@type":"PostalAddress","addressLocality":"Madrid","postalCode":"28050","streetAddress":"Avenida de Burgos 114"},"brand":["Infoempleo"]},{"@type":"Person","@id":"https:\/\/empresas.infoempleo.com\/hrtrends\/#\/schema\/person\/67d3e276ffcc8b3ae0ebec816daf775a","name":"infoempleo","image":{"@type":"ImageObject","inLanguage":"es","@id":"https:\/\/empresas.infoempleo.com\/hrtrends\/#\/schema\/person\/image\/","url":"https:\/\/secure.gravatar.com\/avatar\/7b437777242fe67d2473c2a818da2344692d1ee91e91080ccffbd97bcd4a0975?s=96&d=mm&r=g","contentUrl":"https:\/\/secure.gravatar.com\/avatar\/7b437777242fe67d2473c2a818da2344692d1ee91e91080ccffbd97bcd4a0975?s=96&d=mm&r=g","caption":"infoempleo"},"url":"https:\/\/empresas.infoempleo.com\/hrtrends\/author\/infoempleo\/"}]}},"amp_enabled":true,"_links":{"self":[{"href":"https:\/\/empresas.infoempleo.com\/hrtrends\/wp-json\/wp\/v2\/posts\/15099","targetHints":{"allow":["GET"]}}],"collection":[{"href":"https:\/\/empresas.infoempleo.com\/hrtrends\/wp-json\/wp\/v2\/posts"}],"about":[{"href":"https:\/\/empresas.infoempleo.com\/hrtrends\/wp-json\/wp\/v2\/types\/post"}],"author":[{"embeddable":true,"href":"https:\/\/empresas.infoempleo.com\/hrtrends\/wp-json\/wp\/v2\/users\/72"}],"replies":[{"embeddable":true,"href":"https:\/\/empresas.infoempleo.com\/hrtrends\/wp-json\/wp\/v2\/comments?post=15099"}],"version-history":[{"count":0,"href":"https:\/\/empresas.infoempleo.com\/hrtrends\/wp-json\/wp\/v2\/posts\/15099\/revisions"}],"wp:featuredmedia":[{"embeddable":true,"href":"https:\/\/empresas.infoempleo.com\/hrtrends\/wp-json\/wp\/v2\/media\/15102"}],"wp:attachment":[{"href":"https:\/\/empresas.infoempleo.com\/hrtrends\/wp-json\/wp\/v2\/media?parent=15099"}],"wp:term":[{"taxonomy":"category","embeddable":true,"href":"https:\/\/empresas.infoempleo.com\/hrtrends\/wp-json\/wp\/v2\/categories?post=15099"},{"taxonomy":"post_tag","embeddable":true,"href":"https:\/\/empresas.infoempleo.com\/hrtrends\/wp-json\/wp\/v2\/tags?post=15099"}],"curies":[{"name":"wp","href":"https:\/\/api.w.org\/{rel}","templated":true}]}}