{"id":15092,"date":"2012-06-04T08:58:01","date_gmt":"2012-06-04T07:58:01","guid":{"rendered":"http:\/\/blog.infoempleo.com\/?p=15092"},"modified":"2018-05-23T17:10:29","modified_gmt":"2018-05-23T15:10:29","slug":"cuales-son-las-carreras-sin-paro","status":"publish","type":"post","link":"https:\/\/empresas.infoempleo.com\/hrtrends\/cuales-son-las-carreras-sin-paro\/","title":{"rendered":"\u00bfCu\u00e1les son las carreras \u2018sin paro\u2019?"},"content":{"rendered":"<p style=\"text-align: center;\"><img loading=\"lazy\" decoding=\"async\" class=\"size-full wp-image-15093 aligncenter\" title=\"Carreras\" src=\"https:\/\/empresas.infoempleo.com\/hrtrends\/media\/2012\/06\/Carreras.jpg\" alt=\"\" width=\"446\" height=\"258\" srcset=\"https:\/\/empresas.infoempleo.com\/hrtrends\/media\/2012\/06\/Carreras.jpg 446w, https:\/\/empresas.infoempleo.com\/hrtrends\/media\/2012\/06\/Carreras-300x174.jpg 300w\" sizes=\"auto, (max-width: 446px) 100vw, 446px\" \/><\/p>\n<p>Es un tr\u00edo de ases que\u00a0siempre gana. <strong>Medicina,\u00a0Ingenier\u00eda Industrial\u00a0y Administraci\u00f3n\u00a0de Empresas<\/strong> se sit\u00faan\u00a0cada a\u00f1o en los puestos\u00a0m\u00e1s altos de los rankings de las\u00a0carreras universitarias con m\u00e1s salidas\u00a0profesionales. El <strong>\u00abInforme Infoempleo\u00a02011\u00bb<\/strong>, que analiz\u00f3 la oferta de\u00a0empleo cualificado del a\u00f1o pasado en\u00a0Espa\u00f1a, sit\u00faa a Ingenier\u00eda Industrial\u00a0y Administraci\u00f3n y Direcci\u00f3n de Empresas\u00a0en el primer y segundo puesto\u00a0de las titulaciones m\u00e1s demandadas\u00a0por las empresas: un 6,7% y un 5,4% de\u00a0la totalidad de oferta de empleo cualificado\u00a0exig\u00eda estas titulaciones. Medicina\u00a0est\u00e1 algo m\u00e1s abajo en el ranking\u00a0de Infoempleo, pero cuenta con\u00a0un nada desde\u00f1able 3%, teniendo en\u00a0cuenta que es una carrera dif\u00edcil \u2013con\u00a0una preparaci\u00f3n muy larga\u2013 y con un\u00a0car\u00e1cter muy vocacional. \u00abEfectivamente,\u00a0estas titulaciones tienen una\u00a0demanda muy alta y, en especial, la de\u00a0Medicina, por la existencia de limitaci\u00f3n\u00a0de plazas en la formaci\u00f3n\u00bb, explica\u00a0<strong>Rafael Cort\u00e9s Elvira, rector de la\u00a0<a href=\"https:\/\/www.ucjc.edu\/\" target=\"_blank\">Universidad Camilo Jos\u00e9 Cela<\/a>. <\/strong><\/p>\n<p><strong>Juan Antonio Escarabajal, director\u00a0general de Desarrollo de la <a href=\"https:\/\/www.nebrija.com\/\" target=\"_blank\">Universidad\u00a0Nebrija<\/a><\/strong>, opina lo mismo. \u00abEfectivamente\u00a0son muy demandadas por\u00a0distintos motivos. La Medicina es una\u00a0profesi\u00f3n \u00fanica y la salud es importante\u00a0para todos, y la Ingenier\u00eda Industrial\u00a0y Administraci\u00f3n y Direcci\u00f3n\u00a0de Empresas ofrecen una formaci\u00f3n\u00a0de gran empleabilidad en la industria\u00a0y en los negocios\u00bb. <strong>Leopoldo Abad\u00a0Alcal\u00e1, Vicerrector de Alumnos de la\u00a0<a href=\"https:\/\/www.uspceu.com\/\" target=\"_blank\">Universidad CEU San Pablo<\/a><\/strong>, tambi\u00e9n\u00a0cree que \u00abestas titulaciones siguen teniendo\u00a0una demanda por encima de\u00a0la media\u00bb, pero tambi\u00e9n est\u00e1n apareciendo\u00a0nuevos grados \u00abque empiezan\u00a0a despuntar como consecuencia\u00a0del aumento de la especializaci\u00f3n en\u00a0determinadas profesiones y del desarrollo\u00a0de las nuevas tecnolog\u00edas\u00bb.\u00a0Es el caso de Ingenier\u00eda Biom\u00e9dica,\u00a0Biotecnolog\u00eda o Comunicaci\u00f3n Digital.\u00a0Iris N\u00fa\u00f1ez Trebol, Vicerrectora\u00a0de la Universidad Alfonso X el Sabio,\u00a0tambi\u00e9n insiste en que Medicina es\u00a0una carrera con gran demanda en el\u00a0centro, pero tambi\u00e9n lo son otras de\u00a0la misma rama, como Odontolog\u00eda,\u00a0Farmacia, Enfermer\u00eda y Fisioterapia.<\/p>\n<p>Sin embargo, <strong>Marta Arroyo, vicerrectora\u00a0de Estudiantes y Empleo de\u00a0la <a href=\"https:\/\/universidadeuropea.com\/\" target=\"_blank\">Universidad Europea de Madrid<\/a><\/strong>,\u00a0cree que \u00abno es del todo acertado\u00a0hablar solo de concretas titulaciones\u00a0m\u00e1s demandadas por las empresas,\u00a0sino de perfiles profesionales adaptados\u00a0a las demandas de un entorno\u00a0global\u00bb. \u00abTanto en Espa\u00f1a como a nivel\u00a0internacional se est\u00e1n experimentando\u00a0continuos cambios que exigen\u00a0de profesionales capaces de adaptarse\u00a0a nuevas formas de empleo y ocupaciones,\u00a0de desarrollar una actividad\u00a0productiva junto a otros profesionales\u00a0en proyectos multidisciplinares y\u00a0a trav\u00e9s de un esp\u00edritu creativo y emprendedor\u00bb, explica Arroyo. Pero tambi\u00e9n\u00a0se les exige \u00abque sean capaces de\u00a0ejercer su profesi\u00f3n en cualquier lugar\u00a0del mundo y, sobre todo, que sean profesionales\u00a0en continua formaci\u00f3n\u00bb.<\/p>\n<h3>Titulaciones emergentes<\/h3>\n<p>Como hemos visto, estas tres titulaciones\u00a0tienen el privilegio de ser las\u00a0que cuentan con m\u00e1s salidas profesionales,\u00a0pero poco a poco otras van\u00a0haci\u00e9ndose un hueco entre las m\u00e1s\u00a0demandadas. <strong>\u00abGanan terreno las titulaciones\u00a0relacionadas con las \u00e1reas\u00a0de salud, tecnolog\u00eda, educaci\u00f3n, ocio\u00a0y espect\u00e1culo y tambi\u00e9n los estudios\u00a0internacionales\u00bb<\/strong>, dice Juan Antonio\u00a0Escarabajal, de la Universidad Nebrija.\u00a0De este modo, en el centro la demanda\u00a0se inclina por Ingenier\u00eda del Autom\u00f3vil\u00a0o Mec\u00e1nica, aunque se ha consolidado\u00a0el Grado en Relaciones Internaciones\u00a0combinado con otra titulaci\u00f3n como\u00a0Derecho, Administraci\u00f3n y Direcci\u00f3n\u00a0de Empresas o Periodismo, y tambi\u00e9n\u00a0las carreras relacionadas con la Educaci\u00f3n\u00a0biling\u00fce, adem\u00e1s de estudios\u00a0ligados al sector del entretenimiento,\u00a0como Artes Esc\u00e9nicas, Turismo o Comunicaci\u00f3n\u00a0Audiovisual.<\/p>\n<p>Relaciones Internacionales, Ingenier\u00eda\u00a0Aeroespacial y Magisterio\u00a0en Educaci\u00f3n Infantil y Primaria en\u00a0ingl\u00e9s son titulaciones relativamente\u00a0nuevas de la Alfonso X que, seg\u00fan\u00a0Iris N\u00fa\u00f1ez Trebol, \u00aben pocos cursos\u00a0est\u00e1n demostrando su \u00e9xito\u00bb. En\u00a0la Camilo Jos\u00e9 Cela, Grados como\u00a0dise\u00f1o y desarrollo de videojuegos,\u00a0dise\u00f1o, ciencias del transporte y log\u00edstica\u00a0o protocolo y organizaci\u00f3n\u00a0de eventos est\u00e1n despuntando. En\u00a0el CEU ganan terreno \u2013adem\u00e1s de la\u00a0Ingenier\u00eda Biom\u00e9dica o la Comunicaci\u00f3n\u00a0Digital\u2013 las dobles titulaciones\u00a0del \u00e1rea Econ\u00f3mica y Jur\u00eddica y\u00a0los grados biling\u00fces. En la Europea\u00a0de Madrid, las titulaciones que ir\u00e1n\u00a0ganando terreno \u00abser\u00e1n aquellas que\u00a0mejor se adapten a las necesidades\u00a0del mercado global\u00bb, seg\u00fan Marta\u00a0Arroyo, vicerrectora de Estudiantes\u00a0y Empleo del centro. De ese modo,\u00a0destacan los Grados en Ciencias de la\u00a0Danza, en Artes Esc\u00e9nicas y Medi\u00e1ticas,\u00a0en Arte Electr\u00f3nico y Digital,\u00a0en Gesti\u00f3n Deportiva o en Piloto y\u00a0Direcci\u00f3n de Operaciones A\u00e9reas o\u00a0los Grados en Creaci\u00f3n Musical o en\u00a0Ingenier\u00eda Biom\u00e9dica.<\/p>\n","protected":false},"excerpt":{"rendered":"<p>Es un tr\u00edo de ases que\u00a0siempre gana. Medicina,\u00a0Ingenier\u00eda Industrial\u00a0y Administraci\u00f3n\u00a0de Empresas se sit\u00faan\u00a0cada a\u00f1o en los puestos\u00a0m\u00e1s altos<a class=\"moretag\" href=\"https:\/\/empresas.infoempleo.com\/hrtrends\/cuales-son-las-carreras-sin-paro\/\"> Leer m\u00e1s<\/a><\/p>\n","protected":false},"author":50,"featured_media":15093,"comment_status":"closed","ping_status":"open","sticky":false,"template":"","format":"standard","meta":{"footnotes":""},"categories":[3],"tags":[331,162,169,333],"class_list":["post-15092","post","type-post","status-publish","format-standard","has-post-thumbnail","hentry","category-actualidad","tag-carreras","tag-empleo","tag-mercado-laboral","tag-titulaciones"],"yoast_head":"<!-- This site is optimized with the Yoast SEO plugin v26.1.1 - https:\/\/yoast.com\/wordpress\/plugins\/seo\/ -->\n<title>\u00bfCu\u00e1les son las carreras \u2018sin paro\u2019? | HRTRENDS<\/title>\n<meta name=\"robots\" content=\"index, follow, max-snippet:-1, max-image-preview:large, max-video-preview:-1\" \/>\n<link rel=\"canonical\" href=\"https:\/\/empresas.infoempleo.com\/hrtrends\/cuales-son-las-carreras-sin-paro\/\" \/>\n<meta property=\"og:locale\" content=\"es_ES\" \/>\n<meta property=\"og:type\" content=\"article\" \/>\n<meta property=\"og:title\" content=\"\u00bfCu\u00e1les son las carreras \u2018sin paro\u2019? | HRTRENDS\" \/>\n<meta property=\"og:description\" content=\"Es un tr\u00edo de ases que\u00a0siempre gana. Medicina,\u00a0Ingenier\u00eda Industrial\u00a0y Administraci\u00f3n\u00a0de Empresas se sit\u00faan\u00a0cada a\u00f1o en los puestos\u00a0m\u00e1s altos Leer m\u00e1s\" \/>\n<meta property=\"og:url\" content=\"https:\/\/empresas.infoempleo.com\/hrtrends\/cuales-son-las-carreras-sin-paro\/\" \/>\n<meta property=\"og:site_name\" content=\"HRTRENDS\" \/>\n<meta property=\"article:publisher\" content=\"https:\/\/www.facebook.com\/Infoempleo\" \/>\n<meta property=\"article:published_time\" content=\"2012-06-04T07:58:01+00:00\" \/>\n<meta property=\"article:modified_time\" content=\"2018-05-23T15:10:29+00:00\" \/>\n<meta property=\"og:image\" content=\"https:\/\/empresas.infoempleo.com\/hrtrends\/media\/2012\/06\/Carreras.jpg\" \/>\n\t<meta property=\"og:image:width\" content=\"446\" \/>\n\t<meta property=\"og:image:height\" content=\"258\" \/>\n\t<meta property=\"og:image:type\" content=\"image\/jpeg\" \/>\n<meta name=\"author\" content=\"Sergio Mu\u00f1oz\" \/>\n<meta name=\"twitter:card\" content=\"summary_large_image\" \/>\n<meta name=\"twitter:creator\" content=\"@infoempleo\" \/>\n<meta name=\"twitter:site\" content=\"@infoempleo\" \/>\n<meta name=\"twitter:label1\" content=\"Escrito por\" \/>\n\t<meta name=\"twitter:data1\" content=\"Sergio Mu\u00f1oz\" \/>\n\t<meta name=\"twitter:label2\" content=\"Tiempo de lectura\" \/>\n\t<meta name=\"twitter:data2\" content=\"4 minutos\" \/>\n<script type=\"application\/ld+json\" class=\"yoast-schema-graph\">{\"@context\":\"https:\/\/schema.org\",\"@graph\":[{\"@type\":\"NewsArticle\",\"@id\":\"https:\/\/empresas.infoempleo.com\/hrtrends\/cuales-son-las-carreras-sin-paro\/#article\",\"isPartOf\":{\"@id\":\"https:\/\/empresas.infoempleo.com\/hrtrends\/cuales-son-las-carreras-sin-paro\/\"},\"author\":{\"name\":\"Sergio Mu\u00f1oz\",\"@id\":\"https:\/\/empresas.infoempleo.com\/hrtrends\/#\/schema\/person\/6eed0717dd6d324ad674543577f7d352\"},\"headline\":\"\u00bfCu\u00e1les son las carreras \u2018sin paro\u2019?\",\"datePublished\":\"2012-06-04T07:58:01+00:00\",\"dateModified\":\"2018-05-23T15:10:29+00:00\",\"mainEntityOfPage\":{\"@id\":\"https:\/\/empresas.infoempleo.com\/hrtrends\/cuales-son-las-carreras-sin-paro\/\"},\"wordCount\":826,\"publisher\":{\"@id\":\"https:\/\/empresas.infoempleo.com\/hrtrends\/#organization\"},\"image\":{\"@id\":\"https:\/\/empresas.infoempleo.com\/hrtrends\/cuales-son-las-carreras-sin-paro\/#primaryimage\"},\"thumbnailUrl\":\"https:\/\/empresas.infoempleo.com\/hrtrends\/media\/2012\/06\/Carreras.jpg\",\"keywords\":[\"carreras\",\"Empleo\",\"mercado laboral\",\"titulaciones\"],\"articleSection\":[\"Actualidad\"],\"inLanguage\":\"es\",\"copyrightYear\":\"2012\",\"copyrightHolder\":{\"@id\":\"https:\/\/empresas.infoempleo.com\/hrtrends\/#organization\"}},{\"@type\":\"WebPage\",\"@id\":\"https:\/\/empresas.infoempleo.com\/hrtrends\/cuales-son-las-carreras-sin-paro\/\",\"url\":\"https:\/\/empresas.infoempleo.com\/hrtrends\/cuales-son-las-carreras-sin-paro\/\",\"name\":\"\u00bfCu\u00e1les son las carreras \u2018sin paro\u2019? | HRTRENDS\",\"isPartOf\":{\"@id\":\"https:\/\/empresas.infoempleo.com\/hrtrends\/#website\"},\"primaryImageOfPage\":{\"@id\":\"https:\/\/empresas.infoempleo.com\/hrtrends\/cuales-son-las-carreras-sin-paro\/#primaryimage\"},\"image\":{\"@id\":\"https:\/\/empresas.infoempleo.com\/hrtrends\/cuales-son-las-carreras-sin-paro\/#primaryimage\"},\"thumbnailUrl\":\"https:\/\/empresas.infoempleo.com\/hrtrends\/media\/2012\/06\/Carreras.jpg\",\"datePublished\":\"2012-06-04T07:58:01+00:00\",\"dateModified\":\"2018-05-23T15:10:29+00:00\",\"breadcrumb\":{\"@id\":\"https:\/\/empresas.infoempleo.com\/hrtrends\/cuales-son-las-carreras-sin-paro\/#breadcrumb\"},\"inLanguage\":\"es\",\"potentialAction\":[{\"@type\":\"ReadAction\",\"target\":[\"https:\/\/empresas.infoempleo.com\/hrtrends\/cuales-son-las-carreras-sin-paro\/\"]}]},{\"@type\":\"ImageObject\",\"inLanguage\":\"es\",\"@id\":\"https:\/\/empresas.infoempleo.com\/hrtrends\/cuales-son-las-carreras-sin-paro\/#primaryimage\",\"url\":\"https:\/\/empresas.infoempleo.com\/hrtrends\/media\/2012\/06\/Carreras-150x150.jpg\",\"contentUrl\":\"https:\/\/empresas.infoempleo.com\/hrtrends\/media\/2012\/06\/Carreras-150x150.jpg\",\"width\":150,\"height\":150},{\"@type\":\"BreadcrumbList\",\"@id\":\"https:\/\/empresas.infoempleo.com\/hrtrends\/cuales-son-las-carreras-sin-paro\/#breadcrumb\",\"itemListElement\":[{\"@type\":\"ListItem\",\"position\":1,\"name\":\"Portada\",\"item\":\"https:\/\/empresas.infoempleo.com\/hrtrends\/\"},{\"@type\":\"ListItem\",\"position\":2,\"name\":\"\u00bfCu\u00e1les son las carreras \u2018sin paro\u2019?\"}]},{\"@type\":\"WebSite\",\"@id\":\"https:\/\/empresas.infoempleo.com\/hrtrends\/#website\",\"url\":\"https:\/\/empresas.infoempleo.com\/hrtrends\",\"name\":\"HRTrends by Infoempleo\",\"description\":\"\",\"publisher\":{\"@id\":\"https:\/\/empresas.infoempleo.com\/hrtrends\/#organization\"},\"potentialAction\":{\"@type\":\"SearchAction\",\"target\":\"https:\/\/empresas.infoempleo.com\/hrtrends\/?s={search_term_string}\",\"query-input\":\"required name=search_term_string\"},\"inLanguage\":\"es\"},{\"@type\":\"Organization\",\"@id\":\"https:\/\/empresas.infoempleo.com\/hrtrends\/#organization\",\"name\":\"Infoempleo\",\"url\":\"https:\/\/www.infoempleo.com\/\",\"logo\":{\"@type\":\"ImageObject\",\"@id\":\"https:\/\/empresas.infoempleo.com\/hrtrends\/#logo\",\"inLanguage\":\"es\",\"url\":\"https:\/\/cdnazure.infoempleo.com\/infoempleo\/assets\/style\/gfx\/logo.svg\",\"contentUrl\":\"https:\/\/cdnazure.infoempleo.com\/infoempleo\/assets\/style\/gfx\/logo.svg\",\"width\":150,\"height\":40,\"caption\":\"Infoempleo\"},\"image\":{\"@id\":\"https:\/\/empresas.infoempleo.com\/hrtrends\/#logo\"},\"sameAs\":[\"https:\/\/www.facebook.com\/Infoempleo\",\"https:\/\/x.com\/infoempleo\",\"http:\/\/instagram.com\/infoempleo\/\",\"http:\/\/www.linkedin.com\/groups\/Empleo-Espa\u00f1a-Infoempleocom-111276\",\"http:\/\/pinterest.com\/infoempleo\/\"],\"address\":{\"@type\":\"PostalAddress\",\"addressLocality\":\"Madrid\",\"postalCode\":\"28050\",\"streetAddress\":\"Avenida de Burgos 114\"},\"brand\":[\"Infoempleo\"]},{\"@type\":\"Person\",\"@id\":\"https:\/\/empresas.infoempleo.com\/hrtrends\/#\/schema\/person\/6eed0717dd6d324ad674543577f7d352\",\"name\":\"Sergio Mu\u00f1oz\",\"image\":{\"@type\":\"ImageObject\",\"inLanguage\":\"es\",\"@id\":\"https:\/\/empresas.infoempleo.com\/hrtrends\/#\/schema\/person\/image\/\",\"url\":\"https:\/\/secure.gravatar.com\/avatar\/e7731161b4b74cbcb9baea8553044aadfdf78c0164ca104016474818fd843019?s=96&d=mm&r=g\",\"contentUrl\":\"https:\/\/secure.gravatar.com\/avatar\/e7731161b4b74cbcb9baea8553044aadfdf78c0164ca104016474818fd843019?s=96&d=mm&r=g\",\"caption\":\"Sergio Mu\u00f1oz\"},\"url\":\"https:\/\/empresas.infoempleo.com\/hrtrends\/author\/sergio-munoz\/\"}]}<\/script>\n<!-- \/ Yoast SEO plugin. -->","yoast_head_json":{"title":"\u00bfCu\u00e1les son las carreras \u2018sin paro\u2019? | HRTRENDS","robots":{"index":"index","follow":"follow","max-snippet":"max-snippet:-1","max-image-preview":"max-image-preview:large","max-video-preview":"max-video-preview:-1"},"canonical":"https:\/\/empresas.infoempleo.com\/hrtrends\/cuales-son-las-carreras-sin-paro\/","og_locale":"es_ES","og_type":"article","og_title":"\u00bfCu\u00e1les son las carreras \u2018sin paro\u2019? | HRTRENDS","og_description":"Es un tr\u00edo de ases que\u00a0siempre gana. Medicina,\u00a0Ingenier\u00eda Industrial\u00a0y Administraci\u00f3n\u00a0de Empresas se sit\u00faan\u00a0cada a\u00f1o en los puestos\u00a0m\u00e1s altos Leer m\u00e1s","og_url":"https:\/\/empresas.infoempleo.com\/hrtrends\/cuales-son-las-carreras-sin-paro\/","og_site_name":"HRTRENDS","article_publisher":"https:\/\/www.facebook.com\/Infoempleo","article_published_time":"2012-06-04T07:58:01+00:00","article_modified_time":"2018-05-23T15:10:29+00:00","og_image":[{"width":446,"height":258,"url":"https:\/\/empresas.infoempleo.com\/hrtrends\/media\/2012\/06\/Carreras.jpg","type":"image\/jpeg"}],"author":"Sergio Mu\u00f1oz","twitter_card":"summary_large_image","twitter_creator":"@infoempleo","twitter_site":"@infoempleo","twitter_misc":{"Escrito por":"Sergio Mu\u00f1oz","Tiempo de lectura":"4 minutos"},"schema":{"@context":"https:\/\/schema.org","@graph":[{"@type":"NewsArticle","@id":"https:\/\/empresas.infoempleo.com\/hrtrends\/cuales-son-las-carreras-sin-paro\/#article","isPartOf":{"@id":"https:\/\/empresas.infoempleo.com\/hrtrends\/cuales-son-las-carreras-sin-paro\/"},"author":{"name":"Sergio Mu\u00f1oz","@id":"https:\/\/empresas.infoempleo.com\/hrtrends\/#\/schema\/person\/6eed0717dd6d324ad674543577f7d352"},"headline":"\u00bfCu\u00e1les son las carreras \u2018sin paro\u2019?","datePublished":"2012-06-04T07:58:01+00:00","dateModified":"2018-05-23T15:10:29+00:00","mainEntityOfPage":{"@id":"https:\/\/empresas.infoempleo.com\/hrtrends\/cuales-son-las-carreras-sin-paro\/"},"wordCount":826,"publisher":{"@id":"https:\/\/empresas.infoempleo.com\/hrtrends\/#organization"},"image":{"@id":"https:\/\/empresas.infoempleo.com\/hrtrends\/cuales-son-las-carreras-sin-paro\/#primaryimage"},"thumbnailUrl":"https:\/\/empresas.infoempleo.com\/hrtrends\/media\/2012\/06\/Carreras.jpg","keywords":["carreras","Empleo","mercado laboral","titulaciones"],"articleSection":["Actualidad"],"inLanguage":"es","copyrightYear":"2012","copyrightHolder":{"@id":"https:\/\/empresas.infoempleo.com\/hrtrends\/#organization"}},{"@type":"WebPage","@id":"https:\/\/empresas.infoempleo.com\/hrtrends\/cuales-son-las-carreras-sin-paro\/","url":"https:\/\/empresas.infoempleo.com\/hrtrends\/cuales-son-las-carreras-sin-paro\/","name":"\u00bfCu\u00e1les son las carreras \u2018sin paro\u2019? | HRTRENDS","isPartOf":{"@id":"https:\/\/empresas.infoempleo.com\/hrtrends\/#website"},"primaryImageOfPage":{"@id":"https:\/\/empresas.infoempleo.com\/hrtrends\/cuales-son-las-carreras-sin-paro\/#primaryimage"},"image":{"@id":"https:\/\/empresas.infoempleo.com\/hrtrends\/cuales-son-las-carreras-sin-paro\/#primaryimage"},"thumbnailUrl":"https:\/\/empresas.infoempleo.com\/hrtrends\/media\/2012\/06\/Carreras.jpg","datePublished":"2012-06-04T07:58:01+00:00","dateModified":"2018-05-23T15:10:29+00:00","breadcrumb":{"@id":"https:\/\/empresas.infoempleo.com\/hrtrends\/cuales-son-las-carreras-sin-paro\/#breadcrumb"},"inLanguage":"es","potentialAction":[{"@type":"ReadAction","target":["https:\/\/empresas.infoempleo.com\/hrtrends\/cuales-son-las-carreras-sin-paro\/"]}]},{"@type":"ImageObject","inLanguage":"es","@id":"https:\/\/empresas.infoempleo.com\/hrtrends\/cuales-son-las-carreras-sin-paro\/#primaryimage","url":"https:\/\/empresas.infoempleo.com\/hrtrends\/media\/2012\/06\/Carreras-150x150.jpg","contentUrl":"https:\/\/empresas.infoempleo.com\/hrtrends\/media\/2012\/06\/Carreras-150x150.jpg","width":150,"height":150},{"@type":"BreadcrumbList","@id":"https:\/\/empresas.infoempleo.com\/hrtrends\/cuales-son-las-carreras-sin-paro\/#breadcrumb","itemListElement":[{"@type":"ListItem","position":1,"name":"Portada","item":"https:\/\/empresas.infoempleo.com\/hrtrends\/"},{"@type":"ListItem","position":2,"name":"\u00bfCu\u00e1les son las carreras \u2018sin paro\u2019?"}]},{"@type":"WebSite","@id":"https:\/\/empresas.infoempleo.com\/hrtrends\/#website","url":"https:\/\/empresas.infoempleo.com\/hrtrends","name":"HRTrends by Infoempleo","description":"","publisher":{"@id":"https:\/\/empresas.infoempleo.com\/hrtrends\/#organization"},"potentialAction":{"@type":"SearchAction","target":"https:\/\/empresas.infoempleo.com\/hrtrends\/?s={search_term_string}","query-input":"required name=search_term_string"},"inLanguage":"es"},{"@type":"Organization","@id":"https:\/\/empresas.infoempleo.com\/hrtrends\/#organization","name":"Infoempleo","url":"https:\/\/www.infoempleo.com\/","logo":{"@type":"ImageObject","@id":"https:\/\/empresas.infoempleo.com\/hrtrends\/#logo","inLanguage":"es","url":"https:\/\/cdnazure.infoempleo.com\/infoempleo\/assets\/style\/gfx\/logo.svg","contentUrl":"https:\/\/cdnazure.infoempleo.com\/infoempleo\/assets\/style\/gfx\/logo.svg","width":150,"height":40,"caption":"Infoempleo"},"image":{"@id":"https:\/\/empresas.infoempleo.com\/hrtrends\/#logo"},"sameAs":["https:\/\/www.facebook.com\/Infoempleo","https:\/\/x.com\/infoempleo","http:\/\/instagram.com\/infoempleo\/","http:\/\/www.linkedin.com\/groups\/Empleo-Espa\u00f1a-Infoempleocom-111276","http:\/\/pinterest.com\/infoempleo\/"],"address":{"@type":"PostalAddress","addressLocality":"Madrid","postalCode":"28050","streetAddress":"Avenida de Burgos 114"},"brand":["Infoempleo"]},{"@type":"Person","@id":"https:\/\/empresas.infoempleo.com\/hrtrends\/#\/schema\/person\/6eed0717dd6d324ad674543577f7d352","name":"Sergio Mu\u00f1oz","image":{"@type":"ImageObject","inLanguage":"es","@id":"https:\/\/empresas.infoempleo.com\/hrtrends\/#\/schema\/person\/image\/","url":"https:\/\/secure.gravatar.com\/avatar\/e7731161b4b74cbcb9baea8553044aadfdf78c0164ca104016474818fd843019?s=96&d=mm&r=g","contentUrl":"https:\/\/secure.gravatar.com\/avatar\/e7731161b4b74cbcb9baea8553044aadfdf78c0164ca104016474818fd843019?s=96&d=mm&r=g","caption":"Sergio Mu\u00f1oz"},"url":"https:\/\/empresas.infoempleo.com\/hrtrends\/author\/sergio-munoz\/"}]}},"amp_enabled":true,"_links":{"self":[{"href":"https:\/\/empresas.infoempleo.com\/hrtrends\/wp-json\/wp\/v2\/posts\/15092","targetHints":{"allow":["GET"]}}],"collection":[{"href":"https:\/\/empresas.infoempleo.com\/hrtrends\/wp-json\/wp\/v2\/posts"}],"about":[{"href":"https:\/\/empresas.infoempleo.com\/hrtrends\/wp-json\/wp\/v2\/types\/post"}],"author":[{"embeddable":true,"href":"https:\/\/empresas.infoempleo.com\/hrtrends\/wp-json\/wp\/v2\/users\/50"}],"replies":[{"embeddable":true,"href":"https:\/\/empresas.infoempleo.com\/hrtrends\/wp-json\/wp\/v2\/comments?post=15092"}],"version-history":[{"count":0,"href":"https:\/\/empresas.infoempleo.com\/hrtrends\/wp-json\/wp\/v2\/posts\/15092\/revisions"}],"wp:featuredmedia":[{"embeddable":true,"href":"https:\/\/empresas.infoempleo.com\/hrtrends\/wp-json\/wp\/v2\/media\/15093"}],"wp:attachment":[{"href":"https:\/\/empresas.infoempleo.com\/hrtrends\/wp-json\/wp\/v2\/media?parent=15092"}],"wp:term":[{"taxonomy":"category","embeddable":true,"href":"https:\/\/empresas.infoempleo.com\/hrtrends\/wp-json\/wp\/v2\/categories?post=15092"},{"taxonomy":"post_tag","embeddable":true,"href":"https:\/\/empresas.infoempleo.com\/hrtrends\/wp-json\/wp\/v2\/tags?post=15092"}],"curies":[{"name":"wp","href":"https:\/\/api.w.org\/{rel}","templated":true}]}}