{"id":15041,"date":"2012-05-21T11:48:07","date_gmt":"2012-05-21T10:48:07","guid":{"rendered":"http:\/\/blog.infoempleo.com\/?p=15041"},"modified":"2024-08-29T17:45:38","modified_gmt":"2024-08-29T15:45:38","slug":"algo-esta-cambiando-en-el-sector-editorial","status":"publish","type":"post","link":"https:\/\/empresas.infoempleo.com\/hrtrends\/algo-esta-cambiando-en-el-sector-editorial\/","title":{"rendered":"Algo est\u00e1 cambiando en el sector editorial"},"content":{"rendered":"<p style=\"text-align: center;\"><img loading=\"lazy\" decoding=\"async\" class=\"size-full wp-image-15042 aligncenter\" title=\"Libros\" src=\"https:\/\/empresas.infoempleo.com\/hrtrends\/media\/2012\/05\/Libros.jpg\" alt=\"\" width=\"259\" height=\"314\" srcset=\"https:\/\/empresas.infoempleo.com\/hrtrends\/media\/2012\/05\/Libros.jpg 432w, https:\/\/empresas.infoempleo.com\/hrtrends\/media\/2012\/05\/Libros-248x300.jpg 248w\" sizes=\"auto, (max-width: 259px) 100vw, 259px\" \/><\/p>\n<p>El d\u00eda en el que los j\u00f3venes\u00a0universitarios &#8216;cuelguen&#8217;\u00a0los libros convencionales\u00a0y estudien exclusivamente\u00a0con &#8216;e-books&#8217; est\u00e1 muy\u00a0cerca\u00bb, afirma <strong>Llu\u00eds Pastor,\u00a0director general de <a href=\"https:\/\/www.editorialuoc.com\/\" target=\"_blank\" rel=\"noopener\">Editorial UOC<\/a> y\u00a0responsable de formaci\u00f3n de la <a href=\"https:\/\/www.une.es\/\" target=\"_blank\" rel=\"noopener\">Uni\u00f3n\u00a0de Editoriales Universitarias Espa\u00f1olas\u00a0(UNE)<\/a><\/strong>. \u00abAntes de lo que sospechamos\u00a0habremos dado el salto\u00bb, enfatiza <strong>Javier\u00a0Celaya, profesor de la <a href=\"https:\/\/www.uah.es\/es\/\" target=\"_blank\" rel=\"noopener\">Universidad de Alcal\u00e1<\/a> y socio fundador de <a href=\"https:\/\/www.dosdoce.com\/\" target=\"_blank\" rel=\"noopener\">DosDoce.com<\/a><\/strong>,\u00a0web cultural de referencia sobre contenidos\u00a0digitales. \u00abLa sociedad est\u00e1 asumiendo\u00a0la lectura en pantalla mucho\u00a0m\u00e1s r\u00e1pido de lo que los profesionales\u00a0del mundo del libro \u2013bibliotecarios, editores\u00a0y profesores\u2013, pens\u00e1bamos\u00bb. Para\u00a0Celaya, no hay vuelta atr\u00e1s. Estados Unidos\u00a0nos lleva dos o tres a\u00f1os de ventaja\u00a0y es el espejo en el que nos miramos. \u00abAll\u00ed\u00a0las grandes editoriales, sobre todo las\u00a0del mundo acad\u00e9mico, est\u00e1n indicando\u00a0que un 20% del total de sus ventas ya es\u00a0digital, cuando el a\u00f1o pasado no superaban\u00a0el 10%; y el anterior, apenas el 1%\u00bb.<\/p>\n<p>En Espa\u00f1a estamos en un 1-3%, pero\u00a0las ventas no dejan de subir a gran velocidad,\u00a0como refleja el informe <strong>\u00abLa Sociedad\u00a0de la Informaci\u00f3n en Espa\u00f1a 2011\u00bb<\/strong>,\u00a0de Fundaci\u00f3n Telef\u00f3nica. Este estudio\u00a0afirma que el 45,5% de los hogares con\u00a0&#8216;e-book&#8217; lo adquiri\u00f3 a lo largo de 2011.<\/p>\n<h3>Los anti &#8216;e-books&#8217;<\/h3>\n<p>No es una lucha entre formatos, sino\u00a0una realidad que algunos todav\u00eda niegan.\u00a0<strong>Len Valhos, director general de\u00a0<a href=\"http:\/\/www.bisg.org\/ \" target=\"_blank\" rel=\"noopener\">Book Industry Study Group (BISG)<\/a><\/strong>,\u00a0mantuvo una posici\u00f3n distante con respecto\u00a0a esta revoluci\u00f3n en las III Jornadas\u00a0organizadas por la Asociaci\u00f3n Nacional\u00a0de Editores de Libros y Material\u00a0de Ense\u00f1anza (ANELE). Valhos comparti\u00f3\u00a0datos de un estudio realizado en\u00a0Estados Unidos en el que se preguntaba\u00a0por la preferencia de formato \u2013digital o\u00a0impreso\u2013. Un 75% se decant\u00f3 por el formato\u00a0tradicional. Por eso, afirma que\u00a0\u00abla &#8216;explosi\u00f3n digital&#8217; en Estados Unidos\u00a0no es aplicable a las publicaciones acad\u00e9micas\u00bb. Y es que mientras que Llu\u00eds\u00a0Pastor, responsable de formaci\u00f3n de la\u00a0UNE, sostiene que \u00abel libro digital no tiene\u00a0desventajas frente al convencional\u00bb,\u00a0los lectores norteamericanos del estudio\u00a0de Valhos se\u00f1alaron varias: <strong>\u00abLa falta de\u00a0conectividad y el hecho de que al final\u00a0de curso ya no se pueda acceder a los\u00a0contenidos ni venderlos para recuperar\u00a0parte de lo invertido\u00bb<\/strong>.<\/p>\n<p>A estas desventajas, Javier Celaya \u00a0a\u00f1ade algunas dudas relacionadas con\u00a0el proceso de aprendizaje. \u00abHay dos\u00a0escuelas de opini\u00f3n. Una alerta sobre\u00a0los peligros de la p\u00e9rdida de ciertas habilidades\u00a0relacionadas con la lectura\u00a0convencional\u00bb. La concentraci\u00f3n en la\u00a0que nos sumimos frente a las hojas de\u00a0papel o la capacidad de retener la informaci\u00f3n\u00a0asociada a pasar las p\u00e1ginas\u00a0pueden desaparecer. \u00abLa otra escuela\u00a0afirma que la tecnolog\u00eda nos obliga a\u00a0cambiar la forma de ense\u00f1ar. Aparece\u00a0la famosa multitarea: tienes cinco o seis\u00a0pesta\u00f1as abiertas al mismo tiempo y vas\u00a0saltando entre diferentes contenidos.\u00a0En una estoy escribiendo un art\u00edculo, en\u00a0otra estoy hablando en Facebook sobre\u00a0ese tema&#8230;\u00bb. Si estas tareas est\u00e1n\u00a0alineadas con el objeto de estudio, no\u00a0hay problema. Si no, algo fallar\u00e1. \u00abSi\u00a0el alumno tiene abierta la pesta\u00f1a del\u00a0libro digital, pero tiene su Facebook y\u00a0su Twitter para &#8216;jij\u00ed, jaj\u00e1&#8217;; se distraer\u00e1,\u00a0frenando el proceso de profundizaci\u00f3n\u00a0\u00bb, explica Celaya. Para evitar \u00abestas \u00a0fugas\u00bb, lo mejor es involucrar al\u00a0alumno en el proceso de creaci\u00f3n de\u00a0contenidos, como dice <strong>Gareth Mills,\u00a0miembro de la 21st Century Learning\u00a0Alliance<\/strong>, quien clausur\u00f3 las citadas\u00a0Jornadas T\u00e9cnicas de ANELE con un\u00a0aviso a navegantes: <strong>\u00abLos profesores\u00a0deben convertirse en dise\u00f1adores del\u00a0aprendizaje, yendo m\u00e1s all\u00e1 del puro\u00a0libro de texto y m\u00e1s all\u00e1 de las aulas,\u00a0creando comunidades de aprendizaje\u00a0para compartir conocimiento. <\/strong><\/p>\n","protected":false},"excerpt":{"rendered":"<p>El d\u00eda en el que los j\u00f3venes\u00a0universitarios &#8216;cuelguen&#8217;\u00a0los libros convencionales\u00a0y estudien exclusivamente\u00a0con &#8216;e-books&#8217; est\u00e1 muy\u00a0cerca\u00bb, afirma Llu\u00eds Pastor,\u00a0director<a class=\"moretag\" href=\"https:\/\/empresas.infoempleo.com\/hrtrends\/algo-esta-cambiando-en-el-sector-editorial\/\"> Leer m\u00e1s<\/a><\/p>\n","protected":false},"author":31,"featured_media":15043,"comment_status":"closed","ping_status":"open","sticky":false,"template":"","format":"standard","meta":{"footnotes":""},"categories":[3],"tags":[18,2493],"class_list":["post-15041","post","type-post","status-publish","format-standard","has-post-thumbnail","hentry","category-actualidad","tag-empresa","tag-libros-digitales"],"yoast_head":"<!-- This site is optimized with the Yoast SEO plugin v26.1.1 - https:\/\/yoast.com\/wordpress\/plugins\/seo\/ -->\n<title>Algo est\u00e1 cambiando en el sector editorial | HRTRENDS<\/title>\n<meta name=\"robots\" content=\"index, follow, max-snippet:-1, max-image-preview:large, max-video-preview:-1\" \/>\n<link rel=\"canonical\" href=\"https:\/\/empresas.infoempleo.com\/hrtrends\/algo-esta-cambiando-en-el-sector-editorial\/\" \/>\n<meta property=\"og:locale\" content=\"es_ES\" \/>\n<meta property=\"og:type\" content=\"article\" \/>\n<meta property=\"og:title\" content=\"Algo est\u00e1 cambiando en el sector editorial | HRTRENDS\" \/>\n<meta property=\"og:description\" content=\"El d\u00eda en el que los j\u00f3venes\u00a0universitarios &#8216;cuelguen&#8217;\u00a0los libros convencionales\u00a0y estudien exclusivamente\u00a0con &#8216;e-books&#8217; est\u00e1 muy\u00a0cerca\u00bb, afirma Llu\u00eds Pastor,\u00a0director Leer m\u00e1s\" \/>\n<meta property=\"og:url\" content=\"https:\/\/empresas.infoempleo.com\/hrtrends\/algo-esta-cambiando-en-el-sector-editorial\/\" \/>\n<meta property=\"og:site_name\" content=\"HRTRENDS\" \/>\n<meta property=\"article:publisher\" content=\"https:\/\/www.facebook.com\/Infoempleo\" \/>\n<meta property=\"article:published_time\" content=\"2012-05-21T10:48:07+00:00\" \/>\n<meta property=\"article:modified_time\" content=\"2024-08-29T15:45:38+00:00\" \/>\n<meta property=\"og:image\" content=\"https:\/\/empresas.infoempleo.com\/hrtrends\/media\/2012\/05\/Librosportada.jpg\" \/>\n\t<meta property=\"og:image:width\" content=\"432\" \/>\n\t<meta property=\"og:image:height\" content=\"259\" \/>\n\t<meta property=\"og:image:type\" content=\"image\/jpeg\" \/>\n<meta name=\"author\" content=\"In\u00e9s Molina\" \/>\n<meta name=\"twitter:card\" content=\"summary_large_image\" \/>\n<meta name=\"twitter:creator\" content=\"@infoempleo\" \/>\n<meta name=\"twitter:site\" content=\"@infoempleo\" \/>\n<meta name=\"twitter:label1\" content=\"Escrito por\" \/>\n\t<meta name=\"twitter:data1\" content=\"In\u00e9s Molina\" \/>\n\t<meta name=\"twitter:label2\" content=\"Tiempo de lectura\" \/>\n\t<meta name=\"twitter:data2\" content=\"3 minutos\" \/>\n<script type=\"application\/ld+json\" class=\"yoast-schema-graph\">{\"@context\":\"https:\/\/schema.org\",\"@graph\":[{\"@type\":\"NewsArticle\",\"@id\":\"https:\/\/empresas.infoempleo.com\/hrtrends\/algo-esta-cambiando-en-el-sector-editorial\/#article\",\"isPartOf\":{\"@id\":\"https:\/\/empresas.infoempleo.com\/hrtrends\/algo-esta-cambiando-en-el-sector-editorial\/\"},\"author\":{\"name\":\"In\u00e9s Molina\",\"@id\":\"https:\/\/empresas.infoempleo.com\/hrtrends\/#\/schema\/person\/b7a6badf8a824bd871816199d4073051\"},\"headline\":\"Algo est\u00e1 cambiando en el sector editorial\",\"datePublished\":\"2012-05-21T10:48:07+00:00\",\"dateModified\":\"2024-08-29T15:45:38+00:00\",\"mainEntityOfPage\":{\"@id\":\"https:\/\/empresas.infoempleo.com\/hrtrends\/algo-esta-cambiando-en-el-sector-editorial\/\"},\"wordCount\":644,\"publisher\":{\"@id\":\"https:\/\/empresas.infoempleo.com\/hrtrends\/#organization\"},\"image\":{\"@id\":\"https:\/\/empresas.infoempleo.com\/hrtrends\/algo-esta-cambiando-en-el-sector-editorial\/#primaryimage\"},\"thumbnailUrl\":\"https:\/\/empresas.infoempleo.com\/hrtrends\/media\/2012\/05\/Librosportada.jpg\",\"keywords\":[\"empresa\",\"libros digitales\"],\"articleSection\":[\"Actualidad\"],\"inLanguage\":\"es\",\"copyrightYear\":\"2012\",\"copyrightHolder\":{\"@id\":\"https:\/\/empresas.infoempleo.com\/hrtrends\/#organization\"}},{\"@type\":\"WebPage\",\"@id\":\"https:\/\/empresas.infoempleo.com\/hrtrends\/algo-esta-cambiando-en-el-sector-editorial\/\",\"url\":\"https:\/\/empresas.infoempleo.com\/hrtrends\/algo-esta-cambiando-en-el-sector-editorial\/\",\"name\":\"Algo est\u00e1 cambiando en el sector editorial | HRTRENDS\",\"isPartOf\":{\"@id\":\"https:\/\/empresas.infoempleo.com\/hrtrends\/#website\"},\"primaryImageOfPage\":{\"@id\":\"https:\/\/empresas.infoempleo.com\/hrtrends\/algo-esta-cambiando-en-el-sector-editorial\/#primaryimage\"},\"image\":{\"@id\":\"https:\/\/empresas.infoempleo.com\/hrtrends\/algo-esta-cambiando-en-el-sector-editorial\/#primaryimage\"},\"thumbnailUrl\":\"https:\/\/empresas.infoempleo.com\/hrtrends\/media\/2012\/05\/Librosportada.jpg\",\"datePublished\":\"2012-05-21T10:48:07+00:00\",\"dateModified\":\"2024-08-29T15:45:38+00:00\",\"breadcrumb\":{\"@id\":\"https:\/\/empresas.infoempleo.com\/hrtrends\/algo-esta-cambiando-en-el-sector-editorial\/#breadcrumb\"},\"inLanguage\":\"es\",\"potentialAction\":[{\"@type\":\"ReadAction\",\"target\":[\"https:\/\/empresas.infoempleo.com\/hrtrends\/algo-esta-cambiando-en-el-sector-editorial\/\"]}]},{\"@type\":\"ImageObject\",\"inLanguage\":\"es\",\"@id\":\"https:\/\/empresas.infoempleo.com\/hrtrends\/algo-esta-cambiando-en-el-sector-editorial\/#primaryimage\",\"url\":\"https:\/\/empresas.infoempleo.com\/hrtrends\/media\/2012\/05\/Librosportada-150x150.jpg\",\"contentUrl\":\"https:\/\/empresas.infoempleo.com\/hrtrends\/media\/2012\/05\/Librosportada-150x150.jpg\",\"width\":150,\"height\":150},{\"@type\":\"BreadcrumbList\",\"@id\":\"https:\/\/empresas.infoempleo.com\/hrtrends\/algo-esta-cambiando-en-el-sector-editorial\/#breadcrumb\",\"itemListElement\":[{\"@type\":\"ListItem\",\"position\":1,\"name\":\"Portada\",\"item\":\"https:\/\/empresas.infoempleo.com\/hrtrends\/\"},{\"@type\":\"ListItem\",\"position\":2,\"name\":\"Algo est\u00e1 cambiando en el sector editorial\"}]},{\"@type\":\"WebSite\",\"@id\":\"https:\/\/empresas.infoempleo.com\/hrtrends\/#website\",\"url\":\"https:\/\/empresas.infoempleo.com\/hrtrends\",\"name\":\"HRTrends by Infoempleo\",\"description\":\"\",\"publisher\":{\"@id\":\"https:\/\/empresas.infoempleo.com\/hrtrends\/#organization\"},\"potentialAction\":{\"@type\":\"SearchAction\",\"target\":\"https:\/\/empresas.infoempleo.com\/hrtrends\/?s={search_term_string}\",\"query-input\":\"required name=search_term_string\"},\"inLanguage\":\"es\"},{\"@type\":\"Organization\",\"@id\":\"https:\/\/empresas.infoempleo.com\/hrtrends\/#organization\",\"name\":\"Infoempleo\",\"url\":\"https:\/\/www.infoempleo.com\/\",\"logo\":{\"@type\":\"ImageObject\",\"@id\":\"https:\/\/empresas.infoempleo.com\/hrtrends\/#logo\",\"inLanguage\":\"es\",\"url\":\"https:\/\/cdnazure.infoempleo.com\/infoempleo\/assets\/style\/gfx\/logo.svg\",\"contentUrl\":\"https:\/\/cdnazure.infoempleo.com\/infoempleo\/assets\/style\/gfx\/logo.svg\",\"width\":150,\"height\":40,\"caption\":\"Infoempleo\"},\"image\":{\"@id\":\"https:\/\/empresas.infoempleo.com\/hrtrends\/#logo\"},\"sameAs\":[\"https:\/\/www.facebook.com\/Infoempleo\",\"https:\/\/x.com\/infoempleo\",\"http:\/\/instagram.com\/infoempleo\/\",\"http:\/\/www.linkedin.com\/groups\/Empleo-Espa\u00f1a-Infoempleocom-111276\",\"http:\/\/pinterest.com\/infoempleo\/\"],\"address\":{\"@type\":\"PostalAddress\",\"addressLocality\":\"Madrid\",\"postalCode\":\"28050\",\"streetAddress\":\"Avenida de Burgos 114\"},\"brand\":[\"Infoempleo\"]},{\"@type\":\"Person\",\"@id\":\"https:\/\/empresas.infoempleo.com\/hrtrends\/#\/schema\/person\/b7a6badf8a824bd871816199d4073051\",\"name\":\"In\u00e9s Molina\",\"image\":{\"@type\":\"ImageObject\",\"inLanguage\":\"es\",\"@id\":\"https:\/\/empresas.infoempleo.com\/hrtrends\/#\/schema\/person\/image\/\",\"url\":\"https:\/\/secure.gravatar.com\/avatar\/91ea6cf86c6b79f9f6f4d22793ffcbb45c9376d3b1a923126559ea4a8544b7b3?s=96&d=mm&r=g\",\"contentUrl\":\"https:\/\/secure.gravatar.com\/avatar\/91ea6cf86c6b79f9f6f4d22793ffcbb45c9376d3b1a923126559ea4a8544b7b3?s=96&d=mm&r=g\",\"caption\":\"In\u00e9s Molina\"},\"url\":\"https:\/\/empresas.infoempleo.com\/hrtrends\/author\/ines-molina\/\"}]}<\/script>\n<!-- \/ Yoast SEO plugin. -->","yoast_head_json":{"title":"Algo est\u00e1 cambiando en el sector editorial | HRTRENDS","robots":{"index":"index","follow":"follow","max-snippet":"max-snippet:-1","max-image-preview":"max-image-preview:large","max-video-preview":"max-video-preview:-1"},"canonical":"https:\/\/empresas.infoempleo.com\/hrtrends\/algo-esta-cambiando-en-el-sector-editorial\/","og_locale":"es_ES","og_type":"article","og_title":"Algo est\u00e1 cambiando en el sector editorial | HRTRENDS","og_description":"El d\u00eda en el que los j\u00f3venes\u00a0universitarios &#8216;cuelguen&#8217;\u00a0los libros convencionales\u00a0y estudien exclusivamente\u00a0con &#8216;e-books&#8217; est\u00e1 muy\u00a0cerca\u00bb, afirma Llu\u00eds Pastor,\u00a0director Leer m\u00e1s","og_url":"https:\/\/empresas.infoempleo.com\/hrtrends\/algo-esta-cambiando-en-el-sector-editorial\/","og_site_name":"HRTRENDS","article_publisher":"https:\/\/www.facebook.com\/Infoempleo","article_published_time":"2012-05-21T10:48:07+00:00","article_modified_time":"2024-08-29T15:45:38+00:00","og_image":[{"width":432,"height":259,"url":"https:\/\/empresas.infoempleo.com\/hrtrends\/media\/2012\/05\/Librosportada.jpg","type":"image\/jpeg"}],"author":"In\u00e9s Molina","twitter_card":"summary_large_image","twitter_creator":"@infoempleo","twitter_site":"@infoempleo","twitter_misc":{"Escrito por":"In\u00e9s Molina","Tiempo de lectura":"3 minutos"},"schema":{"@context":"https:\/\/schema.org","@graph":[{"@type":"NewsArticle","@id":"https:\/\/empresas.infoempleo.com\/hrtrends\/algo-esta-cambiando-en-el-sector-editorial\/#article","isPartOf":{"@id":"https:\/\/empresas.infoempleo.com\/hrtrends\/algo-esta-cambiando-en-el-sector-editorial\/"},"author":{"name":"In\u00e9s Molina","@id":"https:\/\/empresas.infoempleo.com\/hrtrends\/#\/schema\/person\/b7a6badf8a824bd871816199d4073051"},"headline":"Algo est\u00e1 cambiando en el sector editorial","datePublished":"2012-05-21T10:48:07+00:00","dateModified":"2024-08-29T15:45:38+00:00","mainEntityOfPage":{"@id":"https:\/\/empresas.infoempleo.com\/hrtrends\/algo-esta-cambiando-en-el-sector-editorial\/"},"wordCount":644,"publisher":{"@id":"https:\/\/empresas.infoempleo.com\/hrtrends\/#organization"},"image":{"@id":"https:\/\/empresas.infoempleo.com\/hrtrends\/algo-esta-cambiando-en-el-sector-editorial\/#primaryimage"},"thumbnailUrl":"https:\/\/empresas.infoempleo.com\/hrtrends\/media\/2012\/05\/Librosportada.jpg","keywords":["empresa","libros digitales"],"articleSection":["Actualidad"],"inLanguage":"es","copyrightYear":"2012","copyrightHolder":{"@id":"https:\/\/empresas.infoempleo.com\/hrtrends\/#organization"}},{"@type":"WebPage","@id":"https:\/\/empresas.infoempleo.com\/hrtrends\/algo-esta-cambiando-en-el-sector-editorial\/","url":"https:\/\/empresas.infoempleo.com\/hrtrends\/algo-esta-cambiando-en-el-sector-editorial\/","name":"Algo est\u00e1 cambiando en el sector editorial | HRTRENDS","isPartOf":{"@id":"https:\/\/empresas.infoempleo.com\/hrtrends\/#website"},"primaryImageOfPage":{"@id":"https:\/\/empresas.infoempleo.com\/hrtrends\/algo-esta-cambiando-en-el-sector-editorial\/#primaryimage"},"image":{"@id":"https:\/\/empresas.infoempleo.com\/hrtrends\/algo-esta-cambiando-en-el-sector-editorial\/#primaryimage"},"thumbnailUrl":"https:\/\/empresas.infoempleo.com\/hrtrends\/media\/2012\/05\/Librosportada.jpg","datePublished":"2012-05-21T10:48:07+00:00","dateModified":"2024-08-29T15:45:38+00:00","breadcrumb":{"@id":"https:\/\/empresas.infoempleo.com\/hrtrends\/algo-esta-cambiando-en-el-sector-editorial\/#breadcrumb"},"inLanguage":"es","potentialAction":[{"@type":"ReadAction","target":["https:\/\/empresas.infoempleo.com\/hrtrends\/algo-esta-cambiando-en-el-sector-editorial\/"]}]},{"@type":"ImageObject","inLanguage":"es","@id":"https:\/\/empresas.infoempleo.com\/hrtrends\/algo-esta-cambiando-en-el-sector-editorial\/#primaryimage","url":"https:\/\/empresas.infoempleo.com\/hrtrends\/media\/2012\/05\/Librosportada-150x150.jpg","contentUrl":"https:\/\/empresas.infoempleo.com\/hrtrends\/media\/2012\/05\/Librosportada-150x150.jpg","width":150,"height":150},{"@type":"BreadcrumbList","@id":"https:\/\/empresas.infoempleo.com\/hrtrends\/algo-esta-cambiando-en-el-sector-editorial\/#breadcrumb","itemListElement":[{"@type":"ListItem","position":1,"name":"Portada","item":"https:\/\/empresas.infoempleo.com\/hrtrends\/"},{"@type":"ListItem","position":2,"name":"Algo est\u00e1 cambiando en el sector editorial"}]},{"@type":"WebSite","@id":"https:\/\/empresas.infoempleo.com\/hrtrends\/#website","url":"https:\/\/empresas.infoempleo.com\/hrtrends","name":"HRTrends by Infoempleo","description":"","publisher":{"@id":"https:\/\/empresas.infoempleo.com\/hrtrends\/#organization"},"potentialAction":{"@type":"SearchAction","target":"https:\/\/empresas.infoempleo.com\/hrtrends\/?s={search_term_string}","query-input":"required name=search_term_string"},"inLanguage":"es"},{"@type":"Organization","@id":"https:\/\/empresas.infoempleo.com\/hrtrends\/#organization","name":"Infoempleo","url":"https:\/\/www.infoempleo.com\/","logo":{"@type":"ImageObject","@id":"https:\/\/empresas.infoempleo.com\/hrtrends\/#logo","inLanguage":"es","url":"https:\/\/cdnazure.infoempleo.com\/infoempleo\/assets\/style\/gfx\/logo.svg","contentUrl":"https:\/\/cdnazure.infoempleo.com\/infoempleo\/assets\/style\/gfx\/logo.svg","width":150,"height":40,"caption":"Infoempleo"},"image":{"@id":"https:\/\/empresas.infoempleo.com\/hrtrends\/#logo"},"sameAs":["https:\/\/www.facebook.com\/Infoempleo","https:\/\/x.com\/infoempleo","http:\/\/instagram.com\/infoempleo\/","http:\/\/www.linkedin.com\/groups\/Empleo-Espa\u00f1a-Infoempleocom-111276","http:\/\/pinterest.com\/infoempleo\/"],"address":{"@type":"PostalAddress","addressLocality":"Madrid","postalCode":"28050","streetAddress":"Avenida de Burgos 114"},"brand":["Infoempleo"]},{"@type":"Person","@id":"https:\/\/empresas.infoempleo.com\/hrtrends\/#\/schema\/person\/b7a6badf8a824bd871816199d4073051","name":"In\u00e9s Molina","image":{"@type":"ImageObject","inLanguage":"es","@id":"https:\/\/empresas.infoempleo.com\/hrtrends\/#\/schema\/person\/image\/","url":"https:\/\/secure.gravatar.com\/avatar\/91ea6cf86c6b79f9f6f4d22793ffcbb45c9376d3b1a923126559ea4a8544b7b3?s=96&d=mm&r=g","contentUrl":"https:\/\/secure.gravatar.com\/avatar\/91ea6cf86c6b79f9f6f4d22793ffcbb45c9376d3b1a923126559ea4a8544b7b3?s=96&d=mm&r=g","caption":"In\u00e9s Molina"},"url":"https:\/\/empresas.infoempleo.com\/hrtrends\/author\/ines-molina\/"}]}},"amp_enabled":true,"_links":{"self":[{"href":"https:\/\/empresas.infoempleo.com\/hrtrends\/wp-json\/wp\/v2\/posts\/15041","targetHints":{"allow":["GET"]}}],"collection":[{"href":"https:\/\/empresas.infoempleo.com\/hrtrends\/wp-json\/wp\/v2\/posts"}],"about":[{"href":"https:\/\/empresas.infoempleo.com\/hrtrends\/wp-json\/wp\/v2\/types\/post"}],"author":[{"embeddable":true,"href":"https:\/\/empresas.infoempleo.com\/hrtrends\/wp-json\/wp\/v2\/users\/31"}],"replies":[{"embeddable":true,"href":"https:\/\/empresas.infoempleo.com\/hrtrends\/wp-json\/wp\/v2\/comments?post=15041"}],"version-history":[{"count":1,"href":"https:\/\/empresas.infoempleo.com\/hrtrends\/wp-json\/wp\/v2\/posts\/15041\/revisions"}],"predecessor-version":[{"id":45101,"href":"https:\/\/empresas.infoempleo.com\/hrtrends\/wp-json\/wp\/v2\/posts\/15041\/revisions\/45101"}],"wp:featuredmedia":[{"embeddable":true,"href":"https:\/\/empresas.infoempleo.com\/hrtrends\/wp-json\/wp\/v2\/media\/15043"}],"wp:attachment":[{"href":"https:\/\/empresas.infoempleo.com\/hrtrends\/wp-json\/wp\/v2\/media?parent=15041"}],"wp:term":[{"taxonomy":"category","embeddable":true,"href":"https:\/\/empresas.infoempleo.com\/hrtrends\/wp-json\/wp\/v2\/categories?post=15041"},{"taxonomy":"post_tag","embeddable":true,"href":"https:\/\/empresas.infoempleo.com\/hrtrends\/wp-json\/wp\/v2\/tags?post=15041"}],"curies":[{"name":"wp","href":"https:\/\/api.w.org\/{rel}","templated":true}]}}