{"id":15030,"date":"2012-05-21T10:20:17","date_gmt":"2012-05-21T09:20:17","guid":{"rendered":"http:\/\/blog.infoempleo.com\/?p=15030"},"modified":"2024-11-22T14:38:27","modified_gmt":"2024-11-22T12:38:27","slug":"en-lucha-contra-el-trabajo-infantil","status":"publish","type":"post","link":"https:\/\/empresas.infoempleo.com\/hrtrends\/en-lucha-contra-el-trabajo-infantil\/","title":{"rendered":"En lucha contra el trabajo infantil"},"content":{"rendered":"<p><img loading=\"lazy\" decoding=\"async\" class=\"size-full wp-image-15033 alignleft\" title=\"Javier Nadal\" src=\"https:\/\/empresas.infoempleo.com\/hrtrends\/media\/2012\/05\/JavierNadal.jpg\" alt=\"\" width=\"118\" height=\"84\" \/><\/p>\n<h3>Javier Nadal, vicepresidente ejecutivo de la Fundaci\u00f3n Telef\u00f3nica.<\/h3>\n<p>No podemos mirar hacia otro\u00a0lado: de los <strong>215 millones de ni\u00f1os\u00a0y ni\u00f1as que trabajan en todo\u00a0el mundo<\/strong>, 14 millones, de\u00a0entre 5 y 17 a\u00f1os, lo hacen en Iberoam\u00e9rica,\u00a0de los que 9,4 realizan trabajos peligrosos\u00a0que amenazan no s\u00f3lo su salud\u00a0psicol\u00f3gica, sino su integridad f\u00edsica,\u00a0aplastando todos sus derechos.<\/p>\n<p>Erradicar el trabajo infantil es una de\u00a0nuestras capitales preocupaciones en\u00a0Fundaci\u00f3n Telef\u00f3nica, dir\u00eda incluso que\u00a0de nuestras obsesiones. No \u00a0 podemos\u00a0permitir que a millones ni\u00f1os y ni\u00f1as\u00a0se les niegue una educaci\u00f3n de calidad,\u00a0que sean explotados vali\u00e9ndose de su\u00a0situaci\u00f3n de pobreza, que miles de padres \u00a0y de familias est\u00e9n convencidos de\u00a0que sus hijos tengan que trabajar y que\u00a0ello interfiera en la educaci\u00f3n comprometiendo\u00a0el presente e hipotecando su\u00a0futuro: ni\u00f1os y ni\u00f1as que recogen basura,\u00a0trabajan en la agricultura, la miner\u00eda\u00a0o el trabajo dom\u00e9stico&#8230;<\/p>\n<p style=\"text-align: center;\"><img loading=\"lazy\" decoding=\"async\" class=\"size-full wp-image-15031 aligncenter\" title=\"Fundaci\u00f3n Telef\u00f3nica\" src=\"https:\/\/empresas.infoempleo.com\/hrtrends\/media\/2012\/05\/Telefonica.jpg\" alt=\"\" width=\"454\" height=\"206\" srcset=\"https:\/\/empresas.infoempleo.com\/hrtrends\/media\/2012\/05\/Telefonica.jpg 568w, https:\/\/empresas.infoempleo.com\/hrtrends\/media\/2012\/05\/Telefonica-300x136.jpg 300w\" sizes=\"auto, (max-width: 454px) 100vw, 454px\" \/><\/p>\n<p>En Fundaci\u00f3n Telef\u00f3nica creemos\u00a0que una educaci\u00f3n de calidad mantenida\u00a0a lo largo del tiempo, unida a la\u00a0generaci\u00f3n de las condiciones adecuadas\u00a0para que esta reorientaci\u00f3n se mantenga\u00a0despu\u00e9s, constituye la mejor de\u00a0las estrategias. Hace 12 a\u00f1os que Fundaci\u00f3n\u00a0Telef\u00f3nica, a trav\u00e9s de Proni\u00f1o,\u00a0interviene en esta realidad dram\u00e1tica\u00a0generando un proyecto de vida alternativo a\u00a0trav\u00e9s de la movilizaci\u00f3n de los\u00a0actores sociales; desarrollando alianzas\u00a0multisectoriales p\u00fablicas y privadas.\u00a0Por otro lado, en la Fundaci\u00f3n convocamos\u00a0encuentros bianuales, como el\u00a0<strong>IV Encuentro Internacional contra el\u00a0Trabajo Infantil, presencial y virtual<\/strong>,\u00a0que vamos a celebrar a partir de junio\u00a0y hasta 2013, durante doce meses, en\u00a0Ecuador, Panam\u00e1, M\u00e9xico y Brasil.<\/p>\n<p>Hoy, m\u00e1s de 280.000 ni\u00f1os latinoamericanos\u00a0se han beneficiado ya del\u00a0programa contra el trabajo infantil, algo\u00a0de lo que nos sentimos muy orgullosos.\u00a0Atendidos en m\u00e1s de 6.400 escuelas y\u00a0880 centros, con la ayuda de 123 Organizaciones\u00a0Sociales que act\u00faan en las\u00a0comunidades m\u00e1s desfavorecidas. M\u00e1s\u00a0de 6.500 profesionales se afanan en retirar\u00a0a los ni\u00f1os del trabajo y reinsertarlos\u00a0en el sistema educativo. Nos hemos\u00a0alineado as\u00ed con la Organizaci\u00f3n Internacional\u00a0del Trabajo (OIT), al sumarnos\u00a0as\u00ed a su Hoja de Ruta, cuyo objetivo es\u00a0el de erradicar la mano de obra infantil\u00a0antes de 2016. Es un compromiso al que\u00a0la Fundaci\u00f3n Telef\u00f3nica se suma para\u00a0restituirles sus derechos vulnerados y\u00a0velar por una infancia sin trabajo.<\/p>\n","protected":false},"excerpt":{"rendered":"<p>Javier Nadal, vicepresidente ejecutivo de la Fundaci\u00f3n Telef\u00f3nica. No podemos mirar hacia otro\u00a0lado: de los 215 millones de<a class=\"moretag\" href=\"https:\/\/empresas.infoempleo.com\/hrtrends\/en-lucha-contra-el-trabajo-infantil\/\"> Leer m\u00e1s<\/a><\/p>\n","protected":false},"author":72,"featured_media":15031,"comment_status":"closed","ping_status":"open","sticky":false,"template":"","format":"standard","meta":{"footnotes":""},"categories":[3],"tags":[162,545],"class_list":["post-15030","post","type-post","status-publish","format-standard","has-post-thumbnail","hentry","category-actualidad","tag-empleo","tag-solidaridad"],"yoast_head":"<!-- This site is optimized with the Yoast SEO plugin v26.1.1 - https:\/\/yoast.com\/wordpress\/plugins\/seo\/ -->\n<title>En lucha contra el trabajo infantil | HRTRENDS<\/title>\n<meta name=\"robots\" content=\"index, follow, max-snippet:-1, max-image-preview:large, max-video-preview:-1\" \/>\n<link rel=\"canonical\" href=\"https:\/\/empresas.infoempleo.com\/hrtrends\/en-lucha-contra-el-trabajo-infantil\/\" \/>\n<meta property=\"og:locale\" content=\"es_ES\" \/>\n<meta property=\"og:type\" content=\"article\" \/>\n<meta property=\"og:title\" content=\"En lucha contra el trabajo infantil | HRTRENDS\" \/>\n<meta property=\"og:description\" content=\"Javier Nadal, vicepresidente ejecutivo de la Fundaci\u00f3n Telef\u00f3nica. No podemos mirar hacia otro\u00a0lado: de los 215 millones de Leer m\u00e1s\" \/>\n<meta property=\"og:url\" content=\"https:\/\/empresas.infoempleo.com\/hrtrends\/en-lucha-contra-el-trabajo-infantil\/\" \/>\n<meta property=\"og:site_name\" content=\"HRTRENDS\" \/>\n<meta property=\"article:publisher\" content=\"https:\/\/www.facebook.com\/Infoempleo\" \/>\n<meta property=\"article:published_time\" content=\"2012-05-21T09:20:17+00:00\" \/>\n<meta property=\"article:modified_time\" content=\"2024-11-22T12:38:27+00:00\" \/>\n<meta property=\"og:image\" content=\"https:\/\/empresas.infoempleo.com\/hrtrends\/media\/2012\/05\/Telefonica.jpg\" \/>\n\t<meta property=\"og:image:width\" content=\"568\" \/>\n\t<meta property=\"og:image:height\" content=\"258\" \/>\n\t<meta property=\"og:image:type\" content=\"image\/jpeg\" \/>\n<meta name=\"author\" content=\"infoempleo\" \/>\n<meta name=\"twitter:card\" content=\"summary_large_image\" \/>\n<meta name=\"twitter:creator\" content=\"@infoempleo\" \/>\n<meta name=\"twitter:site\" content=\"@infoempleo\" \/>\n<meta name=\"twitter:label1\" content=\"Escrito por\" \/>\n\t<meta name=\"twitter:data1\" content=\"infoempleo\" \/>\n\t<meta name=\"twitter:label2\" content=\"Tiempo de lectura\" \/>\n\t<meta name=\"twitter:data2\" content=\"2 minutos\" \/>\n<script type=\"application\/ld+json\" class=\"yoast-schema-graph\">{\"@context\":\"https:\/\/schema.org\",\"@graph\":[{\"@type\":\"NewsArticle\",\"@id\":\"https:\/\/empresas.infoempleo.com\/hrtrends\/en-lucha-contra-el-trabajo-infantil\/#article\",\"isPartOf\":{\"@id\":\"https:\/\/empresas.infoempleo.com\/hrtrends\/en-lucha-contra-el-trabajo-infantil\/\"},\"author\":{\"name\":\"infoempleo\",\"@id\":\"https:\/\/empresas.infoempleo.com\/hrtrends\/#\/schema\/person\/67d3e276ffcc8b3ae0ebec816daf775a\"},\"headline\":\"En lucha contra el trabajo infantil\",\"datePublished\":\"2012-05-21T09:20:17+00:00\",\"dateModified\":\"2024-11-22T12:38:27+00:00\",\"mainEntityOfPage\":{\"@id\":\"https:\/\/empresas.infoempleo.com\/hrtrends\/en-lucha-contra-el-trabajo-infantil\/\"},\"wordCount\":429,\"publisher\":{\"@id\":\"https:\/\/empresas.infoempleo.com\/hrtrends\/#organization\"},\"image\":{\"@id\":\"https:\/\/empresas.infoempleo.com\/hrtrends\/en-lucha-contra-el-trabajo-infantil\/#primaryimage\"},\"thumbnailUrl\":\"https:\/\/empresas.infoempleo.com\/hrtrends\/media\/2012\/05\/Telefonica.jpg\",\"keywords\":[\"Empleo\",\"solidaridad\"],\"articleSection\":[\"Actualidad\"],\"inLanguage\":\"es\",\"copyrightYear\":\"2012\",\"copyrightHolder\":{\"@id\":\"https:\/\/empresas.infoempleo.com\/hrtrends\/#organization\"}},{\"@type\":\"WebPage\",\"@id\":\"https:\/\/empresas.infoempleo.com\/hrtrends\/en-lucha-contra-el-trabajo-infantil\/\",\"url\":\"https:\/\/empresas.infoempleo.com\/hrtrends\/en-lucha-contra-el-trabajo-infantil\/\",\"name\":\"En lucha contra el trabajo infantil | HRTRENDS\",\"isPartOf\":{\"@id\":\"https:\/\/empresas.infoempleo.com\/hrtrends\/#website\"},\"primaryImageOfPage\":{\"@id\":\"https:\/\/empresas.infoempleo.com\/hrtrends\/en-lucha-contra-el-trabajo-infantil\/#primaryimage\"},\"image\":{\"@id\":\"https:\/\/empresas.infoempleo.com\/hrtrends\/en-lucha-contra-el-trabajo-infantil\/#primaryimage\"},\"thumbnailUrl\":\"https:\/\/empresas.infoempleo.com\/hrtrends\/media\/2012\/05\/Telefonica.jpg\",\"datePublished\":\"2012-05-21T09:20:17+00:00\",\"dateModified\":\"2024-11-22T12:38:27+00:00\",\"breadcrumb\":{\"@id\":\"https:\/\/empresas.infoempleo.com\/hrtrends\/en-lucha-contra-el-trabajo-infantil\/#breadcrumb\"},\"inLanguage\":\"es\",\"potentialAction\":[{\"@type\":\"ReadAction\",\"target\":[\"https:\/\/empresas.infoempleo.com\/hrtrends\/en-lucha-contra-el-trabajo-infantil\/\"]}]},{\"@type\":\"ImageObject\",\"inLanguage\":\"es\",\"@id\":\"https:\/\/empresas.infoempleo.com\/hrtrends\/en-lucha-contra-el-trabajo-infantil\/#primaryimage\",\"url\":\"https:\/\/empresas.infoempleo.com\/hrtrends\/media\/2012\/05\/Telefonica-150x150.jpg\",\"contentUrl\":\"https:\/\/empresas.infoempleo.com\/hrtrends\/media\/2012\/05\/Telefonica-150x150.jpg\",\"width\":150,\"height\":150},{\"@type\":\"BreadcrumbList\",\"@id\":\"https:\/\/empresas.infoempleo.com\/hrtrends\/en-lucha-contra-el-trabajo-infantil\/#breadcrumb\",\"itemListElement\":[{\"@type\":\"ListItem\",\"position\":1,\"name\":\"Portada\",\"item\":\"https:\/\/empresas.infoempleo.com\/hrtrends\/\"},{\"@type\":\"ListItem\",\"position\":2,\"name\":\"En lucha contra el trabajo infantil\"}]},{\"@type\":\"WebSite\",\"@id\":\"https:\/\/empresas.infoempleo.com\/hrtrends\/#website\",\"url\":\"https:\/\/empresas.infoempleo.com\/hrtrends\",\"name\":\"HRTrends by Infoempleo\",\"description\":\"\",\"publisher\":{\"@id\":\"https:\/\/empresas.infoempleo.com\/hrtrends\/#organization\"},\"potentialAction\":{\"@type\":\"SearchAction\",\"target\":\"https:\/\/empresas.infoempleo.com\/hrtrends\/?s={search_term_string}\",\"query-input\":\"required name=search_term_string\"},\"inLanguage\":\"es\"},{\"@type\":\"Organization\",\"@id\":\"https:\/\/empresas.infoempleo.com\/hrtrends\/#organization\",\"name\":\"Infoempleo\",\"url\":\"https:\/\/www.infoempleo.com\/\",\"logo\":{\"@type\":\"ImageObject\",\"@id\":\"https:\/\/empresas.infoempleo.com\/hrtrends\/#logo\",\"inLanguage\":\"es\",\"url\":\"https:\/\/cdnazure.infoempleo.com\/infoempleo\/assets\/style\/gfx\/logo.svg\",\"contentUrl\":\"https:\/\/cdnazure.infoempleo.com\/infoempleo\/assets\/style\/gfx\/logo.svg\",\"width\":150,\"height\":40,\"caption\":\"Infoempleo\"},\"image\":{\"@id\":\"https:\/\/empresas.infoempleo.com\/hrtrends\/#logo\"},\"sameAs\":[\"https:\/\/www.facebook.com\/Infoempleo\",\"https:\/\/x.com\/infoempleo\",\"http:\/\/instagram.com\/infoempleo\/\",\"http:\/\/www.linkedin.com\/groups\/Empleo-Espa\u00f1a-Infoempleocom-111276\",\"http:\/\/pinterest.com\/infoempleo\/\"],\"address\":{\"@type\":\"PostalAddress\",\"addressLocality\":\"Madrid\",\"postalCode\":\"28050\",\"streetAddress\":\"Avenida de Burgos 114\"},\"brand\":[\"Infoempleo\"]},{\"@type\":\"Person\",\"@id\":\"https:\/\/empresas.infoempleo.com\/hrtrends\/#\/schema\/person\/67d3e276ffcc8b3ae0ebec816daf775a\",\"name\":\"infoempleo\",\"image\":{\"@type\":\"ImageObject\",\"inLanguage\":\"es\",\"@id\":\"https:\/\/empresas.infoempleo.com\/hrtrends\/#\/schema\/person\/image\/\",\"url\":\"https:\/\/secure.gravatar.com\/avatar\/7b437777242fe67d2473c2a818da2344692d1ee91e91080ccffbd97bcd4a0975?s=96&d=mm&r=g\",\"contentUrl\":\"https:\/\/secure.gravatar.com\/avatar\/7b437777242fe67d2473c2a818da2344692d1ee91e91080ccffbd97bcd4a0975?s=96&d=mm&r=g\",\"caption\":\"infoempleo\"},\"url\":\"https:\/\/empresas.infoempleo.com\/hrtrends\/author\/infoempleo\/\"}]}<\/script>\n<!-- \/ Yoast SEO plugin. -->","yoast_head_json":{"title":"En lucha contra el trabajo infantil | HRTRENDS","robots":{"index":"index","follow":"follow","max-snippet":"max-snippet:-1","max-image-preview":"max-image-preview:large","max-video-preview":"max-video-preview:-1"},"canonical":"https:\/\/empresas.infoempleo.com\/hrtrends\/en-lucha-contra-el-trabajo-infantil\/","og_locale":"es_ES","og_type":"article","og_title":"En lucha contra el trabajo infantil | HRTRENDS","og_description":"Javier Nadal, vicepresidente ejecutivo de la Fundaci\u00f3n Telef\u00f3nica. No podemos mirar hacia otro\u00a0lado: de los 215 millones de Leer m\u00e1s","og_url":"https:\/\/empresas.infoempleo.com\/hrtrends\/en-lucha-contra-el-trabajo-infantil\/","og_site_name":"HRTRENDS","article_publisher":"https:\/\/www.facebook.com\/Infoempleo","article_published_time":"2012-05-21T09:20:17+00:00","article_modified_time":"2024-11-22T12:38:27+00:00","og_image":[{"width":568,"height":258,"url":"https:\/\/empresas.infoempleo.com\/hrtrends\/media\/2012\/05\/Telefonica.jpg","type":"image\/jpeg"}],"author":"infoempleo","twitter_card":"summary_large_image","twitter_creator":"@infoempleo","twitter_site":"@infoempleo","twitter_misc":{"Escrito por":"infoempleo","Tiempo de lectura":"2 minutos"},"schema":{"@context":"https:\/\/schema.org","@graph":[{"@type":"NewsArticle","@id":"https:\/\/empresas.infoempleo.com\/hrtrends\/en-lucha-contra-el-trabajo-infantil\/#article","isPartOf":{"@id":"https:\/\/empresas.infoempleo.com\/hrtrends\/en-lucha-contra-el-trabajo-infantil\/"},"author":{"name":"infoempleo","@id":"https:\/\/empresas.infoempleo.com\/hrtrends\/#\/schema\/person\/67d3e276ffcc8b3ae0ebec816daf775a"},"headline":"En lucha contra el trabajo infantil","datePublished":"2012-05-21T09:20:17+00:00","dateModified":"2024-11-22T12:38:27+00:00","mainEntityOfPage":{"@id":"https:\/\/empresas.infoempleo.com\/hrtrends\/en-lucha-contra-el-trabajo-infantil\/"},"wordCount":429,"publisher":{"@id":"https:\/\/empresas.infoempleo.com\/hrtrends\/#organization"},"image":{"@id":"https:\/\/empresas.infoempleo.com\/hrtrends\/en-lucha-contra-el-trabajo-infantil\/#primaryimage"},"thumbnailUrl":"https:\/\/empresas.infoempleo.com\/hrtrends\/media\/2012\/05\/Telefonica.jpg","keywords":["Empleo","solidaridad"],"articleSection":["Actualidad"],"inLanguage":"es","copyrightYear":"2012","copyrightHolder":{"@id":"https:\/\/empresas.infoempleo.com\/hrtrends\/#organization"}},{"@type":"WebPage","@id":"https:\/\/empresas.infoempleo.com\/hrtrends\/en-lucha-contra-el-trabajo-infantil\/","url":"https:\/\/empresas.infoempleo.com\/hrtrends\/en-lucha-contra-el-trabajo-infantil\/","name":"En lucha contra el trabajo infantil | HRTRENDS","isPartOf":{"@id":"https:\/\/empresas.infoempleo.com\/hrtrends\/#website"},"primaryImageOfPage":{"@id":"https:\/\/empresas.infoempleo.com\/hrtrends\/en-lucha-contra-el-trabajo-infantil\/#primaryimage"},"image":{"@id":"https:\/\/empresas.infoempleo.com\/hrtrends\/en-lucha-contra-el-trabajo-infantil\/#primaryimage"},"thumbnailUrl":"https:\/\/empresas.infoempleo.com\/hrtrends\/media\/2012\/05\/Telefonica.jpg","datePublished":"2012-05-21T09:20:17+00:00","dateModified":"2024-11-22T12:38:27+00:00","breadcrumb":{"@id":"https:\/\/empresas.infoempleo.com\/hrtrends\/en-lucha-contra-el-trabajo-infantil\/#breadcrumb"},"inLanguage":"es","potentialAction":[{"@type":"ReadAction","target":["https:\/\/empresas.infoempleo.com\/hrtrends\/en-lucha-contra-el-trabajo-infantil\/"]}]},{"@type":"ImageObject","inLanguage":"es","@id":"https:\/\/empresas.infoempleo.com\/hrtrends\/en-lucha-contra-el-trabajo-infantil\/#primaryimage","url":"https:\/\/empresas.infoempleo.com\/hrtrends\/media\/2012\/05\/Telefonica-150x150.jpg","contentUrl":"https:\/\/empresas.infoempleo.com\/hrtrends\/media\/2012\/05\/Telefonica-150x150.jpg","width":150,"height":150},{"@type":"BreadcrumbList","@id":"https:\/\/empresas.infoempleo.com\/hrtrends\/en-lucha-contra-el-trabajo-infantil\/#breadcrumb","itemListElement":[{"@type":"ListItem","position":1,"name":"Portada","item":"https:\/\/empresas.infoempleo.com\/hrtrends\/"},{"@type":"ListItem","position":2,"name":"En lucha contra el trabajo infantil"}]},{"@type":"WebSite","@id":"https:\/\/empresas.infoempleo.com\/hrtrends\/#website","url":"https:\/\/empresas.infoempleo.com\/hrtrends","name":"HRTrends by Infoempleo","description":"","publisher":{"@id":"https:\/\/empresas.infoempleo.com\/hrtrends\/#organization"},"potentialAction":{"@type":"SearchAction","target":"https:\/\/empresas.infoempleo.com\/hrtrends\/?s={search_term_string}","query-input":"required name=search_term_string"},"inLanguage":"es"},{"@type":"Organization","@id":"https:\/\/empresas.infoempleo.com\/hrtrends\/#organization","name":"Infoempleo","url":"https:\/\/www.infoempleo.com\/","logo":{"@type":"ImageObject","@id":"https:\/\/empresas.infoempleo.com\/hrtrends\/#logo","inLanguage":"es","url":"https:\/\/cdnazure.infoempleo.com\/infoempleo\/assets\/style\/gfx\/logo.svg","contentUrl":"https:\/\/cdnazure.infoempleo.com\/infoempleo\/assets\/style\/gfx\/logo.svg","width":150,"height":40,"caption":"Infoempleo"},"image":{"@id":"https:\/\/empresas.infoempleo.com\/hrtrends\/#logo"},"sameAs":["https:\/\/www.facebook.com\/Infoempleo","https:\/\/x.com\/infoempleo","http:\/\/instagram.com\/infoempleo\/","http:\/\/www.linkedin.com\/groups\/Empleo-Espa\u00f1a-Infoempleocom-111276","http:\/\/pinterest.com\/infoempleo\/"],"address":{"@type":"PostalAddress","addressLocality":"Madrid","postalCode":"28050","streetAddress":"Avenida de Burgos 114"},"brand":["Infoempleo"]},{"@type":"Person","@id":"https:\/\/empresas.infoempleo.com\/hrtrends\/#\/schema\/person\/67d3e276ffcc8b3ae0ebec816daf775a","name":"infoempleo","image":{"@type":"ImageObject","inLanguage":"es","@id":"https:\/\/empresas.infoempleo.com\/hrtrends\/#\/schema\/person\/image\/","url":"https:\/\/secure.gravatar.com\/avatar\/7b437777242fe67d2473c2a818da2344692d1ee91e91080ccffbd97bcd4a0975?s=96&d=mm&r=g","contentUrl":"https:\/\/secure.gravatar.com\/avatar\/7b437777242fe67d2473c2a818da2344692d1ee91e91080ccffbd97bcd4a0975?s=96&d=mm&r=g","caption":"infoempleo"},"url":"https:\/\/empresas.infoempleo.com\/hrtrends\/author\/infoempleo\/"}]}},"amp_enabled":true,"_links":{"self":[{"href":"https:\/\/empresas.infoempleo.com\/hrtrends\/wp-json\/wp\/v2\/posts\/15030","targetHints":{"allow":["GET"]}}],"collection":[{"href":"https:\/\/empresas.infoempleo.com\/hrtrends\/wp-json\/wp\/v2\/posts"}],"about":[{"href":"https:\/\/empresas.infoempleo.com\/hrtrends\/wp-json\/wp\/v2\/types\/post"}],"author":[{"embeddable":true,"href":"https:\/\/empresas.infoempleo.com\/hrtrends\/wp-json\/wp\/v2\/users\/72"}],"replies":[{"embeddable":true,"href":"https:\/\/empresas.infoempleo.com\/hrtrends\/wp-json\/wp\/v2\/comments?post=15030"}],"version-history":[{"count":3,"href":"https:\/\/empresas.infoempleo.com\/hrtrends\/wp-json\/wp\/v2\/posts\/15030\/revisions"}],"predecessor-version":[{"id":46024,"href":"https:\/\/empresas.infoempleo.com\/hrtrends\/wp-json\/wp\/v2\/posts\/15030\/revisions\/46024"}],"wp:featuredmedia":[{"embeddable":true,"href":"https:\/\/empresas.infoempleo.com\/hrtrends\/wp-json\/wp\/v2\/media\/15031"}],"wp:attachment":[{"href":"https:\/\/empresas.infoempleo.com\/hrtrends\/wp-json\/wp\/v2\/media?parent=15030"}],"wp:term":[{"taxonomy":"category","embeddable":true,"href":"https:\/\/empresas.infoempleo.com\/hrtrends\/wp-json\/wp\/v2\/categories?post=15030"},{"taxonomy":"post_tag","embeddable":true,"href":"https:\/\/empresas.infoempleo.com\/hrtrends\/wp-json\/wp\/v2\/tags?post=15030"}],"curies":[{"name":"wp","href":"https:\/\/api.w.org\/{rel}","templated":true}]}}