{"id":14981,"date":"2012-05-07T12:13:04","date_gmt":"2012-05-07T11:13:04","guid":{"rendered":"http:\/\/blog.infoempleo.com\/?p=14981"},"modified":"2018-05-23T17:10:30","modified_gmt":"2018-05-23T15:10:30","slug":"cursos-de-postgrado-una-puerta-abierta-al-empleo","status":"publish","type":"post","link":"https:\/\/empresas.infoempleo.com\/hrtrends\/cursos-de-postgrado-una-puerta-abierta-al-empleo\/","title":{"rendered":"Cursos de postgrado: una puerta abierta al empleo"},"content":{"rendered":"<p style=\"text-align: center;\"><img loading=\"lazy\" decoding=\"async\" class=\"alignnone size-full wp-image-14984\" title=\"Postgrado\" src=\"https:\/\/empresas.infoempleo.com\/hrtrends\/media\/2012\/05\/Postgrado1.jpg\" alt=\"\" width=\"447\" height=\"362\" srcset=\"https:\/\/empresas.infoempleo.com\/hrtrends\/media\/2012\/05\/Postgrado1.jpg 447w, https:\/\/empresas.infoempleo.com\/hrtrends\/media\/2012\/05\/Postgrado1-300x243.jpg 300w\" sizes=\"auto, (max-width: 447px) 100vw, 447px\" \/><\/p>\n<p>Que una persona se coloque\u00a0antes que otra y mejor, en\u00a0ocasiones, solo depende\u00a0de un novedoso concepto\u00a0llamado \u00abempleabilidad\u00bb,\u00a0un t\u00e9rmino que la RAE no\u00a0recoge, pero que viene a ser algo as\u00ed como\u00a0el nivel de competitividad de un trabajador\u00a0en el entorno del mercado laboral.\u00a0De esta extra\u00f1a palabra depende\u00a0gran parte de nuestra carrera profesional\u00a0y es posible reforzarla con\u00a0grandes dosis de voluntad y todav\u00eda\u00a0m\u00e1s grandes dosis de formaci\u00f3n. Porque\u00a0si en algo est\u00e1n de acuerdo todos\u00a0los expertos es que <strong>en un mercado laboral\u00a0seriamente da\u00f1ado como el nuestro,\u00a0solo la formaci\u00f3n podr\u00e1 reforzar\u00a0nuestra candidatura y distinguirnos\u00a0de los dem\u00e1s, tanto dentro de una empresa\u00a0-permiti\u00e9ndonos optar a mejores\u00a0puestos-, como fuera de ella, compitiendo\u00a0con m\u00e1s de 5,6 millones de\u00a0desempleados. <\/strong>En este entorno, los\u00a0cursos de postgrado se han convertido\u00a0en un elemento claramente diferenciador\u00a0en el curr\u00edculo de millares\u00a0de estudiantes y profesionales.<\/p>\n<p>Tal y como recoge el <strong>Informe Infoempleo.com 2011<\/strong>, en el que se analiza\u00a0toda la oferta y demanda de empleo\u00a0que se movi\u00f3 en Espa\u00f1a el pasado a\u00f1o,\u00a0\u00abel 5,46% de los ofertas publicadas en\u00a0nuestro pa\u00eds en 2011 valoraba poseer\u00a0alg\u00fan tipo de formaci\u00f3n de postgrado\u00bb, \u00abuna cifra nada desde\u00f1able\u00bb, seg\u00fan\u00a0destaca <strong>Francisco Mu\u00f1oz, director\u00a0general de <a href=\"https:\/\/www.infoempleo.com\/\" target=\"_blank\">Infoempleo.com<\/a><\/strong>.<\/p>\n<h3>Especializaci\u00f3n<\/h3>\n<p>Para Mu\u00f1oz, los candidatos que aportan\u00a0un m\u00e1ster a su curr\u00edculo profesional,\u00a0est\u00e1n apostando por un valor al\u00a0alza en nuestros d\u00edas: \u00abla especializaci\u00f3n.\u00a0En una situaci\u00f3n laboral tan\u00a0complicada como la actual, una de\u00a0las mejores opciones para los reci\u00e9n\u00a0titulados es cursar un postgrado que\u00a0les permita especializarse en un campo\u00a0concreto y de esta forma reducir\u00a0la competencia a la hora de acceder\u00a0a un puesto de trabajo. La oferta de\u00a0m\u00e1ster y cursos de postgrado es enorme,\u00a0siempre es posible encontrar uno\u00a0que encaje con nuestros intereses y\u00a0nos permita acceder con m\u00e1s posibilidades\u00a0al mercado laboral\u00bb. Est\u00e1 de\u00a0acuerdo con \u00e9l <strong>Montserrat Luquero,\u00a0directora general de la empresa de\u00a0b\u00fasqueda, selecci\u00f3n y gesti\u00f3n del <a href=\"https:\/\/www.morganphilips.com\/es\/otras-localizaciones\" target=\"_blank\">Talento\u00a0Hudson Espa\u00f1a<\/a><\/strong>: \u00abActualmente,\u00a0un m\u00e1ster puede jugar un papel definitivo\u00a0en la empleabilidad, dado que\u00a0el n\u00famero de j\u00f3venes en b\u00fasqueda de\u00a0un puesto de trabajo es elevad\u00edsimo\u00a0y, por tanto, la competencia es feroz.\u00a0Cuanta m\u00e1s y mejor formaci\u00f3n puedas\u00a0acreditar en una empresa, m\u00e1s\u00a0probabilidades tendr\u00e1s de conseguir\u00a0el puesto de trabajo\u00bb.<\/p>\n<p>El mundo empresarial es el que\u00a0m\u00e1s valora este tipo de estudios, seguido por las \u00e1reas de ciencias sociales\u00a0y las ingenier\u00edas. Las empresas\u00a0de servicios jur\u00eddicos contin\u00faan\u00a0siendo, seg\u00fan el Informe Infoempleo.com 2011, las que m\u00e1s valoran que los\u00a0candidatos cuenten con formaci\u00f3n de\u00a0postgrado, un requisito que aparece\u00a0en el 11,76% de sus ofertas. Consultor\u00eda\u00a0con un 8,94%; Maquinaria, con un\u00a07,57%; y Sanidad, con un 7,08%; son\u00a0sectores en los que la formaci\u00f3n de\u00a0postgrado punt\u00faa de forma especial.\u00a0Atendiendo a las zonas geogr\u00e1ficas,\u00a0Catalu\u00f1a (8%), Madrid (7,70%) y Andaluc\u00eda\u00a0(6,43%) son las regiones donde\u00a0m\u00e1s se valoran estos programas en las\u00a0ofertas de empleo, mientras que en La\u00a0Rioja (2,45%), Extremadura (1,97%) y\u00a0Baleares (1,90%) es donde estos cursos\u00a0son menos requeridos.<\/p>\n<h3>Y los mayores, tambi\u00e9n<\/h3>\n<p>Atendiendo a todos estos datos, \u00bfes\u00a0realmente relevante un programa de\u00a0postgrado en el curr\u00edculum de alguien\u00a0que empieza su carrera profesional?\u00a0\u00bfQu\u00e9 aporta hoy un m\u00e1ster a un joven\u00a0reci\u00e9n titulado? \u00abDesde mi punto de\u00a0vista deber\u00eda ser <strong>una formaci\u00f3n adicional\u00a0a la de la carrera, pero mucho\u00a0m\u00e1s pr\u00e1ctica <\/strong>. Un reci\u00e9n titulado puede\u00a0experimentar, por lo menos de forma\u00a0te\u00f3rica, muchos aspectos de la realidad\u00a0de la empresa\u00bb, analiza la directora general\u00a0de Hudson Espa\u00f1a. \u00abSin embargo,\u00a0considero que si el reci\u00e9n titulado ya\u00a0hubiera tenido alg\u00fan contacto con la\u00a0empresa, podr\u00eda sacarle mucho m\u00e1s\u00a0provecho a esa formaci\u00f3n\u00bb, puntualiza\u00a0Montserrat Luquero. La suma de conocimientos\u00a0y experiencia previa ser\u00eda,\u00a0para esta profesional de los Recursos\u00a0Humanos, la clave del \u00e9xito.<\/p>\n<p>Pero, \u00bfy los profesionales con m\u00e1s\u00a0experiencia? \u00bfQu\u00e9 pasa con los s\u00e9nior\u00a0que han perdido su puesto de trabajo\u00a0y quieren aprovechar este tiempo\u00a0para reforzar sus aspectos m\u00e1s d\u00e9biles?\u00a0Montserrat Luquero aplaude esta\u00a0opci\u00f3n sin reservas: \u00abA los profesionales\u00a0con m\u00e1s experiencia, cursar\u00a0un postgrado les permite actualizar\u00a0sus conocimientos para no quedarse\u00a0desfasados en un mundo que va muy deprisa y en el que las novedades en\u00a0todos los sectores son constantes.\u00a0Para otros profesionales, realizar un\u00a0m\u00e1ster es la opci\u00f3n para reinventarse\u00a0y dar un giro a su carrera profesional\u00a0en busca de nuevas oportunidades\u00bb.\u00a0<strong>A los trabajadores con m\u00e1s experiencia,\u00a0cursar un postgrado les permite\u00a0actualizar sus conocimientos, empaparse\u00a0de nuevas realidades y novedosas\u00a0tendencias,<\/strong> y descubrir caminos\u00a0nuevos en los que de otra forma no\u00a0hubieran reparado. Para muchos de\u00a0esos profesionales, realizar un m\u00e1ster\u00a0es una opci\u00f3n \u00fanica para reinventarse\u00a0y dar un giro vertiginoso a su carrera.<\/p>\n<p>Esta opini\u00f3n se ve reforzada con\u00a0los datos del Informe Infoempleo.com\u00a02011, en los que se se\u00f1ala la importante\u00a0valoraci\u00f3n de estos programas dependiendo\u00a0de la categor\u00eda profesional:\u00a0en el 11,45% de las ofertas destinadas\u00a0a cubrir puestos directivos se solicita\u00a0formaci\u00f3n de postgrado. En los puestos\u00a0t\u00e9cnicos, la demanda baja hasta\u00a0un 8,27% ; mientras que para mandos\u00a0y empleados, este requisito solo es\u00a0exigido en el 5,69% y 3,12%.<\/p>\n<p>En cuanto a titulaciones, aquellas\u00a0en las que m\u00e1s se valoran estos\u00a0estudios, una vez analizadas m\u00e1s de\u00a0750.000 ofertas de empleo publicadas\u00a0en Espa\u00f1a, son Derecho, Administrtaci\u00f3n\u00a0y Direcci\u00f3n de Empresas\u00a0y Econom\u00eda. \u00abEn cuanto al MBA, las\u00a0titulaciones que m\u00e1s lo valoran son\u00a0las ingenier\u00edas, encabezadas por Ingenier\u00eda\u00a0Electr\u00f3nica e Ingenier\u00eda en\u00a0Automoci\u00f3n y Electr\u00f3nica\u00bb, explican\u00a0fuentes de Infoempleo.com.<\/p>\n","protected":false},"excerpt":{"rendered":"<p>Que una persona se coloque\u00a0antes que otra y mejor, en\u00a0ocasiones, solo depende\u00a0de un novedoso concepto\u00a0llamado \u00abempleabilidad\u00bb,\u00a0un t\u00e9rmino que<a class=\"moretag\" href=\"https:\/\/empresas.infoempleo.com\/hrtrends\/cursos-de-postgrado-una-puerta-abierta-al-empleo\/\"> Leer m\u00e1s<\/a><\/p>\n","protected":false},"author":31,"featured_media":14985,"comment_status":"closed","ping_status":"open","sticky":false,"template":"","format":"standard","meta":{"footnotes":""},"categories":[3],"tags":[1019],"class_list":["post-14981","post","type-post","status-publish","format-standard","has-post-thumbnail","hentry","category-actualidad","tag-postgrado"],"yoast_head":"<!-- This site is optimized with the Yoast SEO plugin v26.1.1 - https:\/\/yoast.com\/wordpress\/plugins\/seo\/ -->\n<title>Cursos de postgrado: una puerta abierta al empleo | HRTRENDS<\/title>\n<meta name=\"robots\" content=\"index, follow, max-snippet:-1, max-image-preview:large, max-video-preview:-1\" \/>\n<link rel=\"canonical\" href=\"https:\/\/empresas.infoempleo.com\/hrtrends\/cursos-de-postgrado-una-puerta-abierta-al-empleo\/\" \/>\n<meta property=\"og:locale\" content=\"es_ES\" \/>\n<meta property=\"og:type\" content=\"article\" \/>\n<meta property=\"og:title\" content=\"Cursos de postgrado: una puerta abierta al empleo | HRTRENDS\" \/>\n<meta property=\"og:description\" content=\"Que una persona se coloque\u00a0antes que otra y mejor, en\u00a0ocasiones, solo depende\u00a0de un novedoso concepto\u00a0llamado \u00abempleabilidad\u00bb,\u00a0un t\u00e9rmino que Leer m\u00e1s\" \/>\n<meta property=\"og:url\" content=\"https:\/\/empresas.infoempleo.com\/hrtrends\/cursos-de-postgrado-una-puerta-abierta-al-empleo\/\" \/>\n<meta property=\"og:site_name\" content=\"HRTRENDS\" \/>\n<meta property=\"article:publisher\" content=\"https:\/\/www.facebook.com\/Infoempleo\" \/>\n<meta property=\"article:published_time\" content=\"2012-05-07T11:13:04+00:00\" \/>\n<meta property=\"article:modified_time\" content=\"2018-05-23T15:10:30+00:00\" \/>\n<meta property=\"og:image\" content=\"https:\/\/empresas.infoempleo.com\/hrtrends\/media\/2012\/05\/PortadaPostgrado.jpg\" \/>\n\t<meta property=\"og:image:width\" content=\"447\" \/>\n\t<meta property=\"og:image:height\" content=\"258\" \/>\n\t<meta property=\"og:image:type\" content=\"image\/jpeg\" \/>\n<meta name=\"author\" content=\"In\u00e9s Molina\" \/>\n<meta name=\"twitter:card\" content=\"summary_large_image\" \/>\n<meta name=\"twitter:creator\" content=\"@infoempleo\" \/>\n<meta name=\"twitter:site\" content=\"@infoempleo\" \/>\n<meta name=\"twitter:label1\" content=\"Escrito por\" \/>\n\t<meta name=\"twitter:data1\" content=\"In\u00e9s Molina\" \/>\n\t<meta name=\"twitter:label2\" content=\"Tiempo de lectura\" \/>\n\t<meta name=\"twitter:data2\" content=\"5 minutos\" \/>\n<script type=\"application\/ld+json\" class=\"yoast-schema-graph\">{\"@context\":\"https:\/\/schema.org\",\"@graph\":[{\"@type\":\"NewsArticle\",\"@id\":\"https:\/\/empresas.infoempleo.com\/hrtrends\/cursos-de-postgrado-una-puerta-abierta-al-empleo\/#article\",\"isPartOf\":{\"@id\":\"https:\/\/empresas.infoempleo.com\/hrtrends\/cursos-de-postgrado-una-puerta-abierta-al-empleo\/\"},\"author\":{\"name\":\"In\u00e9s Molina\",\"@id\":\"https:\/\/empresas.infoempleo.com\/hrtrends\/#\/schema\/person\/b7a6badf8a824bd871816199d4073051\"},\"headline\":\"Cursos de postgrado: una puerta abierta al empleo\",\"datePublished\":\"2012-05-07T11:13:04+00:00\",\"dateModified\":\"2018-05-23T15:10:30+00:00\",\"mainEntityOfPage\":{\"@id\":\"https:\/\/empresas.infoempleo.com\/hrtrends\/cursos-de-postgrado-una-puerta-abierta-al-empleo\/\"},\"wordCount\":1023,\"publisher\":{\"@id\":\"https:\/\/empresas.infoempleo.com\/hrtrends\/#organization\"},\"image\":{\"@id\":\"https:\/\/empresas.infoempleo.com\/hrtrends\/cursos-de-postgrado-una-puerta-abierta-al-empleo\/#primaryimage\"},\"thumbnailUrl\":\"https:\/\/empresas.infoempleo.com\/hrtrends\/media\/2012\/05\/PortadaPostgrado.jpg\",\"keywords\":[\"postgrado\"],\"articleSection\":[\"Actualidad\"],\"inLanguage\":\"es\",\"copyrightYear\":\"2012\",\"copyrightHolder\":{\"@id\":\"https:\/\/empresas.infoempleo.com\/hrtrends\/#organization\"}},{\"@type\":\"WebPage\",\"@id\":\"https:\/\/empresas.infoempleo.com\/hrtrends\/cursos-de-postgrado-una-puerta-abierta-al-empleo\/\",\"url\":\"https:\/\/empresas.infoempleo.com\/hrtrends\/cursos-de-postgrado-una-puerta-abierta-al-empleo\/\",\"name\":\"Cursos de postgrado: una puerta abierta al empleo | HRTRENDS\",\"isPartOf\":{\"@id\":\"https:\/\/empresas.infoempleo.com\/hrtrends\/#website\"},\"primaryImageOfPage\":{\"@id\":\"https:\/\/empresas.infoempleo.com\/hrtrends\/cursos-de-postgrado-una-puerta-abierta-al-empleo\/#primaryimage\"},\"image\":{\"@id\":\"https:\/\/empresas.infoempleo.com\/hrtrends\/cursos-de-postgrado-una-puerta-abierta-al-empleo\/#primaryimage\"},\"thumbnailUrl\":\"https:\/\/empresas.infoempleo.com\/hrtrends\/media\/2012\/05\/PortadaPostgrado.jpg\",\"datePublished\":\"2012-05-07T11:13:04+00:00\",\"dateModified\":\"2018-05-23T15:10:30+00:00\",\"breadcrumb\":{\"@id\":\"https:\/\/empresas.infoempleo.com\/hrtrends\/cursos-de-postgrado-una-puerta-abierta-al-empleo\/#breadcrumb\"},\"inLanguage\":\"es\",\"potentialAction\":[{\"@type\":\"ReadAction\",\"target\":[\"https:\/\/empresas.infoempleo.com\/hrtrends\/cursos-de-postgrado-una-puerta-abierta-al-empleo\/\"]}]},{\"@type\":\"ImageObject\",\"inLanguage\":\"es\",\"@id\":\"https:\/\/empresas.infoempleo.com\/hrtrends\/cursos-de-postgrado-una-puerta-abierta-al-empleo\/#primaryimage\",\"url\":\"https:\/\/empresas.infoempleo.com\/hrtrends\/media\/2012\/05\/PortadaPostgrado-150x150.jpg\",\"contentUrl\":\"https:\/\/empresas.infoempleo.com\/hrtrends\/media\/2012\/05\/PortadaPostgrado-150x150.jpg\",\"width\":150,\"height\":150},{\"@type\":\"BreadcrumbList\",\"@id\":\"https:\/\/empresas.infoempleo.com\/hrtrends\/cursos-de-postgrado-una-puerta-abierta-al-empleo\/#breadcrumb\",\"itemListElement\":[{\"@type\":\"ListItem\",\"position\":1,\"name\":\"Portada\",\"item\":\"https:\/\/empresas.infoempleo.com\/hrtrends\/\"},{\"@type\":\"ListItem\",\"position\":2,\"name\":\"Cursos de postgrado: una puerta abierta al empleo\"}]},{\"@type\":\"WebSite\",\"@id\":\"https:\/\/empresas.infoempleo.com\/hrtrends\/#website\",\"url\":\"https:\/\/empresas.infoempleo.com\/hrtrends\",\"name\":\"HRTrends by Infoempleo\",\"description\":\"\",\"publisher\":{\"@id\":\"https:\/\/empresas.infoempleo.com\/hrtrends\/#organization\"},\"potentialAction\":{\"@type\":\"SearchAction\",\"target\":\"https:\/\/empresas.infoempleo.com\/hrtrends\/?s={search_term_string}\",\"query-input\":\"required name=search_term_string\"},\"inLanguage\":\"es\"},{\"@type\":\"Organization\",\"@id\":\"https:\/\/empresas.infoempleo.com\/hrtrends\/#organization\",\"name\":\"Infoempleo\",\"url\":\"https:\/\/www.infoempleo.com\/\",\"logo\":{\"@type\":\"ImageObject\",\"@id\":\"https:\/\/empresas.infoempleo.com\/hrtrends\/#logo\",\"inLanguage\":\"es\",\"url\":\"https:\/\/cdnazure.infoempleo.com\/infoempleo\/assets\/style\/gfx\/logo.svg\",\"contentUrl\":\"https:\/\/cdnazure.infoempleo.com\/infoempleo\/assets\/style\/gfx\/logo.svg\",\"width\":150,\"height\":40,\"caption\":\"Infoempleo\"},\"image\":{\"@id\":\"https:\/\/empresas.infoempleo.com\/hrtrends\/#logo\"},\"sameAs\":[\"https:\/\/www.facebook.com\/Infoempleo\",\"https:\/\/x.com\/infoempleo\",\"http:\/\/instagram.com\/infoempleo\/\",\"http:\/\/www.linkedin.com\/groups\/Empleo-Espa\u00f1a-Infoempleocom-111276\",\"http:\/\/pinterest.com\/infoempleo\/\"],\"address\":{\"@type\":\"PostalAddress\",\"addressLocality\":\"Madrid\",\"postalCode\":\"28050\",\"streetAddress\":\"Avenida de Burgos 114\"},\"brand\":[\"Infoempleo\"]},{\"@type\":\"Person\",\"@id\":\"https:\/\/empresas.infoempleo.com\/hrtrends\/#\/schema\/person\/b7a6badf8a824bd871816199d4073051\",\"name\":\"In\u00e9s Molina\",\"image\":{\"@type\":\"ImageObject\",\"inLanguage\":\"es\",\"@id\":\"https:\/\/empresas.infoempleo.com\/hrtrends\/#\/schema\/person\/image\/\",\"url\":\"https:\/\/secure.gravatar.com\/avatar\/91ea6cf86c6b79f9f6f4d22793ffcbb45c9376d3b1a923126559ea4a8544b7b3?s=96&d=mm&r=g\",\"contentUrl\":\"https:\/\/secure.gravatar.com\/avatar\/91ea6cf86c6b79f9f6f4d22793ffcbb45c9376d3b1a923126559ea4a8544b7b3?s=96&d=mm&r=g\",\"caption\":\"In\u00e9s Molina\"},\"url\":\"https:\/\/empresas.infoempleo.com\/hrtrends\/author\/ines-molina\/\"}]}<\/script>\n<!-- \/ Yoast SEO plugin. -->","yoast_head_json":{"title":"Cursos de postgrado: una puerta abierta al empleo | HRTRENDS","robots":{"index":"index","follow":"follow","max-snippet":"max-snippet:-1","max-image-preview":"max-image-preview:large","max-video-preview":"max-video-preview:-1"},"canonical":"https:\/\/empresas.infoempleo.com\/hrtrends\/cursos-de-postgrado-una-puerta-abierta-al-empleo\/","og_locale":"es_ES","og_type":"article","og_title":"Cursos de postgrado: una puerta abierta al empleo | HRTRENDS","og_description":"Que una persona se coloque\u00a0antes que otra y mejor, en\u00a0ocasiones, solo depende\u00a0de un novedoso concepto\u00a0llamado \u00abempleabilidad\u00bb,\u00a0un t\u00e9rmino que Leer m\u00e1s","og_url":"https:\/\/empresas.infoempleo.com\/hrtrends\/cursos-de-postgrado-una-puerta-abierta-al-empleo\/","og_site_name":"HRTRENDS","article_publisher":"https:\/\/www.facebook.com\/Infoempleo","article_published_time":"2012-05-07T11:13:04+00:00","article_modified_time":"2018-05-23T15:10:30+00:00","og_image":[{"width":447,"height":258,"url":"https:\/\/empresas.infoempleo.com\/hrtrends\/media\/2012\/05\/PortadaPostgrado.jpg","type":"image\/jpeg"}],"author":"In\u00e9s Molina","twitter_card":"summary_large_image","twitter_creator":"@infoempleo","twitter_site":"@infoempleo","twitter_misc":{"Escrito por":"In\u00e9s Molina","Tiempo de lectura":"5 minutos"},"schema":{"@context":"https:\/\/schema.org","@graph":[{"@type":"NewsArticle","@id":"https:\/\/empresas.infoempleo.com\/hrtrends\/cursos-de-postgrado-una-puerta-abierta-al-empleo\/#article","isPartOf":{"@id":"https:\/\/empresas.infoempleo.com\/hrtrends\/cursos-de-postgrado-una-puerta-abierta-al-empleo\/"},"author":{"name":"In\u00e9s Molina","@id":"https:\/\/empresas.infoempleo.com\/hrtrends\/#\/schema\/person\/b7a6badf8a824bd871816199d4073051"},"headline":"Cursos de postgrado: una puerta abierta al empleo","datePublished":"2012-05-07T11:13:04+00:00","dateModified":"2018-05-23T15:10:30+00:00","mainEntityOfPage":{"@id":"https:\/\/empresas.infoempleo.com\/hrtrends\/cursos-de-postgrado-una-puerta-abierta-al-empleo\/"},"wordCount":1023,"publisher":{"@id":"https:\/\/empresas.infoempleo.com\/hrtrends\/#organization"},"image":{"@id":"https:\/\/empresas.infoempleo.com\/hrtrends\/cursos-de-postgrado-una-puerta-abierta-al-empleo\/#primaryimage"},"thumbnailUrl":"https:\/\/empresas.infoempleo.com\/hrtrends\/media\/2012\/05\/PortadaPostgrado.jpg","keywords":["postgrado"],"articleSection":["Actualidad"],"inLanguage":"es","copyrightYear":"2012","copyrightHolder":{"@id":"https:\/\/empresas.infoempleo.com\/hrtrends\/#organization"}},{"@type":"WebPage","@id":"https:\/\/empresas.infoempleo.com\/hrtrends\/cursos-de-postgrado-una-puerta-abierta-al-empleo\/","url":"https:\/\/empresas.infoempleo.com\/hrtrends\/cursos-de-postgrado-una-puerta-abierta-al-empleo\/","name":"Cursos de postgrado: una puerta abierta al empleo | HRTRENDS","isPartOf":{"@id":"https:\/\/empresas.infoempleo.com\/hrtrends\/#website"},"primaryImageOfPage":{"@id":"https:\/\/empresas.infoempleo.com\/hrtrends\/cursos-de-postgrado-una-puerta-abierta-al-empleo\/#primaryimage"},"image":{"@id":"https:\/\/empresas.infoempleo.com\/hrtrends\/cursos-de-postgrado-una-puerta-abierta-al-empleo\/#primaryimage"},"thumbnailUrl":"https:\/\/empresas.infoempleo.com\/hrtrends\/media\/2012\/05\/PortadaPostgrado.jpg","datePublished":"2012-05-07T11:13:04+00:00","dateModified":"2018-05-23T15:10:30+00:00","breadcrumb":{"@id":"https:\/\/empresas.infoempleo.com\/hrtrends\/cursos-de-postgrado-una-puerta-abierta-al-empleo\/#breadcrumb"},"inLanguage":"es","potentialAction":[{"@type":"ReadAction","target":["https:\/\/empresas.infoempleo.com\/hrtrends\/cursos-de-postgrado-una-puerta-abierta-al-empleo\/"]}]},{"@type":"ImageObject","inLanguage":"es","@id":"https:\/\/empresas.infoempleo.com\/hrtrends\/cursos-de-postgrado-una-puerta-abierta-al-empleo\/#primaryimage","url":"https:\/\/empresas.infoempleo.com\/hrtrends\/media\/2012\/05\/PortadaPostgrado-150x150.jpg","contentUrl":"https:\/\/empresas.infoempleo.com\/hrtrends\/media\/2012\/05\/PortadaPostgrado-150x150.jpg","width":150,"height":150},{"@type":"BreadcrumbList","@id":"https:\/\/empresas.infoempleo.com\/hrtrends\/cursos-de-postgrado-una-puerta-abierta-al-empleo\/#breadcrumb","itemListElement":[{"@type":"ListItem","position":1,"name":"Portada","item":"https:\/\/empresas.infoempleo.com\/hrtrends\/"},{"@type":"ListItem","position":2,"name":"Cursos de postgrado: una puerta abierta al empleo"}]},{"@type":"WebSite","@id":"https:\/\/empresas.infoempleo.com\/hrtrends\/#website","url":"https:\/\/empresas.infoempleo.com\/hrtrends","name":"HRTrends by Infoempleo","description":"","publisher":{"@id":"https:\/\/empresas.infoempleo.com\/hrtrends\/#organization"},"potentialAction":{"@type":"SearchAction","target":"https:\/\/empresas.infoempleo.com\/hrtrends\/?s={search_term_string}","query-input":"required name=search_term_string"},"inLanguage":"es"},{"@type":"Organization","@id":"https:\/\/empresas.infoempleo.com\/hrtrends\/#organization","name":"Infoempleo","url":"https:\/\/www.infoempleo.com\/","logo":{"@type":"ImageObject","@id":"https:\/\/empresas.infoempleo.com\/hrtrends\/#logo","inLanguage":"es","url":"https:\/\/cdnazure.infoempleo.com\/infoempleo\/assets\/style\/gfx\/logo.svg","contentUrl":"https:\/\/cdnazure.infoempleo.com\/infoempleo\/assets\/style\/gfx\/logo.svg","width":150,"height":40,"caption":"Infoempleo"},"image":{"@id":"https:\/\/empresas.infoempleo.com\/hrtrends\/#logo"},"sameAs":["https:\/\/www.facebook.com\/Infoempleo","https:\/\/x.com\/infoempleo","http:\/\/instagram.com\/infoempleo\/","http:\/\/www.linkedin.com\/groups\/Empleo-Espa\u00f1a-Infoempleocom-111276","http:\/\/pinterest.com\/infoempleo\/"],"address":{"@type":"PostalAddress","addressLocality":"Madrid","postalCode":"28050","streetAddress":"Avenida de Burgos 114"},"brand":["Infoempleo"]},{"@type":"Person","@id":"https:\/\/empresas.infoempleo.com\/hrtrends\/#\/schema\/person\/b7a6badf8a824bd871816199d4073051","name":"In\u00e9s Molina","image":{"@type":"ImageObject","inLanguage":"es","@id":"https:\/\/empresas.infoempleo.com\/hrtrends\/#\/schema\/person\/image\/","url":"https:\/\/secure.gravatar.com\/avatar\/91ea6cf86c6b79f9f6f4d22793ffcbb45c9376d3b1a923126559ea4a8544b7b3?s=96&d=mm&r=g","contentUrl":"https:\/\/secure.gravatar.com\/avatar\/91ea6cf86c6b79f9f6f4d22793ffcbb45c9376d3b1a923126559ea4a8544b7b3?s=96&d=mm&r=g","caption":"In\u00e9s Molina"},"url":"https:\/\/empresas.infoempleo.com\/hrtrends\/author\/ines-molina\/"}]}},"amp_enabled":true,"_links":{"self":[{"href":"https:\/\/empresas.infoempleo.com\/hrtrends\/wp-json\/wp\/v2\/posts\/14981","targetHints":{"allow":["GET"]}}],"collection":[{"href":"https:\/\/empresas.infoempleo.com\/hrtrends\/wp-json\/wp\/v2\/posts"}],"about":[{"href":"https:\/\/empresas.infoempleo.com\/hrtrends\/wp-json\/wp\/v2\/types\/post"}],"author":[{"embeddable":true,"href":"https:\/\/empresas.infoempleo.com\/hrtrends\/wp-json\/wp\/v2\/users\/31"}],"replies":[{"embeddable":true,"href":"https:\/\/empresas.infoempleo.com\/hrtrends\/wp-json\/wp\/v2\/comments?post=14981"}],"version-history":[{"count":0,"href":"https:\/\/empresas.infoempleo.com\/hrtrends\/wp-json\/wp\/v2\/posts\/14981\/revisions"}],"wp:featuredmedia":[{"embeddable":true,"href":"https:\/\/empresas.infoempleo.com\/hrtrends\/wp-json\/wp\/v2\/media\/14985"}],"wp:attachment":[{"href":"https:\/\/empresas.infoempleo.com\/hrtrends\/wp-json\/wp\/v2\/media?parent=14981"}],"wp:term":[{"taxonomy":"category","embeddable":true,"href":"https:\/\/empresas.infoempleo.com\/hrtrends\/wp-json\/wp\/v2\/categories?post=14981"},{"taxonomy":"post_tag","embeddable":true,"href":"https:\/\/empresas.infoempleo.com\/hrtrends\/wp-json\/wp\/v2\/tags?post=14981"}],"curies":[{"name":"wp","href":"https:\/\/api.w.org\/{rel}","templated":true}]}}