{"id":14962,"date":"2012-05-07T11:15:36","date_gmt":"2012-05-07T10:15:36","guid":{"rendered":"http:\/\/blog.infoempleo.com\/?p=14962"},"modified":"2018-05-23T17:11:06","modified_gmt":"2018-05-23T15:11:06","slug":"las-tic-difuminan-el-aula-y-flexibilizan-el-aprendizaje","status":"publish","type":"post","link":"https:\/\/empresas.infoempleo.com\/hrtrends\/las-tic-difuminan-el-aula-y-flexibilizan-el-aprendizaje\/","title":{"rendered":"Las TIC difuminan el aula y flexibilizan el aprendizaje"},"content":{"rendered":"<p style=\"text-align: center;\"><a href=\"https:\/\/empresas.infoempleo.com\/hrtrends\/media\/2012\/05\/TIC.jpg\"><img loading=\"lazy\" decoding=\"async\" class=\"size-full wp-image-14963 aligncenter\" title=\"TIC\" src=\"https:\/\/empresas.infoempleo.com\/hrtrends\/media\/2012\/05\/TIC.jpg\" alt=\"\" width=\"410\" height=\"409\" srcset=\"https:\/\/empresas.infoempleo.com\/hrtrends\/media\/2012\/05\/TIC.jpg 410w, https:\/\/empresas.infoempleo.com\/hrtrends\/media\/2012\/05\/TIC-300x300.jpg 300w, https:\/\/empresas.infoempleo.com\/hrtrends\/media\/2012\/05\/TIC-150x150.jpg 150w\" sizes=\"auto, (max-width: 410px) 100vw, 410px\" \/><\/a><\/p>\n<p>Las escuelas de negocio\u00a0son los centros de ense\u00f1anza\u00a0que m\u00e1s r\u00e1pido\u00a0est\u00e1n adapt\u00e1ndose a las\u00a0nuevas tecnolog\u00edas. El\u00a0hecho de que la mayor\u00eda\u00a0de sus alumnos no pueda asistir a clases\u00a0presenciales obliga a buscar alternativas.\u00a0Unas alternativas que, principalmente,\u00a0llegan de la mano de <strong>las\u00a0Tecnolog\u00edas de la Informaci\u00f3n y la Comunicaci\u00f3n\u00a0(TIC), que consiguen acercar\u00a0las aulas y el conocimiento a los\u00a0dispositivos electr\u00f3nicos de los alumnos.<\/strong> \u00abSe ha ganado en flexibilidad,\u00a0puesto los estudiantes aprenden donde\u00a0quieren y cuando pueden\u00bb, explica\u00a0<strong>Lloren\u00e7 Valverde, vicerrector de Tecnolog\u00eda\u00a0de la <a href=\"https:\/\/www.uoc.edu:443\/\/\" target=\"_blank\">UOC<\/a> <\/strong>(Universitat Oberta\u00a0de Catalunya).<\/p>\n<p>El primer gran avance fueron los\u00a0campus virtuales, plataformas de teleformaci\u00f3n\u00a0que pusieron en marcha\u00a0universidades y escuelas de negocio\u00a0hace apenas unos a\u00f1os. \u00abCon ellos desaparece\u00a0la distinci\u00f3n que hab\u00eda entre\u00a0alumnos presenciales y a distancia\u00bb,\u00a0asegura <strong>Arturo de las Heras, director\u00a0general del <a href=\"https:\/\/www.cef.es\/\" target=\"_blank\">CEF<\/a> (Centro de Estudios\u00a0Financieros)<\/strong>. Al matricularse en alg\u00fan\u00a0curso, los alumnos reciben un mail con\u00a0un usuario y una clave para acceder a\u00a0la plataforma. All\u00ed encuentran todo\u00a0tipo de servicios relacionados con su\u00a0materia. <strong>La interacci\u00f3n entre alumnos\u00a0y profesores y entre los propios\u00a0estudiantes es total gracias a herramientas\u00a0como el correo electr\u00f3nico o\u00a0los foros.<\/strong> Desde descargarse apuntes\u00a0o documentos de inter\u00e9s hasta enviar\u00a0los trabajos y controles para que los\u00a0profesores puedan corregirlos.<\/p>\n<p>Porque, si los alumnos se han adaptado\u00a0a esta interacci\u00f3n virtual, los\u00a0profesores no han podido quedarse\u00a0atr\u00e1s. \u00abSe han tenido que adaptar a\u00a0este proceso de aprendizaje, porque\u00a0un \u00a0profesor que no pueda acceder a un\u00a0campus virtual lo tiene muy mal para\u00a0dar clase, aunque haya sido una estrella\u00a0fulgurante en el pasado\u00bb, concreta\u00a0Arturo de las Heras. <strong>Desde apuntes\u00a0hasta calendario de actividades, los\u00a0profesores tienen que actualizar constantemente\u00a0el perfil de su asignatura \u00a0para tener contentos a sus alumnos. <\/strong>De hecho, en muchos centros de formaci\u00f3n,\u00a0entre ellos el CEF, el papel ha\u00a0pr\u00e1cticamente desaparecido y todas\u00a0las actividades se entregan directamente\u00a0en formato digital. \u00abAs\u00ed ya no\u00a0se pierde ning\u00fan trabajo y el profesor\u00a0lo tiene m\u00e1s f\u00e1cil para corregir y para\u00a0hace p\u00fablicas las notas\u00bb, explica el\u00a0director general del CEF.<\/p>\n<p>Adem\u00e1s, <strong>con este tipo de herramientas\u00a0virtuales se ha potenciado\u00a0mucho el trabajo\u00a0en equipo.<\/strong> Los alumnos de las\u00a0escuelas de negocio\u00a0lo agradecen, puesto\u00a0que su agenda es muy\u00a0ajustada, ya que la mayor\u00eda\u00a0de ellos trabaja a la vez\u00a0que adquiere o renueva sus\u00a0conocimientos. Ahora, se pueden\u00a0crear grupos de trabajo en\u00a0foros o bien gracias a aplicaciones\u00a0que ofrecen plataformas como Google\u00a0para as\u00ed poder trabajar conjuntamente\u00a0cada uno desde su casa.<\/p>\n<h3>Dentro de las aulas<\/h3>\n<p>La entrada de las nuevas tecnolog\u00edas\u00a0en la educaci\u00f3n tiende a que las aulas\u00a0sean cada vez m\u00e1s difusas. Aun as\u00ed,\u00a0esto facilita a que se pueda entrar a\u00a0ellas desde cualquier lugar del mundo\u00a0a trav\u00e9s de Internet. Por eso, las\u00a0escuelas de negocio han apostado por\u00a0la instalaci\u00f3n de wifi en las aulas. <strong>Los\u00a0alumnos trabajan directamente con\u00a0sus port\u00e1tiles, \u00abaunque tambi\u00e9n es\u00a0cierto que alguno se distrae m\u00e1s que\u00a0antes porque est\u00e1 revisando su correo\u00a0personal o alguna red social\u00bb<\/strong>, aseguran\u00a0desde el CEF.<\/p>\n<div id=\"_mcePaste\" style=\"text-align: left;\">Adem\u00e1s, <strong>los alumnos no presenciales\u00a0pueden acceder a la clase a trav\u00e9s\u00a0de webcam<\/strong>. Algo que tambi\u00e9n permite\u00a0el modelo inverso, es decir, que expertos\u00a0y profesionales puedan ofrecer\u00a0conferencias y clases magistrales desde\u00a0cualquier parte del mundo gracias\u00a0a las videoconferencias. \u00abLos alumnos\u00a0valoran mucho toda esta flexibilidad y\u00a0aun participando solo desde casa, reconocen\u00a0que gracias a la interacci\u00f3n\u00a0que existe se sienten muy bien acompa\u00f1ados\u00a0\u00bb, matiza Lloren\u00e7 Valverde,\u00a0de la UOC.\u00a0<strong>Al igual que muchas empresas, las\u00a0escuelas de negocio tambi\u00e9n han visto\u00a0una \u00a0gran oportunidad en las m\u00faltiples\u00a0redes sociales que ya coexisten en la\u00a0red.<\/strong> Utilizan <strong>Facebook para mantener\u00a0el contacto entre alumnos actuales y\u00a0antiguos<\/strong>. \u00abEs una buena herramienta\u00a0para conseguir esta interacci\u00f3n\u00bb, concreta\u00a0Arturo de las Heras. Sin duda, los\u00a0alumnos son quienes mejor pueden\u00a0mantener el prestigio de un centro\u00a0de ense\u00f1anza, de ah\u00ed que se potencie\u00a0mucho el uso de esta red. Otra de las\u00a0m\u00e1s usadas es T<strong>witter, que sirve a las\u00a0escuelas para mantener informados a\u00a0sus estudiantes al instante.<\/strong> Se cuelgan\u00a0enlaces de art\u00edculos, textos, noticias o\u00a0videoconferencias en directo. Por \u00faltimo, \u00a0adem\u00e1s de los canales de YouTube\u00a0que usan para subir v\u00eddeos y dem\u00e1s\u00a0informaci\u00f3n audiovisual de los centros,\u00a0las escuelas de negocio se han\u00a0lanzado de lleno a redes profesionales\u00a0como <a href=\"https:\/\/www.infoempleo.com\/\" target=\"_blank\">Infoempleo.com<\/a> para conseguir\u00a0entablar contacto entre sus alumnos\u00a0y las empresas que pudieran estar interesadas\u00a0en su contrataci\u00f3n.<\/div>\n","protected":false},"excerpt":{"rendered":"<p>Las escuelas de negocio\u00a0son los centros de ense\u00f1anza\u00a0que m\u00e1s r\u00e1pido\u00a0est\u00e1n adapt\u00e1ndose a las\u00a0nuevas tecnolog\u00edas. El\u00a0hecho de que la<a class=\"moretag\" href=\"https:\/\/empresas.infoempleo.com\/hrtrends\/las-tic-difuminan-el-aula-y-flexibilizan-el-aprendizaje\/\"> Leer m\u00e1s<\/a><\/p>\n","protected":false},"author":66,"featured_media":14964,"comment_status":"closed","ping_status":"open","sticky":false,"template":"","format":"standard","meta":{"footnotes":""},"categories":[3],"tags":[510],"class_list":["post-14962","post","type-post","status-publish","format-standard","has-post-thumbnail","hentry","category-actualidad","tag-nuevas-tecnologias"],"yoast_head":"<!-- This site is optimized with the Yoast SEO plugin v26.1.1 - https:\/\/yoast.com\/wordpress\/plugins\/seo\/ -->\n<title>Las TIC difuminan el aula y flexibilizan el aprendizaje | HRTRENDS<\/title>\n<meta name=\"robots\" content=\"index, follow, max-snippet:-1, max-image-preview:large, max-video-preview:-1\" \/>\n<link rel=\"canonical\" href=\"https:\/\/empresas.infoempleo.com\/hrtrends\/las-tic-difuminan-el-aula-y-flexibilizan-el-aprendizaje\/\" \/>\n<meta property=\"og:locale\" content=\"es_ES\" \/>\n<meta property=\"og:type\" content=\"article\" \/>\n<meta property=\"og:title\" content=\"Las TIC difuminan el aula y flexibilizan el aprendizaje | HRTRENDS\" \/>\n<meta property=\"og:description\" content=\"Las escuelas de negocio\u00a0son los centros de ense\u00f1anza\u00a0que m\u00e1s r\u00e1pido\u00a0est\u00e1n adapt\u00e1ndose a las\u00a0nuevas tecnolog\u00edas. El\u00a0hecho de que la Leer m\u00e1s\" \/>\n<meta property=\"og:url\" content=\"https:\/\/empresas.infoempleo.com\/hrtrends\/las-tic-difuminan-el-aula-y-flexibilizan-el-aprendizaje\/\" \/>\n<meta property=\"og:site_name\" content=\"HRTRENDS\" \/>\n<meta property=\"article:publisher\" content=\"https:\/\/www.facebook.com\/Infoempleo\" \/>\n<meta property=\"article:published_time\" content=\"2012-05-07T10:15:36+00:00\" \/>\n<meta property=\"article:modified_time\" content=\"2018-05-23T15:11:06+00:00\" \/>\n<meta property=\"og:image\" content=\"https:\/\/empresas.infoempleo.com\/hrtrends\/media\/2012\/05\/PortadaTIC.jpg\" \/>\n\t<meta property=\"og:image:width\" content=\"410\" \/>\n\t<meta property=\"og:image:height\" content=\"258\" \/>\n\t<meta property=\"og:image:type\" content=\"image\/jpeg\" \/>\n<meta name=\"author\" content=\"David Val\" \/>\n<meta name=\"twitter:card\" content=\"summary_large_image\" \/>\n<meta name=\"twitter:creator\" content=\"@infoempleo\" \/>\n<meta name=\"twitter:site\" content=\"@infoempleo\" \/>\n<meta name=\"twitter:label1\" content=\"Escrito por\" \/>\n\t<meta name=\"twitter:data1\" content=\"David Val\" \/>\n\t<meta name=\"twitter:label2\" content=\"Tiempo de lectura\" \/>\n\t<meta name=\"twitter:data2\" content=\"4 minutos\" \/>\n<script type=\"application\/ld+json\" class=\"yoast-schema-graph\">{\"@context\":\"https:\/\/schema.org\",\"@graph\":[{\"@type\":\"NewsArticle\",\"@id\":\"https:\/\/empresas.infoempleo.com\/hrtrends\/las-tic-difuminan-el-aula-y-flexibilizan-el-aprendizaje\/#article\",\"isPartOf\":{\"@id\":\"https:\/\/empresas.infoempleo.com\/hrtrends\/las-tic-difuminan-el-aula-y-flexibilizan-el-aprendizaje\/\"},\"author\":{\"name\":\"David Val\",\"@id\":\"https:\/\/empresas.infoempleo.com\/hrtrends\/#\/schema\/person\/a6e273d5de025b4f500c10a4d765dc61\"},\"headline\":\"Las TIC difuminan el aula y flexibilizan el aprendizaje\",\"datePublished\":\"2012-05-07T10:15:36+00:00\",\"dateModified\":\"2018-05-23T15:11:06+00:00\",\"mainEntityOfPage\":{\"@id\":\"https:\/\/empresas.infoempleo.com\/hrtrends\/las-tic-difuminan-el-aula-y-flexibilizan-el-aprendizaje\/\"},\"wordCount\":821,\"publisher\":{\"@id\":\"https:\/\/empresas.infoempleo.com\/hrtrends\/#organization\"},\"image\":{\"@id\":\"https:\/\/empresas.infoempleo.com\/hrtrends\/las-tic-difuminan-el-aula-y-flexibilizan-el-aprendizaje\/#primaryimage\"},\"thumbnailUrl\":\"https:\/\/empresas.infoempleo.com\/hrtrends\/media\/2012\/05\/PortadaTIC.jpg\",\"keywords\":[\"nuevas tecnolog\u00edas\"],\"articleSection\":[\"Actualidad\"],\"inLanguage\":\"es\",\"copyrightYear\":\"2012\",\"copyrightHolder\":{\"@id\":\"https:\/\/empresas.infoempleo.com\/hrtrends\/#organization\"}},{\"@type\":\"WebPage\",\"@id\":\"https:\/\/empresas.infoempleo.com\/hrtrends\/las-tic-difuminan-el-aula-y-flexibilizan-el-aprendizaje\/\",\"url\":\"https:\/\/empresas.infoempleo.com\/hrtrends\/las-tic-difuminan-el-aula-y-flexibilizan-el-aprendizaje\/\",\"name\":\"Las TIC difuminan el aula y flexibilizan el aprendizaje | HRTRENDS\",\"isPartOf\":{\"@id\":\"https:\/\/empresas.infoempleo.com\/hrtrends\/#website\"},\"primaryImageOfPage\":{\"@id\":\"https:\/\/empresas.infoempleo.com\/hrtrends\/las-tic-difuminan-el-aula-y-flexibilizan-el-aprendizaje\/#primaryimage\"},\"image\":{\"@id\":\"https:\/\/empresas.infoempleo.com\/hrtrends\/las-tic-difuminan-el-aula-y-flexibilizan-el-aprendizaje\/#primaryimage\"},\"thumbnailUrl\":\"https:\/\/empresas.infoempleo.com\/hrtrends\/media\/2012\/05\/PortadaTIC.jpg\",\"datePublished\":\"2012-05-07T10:15:36+00:00\",\"dateModified\":\"2018-05-23T15:11:06+00:00\",\"breadcrumb\":{\"@id\":\"https:\/\/empresas.infoempleo.com\/hrtrends\/las-tic-difuminan-el-aula-y-flexibilizan-el-aprendizaje\/#breadcrumb\"},\"inLanguage\":\"es\",\"potentialAction\":[{\"@type\":\"ReadAction\",\"target\":[\"https:\/\/empresas.infoempleo.com\/hrtrends\/las-tic-difuminan-el-aula-y-flexibilizan-el-aprendizaje\/\"]}]},{\"@type\":\"ImageObject\",\"inLanguage\":\"es\",\"@id\":\"https:\/\/empresas.infoempleo.com\/hrtrends\/las-tic-difuminan-el-aula-y-flexibilizan-el-aprendizaje\/#primaryimage\",\"url\":\"https:\/\/empresas.infoempleo.com\/hrtrends\/media\/2012\/05\/PortadaTIC-150x150.jpg\",\"contentUrl\":\"https:\/\/empresas.infoempleo.com\/hrtrends\/media\/2012\/05\/PortadaTIC-150x150.jpg\",\"width\":150,\"height\":150},{\"@type\":\"BreadcrumbList\",\"@id\":\"https:\/\/empresas.infoempleo.com\/hrtrends\/las-tic-difuminan-el-aula-y-flexibilizan-el-aprendizaje\/#breadcrumb\",\"itemListElement\":[{\"@type\":\"ListItem\",\"position\":1,\"name\":\"Portada\",\"item\":\"https:\/\/empresas.infoempleo.com\/hrtrends\/\"},{\"@type\":\"ListItem\",\"position\":2,\"name\":\"Las TIC difuminan el aula y flexibilizan el aprendizaje\"}]},{\"@type\":\"WebSite\",\"@id\":\"https:\/\/empresas.infoempleo.com\/hrtrends\/#website\",\"url\":\"https:\/\/empresas.infoempleo.com\/hrtrends\",\"name\":\"HRTrends by Infoempleo\",\"description\":\"\",\"publisher\":{\"@id\":\"https:\/\/empresas.infoempleo.com\/hrtrends\/#organization\"},\"potentialAction\":{\"@type\":\"SearchAction\",\"target\":\"https:\/\/empresas.infoempleo.com\/hrtrends\/?s={search_term_string}\",\"query-input\":\"required name=search_term_string\"},\"inLanguage\":\"es\"},{\"@type\":\"Organization\",\"@id\":\"https:\/\/empresas.infoempleo.com\/hrtrends\/#organization\",\"name\":\"Infoempleo\",\"url\":\"https:\/\/www.infoempleo.com\/\",\"logo\":{\"@type\":\"ImageObject\",\"@id\":\"https:\/\/empresas.infoempleo.com\/hrtrends\/#logo\",\"inLanguage\":\"es\",\"url\":\"https:\/\/cdnazure.infoempleo.com\/infoempleo\/assets\/style\/gfx\/logo.svg\",\"contentUrl\":\"https:\/\/cdnazure.infoempleo.com\/infoempleo\/assets\/style\/gfx\/logo.svg\",\"width\":150,\"height\":40,\"caption\":\"Infoempleo\"},\"image\":{\"@id\":\"https:\/\/empresas.infoempleo.com\/hrtrends\/#logo\"},\"sameAs\":[\"https:\/\/www.facebook.com\/Infoempleo\",\"https:\/\/x.com\/infoempleo\",\"http:\/\/instagram.com\/infoempleo\/\",\"http:\/\/www.linkedin.com\/groups\/Empleo-Espa\u00f1a-Infoempleocom-111276\",\"http:\/\/pinterest.com\/infoempleo\/\"],\"address\":{\"@type\":\"PostalAddress\",\"addressLocality\":\"Madrid\",\"postalCode\":\"28050\",\"streetAddress\":\"Avenida de Burgos 114\"},\"brand\":[\"Infoempleo\"]},{\"@type\":\"Person\",\"@id\":\"https:\/\/empresas.infoempleo.com\/hrtrends\/#\/schema\/person\/a6e273d5de025b4f500c10a4d765dc61\",\"name\":\"David Val\",\"image\":{\"@type\":\"ImageObject\",\"inLanguage\":\"es\",\"@id\":\"https:\/\/empresas.infoempleo.com\/hrtrends\/#\/schema\/person\/image\/\",\"url\":\"https:\/\/secure.gravatar.com\/avatar\/35045dd6b035760ab73e35bc65b54be5ca921a4f0722835d6fda785c80fa36a1?s=96&d=mm&r=g\",\"contentUrl\":\"https:\/\/secure.gravatar.com\/avatar\/35045dd6b035760ab73e35bc65b54be5ca921a4f0722835d6fda785c80fa36a1?s=96&d=mm&r=g\",\"caption\":\"David Val\"},\"url\":\"https:\/\/empresas.infoempleo.com\/hrtrends\/author\/davidval\/\"}]}<\/script>\n<!-- \/ Yoast SEO plugin. -->","yoast_head_json":{"title":"Las TIC difuminan el aula y flexibilizan el aprendizaje | HRTRENDS","robots":{"index":"index","follow":"follow","max-snippet":"max-snippet:-1","max-image-preview":"max-image-preview:large","max-video-preview":"max-video-preview:-1"},"canonical":"https:\/\/empresas.infoempleo.com\/hrtrends\/las-tic-difuminan-el-aula-y-flexibilizan-el-aprendizaje\/","og_locale":"es_ES","og_type":"article","og_title":"Las TIC difuminan el aula y flexibilizan el aprendizaje | HRTRENDS","og_description":"Las escuelas de negocio\u00a0son los centros de ense\u00f1anza\u00a0que m\u00e1s r\u00e1pido\u00a0est\u00e1n adapt\u00e1ndose a las\u00a0nuevas tecnolog\u00edas. El\u00a0hecho de que la Leer m\u00e1s","og_url":"https:\/\/empresas.infoempleo.com\/hrtrends\/las-tic-difuminan-el-aula-y-flexibilizan-el-aprendizaje\/","og_site_name":"HRTRENDS","article_publisher":"https:\/\/www.facebook.com\/Infoempleo","article_published_time":"2012-05-07T10:15:36+00:00","article_modified_time":"2018-05-23T15:11:06+00:00","og_image":[{"width":410,"height":258,"url":"https:\/\/empresas.infoempleo.com\/hrtrends\/media\/2012\/05\/PortadaTIC.jpg","type":"image\/jpeg"}],"author":"David Val","twitter_card":"summary_large_image","twitter_creator":"@infoempleo","twitter_site":"@infoempleo","twitter_misc":{"Escrito por":"David Val","Tiempo de lectura":"4 minutos"},"schema":{"@context":"https:\/\/schema.org","@graph":[{"@type":"NewsArticle","@id":"https:\/\/empresas.infoempleo.com\/hrtrends\/las-tic-difuminan-el-aula-y-flexibilizan-el-aprendizaje\/#article","isPartOf":{"@id":"https:\/\/empresas.infoempleo.com\/hrtrends\/las-tic-difuminan-el-aula-y-flexibilizan-el-aprendizaje\/"},"author":{"name":"David Val","@id":"https:\/\/empresas.infoempleo.com\/hrtrends\/#\/schema\/person\/a6e273d5de025b4f500c10a4d765dc61"},"headline":"Las TIC difuminan el aula y flexibilizan el aprendizaje","datePublished":"2012-05-07T10:15:36+00:00","dateModified":"2018-05-23T15:11:06+00:00","mainEntityOfPage":{"@id":"https:\/\/empresas.infoempleo.com\/hrtrends\/las-tic-difuminan-el-aula-y-flexibilizan-el-aprendizaje\/"},"wordCount":821,"publisher":{"@id":"https:\/\/empresas.infoempleo.com\/hrtrends\/#organization"},"image":{"@id":"https:\/\/empresas.infoempleo.com\/hrtrends\/las-tic-difuminan-el-aula-y-flexibilizan-el-aprendizaje\/#primaryimage"},"thumbnailUrl":"https:\/\/empresas.infoempleo.com\/hrtrends\/media\/2012\/05\/PortadaTIC.jpg","keywords":["nuevas tecnolog\u00edas"],"articleSection":["Actualidad"],"inLanguage":"es","copyrightYear":"2012","copyrightHolder":{"@id":"https:\/\/empresas.infoempleo.com\/hrtrends\/#organization"}},{"@type":"WebPage","@id":"https:\/\/empresas.infoempleo.com\/hrtrends\/las-tic-difuminan-el-aula-y-flexibilizan-el-aprendizaje\/","url":"https:\/\/empresas.infoempleo.com\/hrtrends\/las-tic-difuminan-el-aula-y-flexibilizan-el-aprendizaje\/","name":"Las TIC difuminan el aula y flexibilizan el aprendizaje | HRTRENDS","isPartOf":{"@id":"https:\/\/empresas.infoempleo.com\/hrtrends\/#website"},"primaryImageOfPage":{"@id":"https:\/\/empresas.infoempleo.com\/hrtrends\/las-tic-difuminan-el-aula-y-flexibilizan-el-aprendizaje\/#primaryimage"},"image":{"@id":"https:\/\/empresas.infoempleo.com\/hrtrends\/las-tic-difuminan-el-aula-y-flexibilizan-el-aprendizaje\/#primaryimage"},"thumbnailUrl":"https:\/\/empresas.infoempleo.com\/hrtrends\/media\/2012\/05\/PortadaTIC.jpg","datePublished":"2012-05-07T10:15:36+00:00","dateModified":"2018-05-23T15:11:06+00:00","breadcrumb":{"@id":"https:\/\/empresas.infoempleo.com\/hrtrends\/las-tic-difuminan-el-aula-y-flexibilizan-el-aprendizaje\/#breadcrumb"},"inLanguage":"es","potentialAction":[{"@type":"ReadAction","target":["https:\/\/empresas.infoempleo.com\/hrtrends\/las-tic-difuminan-el-aula-y-flexibilizan-el-aprendizaje\/"]}]},{"@type":"ImageObject","inLanguage":"es","@id":"https:\/\/empresas.infoempleo.com\/hrtrends\/las-tic-difuminan-el-aula-y-flexibilizan-el-aprendizaje\/#primaryimage","url":"https:\/\/empresas.infoempleo.com\/hrtrends\/media\/2012\/05\/PortadaTIC-150x150.jpg","contentUrl":"https:\/\/empresas.infoempleo.com\/hrtrends\/media\/2012\/05\/PortadaTIC-150x150.jpg","width":150,"height":150},{"@type":"BreadcrumbList","@id":"https:\/\/empresas.infoempleo.com\/hrtrends\/las-tic-difuminan-el-aula-y-flexibilizan-el-aprendizaje\/#breadcrumb","itemListElement":[{"@type":"ListItem","position":1,"name":"Portada","item":"https:\/\/empresas.infoempleo.com\/hrtrends\/"},{"@type":"ListItem","position":2,"name":"Las TIC difuminan el aula y flexibilizan el aprendizaje"}]},{"@type":"WebSite","@id":"https:\/\/empresas.infoempleo.com\/hrtrends\/#website","url":"https:\/\/empresas.infoempleo.com\/hrtrends","name":"HRTrends by Infoempleo","description":"","publisher":{"@id":"https:\/\/empresas.infoempleo.com\/hrtrends\/#organization"},"potentialAction":{"@type":"SearchAction","target":"https:\/\/empresas.infoempleo.com\/hrtrends\/?s={search_term_string}","query-input":"required name=search_term_string"},"inLanguage":"es"},{"@type":"Organization","@id":"https:\/\/empresas.infoempleo.com\/hrtrends\/#organization","name":"Infoempleo","url":"https:\/\/www.infoempleo.com\/","logo":{"@type":"ImageObject","@id":"https:\/\/empresas.infoempleo.com\/hrtrends\/#logo","inLanguage":"es","url":"https:\/\/cdnazure.infoempleo.com\/infoempleo\/assets\/style\/gfx\/logo.svg","contentUrl":"https:\/\/cdnazure.infoempleo.com\/infoempleo\/assets\/style\/gfx\/logo.svg","width":150,"height":40,"caption":"Infoempleo"},"image":{"@id":"https:\/\/empresas.infoempleo.com\/hrtrends\/#logo"},"sameAs":["https:\/\/www.facebook.com\/Infoempleo","https:\/\/x.com\/infoempleo","http:\/\/instagram.com\/infoempleo\/","http:\/\/www.linkedin.com\/groups\/Empleo-Espa\u00f1a-Infoempleocom-111276","http:\/\/pinterest.com\/infoempleo\/"],"address":{"@type":"PostalAddress","addressLocality":"Madrid","postalCode":"28050","streetAddress":"Avenida de Burgos 114"},"brand":["Infoempleo"]},{"@type":"Person","@id":"https:\/\/empresas.infoempleo.com\/hrtrends\/#\/schema\/person\/a6e273d5de025b4f500c10a4d765dc61","name":"David Val","image":{"@type":"ImageObject","inLanguage":"es","@id":"https:\/\/empresas.infoempleo.com\/hrtrends\/#\/schema\/person\/image\/","url":"https:\/\/secure.gravatar.com\/avatar\/35045dd6b035760ab73e35bc65b54be5ca921a4f0722835d6fda785c80fa36a1?s=96&d=mm&r=g","contentUrl":"https:\/\/secure.gravatar.com\/avatar\/35045dd6b035760ab73e35bc65b54be5ca921a4f0722835d6fda785c80fa36a1?s=96&d=mm&r=g","caption":"David Val"},"url":"https:\/\/empresas.infoempleo.com\/hrtrends\/author\/davidval\/"}]}},"amp_enabled":true,"_links":{"self":[{"href":"https:\/\/empresas.infoempleo.com\/hrtrends\/wp-json\/wp\/v2\/posts\/14962","targetHints":{"allow":["GET"]}}],"collection":[{"href":"https:\/\/empresas.infoempleo.com\/hrtrends\/wp-json\/wp\/v2\/posts"}],"about":[{"href":"https:\/\/empresas.infoempleo.com\/hrtrends\/wp-json\/wp\/v2\/types\/post"}],"author":[{"embeddable":true,"href":"https:\/\/empresas.infoempleo.com\/hrtrends\/wp-json\/wp\/v2\/users\/66"}],"replies":[{"embeddable":true,"href":"https:\/\/empresas.infoempleo.com\/hrtrends\/wp-json\/wp\/v2\/comments?post=14962"}],"version-history":[{"count":0,"href":"https:\/\/empresas.infoempleo.com\/hrtrends\/wp-json\/wp\/v2\/posts\/14962\/revisions"}],"wp:featuredmedia":[{"embeddable":true,"href":"https:\/\/empresas.infoempleo.com\/hrtrends\/wp-json\/wp\/v2\/media\/14964"}],"wp:attachment":[{"href":"https:\/\/empresas.infoempleo.com\/hrtrends\/wp-json\/wp\/v2\/media?parent=14962"}],"wp:term":[{"taxonomy":"category","embeddable":true,"href":"https:\/\/empresas.infoempleo.com\/hrtrends\/wp-json\/wp\/v2\/categories?post=14962"},{"taxonomy":"post_tag","embeddable":true,"href":"https:\/\/empresas.infoempleo.com\/hrtrends\/wp-json\/wp\/v2\/tags?post=14962"}],"curies":[{"name":"wp","href":"https:\/\/api.w.org\/{rel}","templated":true}]}}