{"id":14900,"date":"2012-04-17T12:18:35","date_gmt":"2012-04-17T11:18:35","guid":{"rendered":"http:\/\/blog.infoempleo.com\/?p=14900"},"modified":"2024-08-29T17:45:33","modified_gmt":"2024-08-29T15:45:33","slug":"no-te-pierdas-el-blog-de-avanza-en-tu-carrera","status":"publish","type":"post","link":"https:\/\/empresas.infoempleo.com\/hrtrends\/no-te-pierdas-el-blog-de-avanza-en-tu-carrera\/","title":{"rendered":"No te pierdas el blog de Avanza en tu carrera"},"content":{"rendered":"<p><strong><a href=\"http:\/\/blog.infoempleo.com\/\"><img loading=\"lazy\" decoding=\"async\" class=\"alignnone size-full wp-image-14901\" title=\"Blog AETC\" src=\"https:\/\/empresas.infoempleo.com\/hrtrends\/media\/2012\/04\/BlogAETCok.jpg\" alt=\"\" width=\"454\" height=\"214\" srcset=\"https:\/\/empresas.infoempleo.com\/hrtrends\/media\/2012\/04\/BlogAETCok.jpg 568w, https:\/\/empresas.infoempleo.com\/hrtrends\/media\/2012\/04\/BlogAETCok-300x142.jpg 300w\" sizes=\"auto, (max-width: 454px) 100vw, 454px\" \/><\/a><\/strong><\/p>\n<p><strong>Una p\u00e1gina web diferente se merece un blog diferente<\/strong>, y por eso para el <a href=\"http:\/\/blog.infoempleo.com\/\" target=\"_blank\" rel=\"noopener\">nuevo bit\u00e1cora de Avanza en tu carrera<\/a> contaremos con una colaboraci\u00f3n muy especial: nuestros amigos de Brand &amp; Roses nos mantendr\u00e1n al d\u00eda de todo lo relacionado con la formaci\u00f3n, el desarrollo profesional, el emprendimiento\u2026 pero siempre desde un punto de vista innovador. Nuestro objetivo es <strong>ir mucho m\u00e1s all\u00e1 de las simples noticias<\/strong>, queremos aportar un punto de vista novedoso que sirva de <strong>inspiraci\u00f3n<\/strong> a todos nuestros lectores.<\/p>\n<p>Y es que <a href=\"http:\/\/www.avanzaentucarrera.com\" target=\"_blank\" rel=\"noopener\">Avanza en tu carrera<\/a> no es s\u00f3lo un buscador de cursos, 100% enfocado a las necesidades de los usuarios ofrece un valor a\u00f1adido respecto al resto de portales de formaci\u00f3n ya que asesora y orienta al usuario en la toma de decisiones. Elegir entre m\u00e1s de 35.000 cursos y 26.000 centros educativos no es nada f\u00e1cil, por eso queremos ayudarles a que encuentren la formaci\u00f3n que mejor se ajuste a sus gustos y necesidades.<\/p>\n","protected":false},"excerpt":{"rendered":"<p>Una p\u00e1gina web diferente se merece un blog diferente, y por eso para el nuevo bit\u00e1cora de Avanza<a class=\"moretag\" href=\"https:\/\/empresas.infoempleo.com\/hrtrends\/no-te-pierdas-el-blog-de-avanza-en-tu-carrera\/\"> Leer m\u00e1s<\/a><\/p>\n","protected":false},"author":47,"featured_media":14901,"comment_status":"closed","ping_status":"open","sticky":false,"template":"","format":"standard","meta":{"footnotes":""},"categories":[3],"tags":[2480,1667,1553,1940,500,1019],"class_list":["post-14900","post","type-post","status-publish","format-standard","has-post-thumbnail","hentry","category-actualidad","tag-avanza-en-tu-carrera","tag-blog","tag-cursos","tag-grado","tag-master","tag-postgrado"],"yoast_head":"<!-- This site is optimized with the Yoast SEO plugin v26.1.1 - https:\/\/yoast.com\/wordpress\/plugins\/seo\/ -->\n<title>No te pierdas el blog de Avanza en tu carrera | HRTRENDS<\/title>\n<meta name=\"robots\" content=\"index, follow, max-snippet:-1, max-image-preview:large, max-video-preview:-1\" \/>\n<link rel=\"canonical\" href=\"https:\/\/empresas.infoempleo.com\/hrtrends\/no-te-pierdas-el-blog-de-avanza-en-tu-carrera\/\" \/>\n<meta property=\"og:locale\" content=\"es_ES\" \/>\n<meta property=\"og:type\" content=\"article\" \/>\n<meta property=\"og:title\" content=\"No te pierdas el blog de Avanza en tu carrera | HRTRENDS\" \/>\n<meta property=\"og:description\" content=\"Una p\u00e1gina web diferente se merece un blog diferente, y por eso para el nuevo bit\u00e1cora de Avanza Leer m\u00e1s\" \/>\n<meta property=\"og:url\" content=\"https:\/\/empresas.infoempleo.com\/hrtrends\/no-te-pierdas-el-blog-de-avanza-en-tu-carrera\/\" \/>\n<meta property=\"og:site_name\" content=\"HRTRENDS\" \/>\n<meta property=\"article:publisher\" content=\"https:\/\/www.facebook.com\/Infoempleo\" \/>\n<meta property=\"article:published_time\" content=\"2012-04-17T11:18:35+00:00\" \/>\n<meta property=\"article:modified_time\" content=\"2024-08-29T15:45:33+00:00\" \/>\n<meta property=\"og:image\" content=\"https:\/\/empresas.infoempleo.com\/hrtrends\/media\/2012\/04\/BlogAETCok.jpg\" \/>\n\t<meta property=\"og:image:width\" content=\"568\" \/>\n\t<meta property=\"og:image:height\" content=\"268\" \/>\n\t<meta property=\"og:image:type\" content=\"image\/jpeg\" \/>\n<meta name=\"author\" content=\"Marta Toledano\" \/>\n<meta name=\"twitter:card\" content=\"summary_large_image\" \/>\n<meta name=\"twitter:creator\" content=\"@infoempleo\" \/>\n<meta name=\"twitter:site\" content=\"@infoempleo\" \/>\n<meta name=\"twitter:label1\" content=\"Escrito por\" \/>\n\t<meta name=\"twitter:data1\" content=\"Marta Toledano\" \/>\n\t<meta name=\"twitter:label2\" content=\"Tiempo de lectura\" \/>\n\t<meta name=\"twitter:data2\" content=\"1 minuto\" \/>\n<script type=\"application\/ld+json\" class=\"yoast-schema-graph\">{\"@context\":\"https:\/\/schema.org\",\"@graph\":[{\"@type\":\"NewsArticle\",\"@id\":\"https:\/\/empresas.infoempleo.com\/hrtrends\/no-te-pierdas-el-blog-de-avanza-en-tu-carrera\/#article\",\"isPartOf\":{\"@id\":\"https:\/\/empresas.infoempleo.com\/hrtrends\/no-te-pierdas-el-blog-de-avanza-en-tu-carrera\/\"},\"author\":{\"name\":\"Marta Toledano\",\"@id\":\"https:\/\/empresas.infoempleo.com\/hrtrends\/#\/schema\/person\/148d627e345a4676aeecce408bfd7761\"},\"headline\":\"No te pierdas el blog de Avanza en tu carrera\",\"datePublished\":\"2012-04-17T11:18:35+00:00\",\"dateModified\":\"2024-08-29T15:45:33+00:00\",\"mainEntityOfPage\":{\"@id\":\"https:\/\/empresas.infoempleo.com\/hrtrends\/no-te-pierdas-el-blog-de-avanza-en-tu-carrera\/\"},\"wordCount\":181,\"publisher\":{\"@id\":\"https:\/\/empresas.infoempleo.com\/hrtrends\/#organization\"},\"image\":{\"@id\":\"https:\/\/empresas.infoempleo.com\/hrtrends\/no-te-pierdas-el-blog-de-avanza-en-tu-carrera\/#primaryimage\"},\"thumbnailUrl\":\"https:\/\/empresas.infoempleo.com\/hrtrends\/media\/2012\/04\/BlogAETCok.jpg\",\"keywords\":[\"Avanza en tu carrera\",\"blog\",\"cursos\",\"grado\",\"m\u00e1ster\",\"postgrado\"],\"articleSection\":[\"Actualidad\"],\"inLanguage\":\"es\",\"copyrightYear\":\"2012\",\"copyrightHolder\":{\"@id\":\"https:\/\/empresas.infoempleo.com\/hrtrends\/#organization\"}},{\"@type\":\"WebPage\",\"@id\":\"https:\/\/empresas.infoempleo.com\/hrtrends\/no-te-pierdas-el-blog-de-avanza-en-tu-carrera\/\",\"url\":\"https:\/\/empresas.infoempleo.com\/hrtrends\/no-te-pierdas-el-blog-de-avanza-en-tu-carrera\/\",\"name\":\"No te pierdas el blog de Avanza en tu carrera | HRTRENDS\",\"isPartOf\":{\"@id\":\"https:\/\/empresas.infoempleo.com\/hrtrends\/#website\"},\"primaryImageOfPage\":{\"@id\":\"https:\/\/empresas.infoempleo.com\/hrtrends\/no-te-pierdas-el-blog-de-avanza-en-tu-carrera\/#primaryimage\"},\"image\":{\"@id\":\"https:\/\/empresas.infoempleo.com\/hrtrends\/no-te-pierdas-el-blog-de-avanza-en-tu-carrera\/#primaryimage\"},\"thumbnailUrl\":\"https:\/\/empresas.infoempleo.com\/hrtrends\/media\/2012\/04\/BlogAETCok.jpg\",\"datePublished\":\"2012-04-17T11:18:35+00:00\",\"dateModified\":\"2024-08-29T15:45:33+00:00\",\"breadcrumb\":{\"@id\":\"https:\/\/empresas.infoempleo.com\/hrtrends\/no-te-pierdas-el-blog-de-avanza-en-tu-carrera\/#breadcrumb\"},\"inLanguage\":\"es\",\"potentialAction\":[{\"@type\":\"ReadAction\",\"target\":[\"https:\/\/empresas.infoempleo.com\/hrtrends\/no-te-pierdas-el-blog-de-avanza-en-tu-carrera\/\"]}]},{\"@type\":\"ImageObject\",\"inLanguage\":\"es\",\"@id\":\"https:\/\/empresas.infoempleo.com\/hrtrends\/no-te-pierdas-el-blog-de-avanza-en-tu-carrera\/#primaryimage\",\"url\":\"https:\/\/empresas.infoempleo.com\/hrtrends\/media\/2012\/04\/BlogAETCok-150x150.jpg\",\"contentUrl\":\"https:\/\/empresas.infoempleo.com\/hrtrends\/media\/2012\/04\/BlogAETCok-150x150.jpg\",\"width\":150,\"height\":150},{\"@type\":\"BreadcrumbList\",\"@id\":\"https:\/\/empresas.infoempleo.com\/hrtrends\/no-te-pierdas-el-blog-de-avanza-en-tu-carrera\/#breadcrumb\",\"itemListElement\":[{\"@type\":\"ListItem\",\"position\":1,\"name\":\"Portada\",\"item\":\"https:\/\/empresas.infoempleo.com\/hrtrends\/\"},{\"@type\":\"ListItem\",\"position\":2,\"name\":\"No te pierdas el blog de Avanza en tu carrera\"}]},{\"@type\":\"WebSite\",\"@id\":\"https:\/\/empresas.infoempleo.com\/hrtrends\/#website\",\"url\":\"https:\/\/empresas.infoempleo.com\/hrtrends\",\"name\":\"HRTrends by Infoempleo\",\"description\":\"\",\"publisher\":{\"@id\":\"https:\/\/empresas.infoempleo.com\/hrtrends\/#organization\"},\"potentialAction\":{\"@type\":\"SearchAction\",\"target\":\"https:\/\/empresas.infoempleo.com\/hrtrends\/?s={search_term_string}\",\"query-input\":\"required name=search_term_string\"},\"inLanguage\":\"es\"},{\"@type\":\"Organization\",\"@id\":\"https:\/\/empresas.infoempleo.com\/hrtrends\/#organization\",\"name\":\"Infoempleo\",\"url\":\"https:\/\/www.infoempleo.com\/\",\"logo\":{\"@type\":\"ImageObject\",\"@id\":\"https:\/\/empresas.infoempleo.com\/hrtrends\/#logo\",\"inLanguage\":\"es\",\"url\":\"https:\/\/cdnazure.infoempleo.com\/infoempleo\/assets\/style\/gfx\/logo.svg\",\"contentUrl\":\"https:\/\/cdnazure.infoempleo.com\/infoempleo\/assets\/style\/gfx\/logo.svg\",\"width\":150,\"height\":40,\"caption\":\"Infoempleo\"},\"image\":{\"@id\":\"https:\/\/empresas.infoempleo.com\/hrtrends\/#logo\"},\"sameAs\":[\"https:\/\/www.facebook.com\/Infoempleo\",\"https:\/\/x.com\/infoempleo\",\"http:\/\/instagram.com\/infoempleo\/\",\"http:\/\/www.linkedin.com\/groups\/Empleo-Espa\u00f1a-Infoempleocom-111276\",\"http:\/\/pinterest.com\/infoempleo\/\"],\"address\":{\"@type\":\"PostalAddress\",\"addressLocality\":\"Madrid\",\"postalCode\":\"28050\",\"streetAddress\":\"Avenida de Burgos 114\"},\"brand\":[\"Infoempleo\"]},{\"@type\":\"Person\",\"@id\":\"https:\/\/empresas.infoempleo.com\/hrtrends\/#\/schema\/person\/148d627e345a4676aeecce408bfd7761\",\"name\":\"Marta Toledano\",\"image\":{\"@type\":\"ImageObject\",\"inLanguage\":\"es\",\"@id\":\"https:\/\/empresas.infoempleo.com\/hrtrends\/#\/schema\/person\/image\/\",\"url\":\"https:\/\/secure.gravatar.com\/avatar\/93363d5d792ee4fc55b75a71007430155fadc7be42b4e09eee0b8f4c536dc729?s=96&d=mm&r=g\",\"contentUrl\":\"https:\/\/secure.gravatar.com\/avatar\/93363d5d792ee4fc55b75a71007430155fadc7be42b4e09eee0b8f4c536dc729?s=96&d=mm&r=g\",\"caption\":\"Marta Toledano\"},\"url\":\"https:\/\/empresas.infoempleo.com\/hrtrends\/author\/marta-toledano\/\"}]}<\/script>\n<!-- \/ Yoast SEO plugin. -->","yoast_head_json":{"title":"No te pierdas el blog de Avanza en tu carrera | HRTRENDS","robots":{"index":"index","follow":"follow","max-snippet":"max-snippet:-1","max-image-preview":"max-image-preview:large","max-video-preview":"max-video-preview:-1"},"canonical":"https:\/\/empresas.infoempleo.com\/hrtrends\/no-te-pierdas-el-blog-de-avanza-en-tu-carrera\/","og_locale":"es_ES","og_type":"article","og_title":"No te pierdas el blog de Avanza en tu carrera | HRTRENDS","og_description":"Una p\u00e1gina web diferente se merece un blog diferente, y por eso para el nuevo bit\u00e1cora de Avanza Leer m\u00e1s","og_url":"https:\/\/empresas.infoempleo.com\/hrtrends\/no-te-pierdas-el-blog-de-avanza-en-tu-carrera\/","og_site_name":"HRTRENDS","article_publisher":"https:\/\/www.facebook.com\/Infoempleo","article_published_time":"2012-04-17T11:18:35+00:00","article_modified_time":"2024-08-29T15:45:33+00:00","og_image":[{"width":568,"height":268,"url":"https:\/\/empresas.infoempleo.com\/hrtrends\/media\/2012\/04\/BlogAETCok.jpg","type":"image\/jpeg"}],"author":"Marta Toledano","twitter_card":"summary_large_image","twitter_creator":"@infoempleo","twitter_site":"@infoempleo","twitter_misc":{"Escrito por":"Marta Toledano","Tiempo de lectura":"1 minuto"},"schema":{"@context":"https:\/\/schema.org","@graph":[{"@type":"NewsArticle","@id":"https:\/\/empresas.infoempleo.com\/hrtrends\/no-te-pierdas-el-blog-de-avanza-en-tu-carrera\/#article","isPartOf":{"@id":"https:\/\/empresas.infoempleo.com\/hrtrends\/no-te-pierdas-el-blog-de-avanza-en-tu-carrera\/"},"author":{"name":"Marta Toledano","@id":"https:\/\/empresas.infoempleo.com\/hrtrends\/#\/schema\/person\/148d627e345a4676aeecce408bfd7761"},"headline":"No te pierdas el blog de Avanza en tu carrera","datePublished":"2012-04-17T11:18:35+00:00","dateModified":"2024-08-29T15:45:33+00:00","mainEntityOfPage":{"@id":"https:\/\/empresas.infoempleo.com\/hrtrends\/no-te-pierdas-el-blog-de-avanza-en-tu-carrera\/"},"wordCount":181,"publisher":{"@id":"https:\/\/empresas.infoempleo.com\/hrtrends\/#organization"},"image":{"@id":"https:\/\/empresas.infoempleo.com\/hrtrends\/no-te-pierdas-el-blog-de-avanza-en-tu-carrera\/#primaryimage"},"thumbnailUrl":"https:\/\/empresas.infoempleo.com\/hrtrends\/media\/2012\/04\/BlogAETCok.jpg","keywords":["Avanza en tu carrera","blog","cursos","grado","m\u00e1ster","postgrado"],"articleSection":["Actualidad"],"inLanguage":"es","copyrightYear":"2012","copyrightHolder":{"@id":"https:\/\/empresas.infoempleo.com\/hrtrends\/#organization"}},{"@type":"WebPage","@id":"https:\/\/empresas.infoempleo.com\/hrtrends\/no-te-pierdas-el-blog-de-avanza-en-tu-carrera\/","url":"https:\/\/empresas.infoempleo.com\/hrtrends\/no-te-pierdas-el-blog-de-avanza-en-tu-carrera\/","name":"No te pierdas el blog de Avanza en tu carrera | HRTRENDS","isPartOf":{"@id":"https:\/\/empresas.infoempleo.com\/hrtrends\/#website"},"primaryImageOfPage":{"@id":"https:\/\/empresas.infoempleo.com\/hrtrends\/no-te-pierdas-el-blog-de-avanza-en-tu-carrera\/#primaryimage"},"image":{"@id":"https:\/\/empresas.infoempleo.com\/hrtrends\/no-te-pierdas-el-blog-de-avanza-en-tu-carrera\/#primaryimage"},"thumbnailUrl":"https:\/\/empresas.infoempleo.com\/hrtrends\/media\/2012\/04\/BlogAETCok.jpg","datePublished":"2012-04-17T11:18:35+00:00","dateModified":"2024-08-29T15:45:33+00:00","breadcrumb":{"@id":"https:\/\/empresas.infoempleo.com\/hrtrends\/no-te-pierdas-el-blog-de-avanza-en-tu-carrera\/#breadcrumb"},"inLanguage":"es","potentialAction":[{"@type":"ReadAction","target":["https:\/\/empresas.infoempleo.com\/hrtrends\/no-te-pierdas-el-blog-de-avanza-en-tu-carrera\/"]}]},{"@type":"ImageObject","inLanguage":"es","@id":"https:\/\/empresas.infoempleo.com\/hrtrends\/no-te-pierdas-el-blog-de-avanza-en-tu-carrera\/#primaryimage","url":"https:\/\/empresas.infoempleo.com\/hrtrends\/media\/2012\/04\/BlogAETCok-150x150.jpg","contentUrl":"https:\/\/empresas.infoempleo.com\/hrtrends\/media\/2012\/04\/BlogAETCok-150x150.jpg","width":150,"height":150},{"@type":"BreadcrumbList","@id":"https:\/\/empresas.infoempleo.com\/hrtrends\/no-te-pierdas-el-blog-de-avanza-en-tu-carrera\/#breadcrumb","itemListElement":[{"@type":"ListItem","position":1,"name":"Portada","item":"https:\/\/empresas.infoempleo.com\/hrtrends\/"},{"@type":"ListItem","position":2,"name":"No te pierdas el blog de Avanza en tu carrera"}]},{"@type":"WebSite","@id":"https:\/\/empresas.infoempleo.com\/hrtrends\/#website","url":"https:\/\/empresas.infoempleo.com\/hrtrends","name":"HRTrends by Infoempleo","description":"","publisher":{"@id":"https:\/\/empresas.infoempleo.com\/hrtrends\/#organization"},"potentialAction":{"@type":"SearchAction","target":"https:\/\/empresas.infoempleo.com\/hrtrends\/?s={search_term_string}","query-input":"required name=search_term_string"},"inLanguage":"es"},{"@type":"Organization","@id":"https:\/\/empresas.infoempleo.com\/hrtrends\/#organization","name":"Infoempleo","url":"https:\/\/www.infoempleo.com\/","logo":{"@type":"ImageObject","@id":"https:\/\/empresas.infoempleo.com\/hrtrends\/#logo","inLanguage":"es","url":"https:\/\/cdnazure.infoempleo.com\/infoempleo\/assets\/style\/gfx\/logo.svg","contentUrl":"https:\/\/cdnazure.infoempleo.com\/infoempleo\/assets\/style\/gfx\/logo.svg","width":150,"height":40,"caption":"Infoempleo"},"image":{"@id":"https:\/\/empresas.infoempleo.com\/hrtrends\/#logo"},"sameAs":["https:\/\/www.facebook.com\/Infoempleo","https:\/\/x.com\/infoempleo","http:\/\/instagram.com\/infoempleo\/","http:\/\/www.linkedin.com\/groups\/Empleo-Espa\u00f1a-Infoempleocom-111276","http:\/\/pinterest.com\/infoempleo\/"],"address":{"@type":"PostalAddress","addressLocality":"Madrid","postalCode":"28050","streetAddress":"Avenida de Burgos 114"},"brand":["Infoempleo"]},{"@type":"Person","@id":"https:\/\/empresas.infoempleo.com\/hrtrends\/#\/schema\/person\/148d627e345a4676aeecce408bfd7761","name":"Marta Toledano","image":{"@type":"ImageObject","inLanguage":"es","@id":"https:\/\/empresas.infoempleo.com\/hrtrends\/#\/schema\/person\/image\/","url":"https:\/\/secure.gravatar.com\/avatar\/93363d5d792ee4fc55b75a71007430155fadc7be42b4e09eee0b8f4c536dc729?s=96&d=mm&r=g","contentUrl":"https:\/\/secure.gravatar.com\/avatar\/93363d5d792ee4fc55b75a71007430155fadc7be42b4e09eee0b8f4c536dc729?s=96&d=mm&r=g","caption":"Marta Toledano"},"url":"https:\/\/empresas.infoempleo.com\/hrtrends\/author\/marta-toledano\/"}]}},"amp_enabled":true,"_links":{"self":[{"href":"https:\/\/empresas.infoempleo.com\/hrtrends\/wp-json\/wp\/v2\/posts\/14900","targetHints":{"allow":["GET"]}}],"collection":[{"href":"https:\/\/empresas.infoempleo.com\/hrtrends\/wp-json\/wp\/v2\/posts"}],"about":[{"href":"https:\/\/empresas.infoempleo.com\/hrtrends\/wp-json\/wp\/v2\/types\/post"}],"author":[{"embeddable":true,"href":"https:\/\/empresas.infoempleo.com\/hrtrends\/wp-json\/wp\/v2\/users\/47"}],"replies":[{"embeddable":true,"href":"https:\/\/empresas.infoempleo.com\/hrtrends\/wp-json\/wp\/v2\/comments?post=14900"}],"version-history":[{"count":1,"href":"https:\/\/empresas.infoempleo.com\/hrtrends\/wp-json\/wp\/v2\/posts\/14900\/revisions"}],"predecessor-version":[{"id":45092,"href":"https:\/\/empresas.infoempleo.com\/hrtrends\/wp-json\/wp\/v2\/posts\/14900\/revisions\/45092"}],"wp:featuredmedia":[{"embeddable":true,"href":"https:\/\/empresas.infoempleo.com\/hrtrends\/wp-json\/wp\/v2\/media\/14901"}],"wp:attachment":[{"href":"https:\/\/empresas.infoempleo.com\/hrtrends\/wp-json\/wp\/v2\/media?parent=14900"}],"wp:term":[{"taxonomy":"category","embeddable":true,"href":"https:\/\/empresas.infoempleo.com\/hrtrends\/wp-json\/wp\/v2\/categories?post=14900"},{"taxonomy":"post_tag","embeddable":true,"href":"https:\/\/empresas.infoempleo.com\/hrtrends\/wp-json\/wp\/v2\/tags?post=14900"}],"curies":[{"name":"wp","href":"https:\/\/api.w.org\/{rel}","templated":true}]}}