{"id":14891,"date":"2012-04-16T13:34:02","date_gmt":"2012-04-16T12:34:02","guid":{"rendered":"http:\/\/blog.infoempleo.com\/?p=14891"},"modified":"2018-05-23T17:11:07","modified_gmt":"2018-05-23T15:11:07","slug":"horas-extras-que-no-se-pagan-y-empleo-que-no-se-crea","status":"publish","type":"post","link":"https:\/\/empresas.infoempleo.com\/hrtrends\/horas-extras-que-no-se-pagan-y-empleo-que-no-se-crea\/","title":{"rendered":"Horas extras que no se pagan (y empleo que no se crea)"},"content":{"rendered":"<p style=\"text-align: left;\"><strong><img loading=\"lazy\" decoding=\"async\" class=\"alignnone size-full wp-image-14892\" title=\"Gayle Allard\" src=\"https:\/\/empresas.infoempleo.com\/hrtrends\/media\/2012\/04\/GayleAllard.jpg\" alt=\"\" width=\"144\" height=\"143\" srcset=\"https:\/\/empresas.infoempleo.com\/hrtrends\/media\/2012\/04\/GayleAllard.jpg 400w, https:\/\/empresas.infoempleo.com\/hrtrends\/media\/2012\/04\/GayleAllard-300x300.jpg 300w, https:\/\/empresas.infoempleo.com\/hrtrends\/media\/2012\/04\/GayleAllard-150x150.jpg 150w\" sizes=\"auto, (max-width: 144px) 100vw, 144px\" \/><\/strong><\/p>\n<h3>Gayle Allard, economista de IE Business School.<\/h3>\n<p><strong>Seg\u00fan datos del INE, las empresas espa\u00f1olas podr\u00edan haber creado 72.000 puestos de trabajo con las horas extras que no se est\u00e1n pagando<\/strong>. Con el trabajo que ahora forma parte de la econom\u00eda sumergida se hubieran podido crear cerca de un mill\u00f3n de puestos, seg\u00fan algunos expertos. \u00bfPor qu\u00e9 no se crean? Se da una combinaci\u00f3n t\u00f3xica de factores en Espa\u00f1a: el \u00abveneno\u00bb del\u00a0 paro y la rigidez del mercado laboral. Un paro del 23% envenena las relaciones laborales. <strong>\u00bfTengo que trabajar m\u00e1s horas sin que me paguen? \u00abLo har\u00e9: hay 800 candidatos en la puerta esperando mi trabajo, no puedo permitirme perder el empleo<\/strong>, trabajar\u00e9 aunque no lo considere justo ni est\u00e9 retribuido\u00bb. \u00bfAcepto trabajar de becario sin cobrar aunque tengo t\u00edtulo universitario? \u00abS\u00ed: si no, acabar\u00e9 sin experiencia y adem\u00e1s no les costar\u00e1 nada encontrar a otro, hay miles de titulados ah\u00ed fuera deseando ocupar mi plaza al precio que sea, a coste cero si es necesario\u00bb. \u00bfTengo que aceptar\u00a0 pasar al mercado negro, donde los trabajos son no solo precarios, sino adem\u00e1s ilegales? \u00abLo har\u00e9: si no lo hago yo, otro lo har\u00e1\u00bb.<\/p>\n<p>Y por otra parte, el coste de despedir a\u00a0 trabajadores ha sido tan alto que la empresa prefiere hacer casi cualquier cosa antes de contratar a un nuevo empleado fijo. La primera v\u00e1lvula de escape es el trabajo temporal, cuyas tasas son m\u00e1s altas en Espa\u00f1a que en cualquier pa\u00eds desarrollado. Otra es obligar a trabajar m\u00e1s a la plantilla, para no arriesgarse con una\u00a0 contrataci\u00f3n nueva. <strong>Es un contrasentido absoluto, pero es as\u00ed. Se trabajan m\u00e1s horas porque es dif\u00edcil despedir y por las altas tasas de paro que tenemos en Espa\u00f1a.<\/strong><\/p>\n<p style=\"text-align: center;\"><img loading=\"lazy\" decoding=\"async\" class=\"size-full wp-image-14893 aligncenter\" title=\"Reforma\" src=\"https:\/\/empresas.infoempleo.com\/hrtrends\/media\/2012\/04\/Reforma.jpg\" alt=\"\" width=\"454\" height=\"206\" srcset=\"https:\/\/empresas.infoempleo.com\/hrtrends\/media\/2012\/04\/Reforma.jpg 568w, https:\/\/empresas.infoempleo.com\/hrtrends\/media\/2012\/04\/Reforma-300x136.jpg 300w\" sizes=\"auto, (max-width: 454px) 100vw, 454px\" \/><\/p>\n<p>Pero recientemente se ha dado un paso de gigante para terminar con esta situaci\u00f3n. La reforma laboral aprobada por el Gobierno hace unas semanas es la m\u00e1s importante jam\u00e1s aprobada en Espa\u00f1a. Adem\u00e1s, es la primera vez en Espa\u00f1a y casi la primera en Europa que no cae casi exclusivamente sobre los temporales: reduce el tiempo m\u00e1ximo de la temporalidad a la vez que rebaja los costes de despido para los fijos. En ese sentido, es equitativo e\u00a0 intenta quebrar la fuerte dualidad que existe en Espa\u00f1a entre los trabajadores fijos, mejor pagados y aislados de los vaivenes de la econom\u00eda, y los temporales, que soportan todo el peso de los ajustes.<\/p>\n<p>Una dualidad tan arraigada no termina de un d\u00eda para otro. El paro y las horas extras sin pagar son algunas de sus manifestaciones. <strong>Tardaremos en cambiar, pero la reforma laboral es un paso muy importante hacia la creaci\u00f3n de una Espa\u00f1a donde estas paradojas no se conviertan en norma. <\/strong><\/p>\n","protected":false},"excerpt":{"rendered":"<p>Gayle Allard, economista de IE Business School. Seg\u00fan datos del INE, las empresas espa\u00f1olas podr\u00edan haber creado 72.000<a class=\"moretag\" href=\"https:\/\/empresas.infoempleo.com\/hrtrends\/horas-extras-que-no-se-pagan-y-empleo-que-no-se-crea\/\"> Leer m\u00e1s<\/a><\/p>\n","protected":false},"author":72,"featured_media":14893,"comment_status":"closed","ping_status":"open","sticky":false,"template":"","format":"standard","meta":{"footnotes":""},"categories":[3],"tags":[162,2036],"class_list":["post-14891","post","type-post","status-publish","format-standard","has-post-thumbnail","hentry","category-actualidad","tag-empleo","tag-reforma-laboral"],"yoast_head":"<!-- This site is optimized with the Yoast SEO plugin v26.1.1 - https:\/\/yoast.com\/wordpress\/plugins\/seo\/ -->\n<title>Horas extras que no se pagan (y empleo que no se crea) | HRTRENDS<\/title>\n<meta name=\"robots\" content=\"index, follow, max-snippet:-1, max-image-preview:large, max-video-preview:-1\" \/>\n<link rel=\"canonical\" href=\"https:\/\/empresas.infoempleo.com\/hrtrends\/horas-extras-que-no-se-pagan-y-empleo-que-no-se-crea\/\" \/>\n<meta property=\"og:locale\" content=\"es_ES\" \/>\n<meta property=\"og:type\" content=\"article\" \/>\n<meta property=\"og:title\" content=\"Horas extras que no se pagan (y empleo que no se crea) | HRTRENDS\" \/>\n<meta property=\"og:description\" content=\"Gayle Allard, economista de IE Business School. Seg\u00fan datos del INE, las empresas espa\u00f1olas podr\u00edan haber creado 72.000 Leer m\u00e1s\" \/>\n<meta property=\"og:url\" content=\"https:\/\/empresas.infoempleo.com\/hrtrends\/horas-extras-que-no-se-pagan-y-empleo-que-no-se-crea\/\" \/>\n<meta property=\"og:site_name\" content=\"HRTRENDS\" \/>\n<meta property=\"article:publisher\" content=\"https:\/\/www.facebook.com\/Infoempleo\" \/>\n<meta property=\"article:published_time\" content=\"2012-04-16T12:34:02+00:00\" \/>\n<meta property=\"article:modified_time\" content=\"2018-05-23T15:11:07+00:00\" \/>\n<meta property=\"og:image\" content=\"https:\/\/empresas.infoempleo.com\/hrtrends\/media\/2012\/04\/Reforma.jpg\" \/>\n\t<meta property=\"og:image:width\" content=\"568\" \/>\n\t<meta property=\"og:image:height\" content=\"258\" \/>\n\t<meta property=\"og:image:type\" content=\"image\/jpeg\" \/>\n<meta name=\"author\" content=\"infoempleo\" \/>\n<meta name=\"twitter:card\" content=\"summary_large_image\" \/>\n<meta name=\"twitter:creator\" content=\"@infoempleo\" \/>\n<meta name=\"twitter:site\" content=\"@infoempleo\" \/>\n<meta name=\"twitter:label1\" content=\"Escrito por\" \/>\n\t<meta name=\"twitter:data1\" content=\"infoempleo\" \/>\n\t<meta name=\"twitter:label2\" content=\"Tiempo de lectura\" \/>\n\t<meta name=\"twitter:data2\" content=\"2 minutos\" \/>\n<script type=\"application\/ld+json\" class=\"yoast-schema-graph\">{\"@context\":\"https:\/\/schema.org\",\"@graph\":[{\"@type\":\"NewsArticle\",\"@id\":\"https:\/\/empresas.infoempleo.com\/hrtrends\/horas-extras-que-no-se-pagan-y-empleo-que-no-se-crea\/#article\",\"isPartOf\":{\"@id\":\"https:\/\/empresas.infoempleo.com\/hrtrends\/horas-extras-que-no-se-pagan-y-empleo-que-no-se-crea\/\"},\"author\":{\"name\":\"infoempleo\",\"@id\":\"https:\/\/empresas.infoempleo.com\/hrtrends\/#\/schema\/person\/67d3e276ffcc8b3ae0ebec816daf775a\"},\"headline\":\"Horas extras que no se pagan (y empleo que no se crea)\",\"datePublished\":\"2012-04-16T12:34:02+00:00\",\"dateModified\":\"2018-05-23T15:11:07+00:00\",\"mainEntityOfPage\":{\"@id\":\"https:\/\/empresas.infoempleo.com\/hrtrends\/horas-extras-que-no-se-pagan-y-empleo-que-no-se-crea\/\"},\"wordCount\":492,\"publisher\":{\"@id\":\"https:\/\/empresas.infoempleo.com\/hrtrends\/#organization\"},\"image\":{\"@id\":\"https:\/\/empresas.infoempleo.com\/hrtrends\/horas-extras-que-no-se-pagan-y-empleo-que-no-se-crea\/#primaryimage\"},\"thumbnailUrl\":\"https:\/\/empresas.infoempleo.com\/hrtrends\/media\/2012\/04\/Reforma.jpg\",\"keywords\":[\"Empleo\",\"reforma laboral\"],\"articleSection\":[\"Actualidad\"],\"inLanguage\":\"es\",\"copyrightYear\":\"2012\",\"copyrightHolder\":{\"@id\":\"https:\/\/empresas.infoempleo.com\/hrtrends\/#organization\"}},{\"@type\":\"WebPage\",\"@id\":\"https:\/\/empresas.infoempleo.com\/hrtrends\/horas-extras-que-no-se-pagan-y-empleo-que-no-se-crea\/\",\"url\":\"https:\/\/empresas.infoempleo.com\/hrtrends\/horas-extras-que-no-se-pagan-y-empleo-que-no-se-crea\/\",\"name\":\"Horas extras que no se pagan (y empleo que no se crea) | HRTRENDS\",\"isPartOf\":{\"@id\":\"https:\/\/empresas.infoempleo.com\/hrtrends\/#website\"},\"primaryImageOfPage\":{\"@id\":\"https:\/\/empresas.infoempleo.com\/hrtrends\/horas-extras-que-no-se-pagan-y-empleo-que-no-se-crea\/#primaryimage\"},\"image\":{\"@id\":\"https:\/\/empresas.infoempleo.com\/hrtrends\/horas-extras-que-no-se-pagan-y-empleo-que-no-se-crea\/#primaryimage\"},\"thumbnailUrl\":\"https:\/\/empresas.infoempleo.com\/hrtrends\/media\/2012\/04\/Reforma.jpg\",\"datePublished\":\"2012-04-16T12:34:02+00:00\",\"dateModified\":\"2018-05-23T15:11:07+00:00\",\"breadcrumb\":{\"@id\":\"https:\/\/empresas.infoempleo.com\/hrtrends\/horas-extras-que-no-se-pagan-y-empleo-que-no-se-crea\/#breadcrumb\"},\"inLanguage\":\"es\",\"potentialAction\":[{\"@type\":\"ReadAction\",\"target\":[\"https:\/\/empresas.infoempleo.com\/hrtrends\/horas-extras-que-no-se-pagan-y-empleo-que-no-se-crea\/\"]}]},{\"@type\":\"ImageObject\",\"inLanguage\":\"es\",\"@id\":\"https:\/\/empresas.infoempleo.com\/hrtrends\/horas-extras-que-no-se-pagan-y-empleo-que-no-se-crea\/#primaryimage\",\"url\":\"https:\/\/empresas.infoempleo.com\/hrtrends\/media\/2012\/04\/Reforma-150x150.jpg\",\"contentUrl\":\"https:\/\/empresas.infoempleo.com\/hrtrends\/media\/2012\/04\/Reforma-150x150.jpg\",\"width\":150,\"height\":150},{\"@type\":\"BreadcrumbList\",\"@id\":\"https:\/\/empresas.infoempleo.com\/hrtrends\/horas-extras-que-no-se-pagan-y-empleo-que-no-se-crea\/#breadcrumb\",\"itemListElement\":[{\"@type\":\"ListItem\",\"position\":1,\"name\":\"Portada\",\"item\":\"https:\/\/empresas.infoempleo.com\/hrtrends\/\"},{\"@type\":\"ListItem\",\"position\":2,\"name\":\"Horas extras que no se pagan (y empleo que no se crea)\"}]},{\"@type\":\"WebSite\",\"@id\":\"https:\/\/empresas.infoempleo.com\/hrtrends\/#website\",\"url\":\"https:\/\/empresas.infoempleo.com\/hrtrends\",\"name\":\"HRTrends by Infoempleo\",\"description\":\"\",\"publisher\":{\"@id\":\"https:\/\/empresas.infoempleo.com\/hrtrends\/#organization\"},\"potentialAction\":{\"@type\":\"SearchAction\",\"target\":\"https:\/\/empresas.infoempleo.com\/hrtrends\/?s={search_term_string}\",\"query-input\":\"required name=search_term_string\"},\"inLanguage\":\"es\"},{\"@type\":\"Organization\",\"@id\":\"https:\/\/empresas.infoempleo.com\/hrtrends\/#organization\",\"name\":\"Infoempleo\",\"url\":\"https:\/\/www.infoempleo.com\/\",\"logo\":{\"@type\":\"ImageObject\",\"@id\":\"https:\/\/empresas.infoempleo.com\/hrtrends\/#logo\",\"inLanguage\":\"es\",\"url\":\"https:\/\/cdnazure.infoempleo.com\/infoempleo\/assets\/style\/gfx\/logo.svg\",\"contentUrl\":\"https:\/\/cdnazure.infoempleo.com\/infoempleo\/assets\/style\/gfx\/logo.svg\",\"width\":150,\"height\":40,\"caption\":\"Infoempleo\"},\"image\":{\"@id\":\"https:\/\/empresas.infoempleo.com\/hrtrends\/#logo\"},\"sameAs\":[\"https:\/\/www.facebook.com\/Infoempleo\",\"https:\/\/x.com\/infoempleo\",\"http:\/\/instagram.com\/infoempleo\/\",\"http:\/\/www.linkedin.com\/groups\/Empleo-Espa\u00f1a-Infoempleocom-111276\",\"http:\/\/pinterest.com\/infoempleo\/\"],\"address\":{\"@type\":\"PostalAddress\",\"addressLocality\":\"Madrid\",\"postalCode\":\"28050\",\"streetAddress\":\"Avenida de Burgos 114\"},\"brand\":[\"Infoempleo\"]},{\"@type\":\"Person\",\"@id\":\"https:\/\/empresas.infoempleo.com\/hrtrends\/#\/schema\/person\/67d3e276ffcc8b3ae0ebec816daf775a\",\"name\":\"infoempleo\",\"image\":{\"@type\":\"ImageObject\",\"inLanguage\":\"es\",\"@id\":\"https:\/\/empresas.infoempleo.com\/hrtrends\/#\/schema\/person\/image\/\",\"url\":\"https:\/\/secure.gravatar.com\/avatar\/7b437777242fe67d2473c2a818da2344692d1ee91e91080ccffbd97bcd4a0975?s=96&d=mm&r=g\",\"contentUrl\":\"https:\/\/secure.gravatar.com\/avatar\/7b437777242fe67d2473c2a818da2344692d1ee91e91080ccffbd97bcd4a0975?s=96&d=mm&r=g\",\"caption\":\"infoempleo\"},\"url\":\"https:\/\/empresas.infoempleo.com\/hrtrends\/author\/infoempleo\/\"}]}<\/script>\n<!-- \/ Yoast SEO plugin. -->","yoast_head_json":{"title":"Horas extras que no se pagan (y empleo que no se crea) | HRTRENDS","robots":{"index":"index","follow":"follow","max-snippet":"max-snippet:-1","max-image-preview":"max-image-preview:large","max-video-preview":"max-video-preview:-1"},"canonical":"https:\/\/empresas.infoempleo.com\/hrtrends\/horas-extras-que-no-se-pagan-y-empleo-que-no-se-crea\/","og_locale":"es_ES","og_type":"article","og_title":"Horas extras que no se pagan (y empleo que no se crea) | HRTRENDS","og_description":"Gayle Allard, economista de IE Business School. Seg\u00fan datos del INE, las empresas espa\u00f1olas podr\u00edan haber creado 72.000 Leer m\u00e1s","og_url":"https:\/\/empresas.infoempleo.com\/hrtrends\/horas-extras-que-no-se-pagan-y-empleo-que-no-se-crea\/","og_site_name":"HRTRENDS","article_publisher":"https:\/\/www.facebook.com\/Infoempleo","article_published_time":"2012-04-16T12:34:02+00:00","article_modified_time":"2018-05-23T15:11:07+00:00","og_image":[{"width":568,"height":258,"url":"https:\/\/empresas.infoempleo.com\/hrtrends\/media\/2012\/04\/Reforma.jpg","type":"image\/jpeg"}],"author":"infoempleo","twitter_card":"summary_large_image","twitter_creator":"@infoempleo","twitter_site":"@infoempleo","twitter_misc":{"Escrito por":"infoempleo","Tiempo de lectura":"2 minutos"},"schema":{"@context":"https:\/\/schema.org","@graph":[{"@type":"NewsArticle","@id":"https:\/\/empresas.infoempleo.com\/hrtrends\/horas-extras-que-no-se-pagan-y-empleo-que-no-se-crea\/#article","isPartOf":{"@id":"https:\/\/empresas.infoempleo.com\/hrtrends\/horas-extras-que-no-se-pagan-y-empleo-que-no-se-crea\/"},"author":{"name":"infoempleo","@id":"https:\/\/empresas.infoempleo.com\/hrtrends\/#\/schema\/person\/67d3e276ffcc8b3ae0ebec816daf775a"},"headline":"Horas extras que no se pagan (y empleo que no se crea)","datePublished":"2012-04-16T12:34:02+00:00","dateModified":"2018-05-23T15:11:07+00:00","mainEntityOfPage":{"@id":"https:\/\/empresas.infoempleo.com\/hrtrends\/horas-extras-que-no-se-pagan-y-empleo-que-no-se-crea\/"},"wordCount":492,"publisher":{"@id":"https:\/\/empresas.infoempleo.com\/hrtrends\/#organization"},"image":{"@id":"https:\/\/empresas.infoempleo.com\/hrtrends\/horas-extras-que-no-se-pagan-y-empleo-que-no-se-crea\/#primaryimage"},"thumbnailUrl":"https:\/\/empresas.infoempleo.com\/hrtrends\/media\/2012\/04\/Reforma.jpg","keywords":["Empleo","reforma laboral"],"articleSection":["Actualidad"],"inLanguage":"es","copyrightYear":"2012","copyrightHolder":{"@id":"https:\/\/empresas.infoempleo.com\/hrtrends\/#organization"}},{"@type":"WebPage","@id":"https:\/\/empresas.infoempleo.com\/hrtrends\/horas-extras-que-no-se-pagan-y-empleo-que-no-se-crea\/","url":"https:\/\/empresas.infoempleo.com\/hrtrends\/horas-extras-que-no-se-pagan-y-empleo-que-no-se-crea\/","name":"Horas extras que no se pagan (y empleo que no se crea) | HRTRENDS","isPartOf":{"@id":"https:\/\/empresas.infoempleo.com\/hrtrends\/#website"},"primaryImageOfPage":{"@id":"https:\/\/empresas.infoempleo.com\/hrtrends\/horas-extras-que-no-se-pagan-y-empleo-que-no-se-crea\/#primaryimage"},"image":{"@id":"https:\/\/empresas.infoempleo.com\/hrtrends\/horas-extras-que-no-se-pagan-y-empleo-que-no-se-crea\/#primaryimage"},"thumbnailUrl":"https:\/\/empresas.infoempleo.com\/hrtrends\/media\/2012\/04\/Reforma.jpg","datePublished":"2012-04-16T12:34:02+00:00","dateModified":"2018-05-23T15:11:07+00:00","breadcrumb":{"@id":"https:\/\/empresas.infoempleo.com\/hrtrends\/horas-extras-que-no-se-pagan-y-empleo-que-no-se-crea\/#breadcrumb"},"inLanguage":"es","potentialAction":[{"@type":"ReadAction","target":["https:\/\/empresas.infoempleo.com\/hrtrends\/horas-extras-que-no-se-pagan-y-empleo-que-no-se-crea\/"]}]},{"@type":"ImageObject","inLanguage":"es","@id":"https:\/\/empresas.infoempleo.com\/hrtrends\/horas-extras-que-no-se-pagan-y-empleo-que-no-se-crea\/#primaryimage","url":"https:\/\/empresas.infoempleo.com\/hrtrends\/media\/2012\/04\/Reforma-150x150.jpg","contentUrl":"https:\/\/empresas.infoempleo.com\/hrtrends\/media\/2012\/04\/Reforma-150x150.jpg","width":150,"height":150},{"@type":"BreadcrumbList","@id":"https:\/\/empresas.infoempleo.com\/hrtrends\/horas-extras-que-no-se-pagan-y-empleo-que-no-se-crea\/#breadcrumb","itemListElement":[{"@type":"ListItem","position":1,"name":"Portada","item":"https:\/\/empresas.infoempleo.com\/hrtrends\/"},{"@type":"ListItem","position":2,"name":"Horas extras que no se pagan (y empleo que no se crea)"}]},{"@type":"WebSite","@id":"https:\/\/empresas.infoempleo.com\/hrtrends\/#website","url":"https:\/\/empresas.infoempleo.com\/hrtrends","name":"HRTrends by Infoempleo","description":"","publisher":{"@id":"https:\/\/empresas.infoempleo.com\/hrtrends\/#organization"},"potentialAction":{"@type":"SearchAction","target":"https:\/\/empresas.infoempleo.com\/hrtrends\/?s={search_term_string}","query-input":"required name=search_term_string"},"inLanguage":"es"},{"@type":"Organization","@id":"https:\/\/empresas.infoempleo.com\/hrtrends\/#organization","name":"Infoempleo","url":"https:\/\/www.infoempleo.com\/","logo":{"@type":"ImageObject","@id":"https:\/\/empresas.infoempleo.com\/hrtrends\/#logo","inLanguage":"es","url":"https:\/\/cdnazure.infoempleo.com\/infoempleo\/assets\/style\/gfx\/logo.svg","contentUrl":"https:\/\/cdnazure.infoempleo.com\/infoempleo\/assets\/style\/gfx\/logo.svg","width":150,"height":40,"caption":"Infoempleo"},"image":{"@id":"https:\/\/empresas.infoempleo.com\/hrtrends\/#logo"},"sameAs":["https:\/\/www.facebook.com\/Infoempleo","https:\/\/x.com\/infoempleo","http:\/\/instagram.com\/infoempleo\/","http:\/\/www.linkedin.com\/groups\/Empleo-Espa\u00f1a-Infoempleocom-111276","http:\/\/pinterest.com\/infoempleo\/"],"address":{"@type":"PostalAddress","addressLocality":"Madrid","postalCode":"28050","streetAddress":"Avenida de Burgos 114"},"brand":["Infoempleo"]},{"@type":"Person","@id":"https:\/\/empresas.infoempleo.com\/hrtrends\/#\/schema\/person\/67d3e276ffcc8b3ae0ebec816daf775a","name":"infoempleo","image":{"@type":"ImageObject","inLanguage":"es","@id":"https:\/\/empresas.infoempleo.com\/hrtrends\/#\/schema\/person\/image\/","url":"https:\/\/secure.gravatar.com\/avatar\/7b437777242fe67d2473c2a818da2344692d1ee91e91080ccffbd97bcd4a0975?s=96&d=mm&r=g","contentUrl":"https:\/\/secure.gravatar.com\/avatar\/7b437777242fe67d2473c2a818da2344692d1ee91e91080ccffbd97bcd4a0975?s=96&d=mm&r=g","caption":"infoempleo"},"url":"https:\/\/empresas.infoempleo.com\/hrtrends\/author\/infoempleo\/"}]}},"amp_enabled":true,"_links":{"self":[{"href":"https:\/\/empresas.infoempleo.com\/hrtrends\/wp-json\/wp\/v2\/posts\/14891","targetHints":{"allow":["GET"]}}],"collection":[{"href":"https:\/\/empresas.infoempleo.com\/hrtrends\/wp-json\/wp\/v2\/posts"}],"about":[{"href":"https:\/\/empresas.infoempleo.com\/hrtrends\/wp-json\/wp\/v2\/types\/post"}],"author":[{"embeddable":true,"href":"https:\/\/empresas.infoempleo.com\/hrtrends\/wp-json\/wp\/v2\/users\/72"}],"replies":[{"embeddable":true,"href":"https:\/\/empresas.infoempleo.com\/hrtrends\/wp-json\/wp\/v2\/comments?post=14891"}],"version-history":[{"count":0,"href":"https:\/\/empresas.infoempleo.com\/hrtrends\/wp-json\/wp\/v2\/posts\/14891\/revisions"}],"wp:featuredmedia":[{"embeddable":true,"href":"https:\/\/empresas.infoempleo.com\/hrtrends\/wp-json\/wp\/v2\/media\/14893"}],"wp:attachment":[{"href":"https:\/\/empresas.infoempleo.com\/hrtrends\/wp-json\/wp\/v2\/media?parent=14891"}],"wp:term":[{"taxonomy":"category","embeddable":true,"href":"https:\/\/empresas.infoempleo.com\/hrtrends\/wp-json\/wp\/v2\/categories?post=14891"},{"taxonomy":"post_tag","embeddable":true,"href":"https:\/\/empresas.infoempleo.com\/hrtrends\/wp-json\/wp\/v2\/tags?post=14891"}],"curies":[{"name":"wp","href":"https:\/\/api.w.org\/{rel}","templated":true}]}}