{"id":14888,"date":"2012-04-16T13:06:30","date_gmt":"2012-04-16T12:06:30","guid":{"rendered":"http:\/\/blog.infoempleo.com\/?p=14888"},"modified":"2018-05-23T17:11:07","modified_gmt":"2018-05-23T15:11:07","slug":"el-poder-adquisitivo-de-los-trabajadores-cae-en-picado","status":"publish","type":"post","link":"https:\/\/empresas.infoempleo.com\/hrtrends\/el-poder-adquisitivo-de-los-trabajadores-cae-en-picado\/","title":{"rendered":"El poder adquisitivo de los trabajadores cae en picado"},"content":{"rendered":"<p style=\"text-align: center;\"><a href=\"https:\/\/empresas.infoempleo.com\/hrtrends\/media\/2012\/04\/Sueldos.jpg\"><img loading=\"lazy\" decoding=\"async\" class=\"size-full wp-image-14889 aligncenter\" title=\"Sueldos\" src=\"https:\/\/empresas.infoempleo.com\/hrtrends\/media\/2012\/04\/Sueldos.jpg\" alt=\"\" width=\"384\" height=\"206\" srcset=\"https:\/\/empresas.infoempleo.com\/hrtrends\/media\/2012\/04\/Sueldos.jpg 480w, https:\/\/empresas.infoempleo.com\/hrtrends\/media\/2012\/04\/Sueldos-300x161.jpg 300w\" sizes=\"auto, (max-width: 384px) 100vw, 384px\" \/><\/a><\/p>\n<p>La situaci\u00f3n en Espa\u00f1a es cr\u00edtica. Con m\u00e1s de cinco millones de parados, el poder adquisitivo de los espa\u00f1oles cae sin freno aparente. Pero no solo de aquellos que no tienen trabajo, sino tambi\u00e9n de quienes lo conservan. En noviembre del pasado a\u00f1o, la Agencia Tributaria public\u00f3 cu\u00e1nto cobran los espa\u00f1oles y los datos fueron, cuanto\u00a0menos, preocupantes: <strong>casi el 60% de los trabajadores de nuestro pa\u00eds percibe menos de 1.282,80 euros brutos al mes, lo que sit\u00faa sus ingresos\u00a0netos por debajo de la barrera del \u00abmileurismo\u00bb.<\/strong><\/p>\n<p>Pero todav\u00eda hay m\u00e1s cifras preocupantes. Hace menos de un mes, la oficina de estad\u00edstica de la Uni\u00f3n Europea, Eurostat, public\u00f3 que <strong>el 25,5% de los espa\u00f1oles se encontraba en riesgo de pobreza o exclusi\u00f3n social en 2010<\/strong>. Es decir, 2,1 puntos m\u00e1s respecto al a\u00f1o precedente. Con esta tasa, Espa\u00f1a se sit\u00faa como el octavo pa\u00eds con peores datos de la UE, solo superado por estados como Ruman\u00eda, Bulgaria, Grecia o Letonia y al nivel de otros como Grecia o Polonia. Esto significa que 11,6 millones de espa\u00f1oles se encuentran en esta extrema situaci\u00f3n.<\/p>\n<h3>Cuesta arriba<\/h3>\n<p>\u00abNo hay duda de que los espa\u00f1oles han perdido poder adquisitivo, algo incomprensible al ver c\u00f3mo ha aumentado la formaci\u00f3n superior y de posgrado\u00bb, explica <strong>Jos\u00e9 Luis Crespo, \u00e1rea m\u00e1nager de <a href=\"https:\/\/www.adecco.es\/SobreAdecco\/ServiciosProfesional.aspx\" target=\"_blank\">Adecco Professional<\/a><\/strong>. Asimismo, y seg\u00fan datos del Ministerio de Trabajo publicados en diciembre de 2011, los salarios siguen perdiendo valor porque, aunque han subido un 2,5%, el \u00cdndice de Precios al Consumo (IPC) lo ha hecho un 2,9%.<\/p>\n<p>Pero no solo caen los sueldos de los empleados, sino que mandos intermedios y directivos tambi\u00e9n notan esta merma. Seg\u00fan un estudio presentado en diciembre pasado por la escuela de negocios <a href=\"https:\/\/www.eada.edu\/es\" target=\"_blank\">EADA<\/a>, los salarios han ca\u00eddo unos 1.000 euros de media desde 2009. Si en ese a\u00f1o, el sueldo medio de un directivo rondaba los 73.600 euros, en 2011 baj\u00f3 a los 72.804 euros. Algo parecido a lo que ocurr\u00eda con mandos intermedios, que ve\u00edan caer sus sueldos hasta los 37.434 euros.<\/p>\n<p>Jordi Costa, director de diversos programas de empleo en EADA, a\u00f1ade que si bien en comparaci\u00f3n con el resto de pa\u00edses de la Uni\u00f3n Europea la diferencia de los salarios es evidente, \u00abdesde 2009 los sueldos de todo el personal laboral ha aumentado considerablemente \u00bb Raz\u00f3n no le falta, pues seg\u00fan este estudio de EADA, los directivos cobraban 68.795 euros de media en 2007, es decir, 4.000 menos que en 2011; los mandos intermedios ganaban unos 34.800, esto es, 2.600 menos que en el pasado a\u00f1o y los\u00a0 empleados, 19.588, por tanto, 1.900 euros brutos de media menos que en el \u00faltimo ejercicio. \u00abEl problema es que aunque el salario de los trabajadores no ha perdido poder adquisitivo real, la gente s\u00ed que se ha endeudado mucho m\u00e1s y tiene dificultades para afrontar el pago de sus hipotecas\u00bb, explica.<\/p>\n<p>Sin embargo, el \u00faltimo estudio completo sobre este tema, publicado hace un par de a\u00f1os por la revista ICE, dependiente de la Secretar\u00eda de Estado de Comercio, dec\u00eda que, <strong>si bien en la \u00faltima d\u00e9cada el poder de consumo hab\u00eda crecido ligeramente, el poder adquisitivo total, incluyendo toda suerte de gastos, hab\u00eda disminuido de forma significativa<\/strong>. En concreto, entre 9 y 20 puntos porcentuales si a la hora del an\u00e1lisis se inclu\u00eda el pago de las hipotecas, cuyo peso en el gasto familiar ha sido creciente en los \u00faltimos a\u00f1os, tanto que unas 100.000 familias no han podido afrontar el pago y han perdido su casa desde 2007.<\/p>\n<h3>El talento cotiza menos<\/h3>\n<p>Para <strong>Pedro Casielles, consultor de <a href=\"https:\/\/www.randstad.es\/\" target=\"_blank\">Randstad<\/a><\/strong>, es evidente que los salarios \u00abest\u00e1n descendiendo\u00bb y algunos empresarios \u00abse est\u00e1n aprovechando de esta coyuntura, ya que est\u00e1n contratando a gente muy buena por menos dinero\u00bb. Aun as\u00ed, entiende la situaci\u00f3n. \u00abLos sueldos han ca\u00eddo en sectores como el de la construcci\u00f3n o el inmobiliario\u00bb. De hecho, hay delegados de obra que han pasado de cobrar 130.000 a 70.000 euros anuales en dos o tres a\u00f1os. Casielles lo compara con el precio de la vivienda: \u00ab\u00bfCostaba un piso tanto como nos hac\u00edan pagar? \u00bfCorrespond\u00eda ese salario\u00a0 realmente al trabajo de ese se\u00f1or?\u00bb.<\/p>\n<p>A pesar de todo, \u00bfd\u00f3nde est\u00e1 el l\u00edmite?<\/p>\n<p><strong>Hasta no hace muchos meses, los \u00abmileuristas\u00bb se quejaban de sus bajos salarios. Hoy, se consideran pr\u00e1cticamente privilegiados<\/strong>. Para Casielles, el salario \u00abes algo muy personal\u201d\u00bb Aun as\u00ed, \u00abhay un nivel de confort que nunca tenemos que rebasar por debajo. No tiene sentido que con un sueldo no se pueda pagar la comida, el transporte para llegar al trabajo y una casa digna\u00bb. Es m\u00e1s, asegura que si una empresa no ofrece un salario que aporte dichas condiciones, \u00abtendr\u00e1 a sus empleados disgustados, algo que tampoco les beneficia\u00bb.<\/p>\n","protected":false},"excerpt":{"rendered":"<p>La situaci\u00f3n en Espa\u00f1a es cr\u00edtica. Con m\u00e1s de cinco millones de parados, el poder adquisitivo de los<a class=\"moretag\" href=\"https:\/\/empresas.infoempleo.com\/hrtrends\/el-poder-adquisitivo-de-los-trabajadores-cae-en-picado\/\"> Leer m\u00e1s<\/a><\/p>\n","protected":false},"author":66,"featured_media":14889,"comment_status":"closed","ping_status":"open","sticky":false,"template":"","format":"standard","meta":{"footnotes":""},"categories":[3],"tags":[169,223,741],"class_list":["post-14888","post","type-post","status-publish","format-standard","has-post-thumbnail","hentry","category-actualidad","tag-mercado-laboral","tag-salarios","tag-sueldos"],"yoast_head":"<!-- This site is optimized with the Yoast SEO plugin v26.1.1 - https:\/\/yoast.com\/wordpress\/plugins\/seo\/ -->\n<title>El poder adquisitivo de los trabajadores cae en picado | HRTRENDS<\/title>\n<meta name=\"robots\" content=\"index, follow, max-snippet:-1, max-image-preview:large, max-video-preview:-1\" \/>\n<link rel=\"canonical\" href=\"https:\/\/empresas.infoempleo.com\/hrtrends\/el-poder-adquisitivo-de-los-trabajadores-cae-en-picado\/\" \/>\n<meta property=\"og:locale\" content=\"es_ES\" \/>\n<meta property=\"og:type\" content=\"article\" \/>\n<meta property=\"og:title\" content=\"El poder adquisitivo de los trabajadores cae en picado | HRTRENDS\" \/>\n<meta property=\"og:description\" content=\"La situaci\u00f3n en Espa\u00f1a es cr\u00edtica. Con m\u00e1s de cinco millones de parados, el poder adquisitivo de los Leer m\u00e1s\" \/>\n<meta property=\"og:url\" content=\"https:\/\/empresas.infoempleo.com\/hrtrends\/el-poder-adquisitivo-de-los-trabajadores-cae-en-picado\/\" \/>\n<meta property=\"og:site_name\" content=\"HRTRENDS\" \/>\n<meta property=\"article:publisher\" content=\"https:\/\/www.facebook.com\/Infoempleo\" \/>\n<meta property=\"article:published_time\" content=\"2012-04-16T12:06:30+00:00\" \/>\n<meta property=\"article:modified_time\" content=\"2018-05-23T15:11:07+00:00\" \/>\n<meta property=\"og:image\" content=\"https:\/\/empresas.infoempleo.com\/hrtrends\/media\/2012\/04\/Sueldos.jpg\" \/>\n\t<meta property=\"og:image:width\" content=\"480\" \/>\n\t<meta property=\"og:image:height\" content=\"258\" \/>\n\t<meta property=\"og:image:type\" content=\"image\/jpeg\" \/>\n<meta name=\"author\" content=\"David Val\" \/>\n<meta name=\"twitter:card\" content=\"summary_large_image\" \/>\n<meta name=\"twitter:creator\" content=\"@infoempleo\" \/>\n<meta name=\"twitter:site\" content=\"@infoempleo\" \/>\n<meta name=\"twitter:label1\" content=\"Escrito por\" \/>\n\t<meta name=\"twitter:data1\" content=\"David Val\" \/>\n\t<meta name=\"twitter:label2\" content=\"Tiempo de lectura\" \/>\n\t<meta name=\"twitter:data2\" content=\"4 minutos\" \/>\n<script type=\"application\/ld+json\" class=\"yoast-schema-graph\">{\"@context\":\"https:\/\/schema.org\",\"@graph\":[{\"@type\":\"NewsArticle\",\"@id\":\"https:\/\/empresas.infoempleo.com\/hrtrends\/el-poder-adquisitivo-de-los-trabajadores-cae-en-picado\/#article\",\"isPartOf\":{\"@id\":\"https:\/\/empresas.infoempleo.com\/hrtrends\/el-poder-adquisitivo-de-los-trabajadores-cae-en-picado\/\"},\"author\":{\"name\":\"David Val\",\"@id\":\"https:\/\/empresas.infoempleo.com\/hrtrends\/#\/schema\/person\/a6e273d5de025b4f500c10a4d765dc61\"},\"headline\":\"El poder adquisitivo de los trabajadores cae en picado\",\"datePublished\":\"2012-04-16T12:06:30+00:00\",\"dateModified\":\"2018-05-23T15:11:07+00:00\",\"mainEntityOfPage\":{\"@id\":\"https:\/\/empresas.infoempleo.com\/hrtrends\/el-poder-adquisitivo-de-los-trabajadores-cae-en-picado\/\"},\"wordCount\":827,\"publisher\":{\"@id\":\"https:\/\/empresas.infoempleo.com\/hrtrends\/#organization\"},\"image\":{\"@id\":\"https:\/\/empresas.infoempleo.com\/hrtrends\/el-poder-adquisitivo-de-los-trabajadores-cae-en-picado\/#primaryimage\"},\"thumbnailUrl\":\"https:\/\/empresas.infoempleo.com\/hrtrends\/media\/2012\/04\/Sueldos.jpg\",\"keywords\":[\"mercado laboral\",\"salarios\",\"sueldos\"],\"articleSection\":[\"Actualidad\"],\"inLanguage\":\"es\",\"copyrightYear\":\"2012\",\"copyrightHolder\":{\"@id\":\"https:\/\/empresas.infoempleo.com\/hrtrends\/#organization\"}},{\"@type\":\"WebPage\",\"@id\":\"https:\/\/empresas.infoempleo.com\/hrtrends\/el-poder-adquisitivo-de-los-trabajadores-cae-en-picado\/\",\"url\":\"https:\/\/empresas.infoempleo.com\/hrtrends\/el-poder-adquisitivo-de-los-trabajadores-cae-en-picado\/\",\"name\":\"El poder adquisitivo de los trabajadores cae en picado | HRTRENDS\",\"isPartOf\":{\"@id\":\"https:\/\/empresas.infoempleo.com\/hrtrends\/#website\"},\"primaryImageOfPage\":{\"@id\":\"https:\/\/empresas.infoempleo.com\/hrtrends\/el-poder-adquisitivo-de-los-trabajadores-cae-en-picado\/#primaryimage\"},\"image\":{\"@id\":\"https:\/\/empresas.infoempleo.com\/hrtrends\/el-poder-adquisitivo-de-los-trabajadores-cae-en-picado\/#primaryimage\"},\"thumbnailUrl\":\"https:\/\/empresas.infoempleo.com\/hrtrends\/media\/2012\/04\/Sueldos.jpg\",\"datePublished\":\"2012-04-16T12:06:30+00:00\",\"dateModified\":\"2018-05-23T15:11:07+00:00\",\"breadcrumb\":{\"@id\":\"https:\/\/empresas.infoempleo.com\/hrtrends\/el-poder-adquisitivo-de-los-trabajadores-cae-en-picado\/#breadcrumb\"},\"inLanguage\":\"es\",\"potentialAction\":[{\"@type\":\"ReadAction\",\"target\":[\"https:\/\/empresas.infoempleo.com\/hrtrends\/el-poder-adquisitivo-de-los-trabajadores-cae-en-picado\/\"]}]},{\"@type\":\"ImageObject\",\"inLanguage\":\"es\",\"@id\":\"https:\/\/empresas.infoempleo.com\/hrtrends\/el-poder-adquisitivo-de-los-trabajadores-cae-en-picado\/#primaryimage\",\"url\":\"https:\/\/empresas.infoempleo.com\/hrtrends\/media\/2012\/04\/Sueldos-150x150.jpg\",\"contentUrl\":\"https:\/\/empresas.infoempleo.com\/hrtrends\/media\/2012\/04\/Sueldos-150x150.jpg\",\"width\":150,\"height\":150},{\"@type\":\"BreadcrumbList\",\"@id\":\"https:\/\/empresas.infoempleo.com\/hrtrends\/el-poder-adquisitivo-de-los-trabajadores-cae-en-picado\/#breadcrumb\",\"itemListElement\":[{\"@type\":\"ListItem\",\"position\":1,\"name\":\"Portada\",\"item\":\"https:\/\/empresas.infoempleo.com\/hrtrends\/\"},{\"@type\":\"ListItem\",\"position\":2,\"name\":\"El poder adquisitivo de los trabajadores cae en picado\"}]},{\"@type\":\"WebSite\",\"@id\":\"https:\/\/empresas.infoempleo.com\/hrtrends\/#website\",\"url\":\"https:\/\/empresas.infoempleo.com\/hrtrends\",\"name\":\"HRTrends by Infoempleo\",\"description\":\"\",\"publisher\":{\"@id\":\"https:\/\/empresas.infoempleo.com\/hrtrends\/#organization\"},\"potentialAction\":{\"@type\":\"SearchAction\",\"target\":\"https:\/\/empresas.infoempleo.com\/hrtrends\/?s={search_term_string}\",\"query-input\":\"required name=search_term_string\"},\"inLanguage\":\"es\"},{\"@type\":\"Organization\",\"@id\":\"https:\/\/empresas.infoempleo.com\/hrtrends\/#organization\",\"name\":\"Infoempleo\",\"url\":\"https:\/\/www.infoempleo.com\/\",\"logo\":{\"@type\":\"ImageObject\",\"@id\":\"https:\/\/empresas.infoempleo.com\/hrtrends\/#logo\",\"inLanguage\":\"es\",\"url\":\"https:\/\/cdnazure.infoempleo.com\/infoempleo\/assets\/style\/gfx\/logo.svg\",\"contentUrl\":\"https:\/\/cdnazure.infoempleo.com\/infoempleo\/assets\/style\/gfx\/logo.svg\",\"width\":150,\"height\":40,\"caption\":\"Infoempleo\"},\"image\":{\"@id\":\"https:\/\/empresas.infoempleo.com\/hrtrends\/#logo\"},\"sameAs\":[\"https:\/\/www.facebook.com\/Infoempleo\",\"https:\/\/x.com\/infoempleo\",\"http:\/\/instagram.com\/infoempleo\/\",\"http:\/\/www.linkedin.com\/groups\/Empleo-Espa\u00f1a-Infoempleocom-111276\",\"http:\/\/pinterest.com\/infoempleo\/\"],\"address\":{\"@type\":\"PostalAddress\",\"addressLocality\":\"Madrid\",\"postalCode\":\"28050\",\"streetAddress\":\"Avenida de Burgos 114\"},\"brand\":[\"Infoempleo\"]},{\"@type\":\"Person\",\"@id\":\"https:\/\/empresas.infoempleo.com\/hrtrends\/#\/schema\/person\/a6e273d5de025b4f500c10a4d765dc61\",\"name\":\"David Val\",\"image\":{\"@type\":\"ImageObject\",\"inLanguage\":\"es\",\"@id\":\"https:\/\/empresas.infoempleo.com\/hrtrends\/#\/schema\/person\/image\/\",\"url\":\"https:\/\/secure.gravatar.com\/avatar\/35045dd6b035760ab73e35bc65b54be5ca921a4f0722835d6fda785c80fa36a1?s=96&d=mm&r=g\",\"contentUrl\":\"https:\/\/secure.gravatar.com\/avatar\/35045dd6b035760ab73e35bc65b54be5ca921a4f0722835d6fda785c80fa36a1?s=96&d=mm&r=g\",\"caption\":\"David Val\"},\"url\":\"https:\/\/empresas.infoempleo.com\/hrtrends\/author\/davidval\/\"}]}<\/script>\n<!-- \/ Yoast SEO plugin. -->","yoast_head_json":{"title":"El poder adquisitivo de los trabajadores cae en picado | HRTRENDS","robots":{"index":"index","follow":"follow","max-snippet":"max-snippet:-1","max-image-preview":"max-image-preview:large","max-video-preview":"max-video-preview:-1"},"canonical":"https:\/\/empresas.infoempleo.com\/hrtrends\/el-poder-adquisitivo-de-los-trabajadores-cae-en-picado\/","og_locale":"es_ES","og_type":"article","og_title":"El poder adquisitivo de los trabajadores cae en picado | HRTRENDS","og_description":"La situaci\u00f3n en Espa\u00f1a es cr\u00edtica. Con m\u00e1s de cinco millones de parados, el poder adquisitivo de los Leer m\u00e1s","og_url":"https:\/\/empresas.infoempleo.com\/hrtrends\/el-poder-adquisitivo-de-los-trabajadores-cae-en-picado\/","og_site_name":"HRTRENDS","article_publisher":"https:\/\/www.facebook.com\/Infoempleo","article_published_time":"2012-04-16T12:06:30+00:00","article_modified_time":"2018-05-23T15:11:07+00:00","og_image":[{"width":480,"height":258,"url":"https:\/\/empresas.infoempleo.com\/hrtrends\/media\/2012\/04\/Sueldos.jpg","type":"image\/jpeg"}],"author":"David Val","twitter_card":"summary_large_image","twitter_creator":"@infoempleo","twitter_site":"@infoempleo","twitter_misc":{"Escrito por":"David Val","Tiempo de lectura":"4 minutos"},"schema":{"@context":"https:\/\/schema.org","@graph":[{"@type":"NewsArticle","@id":"https:\/\/empresas.infoempleo.com\/hrtrends\/el-poder-adquisitivo-de-los-trabajadores-cae-en-picado\/#article","isPartOf":{"@id":"https:\/\/empresas.infoempleo.com\/hrtrends\/el-poder-adquisitivo-de-los-trabajadores-cae-en-picado\/"},"author":{"name":"David Val","@id":"https:\/\/empresas.infoempleo.com\/hrtrends\/#\/schema\/person\/a6e273d5de025b4f500c10a4d765dc61"},"headline":"El poder adquisitivo de los trabajadores cae en picado","datePublished":"2012-04-16T12:06:30+00:00","dateModified":"2018-05-23T15:11:07+00:00","mainEntityOfPage":{"@id":"https:\/\/empresas.infoempleo.com\/hrtrends\/el-poder-adquisitivo-de-los-trabajadores-cae-en-picado\/"},"wordCount":827,"publisher":{"@id":"https:\/\/empresas.infoempleo.com\/hrtrends\/#organization"},"image":{"@id":"https:\/\/empresas.infoempleo.com\/hrtrends\/el-poder-adquisitivo-de-los-trabajadores-cae-en-picado\/#primaryimage"},"thumbnailUrl":"https:\/\/empresas.infoempleo.com\/hrtrends\/media\/2012\/04\/Sueldos.jpg","keywords":["mercado laboral","salarios","sueldos"],"articleSection":["Actualidad"],"inLanguage":"es","copyrightYear":"2012","copyrightHolder":{"@id":"https:\/\/empresas.infoempleo.com\/hrtrends\/#organization"}},{"@type":"WebPage","@id":"https:\/\/empresas.infoempleo.com\/hrtrends\/el-poder-adquisitivo-de-los-trabajadores-cae-en-picado\/","url":"https:\/\/empresas.infoempleo.com\/hrtrends\/el-poder-adquisitivo-de-los-trabajadores-cae-en-picado\/","name":"El poder adquisitivo de los trabajadores cae en picado | HRTRENDS","isPartOf":{"@id":"https:\/\/empresas.infoempleo.com\/hrtrends\/#website"},"primaryImageOfPage":{"@id":"https:\/\/empresas.infoempleo.com\/hrtrends\/el-poder-adquisitivo-de-los-trabajadores-cae-en-picado\/#primaryimage"},"image":{"@id":"https:\/\/empresas.infoempleo.com\/hrtrends\/el-poder-adquisitivo-de-los-trabajadores-cae-en-picado\/#primaryimage"},"thumbnailUrl":"https:\/\/empresas.infoempleo.com\/hrtrends\/media\/2012\/04\/Sueldos.jpg","datePublished":"2012-04-16T12:06:30+00:00","dateModified":"2018-05-23T15:11:07+00:00","breadcrumb":{"@id":"https:\/\/empresas.infoempleo.com\/hrtrends\/el-poder-adquisitivo-de-los-trabajadores-cae-en-picado\/#breadcrumb"},"inLanguage":"es","potentialAction":[{"@type":"ReadAction","target":["https:\/\/empresas.infoempleo.com\/hrtrends\/el-poder-adquisitivo-de-los-trabajadores-cae-en-picado\/"]}]},{"@type":"ImageObject","inLanguage":"es","@id":"https:\/\/empresas.infoempleo.com\/hrtrends\/el-poder-adquisitivo-de-los-trabajadores-cae-en-picado\/#primaryimage","url":"https:\/\/empresas.infoempleo.com\/hrtrends\/media\/2012\/04\/Sueldos-150x150.jpg","contentUrl":"https:\/\/empresas.infoempleo.com\/hrtrends\/media\/2012\/04\/Sueldos-150x150.jpg","width":150,"height":150},{"@type":"BreadcrumbList","@id":"https:\/\/empresas.infoempleo.com\/hrtrends\/el-poder-adquisitivo-de-los-trabajadores-cae-en-picado\/#breadcrumb","itemListElement":[{"@type":"ListItem","position":1,"name":"Portada","item":"https:\/\/empresas.infoempleo.com\/hrtrends\/"},{"@type":"ListItem","position":2,"name":"El poder adquisitivo de los trabajadores cae en picado"}]},{"@type":"WebSite","@id":"https:\/\/empresas.infoempleo.com\/hrtrends\/#website","url":"https:\/\/empresas.infoempleo.com\/hrtrends","name":"HRTrends by Infoempleo","description":"","publisher":{"@id":"https:\/\/empresas.infoempleo.com\/hrtrends\/#organization"},"potentialAction":{"@type":"SearchAction","target":"https:\/\/empresas.infoempleo.com\/hrtrends\/?s={search_term_string}","query-input":"required name=search_term_string"},"inLanguage":"es"},{"@type":"Organization","@id":"https:\/\/empresas.infoempleo.com\/hrtrends\/#organization","name":"Infoempleo","url":"https:\/\/www.infoempleo.com\/","logo":{"@type":"ImageObject","@id":"https:\/\/empresas.infoempleo.com\/hrtrends\/#logo","inLanguage":"es","url":"https:\/\/cdnazure.infoempleo.com\/infoempleo\/assets\/style\/gfx\/logo.svg","contentUrl":"https:\/\/cdnazure.infoempleo.com\/infoempleo\/assets\/style\/gfx\/logo.svg","width":150,"height":40,"caption":"Infoempleo"},"image":{"@id":"https:\/\/empresas.infoempleo.com\/hrtrends\/#logo"},"sameAs":["https:\/\/www.facebook.com\/Infoempleo","https:\/\/x.com\/infoempleo","http:\/\/instagram.com\/infoempleo\/","http:\/\/www.linkedin.com\/groups\/Empleo-Espa\u00f1a-Infoempleocom-111276","http:\/\/pinterest.com\/infoempleo\/"],"address":{"@type":"PostalAddress","addressLocality":"Madrid","postalCode":"28050","streetAddress":"Avenida de Burgos 114"},"brand":["Infoempleo"]},{"@type":"Person","@id":"https:\/\/empresas.infoempleo.com\/hrtrends\/#\/schema\/person\/a6e273d5de025b4f500c10a4d765dc61","name":"David Val","image":{"@type":"ImageObject","inLanguage":"es","@id":"https:\/\/empresas.infoempleo.com\/hrtrends\/#\/schema\/person\/image\/","url":"https:\/\/secure.gravatar.com\/avatar\/35045dd6b035760ab73e35bc65b54be5ca921a4f0722835d6fda785c80fa36a1?s=96&d=mm&r=g","contentUrl":"https:\/\/secure.gravatar.com\/avatar\/35045dd6b035760ab73e35bc65b54be5ca921a4f0722835d6fda785c80fa36a1?s=96&d=mm&r=g","caption":"David Val"},"url":"https:\/\/empresas.infoempleo.com\/hrtrends\/author\/davidval\/"}]}},"amp_enabled":true,"_links":{"self":[{"href":"https:\/\/empresas.infoempleo.com\/hrtrends\/wp-json\/wp\/v2\/posts\/14888","targetHints":{"allow":["GET"]}}],"collection":[{"href":"https:\/\/empresas.infoempleo.com\/hrtrends\/wp-json\/wp\/v2\/posts"}],"about":[{"href":"https:\/\/empresas.infoempleo.com\/hrtrends\/wp-json\/wp\/v2\/types\/post"}],"author":[{"embeddable":true,"href":"https:\/\/empresas.infoempleo.com\/hrtrends\/wp-json\/wp\/v2\/users\/66"}],"replies":[{"embeddable":true,"href":"https:\/\/empresas.infoempleo.com\/hrtrends\/wp-json\/wp\/v2\/comments?post=14888"}],"version-history":[{"count":0,"href":"https:\/\/empresas.infoempleo.com\/hrtrends\/wp-json\/wp\/v2\/posts\/14888\/revisions"}],"wp:featuredmedia":[{"embeddable":true,"href":"https:\/\/empresas.infoempleo.com\/hrtrends\/wp-json\/wp\/v2\/media\/14889"}],"wp:attachment":[{"href":"https:\/\/empresas.infoempleo.com\/hrtrends\/wp-json\/wp\/v2\/media?parent=14888"}],"wp:term":[{"taxonomy":"category","embeddable":true,"href":"https:\/\/empresas.infoempleo.com\/hrtrends\/wp-json\/wp\/v2\/categories?post=14888"},{"taxonomy":"post_tag","embeddable":true,"href":"https:\/\/empresas.infoempleo.com\/hrtrends\/wp-json\/wp\/v2\/tags?post=14888"}],"curies":[{"name":"wp","href":"https:\/\/api.w.org\/{rel}","templated":true}]}}