{"id":14877,"date":"2012-04-16T09:41:37","date_gmt":"2012-04-16T08:41:37","guid":{"rendered":"http:\/\/blog.infoempleo.com\/?p=14877"},"modified":"2024-08-29T17:45:31","modified_gmt":"2024-08-29T15:45:31","slug":"el-vii-salon-del-empleo-se-presenta-este-ano-con-mas-de-50-ofertas-de-trabajo","status":"publish","type":"post","link":"https:\/\/empresas.infoempleo.com\/hrtrends\/el-vii-salon-del-empleo-se-presenta-este-ano-con-mas-de-50-ofertas-de-trabajo\/","title":{"rendered":"El VII Sal\u00f3n del Empleo se presenta este a\u00f1o con m\u00e1s de 50 ofertas de trabajo"},"content":{"rendered":"<p style=\"text-align: center;\"><img loading=\"lazy\" decoding=\"async\" class=\"alignnone size-full wp-image-14878\" title=\"kuhnel\" src=\"https:\/\/empresas.infoempleo.com\/hrtrends\/media\/2012\/04\/kuhnelok.jpg\" alt=\"\" width=\"396\" height=\"124\" srcset=\"https:\/\/empresas.infoempleo.com\/hrtrends\/media\/2012\/04\/kuhnelok.jpg 495w, https:\/\/empresas.infoempleo.com\/hrtrends\/media\/2012\/04\/kuhnelok-300x94.jpg 300w\" sizes=\"auto, (max-width: 396px) 100vw, 396px\" \/><\/p>\n<p>Este jueves, d\u00eda 19, <strong>Javier K\u00fchnel, director general de <a href=\"http:\/\/kuhnel.es\" target=\"_blank\" rel=\"noopener\">K\u00fchnel Estudios Superiores<\/a><\/strong>, presenta a los medios a las la <strong>VII edici\u00f3n de su Sal\u00f3n de Formaci\u00f3n y Empleo y del Emprendedor<\/strong>, que se celebrar\u00e1 en el Gran Hotel de Zaragoza una semana despu\u00e9s, el 26 de abril, con una decidida apuesta por la creaci\u00f3n de puestos de trabajo: en esta ocasi\u00f3n, por vez primera, <strong>las 23 empresas invitadas acudir\u00e1n con m\u00e1s de 50 ofertas laborales en firme<\/strong>, a la b\u00fasqueda de los perfiles que m\u00e1s se ajusten a su puesto. Adem\u00e1s, el Sal\u00f3n servir\u00e1 para dar a conocer las nuevas becas de ayuda a la formaci\u00f3n y el empleo de K\u00fchnel, que cuentan con un elevado \u00edndice de colocaci\u00f3n laboral, superior al 70%.<\/p>\n<p>El director general de K\u00fchnel, Javier K\u00fchnel Gim\u00e9nez, estar\u00e1 acompa\u00f1ado este jueves en la presentaci\u00f3n del Sal\u00f3n (a las 11.00, en el Gran Hotel, calle Costa, 5) por Salvador Arenere, presidente de la Asociaci\u00f3n de Directivos y Ejecutivos de Arag\u00f3n (ADEA); Jorge Garc\u00eda Sesma, director de recursos humanos del Grupo Ses\u00e9; y Coral Franc\u00e9s Briz, directora de f\u00e1brica y miembro del comit\u00e9 de direcci\u00f3n de Yudigar. Ambas empresas se encuentran entre las 23 participantes en esta cita con el empleo y la formaci\u00f3n.<\/p>\n<p>El VII Sal\u00f3n de Formaci\u00f3n y Empleo de K\u00fchnel se erige, ahora m\u00e1s que nunca, en escaparate e inmejorable punto de encuentro entre j\u00f3venes y empresas, para ofrecer a los alumnos y futuros talentos orientaci\u00f3n a la hora de enfocar su carrera profesional. El p\u00fablico asistente podr\u00e1 escuchar las ofertas de trabajo, informarse del amplio programa de becas de formaci\u00f3n de K\u00fchnel y, asimismo, asistir a diversas conferencias y talleres dirigidos a emprendedores que buscan desarrollar un negocio y potenciar sus cualidades personales y profesionales.<\/p>\n<p>Si desea ampliar informaci\u00f3n, puede consultar la web www.kuhnel.es y contactar con Juan Ortega, periodista del gabinete de prensa del Centro de Estudios K\u00fchnel, en los tel\u00e9fonos 976 765 000 (ext. 55624) y 679 331 905.<\/p>\n","protected":false},"excerpt":{"rendered":"<p>Este jueves, d\u00eda 19, Javier K\u00fchnel, director general de K\u00fchnel Estudios Superiores, presenta a los medios a las<a class=\"moretag\" href=\"https:\/\/empresas.infoempleo.com\/hrtrends\/el-vii-salon-del-empleo-se-presenta-este-ano-con-mas-de-50-ofertas-de-trabajo\/\"> Leer m\u00e1s<\/a><\/p>\n","protected":false},"author":47,"featured_media":14878,"comment_status":"closed","ping_status":"open","sticky":false,"template":"","format":"standard","meta":{"footnotes":""},"categories":[3],"tags":[2476,2477,37],"class_list":["post-14877","post","type-post","status-publish","format-standard","has-post-thumbnail","hentry","category-actualidad","tag-kuhnel","tag-salon-del-empleo","tag-trabajo"],"yoast_head":"<!-- This site is optimized with the Yoast SEO plugin v26.1.1 - https:\/\/yoast.com\/wordpress\/plugins\/seo\/ -->\n<title>El VII Sal\u00f3n del Empleo se presenta este a\u00f1o con m\u00e1s de 50 ofertas de trabajo | HRTRENDS<\/title>\n<meta name=\"robots\" content=\"index, follow, max-snippet:-1, max-image-preview:large, max-video-preview:-1\" \/>\n<link rel=\"canonical\" href=\"https:\/\/empresas.infoempleo.com\/hrtrends\/el-vii-salon-del-empleo-se-presenta-este-ano-con-mas-de-50-ofertas-de-trabajo\/\" \/>\n<meta property=\"og:locale\" content=\"es_ES\" \/>\n<meta property=\"og:type\" content=\"article\" \/>\n<meta property=\"og:title\" content=\"El VII Sal\u00f3n del Empleo se presenta este a\u00f1o con m\u00e1s de 50 ofertas de trabajo | HRTRENDS\" \/>\n<meta property=\"og:description\" content=\"Este jueves, d\u00eda 19, Javier K\u00fchnel, director general de K\u00fchnel Estudios Superiores, presenta a los medios a las Leer m\u00e1s\" \/>\n<meta property=\"og:url\" content=\"https:\/\/empresas.infoempleo.com\/hrtrends\/el-vii-salon-del-empleo-se-presenta-este-ano-con-mas-de-50-ofertas-de-trabajo\/\" \/>\n<meta property=\"og:site_name\" content=\"HRTRENDS\" \/>\n<meta property=\"article:publisher\" content=\"https:\/\/www.facebook.com\/Infoempleo\" \/>\n<meta property=\"article:published_time\" content=\"2012-04-16T08:41:37+00:00\" \/>\n<meta property=\"article:modified_time\" content=\"2024-08-29T15:45:31+00:00\" \/>\n<meta property=\"og:image\" content=\"https:\/\/empresas.infoempleo.com\/hrtrends\/media\/2012\/04\/kuhnelok.jpg\" \/>\n\t<meta property=\"og:image:width\" content=\"495\" \/>\n\t<meta property=\"og:image:height\" content=\"155\" \/>\n\t<meta property=\"og:image:type\" content=\"image\/jpeg\" \/>\n<meta name=\"author\" content=\"Marta Toledano\" \/>\n<meta name=\"twitter:card\" content=\"summary_large_image\" \/>\n<meta name=\"twitter:creator\" content=\"@infoempleo\" \/>\n<meta name=\"twitter:site\" content=\"@infoempleo\" \/>\n<meta name=\"twitter:label1\" content=\"Escrito por\" \/>\n\t<meta name=\"twitter:data1\" content=\"Marta Toledano\" \/>\n\t<meta name=\"twitter:label2\" content=\"Tiempo de lectura\" \/>\n\t<meta name=\"twitter:data2\" content=\"2 minutos\" \/>\n<script type=\"application\/ld+json\" class=\"yoast-schema-graph\">{\"@context\":\"https:\/\/schema.org\",\"@graph\":[{\"@type\":\"NewsArticle\",\"@id\":\"https:\/\/empresas.infoempleo.com\/hrtrends\/el-vii-salon-del-empleo-se-presenta-este-ano-con-mas-de-50-ofertas-de-trabajo\/#article\",\"isPartOf\":{\"@id\":\"https:\/\/empresas.infoempleo.com\/hrtrends\/el-vii-salon-del-empleo-se-presenta-este-ano-con-mas-de-50-ofertas-de-trabajo\/\"},\"author\":{\"name\":\"Marta Toledano\",\"@id\":\"https:\/\/empresas.infoempleo.com\/hrtrends\/#\/schema\/person\/148d627e345a4676aeecce408bfd7761\"},\"headline\":\"El VII Sal\u00f3n del Empleo se presenta este a\u00f1o con m\u00e1s de 50 ofertas de trabajo\",\"datePublished\":\"2012-04-16T08:41:37+00:00\",\"dateModified\":\"2024-08-29T15:45:31+00:00\",\"mainEntityOfPage\":{\"@id\":\"https:\/\/empresas.infoempleo.com\/hrtrends\/el-vii-salon-del-empleo-se-presenta-este-ano-con-mas-de-50-ofertas-de-trabajo\/\"},\"wordCount\":375,\"publisher\":{\"@id\":\"https:\/\/empresas.infoempleo.com\/hrtrends\/#organization\"},\"image\":{\"@id\":\"https:\/\/empresas.infoempleo.com\/hrtrends\/el-vii-salon-del-empleo-se-presenta-este-ano-con-mas-de-50-ofertas-de-trabajo\/#primaryimage\"},\"thumbnailUrl\":\"https:\/\/empresas.infoempleo.com\/hrtrends\/media\/2012\/04\/kuhnelok.jpg\",\"keywords\":[\"K\u00fchnel\",\"sal\u00f3n del empleo\",\"trabajo\"],\"articleSection\":[\"Actualidad\"],\"inLanguage\":\"es\",\"copyrightYear\":\"2012\",\"copyrightHolder\":{\"@id\":\"https:\/\/empresas.infoempleo.com\/hrtrends\/#organization\"}},{\"@type\":\"WebPage\",\"@id\":\"https:\/\/empresas.infoempleo.com\/hrtrends\/el-vii-salon-del-empleo-se-presenta-este-ano-con-mas-de-50-ofertas-de-trabajo\/\",\"url\":\"https:\/\/empresas.infoempleo.com\/hrtrends\/el-vii-salon-del-empleo-se-presenta-este-ano-con-mas-de-50-ofertas-de-trabajo\/\",\"name\":\"El VII Sal\u00f3n del Empleo se presenta este a\u00f1o con m\u00e1s de 50 ofertas de trabajo | HRTRENDS\",\"isPartOf\":{\"@id\":\"https:\/\/empresas.infoempleo.com\/hrtrends\/#website\"},\"primaryImageOfPage\":{\"@id\":\"https:\/\/empresas.infoempleo.com\/hrtrends\/el-vii-salon-del-empleo-se-presenta-este-ano-con-mas-de-50-ofertas-de-trabajo\/#primaryimage\"},\"image\":{\"@id\":\"https:\/\/empresas.infoempleo.com\/hrtrends\/el-vii-salon-del-empleo-se-presenta-este-ano-con-mas-de-50-ofertas-de-trabajo\/#primaryimage\"},\"thumbnailUrl\":\"https:\/\/empresas.infoempleo.com\/hrtrends\/media\/2012\/04\/kuhnelok.jpg\",\"datePublished\":\"2012-04-16T08:41:37+00:00\",\"dateModified\":\"2024-08-29T15:45:31+00:00\",\"breadcrumb\":{\"@id\":\"https:\/\/empresas.infoempleo.com\/hrtrends\/el-vii-salon-del-empleo-se-presenta-este-ano-con-mas-de-50-ofertas-de-trabajo\/#breadcrumb\"},\"inLanguage\":\"es\",\"potentialAction\":[{\"@type\":\"ReadAction\",\"target\":[\"https:\/\/empresas.infoempleo.com\/hrtrends\/el-vii-salon-del-empleo-se-presenta-este-ano-con-mas-de-50-ofertas-de-trabajo\/\"]}]},{\"@type\":\"ImageObject\",\"inLanguage\":\"es\",\"@id\":\"https:\/\/empresas.infoempleo.com\/hrtrends\/el-vii-salon-del-empleo-se-presenta-este-ano-con-mas-de-50-ofertas-de-trabajo\/#primaryimage\",\"url\":\"https:\/\/empresas.infoempleo.com\/hrtrends\/media\/2012\/04\/kuhnelok-150x150.jpg\",\"contentUrl\":\"https:\/\/empresas.infoempleo.com\/hrtrends\/media\/2012\/04\/kuhnelok-150x150.jpg\",\"width\":150,\"height\":150},{\"@type\":\"BreadcrumbList\",\"@id\":\"https:\/\/empresas.infoempleo.com\/hrtrends\/el-vii-salon-del-empleo-se-presenta-este-ano-con-mas-de-50-ofertas-de-trabajo\/#breadcrumb\",\"itemListElement\":[{\"@type\":\"ListItem\",\"position\":1,\"name\":\"Portada\",\"item\":\"https:\/\/empresas.infoempleo.com\/hrtrends\/\"},{\"@type\":\"ListItem\",\"position\":2,\"name\":\"El VII Sal\u00f3n del Empleo se presenta este a\u00f1o con m\u00e1s de 50 ofertas de trabajo\"}]},{\"@type\":\"WebSite\",\"@id\":\"https:\/\/empresas.infoempleo.com\/hrtrends\/#website\",\"url\":\"https:\/\/empresas.infoempleo.com\/hrtrends\",\"name\":\"HRTrends by Infoempleo\",\"description\":\"\",\"publisher\":{\"@id\":\"https:\/\/empresas.infoempleo.com\/hrtrends\/#organization\"},\"potentialAction\":{\"@type\":\"SearchAction\",\"target\":\"https:\/\/empresas.infoempleo.com\/hrtrends\/?s={search_term_string}\",\"query-input\":\"required name=search_term_string\"},\"inLanguage\":\"es\"},{\"@type\":\"Organization\",\"@id\":\"https:\/\/empresas.infoempleo.com\/hrtrends\/#organization\",\"name\":\"Infoempleo\",\"url\":\"https:\/\/www.infoempleo.com\/\",\"logo\":{\"@type\":\"ImageObject\",\"@id\":\"https:\/\/empresas.infoempleo.com\/hrtrends\/#logo\",\"inLanguage\":\"es\",\"url\":\"https:\/\/cdnazure.infoempleo.com\/infoempleo\/assets\/style\/gfx\/logo.svg\",\"contentUrl\":\"https:\/\/cdnazure.infoempleo.com\/infoempleo\/assets\/style\/gfx\/logo.svg\",\"width\":150,\"height\":40,\"caption\":\"Infoempleo\"},\"image\":{\"@id\":\"https:\/\/empresas.infoempleo.com\/hrtrends\/#logo\"},\"sameAs\":[\"https:\/\/www.facebook.com\/Infoempleo\",\"https:\/\/x.com\/infoempleo\",\"http:\/\/instagram.com\/infoempleo\/\",\"http:\/\/www.linkedin.com\/groups\/Empleo-Espa\u00f1a-Infoempleocom-111276\",\"http:\/\/pinterest.com\/infoempleo\/\"],\"address\":{\"@type\":\"PostalAddress\",\"addressLocality\":\"Madrid\",\"postalCode\":\"28050\",\"streetAddress\":\"Avenida de Burgos 114\"},\"brand\":[\"Infoempleo\"]},{\"@type\":\"Person\",\"@id\":\"https:\/\/empresas.infoempleo.com\/hrtrends\/#\/schema\/person\/148d627e345a4676aeecce408bfd7761\",\"name\":\"Marta Toledano\",\"image\":{\"@type\":\"ImageObject\",\"inLanguage\":\"es\",\"@id\":\"https:\/\/empresas.infoempleo.com\/hrtrends\/#\/schema\/person\/image\/\",\"url\":\"https:\/\/secure.gravatar.com\/avatar\/93363d5d792ee4fc55b75a71007430155fadc7be42b4e09eee0b8f4c536dc729?s=96&d=mm&r=g\",\"contentUrl\":\"https:\/\/secure.gravatar.com\/avatar\/93363d5d792ee4fc55b75a71007430155fadc7be42b4e09eee0b8f4c536dc729?s=96&d=mm&r=g\",\"caption\":\"Marta Toledano\"},\"url\":\"https:\/\/empresas.infoempleo.com\/hrtrends\/author\/marta-toledano\/\"}]}<\/script>\n<!-- \/ Yoast SEO plugin. -->","yoast_head_json":{"title":"El VII Sal\u00f3n del Empleo se presenta este a\u00f1o con m\u00e1s de 50 ofertas de trabajo | HRTRENDS","robots":{"index":"index","follow":"follow","max-snippet":"max-snippet:-1","max-image-preview":"max-image-preview:large","max-video-preview":"max-video-preview:-1"},"canonical":"https:\/\/empresas.infoempleo.com\/hrtrends\/el-vii-salon-del-empleo-se-presenta-este-ano-con-mas-de-50-ofertas-de-trabajo\/","og_locale":"es_ES","og_type":"article","og_title":"El VII Sal\u00f3n del Empleo se presenta este a\u00f1o con m\u00e1s de 50 ofertas de trabajo | HRTRENDS","og_description":"Este jueves, d\u00eda 19, Javier K\u00fchnel, director general de K\u00fchnel Estudios Superiores, presenta a los medios a las Leer m\u00e1s","og_url":"https:\/\/empresas.infoempleo.com\/hrtrends\/el-vii-salon-del-empleo-se-presenta-este-ano-con-mas-de-50-ofertas-de-trabajo\/","og_site_name":"HRTRENDS","article_publisher":"https:\/\/www.facebook.com\/Infoempleo","article_published_time":"2012-04-16T08:41:37+00:00","article_modified_time":"2024-08-29T15:45:31+00:00","og_image":[{"width":495,"height":155,"url":"https:\/\/empresas.infoempleo.com\/hrtrends\/media\/2012\/04\/kuhnelok.jpg","type":"image\/jpeg"}],"author":"Marta Toledano","twitter_card":"summary_large_image","twitter_creator":"@infoempleo","twitter_site":"@infoempleo","twitter_misc":{"Escrito por":"Marta Toledano","Tiempo de lectura":"2 minutos"},"schema":{"@context":"https:\/\/schema.org","@graph":[{"@type":"NewsArticle","@id":"https:\/\/empresas.infoempleo.com\/hrtrends\/el-vii-salon-del-empleo-se-presenta-este-ano-con-mas-de-50-ofertas-de-trabajo\/#article","isPartOf":{"@id":"https:\/\/empresas.infoempleo.com\/hrtrends\/el-vii-salon-del-empleo-se-presenta-este-ano-con-mas-de-50-ofertas-de-trabajo\/"},"author":{"name":"Marta Toledano","@id":"https:\/\/empresas.infoempleo.com\/hrtrends\/#\/schema\/person\/148d627e345a4676aeecce408bfd7761"},"headline":"El VII Sal\u00f3n del Empleo se presenta este a\u00f1o con m\u00e1s de 50 ofertas de trabajo","datePublished":"2012-04-16T08:41:37+00:00","dateModified":"2024-08-29T15:45:31+00:00","mainEntityOfPage":{"@id":"https:\/\/empresas.infoempleo.com\/hrtrends\/el-vii-salon-del-empleo-se-presenta-este-ano-con-mas-de-50-ofertas-de-trabajo\/"},"wordCount":375,"publisher":{"@id":"https:\/\/empresas.infoempleo.com\/hrtrends\/#organization"},"image":{"@id":"https:\/\/empresas.infoempleo.com\/hrtrends\/el-vii-salon-del-empleo-se-presenta-este-ano-con-mas-de-50-ofertas-de-trabajo\/#primaryimage"},"thumbnailUrl":"https:\/\/empresas.infoempleo.com\/hrtrends\/media\/2012\/04\/kuhnelok.jpg","keywords":["K\u00fchnel","sal\u00f3n del empleo","trabajo"],"articleSection":["Actualidad"],"inLanguage":"es","copyrightYear":"2012","copyrightHolder":{"@id":"https:\/\/empresas.infoempleo.com\/hrtrends\/#organization"}},{"@type":"WebPage","@id":"https:\/\/empresas.infoempleo.com\/hrtrends\/el-vii-salon-del-empleo-se-presenta-este-ano-con-mas-de-50-ofertas-de-trabajo\/","url":"https:\/\/empresas.infoempleo.com\/hrtrends\/el-vii-salon-del-empleo-se-presenta-este-ano-con-mas-de-50-ofertas-de-trabajo\/","name":"El VII Sal\u00f3n del Empleo se presenta este a\u00f1o con m\u00e1s de 50 ofertas de trabajo | HRTRENDS","isPartOf":{"@id":"https:\/\/empresas.infoempleo.com\/hrtrends\/#website"},"primaryImageOfPage":{"@id":"https:\/\/empresas.infoempleo.com\/hrtrends\/el-vii-salon-del-empleo-se-presenta-este-ano-con-mas-de-50-ofertas-de-trabajo\/#primaryimage"},"image":{"@id":"https:\/\/empresas.infoempleo.com\/hrtrends\/el-vii-salon-del-empleo-se-presenta-este-ano-con-mas-de-50-ofertas-de-trabajo\/#primaryimage"},"thumbnailUrl":"https:\/\/empresas.infoempleo.com\/hrtrends\/media\/2012\/04\/kuhnelok.jpg","datePublished":"2012-04-16T08:41:37+00:00","dateModified":"2024-08-29T15:45:31+00:00","breadcrumb":{"@id":"https:\/\/empresas.infoempleo.com\/hrtrends\/el-vii-salon-del-empleo-se-presenta-este-ano-con-mas-de-50-ofertas-de-trabajo\/#breadcrumb"},"inLanguage":"es","potentialAction":[{"@type":"ReadAction","target":["https:\/\/empresas.infoempleo.com\/hrtrends\/el-vii-salon-del-empleo-se-presenta-este-ano-con-mas-de-50-ofertas-de-trabajo\/"]}]},{"@type":"ImageObject","inLanguage":"es","@id":"https:\/\/empresas.infoempleo.com\/hrtrends\/el-vii-salon-del-empleo-se-presenta-este-ano-con-mas-de-50-ofertas-de-trabajo\/#primaryimage","url":"https:\/\/empresas.infoempleo.com\/hrtrends\/media\/2012\/04\/kuhnelok-150x150.jpg","contentUrl":"https:\/\/empresas.infoempleo.com\/hrtrends\/media\/2012\/04\/kuhnelok-150x150.jpg","width":150,"height":150},{"@type":"BreadcrumbList","@id":"https:\/\/empresas.infoempleo.com\/hrtrends\/el-vii-salon-del-empleo-se-presenta-este-ano-con-mas-de-50-ofertas-de-trabajo\/#breadcrumb","itemListElement":[{"@type":"ListItem","position":1,"name":"Portada","item":"https:\/\/empresas.infoempleo.com\/hrtrends\/"},{"@type":"ListItem","position":2,"name":"El VII Sal\u00f3n del Empleo se presenta este a\u00f1o con m\u00e1s de 50 ofertas de trabajo"}]},{"@type":"WebSite","@id":"https:\/\/empresas.infoempleo.com\/hrtrends\/#website","url":"https:\/\/empresas.infoempleo.com\/hrtrends","name":"HRTrends by Infoempleo","description":"","publisher":{"@id":"https:\/\/empresas.infoempleo.com\/hrtrends\/#organization"},"potentialAction":{"@type":"SearchAction","target":"https:\/\/empresas.infoempleo.com\/hrtrends\/?s={search_term_string}","query-input":"required name=search_term_string"},"inLanguage":"es"},{"@type":"Organization","@id":"https:\/\/empresas.infoempleo.com\/hrtrends\/#organization","name":"Infoempleo","url":"https:\/\/www.infoempleo.com\/","logo":{"@type":"ImageObject","@id":"https:\/\/empresas.infoempleo.com\/hrtrends\/#logo","inLanguage":"es","url":"https:\/\/cdnazure.infoempleo.com\/infoempleo\/assets\/style\/gfx\/logo.svg","contentUrl":"https:\/\/cdnazure.infoempleo.com\/infoempleo\/assets\/style\/gfx\/logo.svg","width":150,"height":40,"caption":"Infoempleo"},"image":{"@id":"https:\/\/empresas.infoempleo.com\/hrtrends\/#logo"},"sameAs":["https:\/\/www.facebook.com\/Infoempleo","https:\/\/x.com\/infoempleo","http:\/\/instagram.com\/infoempleo\/","http:\/\/www.linkedin.com\/groups\/Empleo-Espa\u00f1a-Infoempleocom-111276","http:\/\/pinterest.com\/infoempleo\/"],"address":{"@type":"PostalAddress","addressLocality":"Madrid","postalCode":"28050","streetAddress":"Avenida de Burgos 114"},"brand":["Infoempleo"]},{"@type":"Person","@id":"https:\/\/empresas.infoempleo.com\/hrtrends\/#\/schema\/person\/148d627e345a4676aeecce408bfd7761","name":"Marta Toledano","image":{"@type":"ImageObject","inLanguage":"es","@id":"https:\/\/empresas.infoempleo.com\/hrtrends\/#\/schema\/person\/image\/","url":"https:\/\/secure.gravatar.com\/avatar\/93363d5d792ee4fc55b75a71007430155fadc7be42b4e09eee0b8f4c536dc729?s=96&d=mm&r=g","contentUrl":"https:\/\/secure.gravatar.com\/avatar\/93363d5d792ee4fc55b75a71007430155fadc7be42b4e09eee0b8f4c536dc729?s=96&d=mm&r=g","caption":"Marta Toledano"},"url":"https:\/\/empresas.infoempleo.com\/hrtrends\/author\/marta-toledano\/"}]}},"amp_enabled":true,"_links":{"self":[{"href":"https:\/\/empresas.infoempleo.com\/hrtrends\/wp-json\/wp\/v2\/posts\/14877","targetHints":{"allow":["GET"]}}],"collection":[{"href":"https:\/\/empresas.infoempleo.com\/hrtrends\/wp-json\/wp\/v2\/posts"}],"about":[{"href":"https:\/\/empresas.infoempleo.com\/hrtrends\/wp-json\/wp\/v2\/types\/post"}],"author":[{"embeddable":true,"href":"https:\/\/empresas.infoempleo.com\/hrtrends\/wp-json\/wp\/v2\/users\/47"}],"replies":[{"embeddable":true,"href":"https:\/\/empresas.infoempleo.com\/hrtrends\/wp-json\/wp\/v2\/comments?post=14877"}],"version-history":[{"count":1,"href":"https:\/\/empresas.infoempleo.com\/hrtrends\/wp-json\/wp\/v2\/posts\/14877\/revisions"}],"predecessor-version":[{"id":45088,"href":"https:\/\/empresas.infoempleo.com\/hrtrends\/wp-json\/wp\/v2\/posts\/14877\/revisions\/45088"}],"wp:featuredmedia":[{"embeddable":true,"href":"https:\/\/empresas.infoempleo.com\/hrtrends\/wp-json\/wp\/v2\/media\/14878"}],"wp:attachment":[{"href":"https:\/\/empresas.infoempleo.com\/hrtrends\/wp-json\/wp\/v2\/media?parent=14877"}],"wp:term":[{"taxonomy":"category","embeddable":true,"href":"https:\/\/empresas.infoempleo.com\/hrtrends\/wp-json\/wp\/v2\/categories?post=14877"},{"taxonomy":"post_tag","embeddable":true,"href":"https:\/\/empresas.infoempleo.com\/hrtrends\/wp-json\/wp\/v2\/tags?post=14877"}],"curies":[{"name":"wp","href":"https:\/\/api.w.org\/{rel}","templated":true}]}}