{"id":14837,"date":"2012-04-02T11:49:32","date_gmt":"2012-04-02T10:49:32","guid":{"rendered":"http:\/\/blog.infoempleo.com\/?p=14837"},"modified":"2026-01-12T12:15:12","modified_gmt":"2026-01-12T10:15:12","slug":"employer-branding-el-adn-del-mejor-sitio-para-trabajar","status":"publish","type":"post","link":"https:\/\/empresas.infoempleo.com\/hrtrends\/employer-branding-el-adn-del-mejor-sitio-para-trabajar\/","title":{"rendered":"\u00abEmployer branding\u00bb, el ADN del mejor sitio para trabajar"},"content":{"rendered":"<p style=\"text-align: center;\"><img loading=\"lazy\" decoding=\"async\" class=\"alignnone size-full wp-image-14838\" title=\"Employer Branding\" src=\"https:\/\/empresas.infoempleo.com\/hrtrends\/media\/2012\/04\/EmployerBranding.jpg\" alt=\"\" width=\"454\" height=\"206\" srcset=\"https:\/\/empresas.infoempleo.com\/hrtrends\/media\/2012\/04\/EmployerBranding.jpg 568w, https:\/\/empresas.infoempleo.com\/hrtrends\/media\/2012\/04\/EmployerBranding-300x136.jpg 300w\" sizes=\"auto, (max-width: 454px) 100vw, 454px\" \/><\/p>\n<p>Perspectivas de futuro, condiciones econ\u00f3micas, ambiente de trabajo y desarrollo de un trabajo interesante. \u00c9stos son cuatro de los aspectos destacados en el estudio Randstad Employer Branding a la hora de que una empresa sea considerada el mejor sitio para trabajar.\u00a0<\/p>\n<p>Si lo anterior forma parte de la \u00abcarta a los Reyes Magos\u00bb de todo aspirante a un puesto de trabajo \u2013y de los ya empleados\u2013, a la empresa le corresponde la parte de satisfacer esta demanda, un aspecto clave de su desarrollo, de su futuro. <strong>Carlos Carpizo, director de Recursos Humanos de la compa\u00f1\u00eda<\/strong> que ha realizado el estudio, recomienda el camino a seguir: \u00abTener posibilidades de crecimiento, planes de formaci\u00f3n adecuados, flexibilidad y posiciones que incrementen la empleabilidad de las personas que forman la plantilla son aspectos que hacen a las empresas m\u00e1s atractivas. La adaptaci\u00f3n al entorno econ\u00f3mico y al mercado laboral son fundamentales para seguir avanzando en el employer branding. No se puede vivir solo de la marca, aunque una buena marca es fundamental para atraer\u00a0 las mejores personas.\u00bb<\/p>\n<h3>Tendencia del siglo XXI<\/h3>\n<p>La importaci\u00f3n, desde EE.UU., del concepto \u00abemployer branding\u00bb es propia del siglo XXI, como nos comenta <strong>Alfonso Jim\u00e9nez, socio director de la consultora People Matters<\/strong>, que inici\u00f3 trabajos en este sentido con Banesto en 2004 y, m\u00e1s tarde, prob\u00f3 experiencias en Antena 3 de Employer Branding Placement: \u00abLa empresa de peluquer\u00eda Marco Aldany aparec\u00eda integrada en la serie &#8216;El s\u00edndrome de Ulises &#8216;como un lugar id\u00f3neo para trabajar en \u00e9l\u00bb. People Matters, adem\u00e1s, impuls\u00f3 la edici\u00f3n del libro <strong>\u00abEmployer Branding\u00bb<\/strong> (Almazara, 2009), escrito por el propio Jim\u00e9nez y por Miriam Aguado.<\/p>\n<p>En el caso de Best Workplaces 2011, estudio de \u00e1mbito internacional realizado por Great Place to Work, las empresas espa\u00f1olas Atento y Telef\u00f3nica consiguieron estar entre los 25 primeros del grupo encabezado por Microsoft. Como reconoci\u00f3 en la ceremonia de entrega de galardones Jos\u00e9 Tolovi, CEO Mundial de Great Place To Work, las empresas elegidas coincidieron en mantener \u00abun serio compromiso en <strong>crear entornos de trabajo que fomenten la confianza, el orgullo y la camarader\u00eda entre sus empleados<\/strong>\u00bb.<\/p>\n<p>A todos estos valores que afianzan la sinton\u00eda entre empleado y empresa se han a\u00f1adido, cada vez m\u00e1s, dos factores tambi\u00e9n recogidos en el informe de Randstad como son la formaci\u00f3n y la internacionalizaci\u00f3n: la primera, para ser m\u00e1s competitivos en un mundo laboral como el actual; la segunda, acorde a unos tiempos en los que hay una mayor disposici\u00f3n a cambiar de pa\u00eds y a enrolarse en empresas con unaclara proyecci\u00f3n internacional.<\/p>\n<h3>\u00c9poca de cambios<\/h3>\n<p>Como destaca Carlos Carpizo, las preferencias han cambiado este a\u00f1o respecto al anterior. El dinero sigue siendo importante, pero, ante todo, los encuestados no quieren perder de vista la estabilidad, la viabilidad, tanto a la hora de incorporarse a una empresa como una vez que ya est\u00e1n \u00absubidos al tren\u00bb: \u00abEn la edici\u00f3n del a\u00f1o pasado, las condiciones econ\u00f3micas eran el factor com\u00fan en la mayor\u00eda de consultados, por encima de la seguridad laboral y las perspectivas de futuro. Esto manifiesta que los trabajadores son conscientes de que es momento de realizar ciertos sacrificios de \u00edndole personal para lograr una mayor estabilidad en el mercado y la empresa\u00bb.<\/p>\n<p>Por su parte, el \u00faltimo estudio Merco Personas, realizado por el Monitor Empresarial de Reputaci\u00f3n Corporativa, asignaba al dinero la sexta posici\u00f3n en un total de 15 aspectos \u2013el desarrollo profesional y la motivaci\u00f3n y el\u00a0 reconocimiento fueron los dos factores m\u00e1s relevantes para los empleados que participaron en la encuesta\u2013.<\/p>\n","protected":false},"excerpt":{"rendered":"<p>Perspectivas de futuro, condiciones econ\u00f3micas, ambiente de trabajo y desarrollo de un trabajo interesante. \u00c9stos son cuatro de<a class=\"moretag\" href=\"https:\/\/empresas.infoempleo.com\/hrtrends\/employer-branding-el-adn-del-mejor-sitio-para-trabajar\/\"> Leer m\u00e1s<\/a><\/p>\n","protected":false},"author":63,"featured_media":14838,"comment_status":"closed","ping_status":"open","sticky":false,"template":"","format":"standard","meta":{"footnotes":""},"categories":[3],"tags":[],"class_list":["post-14837","post","type-post","status-publish","format-standard","has-post-thumbnail","hentry","category-actualidad"],"yoast_head":"<!-- This site is optimized with the Yoast SEO plugin v26.1.1 - https:\/\/yoast.com\/wordpress\/plugins\/seo\/ -->\n<title>\u00abEmployer branding\u00bb, el ADN del mejor sitio para trabajar | HRTRENDS<\/title>\n<meta name=\"robots\" content=\"index, follow, max-snippet:-1, max-image-preview:large, max-video-preview:-1\" \/>\n<link rel=\"canonical\" href=\"https:\/\/empresas.infoempleo.com\/hrtrends\/employer-branding-el-adn-del-mejor-sitio-para-trabajar\/\" \/>\n<meta property=\"og:locale\" content=\"es_ES\" \/>\n<meta property=\"og:type\" content=\"article\" \/>\n<meta property=\"og:title\" content=\"\u00abEmployer branding\u00bb, el ADN del mejor sitio para trabajar | HRTRENDS\" \/>\n<meta property=\"og:description\" content=\"Perspectivas de futuro, condiciones econ\u00f3micas, ambiente de trabajo y desarrollo de un trabajo interesante. \u00c9stos son cuatro de Leer m\u00e1s\" \/>\n<meta property=\"og:url\" content=\"https:\/\/empresas.infoempleo.com\/hrtrends\/employer-branding-el-adn-del-mejor-sitio-para-trabajar\/\" \/>\n<meta property=\"og:site_name\" content=\"HRTRENDS\" \/>\n<meta property=\"article:publisher\" content=\"https:\/\/www.facebook.com\/Infoempleo\" \/>\n<meta property=\"article:published_time\" content=\"2012-04-02T10:49:32+00:00\" \/>\n<meta property=\"article:modified_time\" content=\"2026-01-12T10:15:12+00:00\" \/>\n<meta property=\"og:image\" content=\"https:\/\/empresas.infoempleo.com\/hrtrends\/media\/2012\/04\/EmployerBranding.jpg\" \/>\n\t<meta property=\"og:image:width\" content=\"568\" \/>\n\t<meta property=\"og:image:height\" content=\"258\" \/>\n\t<meta property=\"og:image:type\" content=\"image\/jpeg\" \/>\n<meta name=\"author\" content=\"Alberto Vel\u00e1zquez\" \/>\n<meta name=\"twitter:card\" content=\"summary_large_image\" \/>\n<meta name=\"twitter:creator\" content=\"@infoempleo\" \/>\n<meta name=\"twitter:site\" content=\"@infoempleo\" \/>\n<meta name=\"twitter:label1\" content=\"Escrito por\" \/>\n\t<meta name=\"twitter:data1\" content=\"Alberto Vel\u00e1zquez\" \/>\n\t<meta name=\"twitter:label2\" content=\"Tiempo de lectura\" \/>\n\t<meta name=\"twitter:data2\" content=\"3 minutos\" \/>\n<script type=\"application\/ld+json\" class=\"yoast-schema-graph\">{\"@context\":\"https:\/\/schema.org\",\"@graph\":[{\"@type\":\"NewsArticle\",\"@id\":\"https:\/\/empresas.infoempleo.com\/hrtrends\/employer-branding-el-adn-del-mejor-sitio-para-trabajar\/#article\",\"isPartOf\":{\"@id\":\"https:\/\/empresas.infoempleo.com\/hrtrends\/employer-branding-el-adn-del-mejor-sitio-para-trabajar\/\"},\"author\":{\"name\":\"Alberto Vel\u00e1zquez\",\"@id\":\"https:\/\/empresas.infoempleo.com\/hrtrends\/#\/schema\/person\/489b9b333c8c991c7917fffb0fad494b\"},\"headline\":\"\u00abEmployer branding\u00bb, el ADN del mejor sitio para trabajar\",\"datePublished\":\"2012-04-02T10:49:32+00:00\",\"dateModified\":\"2026-01-12T10:15:12+00:00\",\"mainEntityOfPage\":{\"@id\":\"https:\/\/empresas.infoempleo.com\/hrtrends\/employer-branding-el-adn-del-mejor-sitio-para-trabajar\/\"},\"wordCount\":625,\"publisher\":{\"@id\":\"https:\/\/empresas.infoempleo.com\/hrtrends\/#organization\"},\"image\":{\"@id\":\"https:\/\/empresas.infoempleo.com\/hrtrends\/employer-branding-el-adn-del-mejor-sitio-para-trabajar\/#primaryimage\"},\"thumbnailUrl\":\"https:\/\/empresas.infoempleo.com\/hrtrends\/media\/2012\/04\/EmployerBranding.jpg\",\"articleSection\":[\"Actualidad\"],\"inLanguage\":\"es\",\"copyrightYear\":\"2012\",\"copyrightHolder\":{\"@id\":\"https:\/\/empresas.infoempleo.com\/hrtrends\/#organization\"}},{\"@type\":\"WebPage\",\"@id\":\"https:\/\/empresas.infoempleo.com\/hrtrends\/employer-branding-el-adn-del-mejor-sitio-para-trabajar\/\",\"url\":\"https:\/\/empresas.infoempleo.com\/hrtrends\/employer-branding-el-adn-del-mejor-sitio-para-trabajar\/\",\"name\":\"\u00abEmployer branding\u00bb, el ADN del mejor sitio para trabajar | HRTRENDS\",\"isPartOf\":{\"@id\":\"https:\/\/empresas.infoempleo.com\/hrtrends\/#website\"},\"primaryImageOfPage\":{\"@id\":\"https:\/\/empresas.infoempleo.com\/hrtrends\/employer-branding-el-adn-del-mejor-sitio-para-trabajar\/#primaryimage\"},\"image\":{\"@id\":\"https:\/\/empresas.infoempleo.com\/hrtrends\/employer-branding-el-adn-del-mejor-sitio-para-trabajar\/#primaryimage\"},\"thumbnailUrl\":\"https:\/\/empresas.infoempleo.com\/hrtrends\/media\/2012\/04\/EmployerBranding.jpg\",\"datePublished\":\"2012-04-02T10:49:32+00:00\",\"dateModified\":\"2026-01-12T10:15:12+00:00\",\"breadcrumb\":{\"@id\":\"https:\/\/empresas.infoempleo.com\/hrtrends\/employer-branding-el-adn-del-mejor-sitio-para-trabajar\/#breadcrumb\"},\"inLanguage\":\"es\",\"potentialAction\":[{\"@type\":\"ReadAction\",\"target\":[\"https:\/\/empresas.infoempleo.com\/hrtrends\/employer-branding-el-adn-del-mejor-sitio-para-trabajar\/\"]}]},{\"@type\":\"ImageObject\",\"inLanguage\":\"es\",\"@id\":\"https:\/\/empresas.infoempleo.com\/hrtrends\/employer-branding-el-adn-del-mejor-sitio-para-trabajar\/#primaryimage\",\"url\":\"https:\/\/empresas.infoempleo.com\/hrtrends\/media\/2012\/04\/EmployerBranding-150x150.jpg\",\"contentUrl\":\"https:\/\/empresas.infoempleo.com\/hrtrends\/media\/2012\/04\/EmployerBranding-150x150.jpg\",\"width\":150,\"height\":150},{\"@type\":\"BreadcrumbList\",\"@id\":\"https:\/\/empresas.infoempleo.com\/hrtrends\/employer-branding-el-adn-del-mejor-sitio-para-trabajar\/#breadcrumb\",\"itemListElement\":[{\"@type\":\"ListItem\",\"position\":1,\"name\":\"Portada\",\"item\":\"https:\/\/empresas.infoempleo.com\/hrtrends\/\"},{\"@type\":\"ListItem\",\"position\":2,\"name\":\"\u00abEmployer branding\u00bb, el ADN del mejor sitio para trabajar\"}]},{\"@type\":\"WebSite\",\"@id\":\"https:\/\/empresas.infoempleo.com\/hrtrends\/#website\",\"url\":\"https:\/\/empresas.infoempleo.com\/hrtrends\",\"name\":\"HRTrends by Infoempleo\",\"description\":\"\",\"publisher\":{\"@id\":\"https:\/\/empresas.infoempleo.com\/hrtrends\/#organization\"},\"potentialAction\":{\"@type\":\"SearchAction\",\"target\":\"https:\/\/empresas.infoempleo.com\/hrtrends\/?s={search_term_string}\",\"query-input\":\"required name=search_term_string\"},\"inLanguage\":\"es\"},{\"@type\":\"Organization\",\"@id\":\"https:\/\/empresas.infoempleo.com\/hrtrends\/#organization\",\"name\":\"Infoempleo\",\"url\":\"https:\/\/www.infoempleo.com\/\",\"logo\":{\"@type\":\"ImageObject\",\"@id\":\"https:\/\/empresas.infoempleo.com\/hrtrends\/#logo\",\"inLanguage\":\"es\",\"url\":\"https:\/\/cdnazure.infoempleo.com\/infoempleo\/assets\/style\/gfx\/logo.svg\",\"contentUrl\":\"https:\/\/cdnazure.infoempleo.com\/infoempleo\/assets\/style\/gfx\/logo.svg\",\"width\":150,\"height\":40,\"caption\":\"Infoempleo\"},\"image\":{\"@id\":\"https:\/\/empresas.infoempleo.com\/hrtrends\/#logo\"},\"sameAs\":[\"https:\/\/www.facebook.com\/Infoempleo\",\"https:\/\/x.com\/infoempleo\",\"http:\/\/instagram.com\/infoempleo\/\",\"http:\/\/www.linkedin.com\/groups\/Empleo-Espa\u00f1a-Infoempleocom-111276\",\"http:\/\/pinterest.com\/infoempleo\/\"],\"address\":{\"@type\":\"PostalAddress\",\"addressLocality\":\"Madrid\",\"postalCode\":\"28050\",\"streetAddress\":\"Avenida de Burgos 114\"},\"brand\":[\"Infoempleo\"]},{\"@type\":\"Person\",\"@id\":\"https:\/\/empresas.infoempleo.com\/hrtrends\/#\/schema\/person\/489b9b333c8c991c7917fffb0fad494b\",\"name\":\"Alberto Vel\u00e1zquez\",\"image\":{\"@type\":\"ImageObject\",\"inLanguage\":\"es\",\"@id\":\"https:\/\/empresas.infoempleo.com\/hrtrends\/#\/schema\/person\/image\/\",\"url\":\"https:\/\/secure.gravatar.com\/avatar\/407b1ab1402f8162e8d74e6eac50dc6097e1de442ee9ce30e065a0d5496000c4?s=96&d=mm&r=g\",\"contentUrl\":\"https:\/\/secure.gravatar.com\/avatar\/407b1ab1402f8162e8d74e6eac50dc6097e1de442ee9ce30e065a0d5496000c4?s=96&d=mm&r=g\",\"caption\":\"Alberto Vel\u00e1zquez\"},\"url\":\"https:\/\/empresas.infoempleo.com\/hrtrends\/author\/alberto-velazquez\/\"}]}<\/script>\n<!-- \/ Yoast SEO plugin. -->","yoast_head_json":{"title":"\u00abEmployer branding\u00bb, el ADN del mejor sitio para trabajar | HRTRENDS","robots":{"index":"index","follow":"follow","max-snippet":"max-snippet:-1","max-image-preview":"max-image-preview:large","max-video-preview":"max-video-preview:-1"},"canonical":"https:\/\/empresas.infoempleo.com\/hrtrends\/employer-branding-el-adn-del-mejor-sitio-para-trabajar\/","og_locale":"es_ES","og_type":"article","og_title":"\u00abEmployer branding\u00bb, el ADN del mejor sitio para trabajar | HRTRENDS","og_description":"Perspectivas de futuro, condiciones econ\u00f3micas, ambiente de trabajo y desarrollo de un trabajo interesante. \u00c9stos son cuatro de Leer m\u00e1s","og_url":"https:\/\/empresas.infoempleo.com\/hrtrends\/employer-branding-el-adn-del-mejor-sitio-para-trabajar\/","og_site_name":"HRTRENDS","article_publisher":"https:\/\/www.facebook.com\/Infoempleo","article_published_time":"2012-04-02T10:49:32+00:00","article_modified_time":"2026-01-12T10:15:12+00:00","og_image":[{"width":568,"height":258,"url":"https:\/\/empresas.infoempleo.com\/hrtrends\/media\/2012\/04\/EmployerBranding.jpg","type":"image\/jpeg"}],"author":"Alberto Vel\u00e1zquez","twitter_card":"summary_large_image","twitter_creator":"@infoempleo","twitter_site":"@infoempleo","twitter_misc":{"Escrito por":"Alberto Vel\u00e1zquez","Tiempo de lectura":"3 minutos"},"schema":{"@context":"https:\/\/schema.org","@graph":[{"@type":"NewsArticle","@id":"https:\/\/empresas.infoempleo.com\/hrtrends\/employer-branding-el-adn-del-mejor-sitio-para-trabajar\/#article","isPartOf":{"@id":"https:\/\/empresas.infoempleo.com\/hrtrends\/employer-branding-el-adn-del-mejor-sitio-para-trabajar\/"},"author":{"name":"Alberto Vel\u00e1zquez","@id":"https:\/\/empresas.infoempleo.com\/hrtrends\/#\/schema\/person\/489b9b333c8c991c7917fffb0fad494b"},"headline":"\u00abEmployer branding\u00bb, el ADN del mejor sitio para trabajar","datePublished":"2012-04-02T10:49:32+00:00","dateModified":"2026-01-12T10:15:12+00:00","mainEntityOfPage":{"@id":"https:\/\/empresas.infoempleo.com\/hrtrends\/employer-branding-el-adn-del-mejor-sitio-para-trabajar\/"},"wordCount":625,"publisher":{"@id":"https:\/\/empresas.infoempleo.com\/hrtrends\/#organization"},"image":{"@id":"https:\/\/empresas.infoempleo.com\/hrtrends\/employer-branding-el-adn-del-mejor-sitio-para-trabajar\/#primaryimage"},"thumbnailUrl":"https:\/\/empresas.infoempleo.com\/hrtrends\/media\/2012\/04\/EmployerBranding.jpg","articleSection":["Actualidad"],"inLanguage":"es","copyrightYear":"2012","copyrightHolder":{"@id":"https:\/\/empresas.infoempleo.com\/hrtrends\/#organization"}},{"@type":"WebPage","@id":"https:\/\/empresas.infoempleo.com\/hrtrends\/employer-branding-el-adn-del-mejor-sitio-para-trabajar\/","url":"https:\/\/empresas.infoempleo.com\/hrtrends\/employer-branding-el-adn-del-mejor-sitio-para-trabajar\/","name":"\u00abEmployer branding\u00bb, el ADN del mejor sitio para trabajar | HRTRENDS","isPartOf":{"@id":"https:\/\/empresas.infoempleo.com\/hrtrends\/#website"},"primaryImageOfPage":{"@id":"https:\/\/empresas.infoempleo.com\/hrtrends\/employer-branding-el-adn-del-mejor-sitio-para-trabajar\/#primaryimage"},"image":{"@id":"https:\/\/empresas.infoempleo.com\/hrtrends\/employer-branding-el-adn-del-mejor-sitio-para-trabajar\/#primaryimage"},"thumbnailUrl":"https:\/\/empresas.infoempleo.com\/hrtrends\/media\/2012\/04\/EmployerBranding.jpg","datePublished":"2012-04-02T10:49:32+00:00","dateModified":"2026-01-12T10:15:12+00:00","breadcrumb":{"@id":"https:\/\/empresas.infoempleo.com\/hrtrends\/employer-branding-el-adn-del-mejor-sitio-para-trabajar\/#breadcrumb"},"inLanguage":"es","potentialAction":[{"@type":"ReadAction","target":["https:\/\/empresas.infoempleo.com\/hrtrends\/employer-branding-el-adn-del-mejor-sitio-para-trabajar\/"]}]},{"@type":"ImageObject","inLanguage":"es","@id":"https:\/\/empresas.infoempleo.com\/hrtrends\/employer-branding-el-adn-del-mejor-sitio-para-trabajar\/#primaryimage","url":"https:\/\/empresas.infoempleo.com\/hrtrends\/media\/2012\/04\/EmployerBranding-150x150.jpg","contentUrl":"https:\/\/empresas.infoempleo.com\/hrtrends\/media\/2012\/04\/EmployerBranding-150x150.jpg","width":150,"height":150},{"@type":"BreadcrumbList","@id":"https:\/\/empresas.infoempleo.com\/hrtrends\/employer-branding-el-adn-del-mejor-sitio-para-trabajar\/#breadcrumb","itemListElement":[{"@type":"ListItem","position":1,"name":"Portada","item":"https:\/\/empresas.infoempleo.com\/hrtrends\/"},{"@type":"ListItem","position":2,"name":"\u00abEmployer branding\u00bb, el ADN del mejor sitio para trabajar"}]},{"@type":"WebSite","@id":"https:\/\/empresas.infoempleo.com\/hrtrends\/#website","url":"https:\/\/empresas.infoempleo.com\/hrtrends","name":"HRTrends by Infoempleo","description":"","publisher":{"@id":"https:\/\/empresas.infoempleo.com\/hrtrends\/#organization"},"potentialAction":{"@type":"SearchAction","target":"https:\/\/empresas.infoempleo.com\/hrtrends\/?s={search_term_string}","query-input":"required name=search_term_string"},"inLanguage":"es"},{"@type":"Organization","@id":"https:\/\/empresas.infoempleo.com\/hrtrends\/#organization","name":"Infoempleo","url":"https:\/\/www.infoempleo.com\/","logo":{"@type":"ImageObject","@id":"https:\/\/empresas.infoempleo.com\/hrtrends\/#logo","inLanguage":"es","url":"https:\/\/cdnazure.infoempleo.com\/infoempleo\/assets\/style\/gfx\/logo.svg","contentUrl":"https:\/\/cdnazure.infoempleo.com\/infoempleo\/assets\/style\/gfx\/logo.svg","width":150,"height":40,"caption":"Infoempleo"},"image":{"@id":"https:\/\/empresas.infoempleo.com\/hrtrends\/#logo"},"sameAs":["https:\/\/www.facebook.com\/Infoempleo","https:\/\/x.com\/infoempleo","http:\/\/instagram.com\/infoempleo\/","http:\/\/www.linkedin.com\/groups\/Empleo-Espa\u00f1a-Infoempleocom-111276","http:\/\/pinterest.com\/infoempleo\/"],"address":{"@type":"PostalAddress","addressLocality":"Madrid","postalCode":"28050","streetAddress":"Avenida de Burgos 114"},"brand":["Infoempleo"]},{"@type":"Person","@id":"https:\/\/empresas.infoempleo.com\/hrtrends\/#\/schema\/person\/489b9b333c8c991c7917fffb0fad494b","name":"Alberto Vel\u00e1zquez","image":{"@type":"ImageObject","inLanguage":"es","@id":"https:\/\/empresas.infoempleo.com\/hrtrends\/#\/schema\/person\/image\/","url":"https:\/\/secure.gravatar.com\/avatar\/407b1ab1402f8162e8d74e6eac50dc6097e1de442ee9ce30e065a0d5496000c4?s=96&d=mm&r=g","contentUrl":"https:\/\/secure.gravatar.com\/avatar\/407b1ab1402f8162e8d74e6eac50dc6097e1de442ee9ce30e065a0d5496000c4?s=96&d=mm&r=g","caption":"Alberto Vel\u00e1zquez"},"url":"https:\/\/empresas.infoempleo.com\/hrtrends\/author\/alberto-velazquez\/"}]}},"amp_enabled":true,"_links":{"self":[{"href":"https:\/\/empresas.infoempleo.com\/hrtrends\/wp-json\/wp\/v2\/posts\/14837","targetHints":{"allow":["GET"]}}],"collection":[{"href":"https:\/\/empresas.infoempleo.com\/hrtrends\/wp-json\/wp\/v2\/posts"}],"about":[{"href":"https:\/\/empresas.infoempleo.com\/hrtrends\/wp-json\/wp\/v2\/types\/post"}],"author":[{"embeddable":true,"href":"https:\/\/empresas.infoempleo.com\/hrtrends\/wp-json\/wp\/v2\/users\/63"}],"replies":[{"embeddable":true,"href":"https:\/\/empresas.infoempleo.com\/hrtrends\/wp-json\/wp\/v2\/comments?post=14837"}],"version-history":[{"count":4,"href":"https:\/\/empresas.infoempleo.com\/hrtrends\/wp-json\/wp\/v2\/posts\/14837\/revisions"}],"predecessor-version":[{"id":47388,"href":"https:\/\/empresas.infoempleo.com\/hrtrends\/wp-json\/wp\/v2\/posts\/14837\/revisions\/47388"}],"wp:featuredmedia":[{"embeddable":true,"href":"https:\/\/empresas.infoempleo.com\/hrtrends\/wp-json\/wp\/v2\/media\/14838"}],"wp:attachment":[{"href":"https:\/\/empresas.infoempleo.com\/hrtrends\/wp-json\/wp\/v2\/media?parent=14837"}],"wp:term":[{"taxonomy":"category","embeddable":true,"href":"https:\/\/empresas.infoempleo.com\/hrtrends\/wp-json\/wp\/v2\/categories?post=14837"},{"taxonomy":"post_tag","embeddable":true,"href":"https:\/\/empresas.infoempleo.com\/hrtrends\/wp-json\/wp\/v2\/tags?post=14837"}],"curies":[{"name":"wp","href":"https:\/\/api.w.org\/{rel}","templated":true}]}}