{"id":14650,"date":"2012-02-06T10:21:14","date_gmt":"2012-02-06T09:21:14","guid":{"rendered":"http:\/\/blog.infoempleo.com\/?p=14650"},"modified":"2018-05-23T17:11:48","modified_gmt":"2018-05-23T15:11:48","slug":"mostoles-capital-de-los-emprendedores","status":"publish","type":"post","link":"https:\/\/empresas.infoempleo.com\/hrtrends\/mostoles-capital-de-los-emprendedores\/","title":{"rendered":"M\u00f3stoles, capital de los emprendedores"},"content":{"rendered":"<p style=\"text-align: center;\"><img loading=\"lazy\" decoding=\"async\" class=\"alignnone size-full wp-image-14654\" title=\"Vivero\" src=\"https:\/\/empresas.infoempleo.com\/hrtrends\/media\/2012\/02\/Vivero1.jpg\" alt=\"\" width=\"446\" height=\"239\" srcset=\"https:\/\/empresas.infoempleo.com\/hrtrends\/media\/2012\/02\/Vivero1.jpg 446w, https:\/\/empresas.infoempleo.com\/hrtrends\/media\/2012\/02\/Vivero1-300x161.jpg 300w\" sizes=\"auto, (max-width: 446px) 100vw, 446px\" \/><\/p>\n<p>Una productora de animaci\u00f3n online, una agencia de calificaci\u00f3n de riesgos para servicios tecnol\u00f3gicos, un buscador online de servicio dom\u00e9stico filipino, un proyecto educativo especializado en la prevenci\u00f3n de accidentes infantiles\u2026 Estos son solo algunos de los nuevos negocios que crecer\u00e1n al amparo del <strong>Vivero de Empresas<\/strong> que ha visto la luz en la localidad madrile\u00f1a de M\u00f3stoles. Estas cuatro pymes, junto con otras 12, ya tienen en su poder las llaves de los despachos que ocupar\u00e1n en el Vivero, situado en un \u00e1rea en plena ebullici\u00f3n, el <strong>parque empresarial M\u00f3stoles Tecnol\u00f3gico<\/strong>, frente al campus tecnol\u00f3gico de la Universidad Rey Juan Carlos, junto a Repsol YPF, la multinacional Thyssenkrupp, IMDEA de la Energ\u00eda y la futura sede de la C\u00e1mara de Comercio e Industria de Madrid, a la que el Ayuntamiento ya ha cedido los terrenos necesarios para que se ubique en la localidad.<\/p>\n<p>El objetivo prioritario del Vivero es <strong>que \u00abesta terrible coyuntura econ\u00f3mica no impida que muchos proyectos empresariales vean la luz\u00bb<\/strong>, explica Daniel Ortiz, Alcalde de M\u00f3stoles. El Vivero ayudar\u00e1 a dinamizar a\u00fan m\u00e1s una localidad que, seg\u00fan el regidor, es \u00abun peque\u00f1o oasis en materia de desempleo\u00bb. Los datos que aporta el consistorio apuntan en este sentido: la tasa de paro de M\u00f3stoles asciende al 12,48%, una cifra notablemente inferior a la media regional, que es del 17%, y muy inferior a la media nacional \u201322,9% seg\u00fan la \u00faltima Encuesta de Poblaci\u00f3n Activa\u2013.<\/p>\n<p>A pesar de la crisis, son varios los organismos que han apostado por el Vivero de Empresas y han puesto su grano de arena. La iniciativa es una idea conjunta del ayuntamiento de M\u00f3stoles, la Empresa Municipal de Promoci\u00f3n Econ\u00f3mica (EMPESA), la Universidad Rey Juan Carlos y la\u00a0 Asociaci\u00f3n de J\u00f3venes Empresarios (AJE), que forma parte activa del proyecto y tiene despacho en el Vivero.<\/p>\n<p>El Vivero de Empresas es un <strong>espacio de acogida temporal, dotado de 16 oficinas equipadas y amuebladas<\/strong> proporcionadas por el ayuntamiento. Por su parte, la Universidad Rey Juan Carlos pone a disposici\u00f3n de los emprendedores su conocimiento y sus medios: 5 campus universitarios, 2.000 profesores y 560 expertos. Todo ello destinado a intensificar el tejido empresarial de la regi\u00f3n. \u00abMi intenci\u00f3n es crear empleo directo e indirecto y que los puestos de trabajo se generen en la ciudad\u00bb, ha asegurado Arancha Gayoso, creadora de Manila Hogar, una de las emprendedoras que ya tienen su despacho en el Vivero.<\/p>\n","protected":false},"excerpt":{"rendered":"<p>Una productora de animaci\u00f3n online, una agencia de calificaci\u00f3n de riesgos para servicios tecnol\u00f3gicos, un buscador online de<a class=\"moretag\" href=\"https:\/\/empresas.infoempleo.com\/hrtrends\/mostoles-capital-de-los-emprendedores\/\"> Leer m\u00e1s<\/a><\/p>\n","protected":false},"author":52,"featured_media":14654,"comment_status":"closed","ping_status":"open","sticky":false,"template":"","format":"standard","meta":{"footnotes":""},"categories":[3],"tags":[2465],"class_list":["post-14650","post","type-post","status-publish","format-standard","has-post-thumbnail","hentry","category-actualidad","tag-vivero"],"yoast_head":"<!-- This site is optimized with the Yoast SEO plugin v26.1.1 - https:\/\/yoast.com\/wordpress\/plugins\/seo\/ -->\n<title>M\u00f3stoles, capital de los emprendedores | HRTRENDS<\/title>\n<meta name=\"robots\" content=\"index, follow, max-snippet:-1, max-image-preview:large, max-video-preview:-1\" \/>\n<link rel=\"canonical\" href=\"https:\/\/empresas.infoempleo.com\/hrtrends\/mostoles-capital-de-los-emprendedores\/\" \/>\n<meta property=\"og:locale\" content=\"es_ES\" \/>\n<meta property=\"og:type\" content=\"article\" \/>\n<meta property=\"og:title\" content=\"M\u00f3stoles, capital de los emprendedores | HRTRENDS\" \/>\n<meta property=\"og:description\" content=\"Una productora de animaci\u00f3n online, una agencia de calificaci\u00f3n de riesgos para servicios tecnol\u00f3gicos, un buscador online de Leer m\u00e1s\" \/>\n<meta property=\"og:url\" content=\"https:\/\/empresas.infoempleo.com\/hrtrends\/mostoles-capital-de-los-emprendedores\/\" \/>\n<meta property=\"og:site_name\" content=\"HRTRENDS\" \/>\n<meta property=\"article:publisher\" content=\"https:\/\/www.facebook.com\/Infoempleo\" \/>\n<meta property=\"article:published_time\" content=\"2012-02-06T09:21:14+00:00\" \/>\n<meta property=\"article:modified_time\" content=\"2018-05-23T15:11:48+00:00\" \/>\n<meta property=\"og:image\" content=\"https:\/\/empresas.infoempleo.com\/hrtrends\/media\/2012\/02\/Vivero1.jpg\" \/>\n\t<meta property=\"og:image:width\" content=\"446\" \/>\n\t<meta property=\"og:image:height\" content=\"239\" \/>\n\t<meta property=\"og:image:type\" content=\"image\/jpeg\" \/>\n<meta name=\"author\" content=\"ruben marquez\" \/>\n<meta name=\"twitter:card\" content=\"summary_large_image\" \/>\n<meta name=\"twitter:creator\" content=\"@infoempleo\" \/>\n<meta name=\"twitter:site\" content=\"@infoempleo\" \/>\n<meta name=\"twitter:label1\" content=\"Escrito por\" \/>\n\t<meta name=\"twitter:data1\" content=\"ruben marquez\" \/>\n\t<meta name=\"twitter:label2\" content=\"Tiempo de lectura\" \/>\n\t<meta name=\"twitter:data2\" content=\"2 minutos\" \/>\n<script type=\"application\/ld+json\" class=\"yoast-schema-graph\">{\"@context\":\"https:\/\/schema.org\",\"@graph\":[{\"@type\":\"NewsArticle\",\"@id\":\"https:\/\/empresas.infoempleo.com\/hrtrends\/mostoles-capital-de-los-emprendedores\/#article\",\"isPartOf\":{\"@id\":\"https:\/\/empresas.infoempleo.com\/hrtrends\/mostoles-capital-de-los-emprendedores\/\"},\"author\":{\"name\":\"ruben marquez\",\"@id\":\"https:\/\/empresas.infoempleo.com\/hrtrends\/#\/schema\/person\/5b3903286b78efd57004978147c83ac3\"},\"headline\":\"M\u00f3stoles, capital de los emprendedores\",\"datePublished\":\"2012-02-06T09:21:14+00:00\",\"dateModified\":\"2018-05-23T15:11:48+00:00\",\"mainEntityOfPage\":{\"@id\":\"https:\/\/empresas.infoempleo.com\/hrtrends\/mostoles-capital-de-los-emprendedores\/\"},\"wordCount\":430,\"publisher\":{\"@id\":\"https:\/\/empresas.infoempleo.com\/hrtrends\/#organization\"},\"image\":{\"@id\":\"https:\/\/empresas.infoempleo.com\/hrtrends\/mostoles-capital-de-los-emprendedores\/#primaryimage\"},\"thumbnailUrl\":\"https:\/\/empresas.infoempleo.com\/hrtrends\/media\/2012\/02\/Vivero1.jpg\",\"keywords\":[\"vivero\"],\"articleSection\":[\"Actualidad\"],\"inLanguage\":\"es\",\"copyrightYear\":\"2012\",\"copyrightHolder\":{\"@id\":\"https:\/\/empresas.infoempleo.com\/hrtrends\/#organization\"}},{\"@type\":\"WebPage\",\"@id\":\"https:\/\/empresas.infoempleo.com\/hrtrends\/mostoles-capital-de-los-emprendedores\/\",\"url\":\"https:\/\/empresas.infoempleo.com\/hrtrends\/mostoles-capital-de-los-emprendedores\/\",\"name\":\"M\u00f3stoles, capital de los emprendedores | HRTRENDS\",\"isPartOf\":{\"@id\":\"https:\/\/empresas.infoempleo.com\/hrtrends\/#website\"},\"primaryImageOfPage\":{\"@id\":\"https:\/\/empresas.infoempleo.com\/hrtrends\/mostoles-capital-de-los-emprendedores\/#primaryimage\"},\"image\":{\"@id\":\"https:\/\/empresas.infoempleo.com\/hrtrends\/mostoles-capital-de-los-emprendedores\/#primaryimage\"},\"thumbnailUrl\":\"https:\/\/empresas.infoempleo.com\/hrtrends\/media\/2012\/02\/Vivero1.jpg\",\"datePublished\":\"2012-02-06T09:21:14+00:00\",\"dateModified\":\"2018-05-23T15:11:48+00:00\",\"breadcrumb\":{\"@id\":\"https:\/\/empresas.infoempleo.com\/hrtrends\/mostoles-capital-de-los-emprendedores\/#breadcrumb\"},\"inLanguage\":\"es\",\"potentialAction\":[{\"@type\":\"ReadAction\",\"target\":[\"https:\/\/empresas.infoempleo.com\/hrtrends\/mostoles-capital-de-los-emprendedores\/\"]}]},{\"@type\":\"ImageObject\",\"inLanguage\":\"es\",\"@id\":\"https:\/\/empresas.infoempleo.com\/hrtrends\/mostoles-capital-de-los-emprendedores\/#primaryimage\",\"url\":\"https:\/\/empresas.infoempleo.com\/hrtrends\/media\/2012\/02\/Vivero1-150x150.jpg\",\"contentUrl\":\"https:\/\/empresas.infoempleo.com\/hrtrends\/media\/2012\/02\/Vivero1-150x150.jpg\",\"width\":150,\"height\":150},{\"@type\":\"BreadcrumbList\",\"@id\":\"https:\/\/empresas.infoempleo.com\/hrtrends\/mostoles-capital-de-los-emprendedores\/#breadcrumb\",\"itemListElement\":[{\"@type\":\"ListItem\",\"position\":1,\"name\":\"Portada\",\"item\":\"https:\/\/empresas.infoempleo.com\/hrtrends\/\"},{\"@type\":\"ListItem\",\"position\":2,\"name\":\"M\u00f3stoles, capital de los emprendedores\"}]},{\"@type\":\"WebSite\",\"@id\":\"https:\/\/empresas.infoempleo.com\/hrtrends\/#website\",\"url\":\"https:\/\/empresas.infoempleo.com\/hrtrends\",\"name\":\"HRTrends by Infoempleo\",\"description\":\"\",\"publisher\":{\"@id\":\"https:\/\/empresas.infoempleo.com\/hrtrends\/#organization\"},\"potentialAction\":{\"@type\":\"SearchAction\",\"target\":\"https:\/\/empresas.infoempleo.com\/hrtrends\/?s={search_term_string}\",\"query-input\":\"required name=search_term_string\"},\"inLanguage\":\"es\"},{\"@type\":\"Organization\",\"@id\":\"https:\/\/empresas.infoempleo.com\/hrtrends\/#organization\",\"name\":\"Infoempleo\",\"url\":\"https:\/\/www.infoempleo.com\/\",\"logo\":{\"@type\":\"ImageObject\",\"@id\":\"https:\/\/empresas.infoempleo.com\/hrtrends\/#logo\",\"inLanguage\":\"es\",\"url\":\"https:\/\/cdnazure.infoempleo.com\/infoempleo\/assets\/style\/gfx\/logo.svg\",\"contentUrl\":\"https:\/\/cdnazure.infoempleo.com\/infoempleo\/assets\/style\/gfx\/logo.svg\",\"width\":150,\"height\":40,\"caption\":\"Infoempleo\"},\"image\":{\"@id\":\"https:\/\/empresas.infoempleo.com\/hrtrends\/#logo\"},\"sameAs\":[\"https:\/\/www.facebook.com\/Infoempleo\",\"https:\/\/x.com\/infoempleo\",\"http:\/\/instagram.com\/infoempleo\/\",\"http:\/\/www.linkedin.com\/groups\/Empleo-Espa\u00f1a-Infoempleocom-111276\",\"http:\/\/pinterest.com\/infoempleo\/\"],\"address\":{\"@type\":\"PostalAddress\",\"addressLocality\":\"Madrid\",\"postalCode\":\"28050\",\"streetAddress\":\"Avenida de Burgos 114\"},\"brand\":[\"Infoempleo\"]},{\"@type\":\"Person\",\"@id\":\"https:\/\/empresas.infoempleo.com\/hrtrends\/#\/schema\/person\/5b3903286b78efd57004978147c83ac3\",\"name\":\"ruben marquez\",\"image\":{\"@type\":\"ImageObject\",\"inLanguage\":\"es\",\"@id\":\"https:\/\/empresas.infoempleo.com\/hrtrends\/#\/schema\/person\/image\/\",\"url\":\"https:\/\/secure.gravatar.com\/avatar\/d267ab5c891354ec4988ad241ab3dce50b6eebc6a3ae04dba361419fffa31b8f?s=96&d=mm&r=g\",\"contentUrl\":\"https:\/\/secure.gravatar.com\/avatar\/d267ab5c891354ec4988ad241ab3dce50b6eebc6a3ae04dba361419fffa31b8f?s=96&d=mm&r=g\",\"caption\":\"ruben marquez\"},\"url\":\"https:\/\/empresas.infoempleo.com\/hrtrends\/author\/ruben-marquez\/\"}]}<\/script>\n<!-- \/ Yoast SEO plugin. -->","yoast_head_json":{"title":"M\u00f3stoles, capital de los emprendedores | HRTRENDS","robots":{"index":"index","follow":"follow","max-snippet":"max-snippet:-1","max-image-preview":"max-image-preview:large","max-video-preview":"max-video-preview:-1"},"canonical":"https:\/\/empresas.infoempleo.com\/hrtrends\/mostoles-capital-de-los-emprendedores\/","og_locale":"es_ES","og_type":"article","og_title":"M\u00f3stoles, capital de los emprendedores | HRTRENDS","og_description":"Una productora de animaci\u00f3n online, una agencia de calificaci\u00f3n de riesgos para servicios tecnol\u00f3gicos, un buscador online de Leer m\u00e1s","og_url":"https:\/\/empresas.infoempleo.com\/hrtrends\/mostoles-capital-de-los-emprendedores\/","og_site_name":"HRTRENDS","article_publisher":"https:\/\/www.facebook.com\/Infoempleo","article_published_time":"2012-02-06T09:21:14+00:00","article_modified_time":"2018-05-23T15:11:48+00:00","og_image":[{"width":446,"height":239,"url":"https:\/\/empresas.infoempleo.com\/hrtrends\/media\/2012\/02\/Vivero1.jpg","type":"image\/jpeg"}],"author":"ruben marquez","twitter_card":"summary_large_image","twitter_creator":"@infoempleo","twitter_site":"@infoempleo","twitter_misc":{"Escrito por":"ruben marquez","Tiempo de lectura":"2 minutos"},"schema":{"@context":"https:\/\/schema.org","@graph":[{"@type":"NewsArticle","@id":"https:\/\/empresas.infoempleo.com\/hrtrends\/mostoles-capital-de-los-emprendedores\/#article","isPartOf":{"@id":"https:\/\/empresas.infoempleo.com\/hrtrends\/mostoles-capital-de-los-emprendedores\/"},"author":{"name":"ruben marquez","@id":"https:\/\/empresas.infoempleo.com\/hrtrends\/#\/schema\/person\/5b3903286b78efd57004978147c83ac3"},"headline":"M\u00f3stoles, capital de los emprendedores","datePublished":"2012-02-06T09:21:14+00:00","dateModified":"2018-05-23T15:11:48+00:00","mainEntityOfPage":{"@id":"https:\/\/empresas.infoempleo.com\/hrtrends\/mostoles-capital-de-los-emprendedores\/"},"wordCount":430,"publisher":{"@id":"https:\/\/empresas.infoempleo.com\/hrtrends\/#organization"},"image":{"@id":"https:\/\/empresas.infoempleo.com\/hrtrends\/mostoles-capital-de-los-emprendedores\/#primaryimage"},"thumbnailUrl":"https:\/\/empresas.infoempleo.com\/hrtrends\/media\/2012\/02\/Vivero1.jpg","keywords":["vivero"],"articleSection":["Actualidad"],"inLanguage":"es","copyrightYear":"2012","copyrightHolder":{"@id":"https:\/\/empresas.infoempleo.com\/hrtrends\/#organization"}},{"@type":"WebPage","@id":"https:\/\/empresas.infoempleo.com\/hrtrends\/mostoles-capital-de-los-emprendedores\/","url":"https:\/\/empresas.infoempleo.com\/hrtrends\/mostoles-capital-de-los-emprendedores\/","name":"M\u00f3stoles, capital de los emprendedores | HRTRENDS","isPartOf":{"@id":"https:\/\/empresas.infoempleo.com\/hrtrends\/#website"},"primaryImageOfPage":{"@id":"https:\/\/empresas.infoempleo.com\/hrtrends\/mostoles-capital-de-los-emprendedores\/#primaryimage"},"image":{"@id":"https:\/\/empresas.infoempleo.com\/hrtrends\/mostoles-capital-de-los-emprendedores\/#primaryimage"},"thumbnailUrl":"https:\/\/empresas.infoempleo.com\/hrtrends\/media\/2012\/02\/Vivero1.jpg","datePublished":"2012-02-06T09:21:14+00:00","dateModified":"2018-05-23T15:11:48+00:00","breadcrumb":{"@id":"https:\/\/empresas.infoempleo.com\/hrtrends\/mostoles-capital-de-los-emprendedores\/#breadcrumb"},"inLanguage":"es","potentialAction":[{"@type":"ReadAction","target":["https:\/\/empresas.infoempleo.com\/hrtrends\/mostoles-capital-de-los-emprendedores\/"]}]},{"@type":"ImageObject","inLanguage":"es","@id":"https:\/\/empresas.infoempleo.com\/hrtrends\/mostoles-capital-de-los-emprendedores\/#primaryimage","url":"https:\/\/empresas.infoempleo.com\/hrtrends\/media\/2012\/02\/Vivero1-150x150.jpg","contentUrl":"https:\/\/empresas.infoempleo.com\/hrtrends\/media\/2012\/02\/Vivero1-150x150.jpg","width":150,"height":150},{"@type":"BreadcrumbList","@id":"https:\/\/empresas.infoempleo.com\/hrtrends\/mostoles-capital-de-los-emprendedores\/#breadcrumb","itemListElement":[{"@type":"ListItem","position":1,"name":"Portada","item":"https:\/\/empresas.infoempleo.com\/hrtrends\/"},{"@type":"ListItem","position":2,"name":"M\u00f3stoles, capital de los emprendedores"}]},{"@type":"WebSite","@id":"https:\/\/empresas.infoempleo.com\/hrtrends\/#website","url":"https:\/\/empresas.infoempleo.com\/hrtrends","name":"HRTrends by Infoempleo","description":"","publisher":{"@id":"https:\/\/empresas.infoempleo.com\/hrtrends\/#organization"},"potentialAction":{"@type":"SearchAction","target":"https:\/\/empresas.infoempleo.com\/hrtrends\/?s={search_term_string}","query-input":"required name=search_term_string"},"inLanguage":"es"},{"@type":"Organization","@id":"https:\/\/empresas.infoempleo.com\/hrtrends\/#organization","name":"Infoempleo","url":"https:\/\/www.infoempleo.com\/","logo":{"@type":"ImageObject","@id":"https:\/\/empresas.infoempleo.com\/hrtrends\/#logo","inLanguage":"es","url":"https:\/\/cdnazure.infoempleo.com\/infoempleo\/assets\/style\/gfx\/logo.svg","contentUrl":"https:\/\/cdnazure.infoempleo.com\/infoempleo\/assets\/style\/gfx\/logo.svg","width":150,"height":40,"caption":"Infoempleo"},"image":{"@id":"https:\/\/empresas.infoempleo.com\/hrtrends\/#logo"},"sameAs":["https:\/\/www.facebook.com\/Infoempleo","https:\/\/x.com\/infoempleo","http:\/\/instagram.com\/infoempleo\/","http:\/\/www.linkedin.com\/groups\/Empleo-Espa\u00f1a-Infoempleocom-111276","http:\/\/pinterest.com\/infoempleo\/"],"address":{"@type":"PostalAddress","addressLocality":"Madrid","postalCode":"28050","streetAddress":"Avenida de Burgos 114"},"brand":["Infoempleo"]},{"@type":"Person","@id":"https:\/\/empresas.infoempleo.com\/hrtrends\/#\/schema\/person\/5b3903286b78efd57004978147c83ac3","name":"ruben marquez","image":{"@type":"ImageObject","inLanguage":"es","@id":"https:\/\/empresas.infoempleo.com\/hrtrends\/#\/schema\/person\/image\/","url":"https:\/\/secure.gravatar.com\/avatar\/d267ab5c891354ec4988ad241ab3dce50b6eebc6a3ae04dba361419fffa31b8f?s=96&d=mm&r=g","contentUrl":"https:\/\/secure.gravatar.com\/avatar\/d267ab5c891354ec4988ad241ab3dce50b6eebc6a3ae04dba361419fffa31b8f?s=96&d=mm&r=g","caption":"ruben marquez"},"url":"https:\/\/empresas.infoempleo.com\/hrtrends\/author\/ruben-marquez\/"}]}},"amp_enabled":true,"_links":{"self":[{"href":"https:\/\/empresas.infoempleo.com\/hrtrends\/wp-json\/wp\/v2\/posts\/14650","targetHints":{"allow":["GET"]}}],"collection":[{"href":"https:\/\/empresas.infoempleo.com\/hrtrends\/wp-json\/wp\/v2\/posts"}],"about":[{"href":"https:\/\/empresas.infoempleo.com\/hrtrends\/wp-json\/wp\/v2\/types\/post"}],"author":[{"embeddable":true,"href":"https:\/\/empresas.infoempleo.com\/hrtrends\/wp-json\/wp\/v2\/users\/52"}],"replies":[{"embeddable":true,"href":"https:\/\/empresas.infoempleo.com\/hrtrends\/wp-json\/wp\/v2\/comments?post=14650"}],"version-history":[{"count":0,"href":"https:\/\/empresas.infoempleo.com\/hrtrends\/wp-json\/wp\/v2\/posts\/14650\/revisions"}],"wp:featuredmedia":[{"embeddable":true,"href":"https:\/\/empresas.infoempleo.com\/hrtrends\/wp-json\/wp\/v2\/media\/14654"}],"wp:attachment":[{"href":"https:\/\/empresas.infoempleo.com\/hrtrends\/wp-json\/wp\/v2\/media?parent=14650"}],"wp:term":[{"taxonomy":"category","embeddable":true,"href":"https:\/\/empresas.infoempleo.com\/hrtrends\/wp-json\/wp\/v2\/categories?post=14650"},{"taxonomy":"post_tag","embeddable":true,"href":"https:\/\/empresas.infoempleo.com\/hrtrends\/wp-json\/wp\/v2\/tags?post=14650"}],"curies":[{"name":"wp","href":"https:\/\/api.w.org\/{rel}","templated":true}]}}