{"id":14638,"date":"2012-01-31T16:14:53","date_gmt":"2012-01-31T15:14:53","guid":{"rendered":"http:\/\/blog.infoempleo.com\/?p=14638"},"modified":"2024-08-29T17:40:15","modified_gmt":"2024-08-29T15:40:15","slug":"novedades-para-encarar-un-2012-lleno-de-desafios","status":"publish","type":"post","link":"https:\/\/empresas.infoempleo.com\/hrtrends\/novedades-para-encarar-un-2012-lleno-de-desafios\/","title":{"rendered":"Novedades para encarar un 2012 lleno de desaf\u00edos"},"content":{"rendered":"<p style=\"text-align: center;\"><img loading=\"lazy\" decoding=\"async\" class=\"alignnone size-full wp-image-14639\" title=\"MAster\" src=\"https:\/\/empresas.infoempleo.com\/hrtrends\/media\/2012\/01\/MAster.jpg\" alt=\"\" width=\"454\" height=\"206\" srcset=\"https:\/\/empresas.infoempleo.com\/hrtrends\/media\/2012\/01\/MAster.jpg 568w, https:\/\/empresas.infoempleo.com\/hrtrends\/media\/2012\/01\/MAster-300x136.jpg 300w\" sizes=\"auto, (max-width: 454px) 100vw, 454px\" \/><\/p>\n<p>Desempleo juvenil, recortes&#8230; 2012 no tiene buena cara. Los centros de postgrado son conscientes de que estamos en un punto clave del panorama laboral y econ\u00f3mico y <strong>tratan de responder dise\u00f1ando nuevos programas e introduciendo valores que hay que recuperar. <\/strong><\/p>\n<p><strong>Maril\u00f3 Mart\u00ednez, directora del \u00c1rea de Innovaci\u00f3n y Creatividad en la Gesti\u00f3n de la <a href=\"https:\/\/www.eoi.es\/es\" target=\"_blank\" rel=\"noopener\">Escuela de Organizaci\u00f3n Industrial <\/a>(EOI)<\/strong>, es consciente de que \u00abel momento que estamos viviendo no es replicable a a\u00f1os anteriores\u00bb y cree que es necesario formar profesionales con otras habilidades. \u00bfPor ejemplo? \u00abDirectivos que tengan capacidades de emprender, dentro y fuera de sus organizaciones, que tengan la capacidad de gestionar y poner en marcha procesos de innovaci\u00f3n\u2026\u00bb.<\/p>\n<p>Como reflejo de este punto de vista, la EOI pone en marcha en los pr\u00f3ximos meses algunos m\u00e1steres innovadores: el Programa Ejecutivo en Gesti\u00f3n de Proyectos de Energ\u00edas Renovables o el Master en Gesti\u00f3n de Empresas y Tecnolog\u00edas TIC.<\/p>\n<p>En la <a href=\"https:\/\/www.uoc.edu:443\/\" target=\"_blank\" rel=\"noopener\">Universidad Oberta de Catalunya <\/a>(UOC) tambi\u00e9n creen que este a\u00f1o se producir\u00e1 un profundo cambio, pero toman prestado el proverbio chino de que la crisis es oportunidad. \u00abEn 2012, la formaci\u00f3n de postgrado de la UOC pone el foco en la oportunidad que suponen sus programas en un contexto de crisis donde la formaci\u00f3n se transforma en un elemento clave\u00bb, explica <strong>Josep M\u00aa Duart, vicerrector de Postgrado y Formaci\u00f3n Continua de la primera universidad virtual de Espa\u00f1a.<\/strong><\/p>\n<p><strong>Fernando de Vicente, Director Acad\u00e9mico de <a href=\"https:\/\/www.nebrija.com\/business-school\/\" target=\"_blank\" rel=\"noopener\">Nebrija Business School<\/a><\/strong>, cree que \u00aben un entorno de crisis como en el que nos encontramos, donde el crecimiento es dif\u00edcil, hay que trabajar m\u00e1s para conseguir resultados\u00bb. En el \u00e1rea de Master, Nebrija Business School ofrecer\u00e1 este a\u00f1o un Master Oficial para el acceso a la abogac\u00eda y un Master Propio en Comunicaci\u00f3n 2.0.<\/p>\n<p><strong>Esther \u00c1lvarez, Directora de Estudios de IDE-CESEM<\/strong>, observa que, en los \u00faltimos tiempos \u2013y no ser\u00e1 una novedad este a\u00f1o\u2013 muchos centros se han especializado en la formaci\u00f3n para reci\u00e9n titulados. Sin embargo, apunta que ellos contin\u00faan ofreciendo formaci\u00f3n para profesionales. Este a\u00f1o lanzan un nuevo Programa de Desarrollo Profesional, necesario para directivos con una nueva forma de dirigir, y la III Edici\u00f3n del Master en Marketing Pol\u00edtico y Comunicaci\u00f3n Estrat\u00e9gica, conscientes de que \u00abla clase pol\u00edtica ha suspendido en los \u00faltimos a\u00f1os\u00bb.<\/p>\n<p>En la <a href=\"https:\/\/www.uax.com\/\" target=\"_blank\" rel=\"noopener\">Universidad Alfonso X El Sabio<\/a> apuestan por una \u00abpreparaci\u00f3n profesional avanzada, orientada a la especializaci\u00f3n, acad\u00e9mica, profesional y a la investigaci\u00f3n\u00bb, como se\u00f1ala Iris N\u00fa\u00f1ez Trebol, Vicerrectora de la instituci\u00f3n. Durante este curso han puesto en marcha el programa &#8216;Dynamics of cooperation, conflicts and negotiation in international relations and diplomacy&#8217;, dirigido a la comunidad diplom\u00e1tica internacional residente en Espa\u00f1a. En la rama cient\u00edfica y de ciencias de la salud, tambi\u00e9n hay novedades: el M\u00e1ster de Especialista Europeo en Ortodoncia y el Taller de Simulaci\u00f3n de Resucitaci\u00f3n Cardiopulmonar en el paciente veterinario.<\/p>\n<p>La <a href=\"https:\/\/www.urjc.es\/\" target=\"_blank\" rel=\"noopener\">Universidad Rey Juan Carlos<\/a> este a\u00f1o tambi\u00e9n apuesta por las nuevas tecnolog\u00edas y lanza el Master de Creaci\u00f3n y Gesti\u00f3n de Contenidos Audiovisuales y mantiene, entre otros, los de An\u00e1lisis Econ\u00f3mico Moderno, An\u00e1lisis Pol\u00edtico y Medios de Comunicaci\u00f3n o Gesti\u00f3n y Liderazgo de\u00a0 Proyectos Culturales.<\/p>\n","protected":false},"excerpt":{"rendered":"<p>Desempleo juvenil, recortes&#8230; 2012 no tiene buena cara. Los centros de postgrado son conscientes de que estamos en<a class=\"moretag\" href=\"https:\/\/empresas.infoempleo.com\/hrtrends\/novedades-para-encarar-un-2012-lleno-de-desafios\/\"> Leer m\u00e1s<\/a><\/p>\n","protected":false},"author":52,"featured_media":14639,"comment_status":"closed","ping_status":"open","sticky":false,"template":"","format":"standard","meta":{"footnotes":""},"categories":[3],"tags":[162],"class_list":["post-14638","post","type-post","status-publish","format-standard","has-post-thumbnail","hentry","category-actualidad","tag-empleo"],"yoast_head":"<!-- This site is optimized with the Yoast SEO plugin v26.1.1 - https:\/\/yoast.com\/wordpress\/plugins\/seo\/ -->\n<title>Novedades para encarar un 2012 lleno de desaf\u00edos | HRTRENDS<\/title>\n<meta name=\"robots\" content=\"index, follow, max-snippet:-1, max-image-preview:large, max-video-preview:-1\" \/>\n<link rel=\"canonical\" href=\"https:\/\/empresas.infoempleo.com\/hrtrends\/novedades-para-encarar-un-2012-lleno-de-desafios\/\" \/>\n<meta property=\"og:locale\" content=\"es_ES\" \/>\n<meta property=\"og:type\" content=\"article\" \/>\n<meta property=\"og:title\" content=\"Novedades para encarar un 2012 lleno de desaf\u00edos | HRTRENDS\" \/>\n<meta property=\"og:description\" content=\"Desempleo juvenil, recortes&#8230; 2012 no tiene buena cara. Los centros de postgrado son conscientes de que estamos en Leer m\u00e1s\" \/>\n<meta property=\"og:url\" content=\"https:\/\/empresas.infoempleo.com\/hrtrends\/novedades-para-encarar-un-2012-lleno-de-desafios\/\" \/>\n<meta property=\"og:site_name\" content=\"HRTRENDS\" \/>\n<meta property=\"article:publisher\" content=\"https:\/\/www.facebook.com\/Infoempleo\" \/>\n<meta property=\"article:published_time\" content=\"2012-01-31T15:14:53+00:00\" \/>\n<meta property=\"article:modified_time\" content=\"2024-08-29T15:40:15+00:00\" \/>\n<meta property=\"og:image\" content=\"https:\/\/empresas.infoempleo.com\/hrtrends\/media\/2012\/01\/MAster.jpg\" \/>\n\t<meta property=\"og:image:width\" content=\"568\" \/>\n\t<meta property=\"og:image:height\" content=\"258\" \/>\n\t<meta property=\"og:image:type\" content=\"image\/jpeg\" \/>\n<meta name=\"author\" content=\"ruben marquez\" \/>\n<meta name=\"twitter:card\" content=\"summary_large_image\" \/>\n<meta name=\"twitter:creator\" content=\"@infoempleo\" \/>\n<meta name=\"twitter:site\" content=\"@infoempleo\" \/>\n<meta name=\"twitter:label1\" content=\"Escrito por\" \/>\n\t<meta name=\"twitter:data1\" content=\"ruben marquez\" \/>\n\t<meta name=\"twitter:label2\" content=\"Tiempo de lectura\" \/>\n\t<meta name=\"twitter:data2\" content=\"3 minutos\" \/>\n<script type=\"application\/ld+json\" class=\"yoast-schema-graph\">{\"@context\":\"https:\/\/schema.org\",\"@graph\":[{\"@type\":\"NewsArticle\",\"@id\":\"https:\/\/empresas.infoempleo.com\/hrtrends\/novedades-para-encarar-un-2012-lleno-de-desafios\/#article\",\"isPartOf\":{\"@id\":\"https:\/\/empresas.infoempleo.com\/hrtrends\/novedades-para-encarar-un-2012-lleno-de-desafios\/\"},\"author\":{\"name\":\"ruben marquez\",\"@id\":\"https:\/\/empresas.infoempleo.com\/hrtrends\/#\/schema\/person\/5b3903286b78efd57004978147c83ac3\"},\"headline\":\"Novedades para encarar un 2012 lleno de desaf\u00edos\",\"datePublished\":\"2012-01-31T15:14:53+00:00\",\"dateModified\":\"2024-08-29T15:40:15+00:00\",\"mainEntityOfPage\":{\"@id\":\"https:\/\/empresas.infoempleo.com\/hrtrends\/novedades-para-encarar-un-2012-lleno-de-desafios\/\"},\"wordCount\":580,\"publisher\":{\"@id\":\"https:\/\/empresas.infoempleo.com\/hrtrends\/#organization\"},\"image\":{\"@id\":\"https:\/\/empresas.infoempleo.com\/hrtrends\/novedades-para-encarar-un-2012-lleno-de-desafios\/#primaryimage\"},\"thumbnailUrl\":\"https:\/\/empresas.infoempleo.com\/hrtrends\/media\/2012\/01\/MAster.jpg\",\"keywords\":[\"Empleo\"],\"articleSection\":[\"Actualidad\"],\"inLanguage\":\"es\",\"copyrightYear\":\"2012\",\"copyrightHolder\":{\"@id\":\"https:\/\/empresas.infoempleo.com\/hrtrends\/#organization\"}},{\"@type\":\"WebPage\",\"@id\":\"https:\/\/empresas.infoempleo.com\/hrtrends\/novedades-para-encarar-un-2012-lleno-de-desafios\/\",\"url\":\"https:\/\/empresas.infoempleo.com\/hrtrends\/novedades-para-encarar-un-2012-lleno-de-desafios\/\",\"name\":\"Novedades para encarar un 2012 lleno de desaf\u00edos | HRTRENDS\",\"isPartOf\":{\"@id\":\"https:\/\/empresas.infoempleo.com\/hrtrends\/#website\"},\"primaryImageOfPage\":{\"@id\":\"https:\/\/empresas.infoempleo.com\/hrtrends\/novedades-para-encarar-un-2012-lleno-de-desafios\/#primaryimage\"},\"image\":{\"@id\":\"https:\/\/empresas.infoempleo.com\/hrtrends\/novedades-para-encarar-un-2012-lleno-de-desafios\/#primaryimage\"},\"thumbnailUrl\":\"https:\/\/empresas.infoempleo.com\/hrtrends\/media\/2012\/01\/MAster.jpg\",\"datePublished\":\"2012-01-31T15:14:53+00:00\",\"dateModified\":\"2024-08-29T15:40:15+00:00\",\"breadcrumb\":{\"@id\":\"https:\/\/empresas.infoempleo.com\/hrtrends\/novedades-para-encarar-un-2012-lleno-de-desafios\/#breadcrumb\"},\"inLanguage\":\"es\",\"potentialAction\":[{\"@type\":\"ReadAction\",\"target\":[\"https:\/\/empresas.infoempleo.com\/hrtrends\/novedades-para-encarar-un-2012-lleno-de-desafios\/\"]}]},{\"@type\":\"ImageObject\",\"inLanguage\":\"es\",\"@id\":\"https:\/\/empresas.infoempleo.com\/hrtrends\/novedades-para-encarar-un-2012-lleno-de-desafios\/#primaryimage\",\"url\":\"https:\/\/empresas.infoempleo.com\/hrtrends\/media\/2012\/01\/MAster-150x150.jpg\",\"contentUrl\":\"https:\/\/empresas.infoempleo.com\/hrtrends\/media\/2012\/01\/MAster-150x150.jpg\",\"width\":150,\"height\":150},{\"@type\":\"BreadcrumbList\",\"@id\":\"https:\/\/empresas.infoempleo.com\/hrtrends\/novedades-para-encarar-un-2012-lleno-de-desafios\/#breadcrumb\",\"itemListElement\":[{\"@type\":\"ListItem\",\"position\":1,\"name\":\"Portada\",\"item\":\"https:\/\/empresas.infoempleo.com\/hrtrends\/\"},{\"@type\":\"ListItem\",\"position\":2,\"name\":\"Novedades para encarar un 2012 lleno de desaf\u00edos\"}]},{\"@type\":\"WebSite\",\"@id\":\"https:\/\/empresas.infoempleo.com\/hrtrends\/#website\",\"url\":\"https:\/\/empresas.infoempleo.com\/hrtrends\",\"name\":\"HRTrends by Infoempleo\",\"description\":\"\",\"publisher\":{\"@id\":\"https:\/\/empresas.infoempleo.com\/hrtrends\/#organization\"},\"potentialAction\":{\"@type\":\"SearchAction\",\"target\":\"https:\/\/empresas.infoempleo.com\/hrtrends\/?s={search_term_string}\",\"query-input\":\"required name=search_term_string\"},\"inLanguage\":\"es\"},{\"@type\":\"Organization\",\"@id\":\"https:\/\/empresas.infoempleo.com\/hrtrends\/#organization\",\"name\":\"Infoempleo\",\"url\":\"https:\/\/www.infoempleo.com\/\",\"logo\":{\"@type\":\"ImageObject\",\"@id\":\"https:\/\/empresas.infoempleo.com\/hrtrends\/#logo\",\"inLanguage\":\"es\",\"url\":\"https:\/\/cdnazure.infoempleo.com\/infoempleo\/assets\/style\/gfx\/logo.svg\",\"contentUrl\":\"https:\/\/cdnazure.infoempleo.com\/infoempleo\/assets\/style\/gfx\/logo.svg\",\"width\":150,\"height\":40,\"caption\":\"Infoempleo\"},\"image\":{\"@id\":\"https:\/\/empresas.infoempleo.com\/hrtrends\/#logo\"},\"sameAs\":[\"https:\/\/www.facebook.com\/Infoempleo\",\"https:\/\/x.com\/infoempleo\",\"http:\/\/instagram.com\/infoempleo\/\",\"http:\/\/www.linkedin.com\/groups\/Empleo-Espa\u00f1a-Infoempleocom-111276\",\"http:\/\/pinterest.com\/infoempleo\/\"],\"address\":{\"@type\":\"PostalAddress\",\"addressLocality\":\"Madrid\",\"postalCode\":\"28050\",\"streetAddress\":\"Avenida de Burgos 114\"},\"brand\":[\"Infoempleo\"]},{\"@type\":\"Person\",\"@id\":\"https:\/\/empresas.infoempleo.com\/hrtrends\/#\/schema\/person\/5b3903286b78efd57004978147c83ac3\",\"name\":\"ruben marquez\",\"image\":{\"@type\":\"ImageObject\",\"inLanguage\":\"es\",\"@id\":\"https:\/\/empresas.infoempleo.com\/hrtrends\/#\/schema\/person\/image\/\",\"url\":\"https:\/\/secure.gravatar.com\/avatar\/d267ab5c891354ec4988ad241ab3dce50b6eebc6a3ae04dba361419fffa31b8f?s=96&d=mm&r=g\",\"contentUrl\":\"https:\/\/secure.gravatar.com\/avatar\/d267ab5c891354ec4988ad241ab3dce50b6eebc6a3ae04dba361419fffa31b8f?s=96&d=mm&r=g\",\"caption\":\"ruben marquez\"},\"url\":\"https:\/\/empresas.infoempleo.com\/hrtrends\/author\/ruben-marquez\/\"}]}<\/script>\n<!-- \/ Yoast SEO plugin. -->","yoast_head_json":{"title":"Novedades para encarar un 2012 lleno de desaf\u00edos | HRTRENDS","robots":{"index":"index","follow":"follow","max-snippet":"max-snippet:-1","max-image-preview":"max-image-preview:large","max-video-preview":"max-video-preview:-1"},"canonical":"https:\/\/empresas.infoempleo.com\/hrtrends\/novedades-para-encarar-un-2012-lleno-de-desafios\/","og_locale":"es_ES","og_type":"article","og_title":"Novedades para encarar un 2012 lleno de desaf\u00edos | HRTRENDS","og_description":"Desempleo juvenil, recortes&#8230; 2012 no tiene buena cara. Los centros de postgrado son conscientes de que estamos en Leer m\u00e1s","og_url":"https:\/\/empresas.infoempleo.com\/hrtrends\/novedades-para-encarar-un-2012-lleno-de-desafios\/","og_site_name":"HRTRENDS","article_publisher":"https:\/\/www.facebook.com\/Infoempleo","article_published_time":"2012-01-31T15:14:53+00:00","article_modified_time":"2024-08-29T15:40:15+00:00","og_image":[{"width":568,"height":258,"url":"https:\/\/empresas.infoempleo.com\/hrtrends\/media\/2012\/01\/MAster.jpg","type":"image\/jpeg"}],"author":"ruben marquez","twitter_card":"summary_large_image","twitter_creator":"@infoempleo","twitter_site":"@infoempleo","twitter_misc":{"Escrito por":"ruben marquez","Tiempo de lectura":"3 minutos"},"schema":{"@context":"https:\/\/schema.org","@graph":[{"@type":"NewsArticle","@id":"https:\/\/empresas.infoempleo.com\/hrtrends\/novedades-para-encarar-un-2012-lleno-de-desafios\/#article","isPartOf":{"@id":"https:\/\/empresas.infoempleo.com\/hrtrends\/novedades-para-encarar-un-2012-lleno-de-desafios\/"},"author":{"name":"ruben marquez","@id":"https:\/\/empresas.infoempleo.com\/hrtrends\/#\/schema\/person\/5b3903286b78efd57004978147c83ac3"},"headline":"Novedades para encarar un 2012 lleno de desaf\u00edos","datePublished":"2012-01-31T15:14:53+00:00","dateModified":"2024-08-29T15:40:15+00:00","mainEntityOfPage":{"@id":"https:\/\/empresas.infoempleo.com\/hrtrends\/novedades-para-encarar-un-2012-lleno-de-desafios\/"},"wordCount":580,"publisher":{"@id":"https:\/\/empresas.infoempleo.com\/hrtrends\/#organization"},"image":{"@id":"https:\/\/empresas.infoempleo.com\/hrtrends\/novedades-para-encarar-un-2012-lleno-de-desafios\/#primaryimage"},"thumbnailUrl":"https:\/\/empresas.infoempleo.com\/hrtrends\/media\/2012\/01\/MAster.jpg","keywords":["Empleo"],"articleSection":["Actualidad"],"inLanguage":"es","copyrightYear":"2012","copyrightHolder":{"@id":"https:\/\/empresas.infoempleo.com\/hrtrends\/#organization"}},{"@type":"WebPage","@id":"https:\/\/empresas.infoempleo.com\/hrtrends\/novedades-para-encarar-un-2012-lleno-de-desafios\/","url":"https:\/\/empresas.infoempleo.com\/hrtrends\/novedades-para-encarar-un-2012-lleno-de-desafios\/","name":"Novedades para encarar un 2012 lleno de desaf\u00edos | HRTRENDS","isPartOf":{"@id":"https:\/\/empresas.infoempleo.com\/hrtrends\/#website"},"primaryImageOfPage":{"@id":"https:\/\/empresas.infoempleo.com\/hrtrends\/novedades-para-encarar-un-2012-lleno-de-desafios\/#primaryimage"},"image":{"@id":"https:\/\/empresas.infoempleo.com\/hrtrends\/novedades-para-encarar-un-2012-lleno-de-desafios\/#primaryimage"},"thumbnailUrl":"https:\/\/empresas.infoempleo.com\/hrtrends\/media\/2012\/01\/MAster.jpg","datePublished":"2012-01-31T15:14:53+00:00","dateModified":"2024-08-29T15:40:15+00:00","breadcrumb":{"@id":"https:\/\/empresas.infoempleo.com\/hrtrends\/novedades-para-encarar-un-2012-lleno-de-desafios\/#breadcrumb"},"inLanguage":"es","potentialAction":[{"@type":"ReadAction","target":["https:\/\/empresas.infoempleo.com\/hrtrends\/novedades-para-encarar-un-2012-lleno-de-desafios\/"]}]},{"@type":"ImageObject","inLanguage":"es","@id":"https:\/\/empresas.infoempleo.com\/hrtrends\/novedades-para-encarar-un-2012-lleno-de-desafios\/#primaryimage","url":"https:\/\/empresas.infoempleo.com\/hrtrends\/media\/2012\/01\/MAster-150x150.jpg","contentUrl":"https:\/\/empresas.infoempleo.com\/hrtrends\/media\/2012\/01\/MAster-150x150.jpg","width":150,"height":150},{"@type":"BreadcrumbList","@id":"https:\/\/empresas.infoempleo.com\/hrtrends\/novedades-para-encarar-un-2012-lleno-de-desafios\/#breadcrumb","itemListElement":[{"@type":"ListItem","position":1,"name":"Portada","item":"https:\/\/empresas.infoempleo.com\/hrtrends\/"},{"@type":"ListItem","position":2,"name":"Novedades para encarar un 2012 lleno de desaf\u00edos"}]},{"@type":"WebSite","@id":"https:\/\/empresas.infoempleo.com\/hrtrends\/#website","url":"https:\/\/empresas.infoempleo.com\/hrtrends","name":"HRTrends by Infoempleo","description":"","publisher":{"@id":"https:\/\/empresas.infoempleo.com\/hrtrends\/#organization"},"potentialAction":{"@type":"SearchAction","target":"https:\/\/empresas.infoempleo.com\/hrtrends\/?s={search_term_string}","query-input":"required name=search_term_string"},"inLanguage":"es"},{"@type":"Organization","@id":"https:\/\/empresas.infoempleo.com\/hrtrends\/#organization","name":"Infoempleo","url":"https:\/\/www.infoempleo.com\/","logo":{"@type":"ImageObject","@id":"https:\/\/empresas.infoempleo.com\/hrtrends\/#logo","inLanguage":"es","url":"https:\/\/cdnazure.infoempleo.com\/infoempleo\/assets\/style\/gfx\/logo.svg","contentUrl":"https:\/\/cdnazure.infoempleo.com\/infoempleo\/assets\/style\/gfx\/logo.svg","width":150,"height":40,"caption":"Infoempleo"},"image":{"@id":"https:\/\/empresas.infoempleo.com\/hrtrends\/#logo"},"sameAs":["https:\/\/www.facebook.com\/Infoempleo","https:\/\/x.com\/infoempleo","http:\/\/instagram.com\/infoempleo\/","http:\/\/www.linkedin.com\/groups\/Empleo-Espa\u00f1a-Infoempleocom-111276","http:\/\/pinterest.com\/infoempleo\/"],"address":{"@type":"PostalAddress","addressLocality":"Madrid","postalCode":"28050","streetAddress":"Avenida de Burgos 114"},"brand":["Infoempleo"]},{"@type":"Person","@id":"https:\/\/empresas.infoempleo.com\/hrtrends\/#\/schema\/person\/5b3903286b78efd57004978147c83ac3","name":"ruben marquez","image":{"@type":"ImageObject","inLanguage":"es","@id":"https:\/\/empresas.infoempleo.com\/hrtrends\/#\/schema\/person\/image\/","url":"https:\/\/secure.gravatar.com\/avatar\/d267ab5c891354ec4988ad241ab3dce50b6eebc6a3ae04dba361419fffa31b8f?s=96&d=mm&r=g","contentUrl":"https:\/\/secure.gravatar.com\/avatar\/d267ab5c891354ec4988ad241ab3dce50b6eebc6a3ae04dba361419fffa31b8f?s=96&d=mm&r=g","caption":"ruben marquez"},"url":"https:\/\/empresas.infoempleo.com\/hrtrends\/author\/ruben-marquez\/"}]}},"amp_enabled":true,"_links":{"self":[{"href":"https:\/\/empresas.infoempleo.com\/hrtrends\/wp-json\/wp\/v2\/posts\/14638","targetHints":{"allow":["GET"]}}],"collection":[{"href":"https:\/\/empresas.infoempleo.com\/hrtrends\/wp-json\/wp\/v2\/posts"}],"about":[{"href":"https:\/\/empresas.infoempleo.com\/hrtrends\/wp-json\/wp\/v2\/types\/post"}],"author":[{"embeddable":true,"href":"https:\/\/empresas.infoempleo.com\/hrtrends\/wp-json\/wp\/v2\/users\/52"}],"replies":[{"embeddable":true,"href":"https:\/\/empresas.infoempleo.com\/hrtrends\/wp-json\/wp\/v2\/comments?post=14638"}],"version-history":[{"count":1,"href":"https:\/\/empresas.infoempleo.com\/hrtrends\/wp-json\/wp\/v2\/posts\/14638\/revisions"}],"predecessor-version":[{"id":44772,"href":"https:\/\/empresas.infoempleo.com\/hrtrends\/wp-json\/wp\/v2\/posts\/14638\/revisions\/44772"}],"wp:featuredmedia":[{"embeddable":true,"href":"https:\/\/empresas.infoempleo.com\/hrtrends\/wp-json\/wp\/v2\/media\/14639"}],"wp:attachment":[{"href":"https:\/\/empresas.infoempleo.com\/hrtrends\/wp-json\/wp\/v2\/media?parent=14638"}],"wp:term":[{"taxonomy":"category","embeddable":true,"href":"https:\/\/empresas.infoempleo.com\/hrtrends\/wp-json\/wp\/v2\/categories?post=14638"},{"taxonomy":"post_tag","embeddable":true,"href":"https:\/\/empresas.infoempleo.com\/hrtrends\/wp-json\/wp\/v2\/tags?post=14638"}],"curies":[{"name":"wp","href":"https:\/\/api.w.org\/{rel}","templated":true}]}}