{"id":14605,"date":"2012-01-23T12:37:15","date_gmt":"2012-01-23T11:37:15","guid":{"rendered":"http:\/\/blog.infoempleo.com\/?p=14605"},"modified":"2018-05-23T17:13:02","modified_gmt":"2018-05-23T15:13:02","slug":"como-se-puede-ordenar-el-caos-de-internet","status":"publish","type":"post","link":"https:\/\/empresas.infoempleo.com\/hrtrends\/como-se-puede-ordenar-el-caos-de-internet\/","title":{"rendered":"\u00bfC\u00f3mo se puede ordenar el caos de Internet?"},"content":{"rendered":"<p style=\"text-align: center;\"><img loading=\"lazy\" decoding=\"async\" class=\"alignnone size-full wp-image-14607\" title=\"Big Data\" src=\"https:\/\/empresas.infoempleo.com\/hrtrends\/media\/2012\/01\/BigData.jpg\" alt=\"\" width=\"454\" height=\"206\" srcset=\"https:\/\/empresas.infoempleo.com\/hrtrends\/media\/2012\/01\/BigData.jpg 568w, https:\/\/empresas.infoempleo.com\/hrtrends\/media\/2012\/01\/BigData-300x136.jpg 300w\" sizes=\"auto, (max-width: 454px) 100vw, 454px\" \/><\/p>\n<p>El proyecto <a href=\"http:\/\/www.emprendego.com\" target=\"_blank\">\u00abemprendeGO\u00bb<\/a>, que ha puesto en marcha <a href=\"https:\/\/www.infoempleo.com\/\" target=\"_blank\">Infoempleo.com<\/a>, premiar\u00e1 30 proyectos empresariales y ofrecer\u00e1 a los \u00abcerebros\u00bb que los desarrollan una financiaci\u00f3n inicial de <strong>hasta 100.000 euros<\/strong> y el <strong>tutelaje de grandes firmas nacionales e internacionales<\/strong>. Adem\u00e1s, el emprendedor con<strong> la mejor idea viajar\u00e1 a Silicon Valley<\/strong>, cuna del emprendimiento.<\/p>\n<p>\u00abemprendeGO\u00bb cuenta con la colaboraci\u00f3n de los <strong>ministerios de Educaci\u00f3n y de Empleo y Seguridad Social<\/strong> y el patrocinio de BBVA en cuanto a la parte financiera de los proyectos; Deloitte, que se encargar\u00e1 del \u00e1rea legal; Manpower, que gestionar\u00e1 las necesidades de Recursos Humanos de las nuevas empresas que surjan; IE University, que aportar\u00e1 su experiencia en la direcci\u00f3n del proyecto; y HP, que aconsejar\u00e1 en temas tecnol\u00f3gicos al nuevo emprendedor.<\/p>\n<p>Cada idea innovadora presentada al concurso \u2013el plazo de inscripci\u00f3n finaliza el pr\u00f3ximo 15 de febrero de 2012\u2013 deber\u00e1 adscribirse a un sector de futuro: nuevas fuentes de energ\u00eda, telecomunicaciones, turismo,\u00a0 biotecnolog\u00eda, log\u00edstica, servicios y ecosistemas de movilidad, gran consumo, comunicaci\u00f3n digital, innovaci\u00f3n para la sociedad y Big Data.<\/p>\n<p>Detr\u00e1s de cada\u00a0 uno hay una compa\u00f1\u00eda l\u00edder que asesorar\u00e1 al emprendedor: Repsol, Telef\u00f3nica, Pullmantur, Merck, Acciona Trasmediterranea, Nokia, Grupo Mahou-San Miguel, OgilvyOne, HP y 3M.<\/p>\n<p><a href=\"https:\/\/www.hp.com\/es-es\/home.html\" target=\"_blank\">Hewlett-Packard<\/a>, una de las mayores compa\u00f1\u00edas tecnol\u00f3gicas del mundo, tutelar\u00e1 los proyectos presentados en el \u00e1rea de Big Data. En la actualidad, la firma cuenta con una plantilla de m\u00e1s de 300.000 empleados y una cartera\u00a0 de 1.000 millones de clientes distribuidos por 170 pa\u00edses. Sin embargo, sus or\u00edgenes son de lo m\u00e1s humilde, como es tradicional en las grandes compa\u00f1\u00edas tecnol\u00f3gicas estadounidenses.<\/p>\n<p>Para m\u00e1s informaci\u00f3n, consultar la web <a href=\"http:\/\/www.emprendego.com\" target=\"_blank\">www.emprendego.com<\/a><\/p>\n<h3>\u00abEn Hewlett-Packard llevamos la innovaci\u00f3n en los genes\u00bb<\/h3>\n<p><img loading=\"lazy\" decoding=\"async\" class=\"alignnone size-full wp-image-14606\" title=\"Miguel \u00c1ngel Turrado\" src=\"https:\/\/empresas.infoempleo.com\/hrtrends\/media\/2012\/01\/MiguelAngelTurrado.jpg\" alt=\"\" width=\"131\" height=\"161\" \/><\/p>\n<h3>Miguel \u00c1ngel Turrado, director de estrategia y tecnolog\u00eda de HP.<\/h3>\n<p><strong>\u00bfPor qu\u00e9 ha decidido HP participar en \u00abemprendeGO\u00bb?<br \/>\n<\/strong>HP siempre ha estado muy ligada a la innovaci\u00f3n y a la emprendedur\u00eda. HP naci\u00f3 hace m\u00e1s de 70 a\u00f1os gracias\u00a0 a que dos j\u00f3venes creyeron en sus ideas. Nuestros or\u00edgenes est\u00e1n en aquel garaje donde Hewlett y Packard pusieron en marcha su empresa y con ello nada m\u00e1s y nada menos que lo que es hoy en d\u00eda el Silicon Valley. Desde entonces, HP siempre ha estado muy vinculada a ese esp\u00edritu, ya que llevamos la innovaci\u00f3n en los genes. Aunque muchas cosas han cambiado desde aquellos tiempos, nuestro compromiso con la innovaci\u00f3n y el pensamiento creativo perdura \u00edntegro. Para ello no solo desarrollamos nuevas ideas y productos internamente, sino tambi\u00e9n estando cerca de los focos de innovaci\u00f3n, como desde luego lo es \u00abemprendeGO\u00bb.<\/p>\n<p><strong>\u00bfQu\u00e9 puede aportar la compa\u00f1\u00eda a los participantes del proyecto?<br \/>\n<\/strong>Yo destacar\u00eda el poder contar con ayuda de la mayor empresa del sector, que apuesta firmemente por la innovaci\u00f3n como la mejor herramienta para ganar el futuro. Adem\u00e1s, dentro de esta apuesta, HP ha adquirido recientemente la empresa Autonomy, l\u00edder absoluto e indiscutible dentro del \u00e1rea que cubre este yacimiento. Autonomy es m\u00e1s que un buscador en todo tipo de datos, incluidos los desestructurados en audio y v\u00eddeo,\u00a0 aportando algo tan importante en esta nueva era como es el dar significado humano a las b\u00fasquedas y a la computaci\u00f3n.<\/p>\n<p><strong>\u00bfC\u00f3mo se puede definir Big Data?<br \/>\n<\/strong>No hay duda que hoy en d\u00eda, debido a la enorme digitalizaci\u00f3n de nuestra vida, tanto personal como profesional, se generan ingentes cantidades de informaci\u00f3n. Historiales m\u00e9dicos, mp3, fotograf\u00edas&#8230; todo est\u00e1 ya digitalizado y, adem\u00e1s, de una forma m\u00e1s variada y compleja que nunca. La explosi\u00f3n que ha habido en el uso de \u00absmartphones\u00bb y tablets hace que estemos continuamente generando m\u00e1s y m\u00e1s informaci\u00f3n digital. As\u00ed, se crean casi 100.000 entradas en Twitter cada segundo o se producen unos 300 billones de correos diarios. Numerosos sensores nos rodean enviando informaci\u00f3n de tr\u00e1fico, contadores, temperaturas o millones de datos en cada vuelo de un avi\u00f3n comercial. Est\u00e1 apareciendo un nuevo Internet, el Internet de las cosas, que contribuye m\u00e1s a esta explosi\u00f3n digital. Esta descomunal cantidad de informaci\u00f3n ha hecho aparecer nuevos e importantes retos: c\u00f3mo transmitirla, almacenarla o interpretarla, y c\u00f3mo hacerlo a la velocidad adecuada a pesar de los grandes vol\u00famenes de datos a tratar. Es el efecto conocido como Big Data.<\/p>\n<p><strong>\u00bfY cu\u00e1les pueden ser sus aplicaciones?<br \/>\n<\/strong>Toda esta informaci\u00f3n es creada por personas y es comprensible por personas, pero los ordenadores no han sido capaces de gestionarla por varias razones. La principal es que estaban\u00a0 dise\u00f1ados para procesar datos estructurados, pero el 85% de toda esta gigantesca cantidad de informaci\u00f3n aparece de forma desestructurada. V\u00eddeos, fotograf\u00edas, correos o los datos que introducimos en las redes sociales tienen la informaci\u00f3n\u00a0 esestructurada. La era de gestionar\u00a0solamente el 15% de los datos que encajan en las bases de datos tradicionales ha terminado. Las tecnolog\u00edas de la informaci\u00f3n ayudan a crear este nuevo universo digital, pero tambi\u00e9n nos proporcionan toda la potencia necesaria para sacarle el m\u00e1ximo partido a estas cantidades ingentes de informaci\u00f3n. La tecnolog\u00eda adecuada puede transformar datos en bruto en aut\u00e9nticos diamantes, con informaci\u00f3n muy \u00fatil\u00a0 y precisa que permita tomar las mejores decisiones de negocio, anticipar las necesidades y capitalizarlas en oportunidades. Estas van desde decisiones internas, \u2013por ejemplo, ver formas de ser m\u00e1s eficientes y reducir costes\u2013, hasta externas, como potenciar las ventas gracias a tener mucha m\u00e1s informaci\u00f3n de clientes y sus gustos y preferencias. Esta informaci\u00f3n, puesta en las manos correctas, es un arma empresarial clave.<\/p>\n<p><strong>\u00bfQu\u00e9 nichos de negocio podemos encontrar en el sector de Big Data a d\u00eda de hoy?<br \/>\n<\/strong>Los l\u00edmites los marcar\u00e1 solo la imaginaci\u00f3n y la visi\u00f3n del emprendedor. Solamente a modo de ejemplo, imaginemos la posibilidad de identificar el malestar de un cliente por la informaci\u00f3n contenida en un \u00abtweet\u00bb, y que autom\u00e1ticamente se tome una acci\u00f3n correctiva adecuada. Otros ejemplos de aplicaciones posibles ya reales van desde hacer mejores prescripciones m\u00e9dicas \u2013analizando toda la informaci\u00f3n\u00a0 disponible previamente a la receta\u2013 hasta la lucha contra el crimen organizado \u2013analizando informaci\u00f3n disponible en diferentes medios e incluso idiomas\u2013. Como digo, estamos ante una nueva era, la era del Big Data, y las oportunidades que da la explotaci\u00f3n de esta informaci\u00f3n no han hecho m\u00e1s que comenzar.<\/p>\n","protected":false},"excerpt":{"rendered":"<p>El proyecto \u00abemprendeGO\u00bb, que ha puesto en marcha Infoempleo.com, premiar\u00e1 30 proyectos empresariales y ofrecer\u00e1 a los \u00abcerebros\u00bb<a class=\"moretag\" href=\"https:\/\/empresas.infoempleo.com\/hrtrends\/como-se-puede-ordenar-el-caos-de-internet\/\"> Leer m\u00e1s<\/a><\/p>\n","protected":false},"author":50,"featured_media":14607,"comment_status":"closed","ping_status":"open","sticky":false,"template":"","format":"standard","meta":{"footnotes":""},"categories":[3],"tags":[2430,850],"class_list":["post-14605","post","type-post","status-publish","format-standard","has-post-thumbnail","hentry","category-actualidad","tag-emprendego","tag-hp"],"yoast_head":"<!-- This site is optimized with the Yoast SEO plugin v26.1.1 - https:\/\/yoast.com\/wordpress\/plugins\/seo\/ -->\n<title>\u00bfC\u00f3mo se puede ordenar el caos de Internet? | HRTRENDS<\/title>\n<meta name=\"robots\" content=\"index, follow, max-snippet:-1, max-image-preview:large, max-video-preview:-1\" \/>\n<link rel=\"canonical\" href=\"https:\/\/empresas.infoempleo.com\/hrtrends\/como-se-puede-ordenar-el-caos-de-internet\/\" \/>\n<meta property=\"og:locale\" content=\"es_ES\" \/>\n<meta property=\"og:type\" content=\"article\" \/>\n<meta property=\"og:title\" content=\"\u00bfC\u00f3mo se puede ordenar el caos de Internet? | HRTRENDS\" \/>\n<meta property=\"og:description\" content=\"El proyecto \u00abemprendeGO\u00bb, que ha puesto en marcha Infoempleo.com, premiar\u00e1 30 proyectos empresariales y ofrecer\u00e1 a los \u00abcerebros\u00bb Leer m\u00e1s\" \/>\n<meta property=\"og:url\" content=\"https:\/\/empresas.infoempleo.com\/hrtrends\/como-se-puede-ordenar-el-caos-de-internet\/\" \/>\n<meta property=\"og:site_name\" content=\"HRTRENDS\" \/>\n<meta property=\"article:publisher\" content=\"https:\/\/www.facebook.com\/Infoempleo\" \/>\n<meta property=\"article:published_time\" content=\"2012-01-23T11:37:15+00:00\" \/>\n<meta property=\"article:modified_time\" content=\"2018-05-23T15:13:02+00:00\" \/>\n<meta property=\"og:image\" content=\"https:\/\/empresas.infoempleo.com\/hrtrends\/media\/2012\/01\/BigData.jpg\" \/>\n\t<meta property=\"og:image:width\" content=\"568\" \/>\n\t<meta property=\"og:image:height\" content=\"258\" \/>\n\t<meta property=\"og:image:type\" content=\"image\/jpeg\" \/>\n<meta name=\"author\" content=\"Sergio Mu\u00f1oz\" \/>\n<meta name=\"twitter:card\" content=\"summary_large_image\" \/>\n<meta name=\"twitter:creator\" content=\"@infoempleo\" \/>\n<meta name=\"twitter:site\" content=\"@infoempleo\" \/>\n<meta name=\"twitter:label1\" content=\"Escrito por\" \/>\n\t<meta name=\"twitter:data1\" content=\"Sergio Mu\u00f1oz\" \/>\n\t<meta name=\"twitter:label2\" content=\"Tiempo de lectura\" \/>\n\t<meta name=\"twitter:data2\" content=\"6 minutos\" \/>\n<script type=\"application\/ld+json\" class=\"yoast-schema-graph\">{\"@context\":\"https:\/\/schema.org\",\"@graph\":[{\"@type\":\"NewsArticle\",\"@id\":\"https:\/\/empresas.infoempleo.com\/hrtrends\/como-se-puede-ordenar-el-caos-de-internet\/#article\",\"isPartOf\":{\"@id\":\"https:\/\/empresas.infoempleo.com\/hrtrends\/como-se-puede-ordenar-el-caos-de-internet\/\"},\"author\":{\"name\":\"Sergio Mu\u00f1oz\",\"@id\":\"https:\/\/empresas.infoempleo.com\/hrtrends\/#\/schema\/person\/6eed0717dd6d324ad674543577f7d352\"},\"headline\":\"\u00bfC\u00f3mo se puede ordenar el caos de Internet?\",\"datePublished\":\"2012-01-23T11:37:15+00:00\",\"dateModified\":\"2018-05-23T15:13:02+00:00\",\"mainEntityOfPage\":{\"@id\":\"https:\/\/empresas.infoempleo.com\/hrtrends\/como-se-puede-ordenar-el-caos-de-internet\/\"},\"wordCount\":1118,\"publisher\":{\"@id\":\"https:\/\/empresas.infoempleo.com\/hrtrends\/#organization\"},\"image\":{\"@id\":\"https:\/\/empresas.infoempleo.com\/hrtrends\/como-se-puede-ordenar-el-caos-de-internet\/#primaryimage\"},\"thumbnailUrl\":\"https:\/\/empresas.infoempleo.com\/hrtrends\/media\/2012\/01\/BigData.jpg\",\"keywords\":[\"emprendeGO\",\"HP\"],\"articleSection\":[\"Actualidad\"],\"inLanguage\":\"es\",\"copyrightYear\":\"2012\",\"copyrightHolder\":{\"@id\":\"https:\/\/empresas.infoempleo.com\/hrtrends\/#organization\"}},{\"@type\":\"WebPage\",\"@id\":\"https:\/\/empresas.infoempleo.com\/hrtrends\/como-se-puede-ordenar-el-caos-de-internet\/\",\"url\":\"https:\/\/empresas.infoempleo.com\/hrtrends\/como-se-puede-ordenar-el-caos-de-internet\/\",\"name\":\"\u00bfC\u00f3mo se puede ordenar el caos de Internet? | HRTRENDS\",\"isPartOf\":{\"@id\":\"https:\/\/empresas.infoempleo.com\/hrtrends\/#website\"},\"primaryImageOfPage\":{\"@id\":\"https:\/\/empresas.infoempleo.com\/hrtrends\/como-se-puede-ordenar-el-caos-de-internet\/#primaryimage\"},\"image\":{\"@id\":\"https:\/\/empresas.infoempleo.com\/hrtrends\/como-se-puede-ordenar-el-caos-de-internet\/#primaryimage\"},\"thumbnailUrl\":\"https:\/\/empresas.infoempleo.com\/hrtrends\/media\/2012\/01\/BigData.jpg\",\"datePublished\":\"2012-01-23T11:37:15+00:00\",\"dateModified\":\"2018-05-23T15:13:02+00:00\",\"breadcrumb\":{\"@id\":\"https:\/\/empresas.infoempleo.com\/hrtrends\/como-se-puede-ordenar-el-caos-de-internet\/#breadcrumb\"},\"inLanguage\":\"es\",\"potentialAction\":[{\"@type\":\"ReadAction\",\"target\":[\"https:\/\/empresas.infoempleo.com\/hrtrends\/como-se-puede-ordenar-el-caos-de-internet\/\"]}]},{\"@type\":\"ImageObject\",\"inLanguage\":\"es\",\"@id\":\"https:\/\/empresas.infoempleo.com\/hrtrends\/como-se-puede-ordenar-el-caos-de-internet\/#primaryimage\",\"url\":\"https:\/\/empresas.infoempleo.com\/hrtrends\/media\/2012\/01\/BigData-150x150.jpg\",\"contentUrl\":\"https:\/\/empresas.infoempleo.com\/hrtrends\/media\/2012\/01\/BigData-150x150.jpg\",\"width\":150,\"height\":150},{\"@type\":\"BreadcrumbList\",\"@id\":\"https:\/\/empresas.infoempleo.com\/hrtrends\/como-se-puede-ordenar-el-caos-de-internet\/#breadcrumb\",\"itemListElement\":[{\"@type\":\"ListItem\",\"position\":1,\"name\":\"Portada\",\"item\":\"https:\/\/empresas.infoempleo.com\/hrtrends\/\"},{\"@type\":\"ListItem\",\"position\":2,\"name\":\"\u00bfC\u00f3mo se puede ordenar el caos de Internet?\"}]},{\"@type\":\"WebSite\",\"@id\":\"https:\/\/empresas.infoempleo.com\/hrtrends\/#website\",\"url\":\"https:\/\/empresas.infoempleo.com\/hrtrends\",\"name\":\"HRTrends by Infoempleo\",\"description\":\"\",\"publisher\":{\"@id\":\"https:\/\/empresas.infoempleo.com\/hrtrends\/#organization\"},\"potentialAction\":{\"@type\":\"SearchAction\",\"target\":\"https:\/\/empresas.infoempleo.com\/hrtrends\/?s={search_term_string}\",\"query-input\":\"required name=search_term_string\"},\"inLanguage\":\"es\"},{\"@type\":\"Organization\",\"@id\":\"https:\/\/empresas.infoempleo.com\/hrtrends\/#organization\",\"name\":\"Infoempleo\",\"url\":\"https:\/\/www.infoempleo.com\/\",\"logo\":{\"@type\":\"ImageObject\",\"@id\":\"https:\/\/empresas.infoempleo.com\/hrtrends\/#logo\",\"inLanguage\":\"es\",\"url\":\"https:\/\/cdnazure.infoempleo.com\/infoempleo\/assets\/style\/gfx\/logo.svg\",\"contentUrl\":\"https:\/\/cdnazure.infoempleo.com\/infoempleo\/assets\/style\/gfx\/logo.svg\",\"width\":150,\"height\":40,\"caption\":\"Infoempleo\"},\"image\":{\"@id\":\"https:\/\/empresas.infoempleo.com\/hrtrends\/#logo\"},\"sameAs\":[\"https:\/\/www.facebook.com\/Infoempleo\",\"https:\/\/x.com\/infoempleo\",\"http:\/\/instagram.com\/infoempleo\/\",\"http:\/\/www.linkedin.com\/groups\/Empleo-Espa\u00f1a-Infoempleocom-111276\",\"http:\/\/pinterest.com\/infoempleo\/\"],\"address\":{\"@type\":\"PostalAddress\",\"addressLocality\":\"Madrid\",\"postalCode\":\"28050\",\"streetAddress\":\"Avenida de Burgos 114\"},\"brand\":[\"Infoempleo\"]},{\"@type\":\"Person\",\"@id\":\"https:\/\/empresas.infoempleo.com\/hrtrends\/#\/schema\/person\/6eed0717dd6d324ad674543577f7d352\",\"name\":\"Sergio Mu\u00f1oz\",\"image\":{\"@type\":\"ImageObject\",\"inLanguage\":\"es\",\"@id\":\"https:\/\/empresas.infoempleo.com\/hrtrends\/#\/schema\/person\/image\/\",\"url\":\"https:\/\/secure.gravatar.com\/avatar\/e7731161b4b74cbcb9baea8553044aadfdf78c0164ca104016474818fd843019?s=96&d=mm&r=g\",\"contentUrl\":\"https:\/\/secure.gravatar.com\/avatar\/e7731161b4b74cbcb9baea8553044aadfdf78c0164ca104016474818fd843019?s=96&d=mm&r=g\",\"caption\":\"Sergio Mu\u00f1oz\"},\"url\":\"https:\/\/empresas.infoempleo.com\/hrtrends\/author\/sergio-munoz\/\"}]}<\/script>\n<!-- \/ Yoast SEO plugin. -->","yoast_head_json":{"title":"\u00bfC\u00f3mo se puede ordenar el caos de Internet? | HRTRENDS","robots":{"index":"index","follow":"follow","max-snippet":"max-snippet:-1","max-image-preview":"max-image-preview:large","max-video-preview":"max-video-preview:-1"},"canonical":"https:\/\/empresas.infoempleo.com\/hrtrends\/como-se-puede-ordenar-el-caos-de-internet\/","og_locale":"es_ES","og_type":"article","og_title":"\u00bfC\u00f3mo se puede ordenar el caos de Internet? | HRTRENDS","og_description":"El proyecto \u00abemprendeGO\u00bb, que ha puesto en marcha Infoempleo.com, premiar\u00e1 30 proyectos empresariales y ofrecer\u00e1 a los \u00abcerebros\u00bb Leer m\u00e1s","og_url":"https:\/\/empresas.infoempleo.com\/hrtrends\/como-se-puede-ordenar-el-caos-de-internet\/","og_site_name":"HRTRENDS","article_publisher":"https:\/\/www.facebook.com\/Infoempleo","article_published_time":"2012-01-23T11:37:15+00:00","article_modified_time":"2018-05-23T15:13:02+00:00","og_image":[{"width":568,"height":258,"url":"https:\/\/empresas.infoempleo.com\/hrtrends\/media\/2012\/01\/BigData.jpg","type":"image\/jpeg"}],"author":"Sergio Mu\u00f1oz","twitter_card":"summary_large_image","twitter_creator":"@infoempleo","twitter_site":"@infoempleo","twitter_misc":{"Escrito por":"Sergio Mu\u00f1oz","Tiempo de lectura":"6 minutos"},"schema":{"@context":"https:\/\/schema.org","@graph":[{"@type":"NewsArticle","@id":"https:\/\/empresas.infoempleo.com\/hrtrends\/como-se-puede-ordenar-el-caos-de-internet\/#article","isPartOf":{"@id":"https:\/\/empresas.infoempleo.com\/hrtrends\/como-se-puede-ordenar-el-caos-de-internet\/"},"author":{"name":"Sergio Mu\u00f1oz","@id":"https:\/\/empresas.infoempleo.com\/hrtrends\/#\/schema\/person\/6eed0717dd6d324ad674543577f7d352"},"headline":"\u00bfC\u00f3mo se puede ordenar el caos de Internet?","datePublished":"2012-01-23T11:37:15+00:00","dateModified":"2018-05-23T15:13:02+00:00","mainEntityOfPage":{"@id":"https:\/\/empresas.infoempleo.com\/hrtrends\/como-se-puede-ordenar-el-caos-de-internet\/"},"wordCount":1118,"publisher":{"@id":"https:\/\/empresas.infoempleo.com\/hrtrends\/#organization"},"image":{"@id":"https:\/\/empresas.infoempleo.com\/hrtrends\/como-se-puede-ordenar-el-caos-de-internet\/#primaryimage"},"thumbnailUrl":"https:\/\/empresas.infoempleo.com\/hrtrends\/media\/2012\/01\/BigData.jpg","keywords":["emprendeGO","HP"],"articleSection":["Actualidad"],"inLanguage":"es","copyrightYear":"2012","copyrightHolder":{"@id":"https:\/\/empresas.infoempleo.com\/hrtrends\/#organization"}},{"@type":"WebPage","@id":"https:\/\/empresas.infoempleo.com\/hrtrends\/como-se-puede-ordenar-el-caos-de-internet\/","url":"https:\/\/empresas.infoempleo.com\/hrtrends\/como-se-puede-ordenar-el-caos-de-internet\/","name":"\u00bfC\u00f3mo se puede ordenar el caos de Internet? | HRTRENDS","isPartOf":{"@id":"https:\/\/empresas.infoempleo.com\/hrtrends\/#website"},"primaryImageOfPage":{"@id":"https:\/\/empresas.infoempleo.com\/hrtrends\/como-se-puede-ordenar-el-caos-de-internet\/#primaryimage"},"image":{"@id":"https:\/\/empresas.infoempleo.com\/hrtrends\/como-se-puede-ordenar-el-caos-de-internet\/#primaryimage"},"thumbnailUrl":"https:\/\/empresas.infoempleo.com\/hrtrends\/media\/2012\/01\/BigData.jpg","datePublished":"2012-01-23T11:37:15+00:00","dateModified":"2018-05-23T15:13:02+00:00","breadcrumb":{"@id":"https:\/\/empresas.infoempleo.com\/hrtrends\/como-se-puede-ordenar-el-caos-de-internet\/#breadcrumb"},"inLanguage":"es","potentialAction":[{"@type":"ReadAction","target":["https:\/\/empresas.infoempleo.com\/hrtrends\/como-se-puede-ordenar-el-caos-de-internet\/"]}]},{"@type":"ImageObject","inLanguage":"es","@id":"https:\/\/empresas.infoempleo.com\/hrtrends\/como-se-puede-ordenar-el-caos-de-internet\/#primaryimage","url":"https:\/\/empresas.infoempleo.com\/hrtrends\/media\/2012\/01\/BigData-150x150.jpg","contentUrl":"https:\/\/empresas.infoempleo.com\/hrtrends\/media\/2012\/01\/BigData-150x150.jpg","width":150,"height":150},{"@type":"BreadcrumbList","@id":"https:\/\/empresas.infoempleo.com\/hrtrends\/como-se-puede-ordenar-el-caos-de-internet\/#breadcrumb","itemListElement":[{"@type":"ListItem","position":1,"name":"Portada","item":"https:\/\/empresas.infoempleo.com\/hrtrends\/"},{"@type":"ListItem","position":2,"name":"\u00bfC\u00f3mo se puede ordenar el caos de Internet?"}]},{"@type":"WebSite","@id":"https:\/\/empresas.infoempleo.com\/hrtrends\/#website","url":"https:\/\/empresas.infoempleo.com\/hrtrends","name":"HRTrends by Infoempleo","description":"","publisher":{"@id":"https:\/\/empresas.infoempleo.com\/hrtrends\/#organization"},"potentialAction":{"@type":"SearchAction","target":"https:\/\/empresas.infoempleo.com\/hrtrends\/?s={search_term_string}","query-input":"required name=search_term_string"},"inLanguage":"es"},{"@type":"Organization","@id":"https:\/\/empresas.infoempleo.com\/hrtrends\/#organization","name":"Infoempleo","url":"https:\/\/www.infoempleo.com\/","logo":{"@type":"ImageObject","@id":"https:\/\/empresas.infoempleo.com\/hrtrends\/#logo","inLanguage":"es","url":"https:\/\/cdnazure.infoempleo.com\/infoempleo\/assets\/style\/gfx\/logo.svg","contentUrl":"https:\/\/cdnazure.infoempleo.com\/infoempleo\/assets\/style\/gfx\/logo.svg","width":150,"height":40,"caption":"Infoempleo"},"image":{"@id":"https:\/\/empresas.infoempleo.com\/hrtrends\/#logo"},"sameAs":["https:\/\/www.facebook.com\/Infoempleo","https:\/\/x.com\/infoempleo","http:\/\/instagram.com\/infoempleo\/","http:\/\/www.linkedin.com\/groups\/Empleo-Espa\u00f1a-Infoempleocom-111276","http:\/\/pinterest.com\/infoempleo\/"],"address":{"@type":"PostalAddress","addressLocality":"Madrid","postalCode":"28050","streetAddress":"Avenida de Burgos 114"},"brand":["Infoempleo"]},{"@type":"Person","@id":"https:\/\/empresas.infoempleo.com\/hrtrends\/#\/schema\/person\/6eed0717dd6d324ad674543577f7d352","name":"Sergio Mu\u00f1oz","image":{"@type":"ImageObject","inLanguage":"es","@id":"https:\/\/empresas.infoempleo.com\/hrtrends\/#\/schema\/person\/image\/","url":"https:\/\/secure.gravatar.com\/avatar\/e7731161b4b74cbcb9baea8553044aadfdf78c0164ca104016474818fd843019?s=96&d=mm&r=g","contentUrl":"https:\/\/secure.gravatar.com\/avatar\/e7731161b4b74cbcb9baea8553044aadfdf78c0164ca104016474818fd843019?s=96&d=mm&r=g","caption":"Sergio Mu\u00f1oz"},"url":"https:\/\/empresas.infoempleo.com\/hrtrends\/author\/sergio-munoz\/"}]}},"amp_enabled":true,"_links":{"self":[{"href":"https:\/\/empresas.infoempleo.com\/hrtrends\/wp-json\/wp\/v2\/posts\/14605","targetHints":{"allow":["GET"]}}],"collection":[{"href":"https:\/\/empresas.infoempleo.com\/hrtrends\/wp-json\/wp\/v2\/posts"}],"about":[{"href":"https:\/\/empresas.infoempleo.com\/hrtrends\/wp-json\/wp\/v2\/types\/post"}],"author":[{"embeddable":true,"href":"https:\/\/empresas.infoempleo.com\/hrtrends\/wp-json\/wp\/v2\/users\/50"}],"replies":[{"embeddable":true,"href":"https:\/\/empresas.infoempleo.com\/hrtrends\/wp-json\/wp\/v2\/comments?post=14605"}],"version-history":[{"count":0,"href":"https:\/\/empresas.infoempleo.com\/hrtrends\/wp-json\/wp\/v2\/posts\/14605\/revisions"}],"wp:featuredmedia":[{"embeddable":true,"href":"https:\/\/empresas.infoempleo.com\/hrtrends\/wp-json\/wp\/v2\/media\/14607"}],"wp:attachment":[{"href":"https:\/\/empresas.infoempleo.com\/hrtrends\/wp-json\/wp\/v2\/media?parent=14605"}],"wp:term":[{"taxonomy":"category","embeddable":true,"href":"https:\/\/empresas.infoempleo.com\/hrtrends\/wp-json\/wp\/v2\/categories?post=14605"},{"taxonomy":"post_tag","embeddable":true,"href":"https:\/\/empresas.infoempleo.com\/hrtrends\/wp-json\/wp\/v2\/tags?post=14605"}],"curies":[{"name":"wp","href":"https:\/\/api.w.org\/{rel}","templated":true}]}}