{"id":14578,"date":"2012-01-16T13:38:42","date_gmt":"2012-01-16T12:38:42","guid":{"rendered":"http:\/\/blog.infoempleo.com\/?p=14578"},"modified":"2024-08-29T17:45:15","modified_gmt":"2024-08-29T15:45:15","slug":"2012-ano-de-las-cooperativas","status":"publish","type":"post","link":"https:\/\/empresas.infoempleo.com\/hrtrends\/2012-ano-de-las-cooperativas\/","title":{"rendered":"2012, a\u00f1o de las cooperativas"},"content":{"rendered":"<p style=\"text-align: left;\"><strong><img loading=\"lazy\" decoding=\"async\" class=\"alignnone size-full wp-image-14581\" title=\"Juan Antonio Pedre\u00f1o\" src=\"https:\/\/empresas.infoempleo.com\/hrtrends\/media\/2012\/01\/JuanAntonioPedreno.jpg\" alt=\"\" width=\"147\" height=\"152\" \/><\/strong><\/p>\n<p><strong>Juan Antonio Pedre\u00f1o, presidente de COCETA.<\/strong><\/p>\n<p><strong>La Declaraci\u00f3n de Naciones Unidas del 2012 como A\u00f1o Internacional de las Cooperativas<\/strong> supone el mayor respaldo institucional existente hasta el presente para las Cooperativas, f\u00f3rmula empresarial innovadora y\u00a0generadora de empleo. Adem\u00e1s, el lema \u00ablas cooperativas ayudan a construir un mundo mejor\u00bb implica m\u00e1s que un reclamo publicitario, define una realidad, patente d\u00eda a d\u00eda a trav\u00e9s de los <strong>m\u00e1s de 1.000 millones de socios y 100 millones de empleos<\/strong> que, como ha se\u00f1alado la ONU, han ayudado ya a mejorar el nivel de vida de m\u00e1s de la mitad de la poblaci\u00f3n mundial.<\/p>\n<p>Las Cooperativas de Trabajo afrontan importantes <strong>retos de futuro<\/strong>, en el corto y medio plazo, sobre todo en estos momentos dif\u00edciles. Uno de ellos es demostrar que se posee potencial econ\u00f3mico al tiempo que se asumen fuertes compromisos que generan un importante valor a\u00f1adido: fundamentalmente, la creaci\u00f3n de puestos de trabajo, de mayor estabilidad y calidad que otras f\u00f3rmulas empresariales; mayor flexibilidad interna para el mantenimiento de los empleos; la solidaridad y la vinculaci\u00f3n con el entorno, el fomento del desarrollo local y su no deslocalizaci\u00f3n.<\/p>\n<p style=\"text-align: center;\"><img loading=\"lazy\" decoding=\"async\" class=\"size-full wp-image-14579 aligncenter\" title=\"Cooperativas\" src=\"https:\/\/empresas.infoempleo.com\/hrtrends\/media\/2012\/01\/Cooperativas.jpg\" alt=\"\" width=\"454\" height=\"207\" srcset=\"https:\/\/empresas.infoempleo.com\/hrtrends\/media\/2012\/01\/Cooperativas.jpg 567w, https:\/\/empresas.infoempleo.com\/hrtrends\/media\/2012\/01\/Cooperativas-300x137.jpg 300w\" sizes=\"auto, (max-width: 454px) 100vw, 454px\" \/><\/p>\n<p>Son empresas que no buscan la maximizaci\u00f3n del beneficio en el menor tiempo posible, sino durante toda la vida. Aportan una manera de gesti\u00f3n social y empresarial, que sit\u00faa a la persona en el centro, como referencia; empresas, en definitiva, que se enmarcan en unos principios, en unos valores \u00e9ticos.<\/p>\n<p>Es esta creaci\u00f3n y mantenimiento del empleo la que nos lleva a querer\u00a0 difundir esta forma de emprender a\u00fan m\u00e1s entre colectivos como los j\u00f3venes, llegando a las personas que buscan su primer empleo o a quienes precisan reingresar en las estad\u00edsticas de ocupados. En definitiva, ser conocidos por quienes desean comenzar una vida laboral, para que sepan lo que es emprender en cooperativas y lo valoren como la mejor opci\u00f3n de su inmediato futuro.<\/p>\n<p>La realidad estad\u00edstica nos da la raz\u00f3n: la p\u00e9rdida de menos empleos y\u00a0 empresas que en el resto de las PYMES, flexibilizando las relaciones econ\u00f3micas y laborales, especialmente en momentos como el actual, lo que indica que esta f\u00f3rmula emprendedora es una de las v\u00edas de actuaci\u00f3n a dinamizar.<\/p>\n<p>Tenemos muchos retos y una buena parte de ellos se concentran en la mejora de la representaci\u00f3n institucional y en el incremento de la visibilidad para que la sociedad conozca a las cooperativas de trabajo, formadas por personas emprendedoras, y, as\u00ed, trasladar la fuerza de sus principios y valores a las mujeres y hombres que precisan confianza en tener un empleo.<\/p>\n","protected":false},"excerpt":{"rendered":"<p>Juan Antonio Pedre\u00f1o, presidente de COCETA. La Declaraci\u00f3n de Naciones Unidas del 2012 como A\u00f1o Internacional de las<a class=\"moretag\" href=\"https:\/\/empresas.infoempleo.com\/hrtrends\/2012-ano-de-las-cooperativas\/\"> Leer m\u00e1s<\/a><\/p>\n","protected":false},"author":72,"featured_media":14579,"comment_status":"closed","ping_status":"open","sticky":false,"template":"","format":"standard","meta":{"footnotes":""},"categories":[3],"tags":[2462,365],"class_list":["post-14578","post","type-post","status-publish","format-standard","has-post-thumbnail","hentry","category-actualidad","tag-cooperativas","tag-opinion"],"yoast_head":"<!-- This site is optimized with the Yoast SEO plugin v26.1.1 - https:\/\/yoast.com\/wordpress\/plugins\/seo\/ -->\n<title>2012, a\u00f1o de las cooperativas | HRTRENDS<\/title>\n<meta name=\"robots\" content=\"index, follow, max-snippet:-1, max-image-preview:large, max-video-preview:-1\" \/>\n<link rel=\"canonical\" href=\"https:\/\/empresas.infoempleo.com\/hrtrends\/2012-ano-de-las-cooperativas\/\" \/>\n<meta property=\"og:locale\" content=\"es_ES\" \/>\n<meta property=\"og:type\" content=\"article\" \/>\n<meta property=\"og:title\" content=\"2012, a\u00f1o de las cooperativas | HRTRENDS\" \/>\n<meta property=\"og:description\" content=\"Juan Antonio Pedre\u00f1o, presidente de COCETA. La Declaraci\u00f3n de Naciones Unidas del 2012 como A\u00f1o Internacional de las Leer m\u00e1s\" \/>\n<meta property=\"og:url\" content=\"https:\/\/empresas.infoempleo.com\/hrtrends\/2012-ano-de-las-cooperativas\/\" \/>\n<meta property=\"og:site_name\" content=\"HRTRENDS\" \/>\n<meta property=\"article:publisher\" content=\"https:\/\/www.facebook.com\/Infoempleo\" \/>\n<meta property=\"article:published_time\" content=\"2012-01-16T12:38:42+00:00\" \/>\n<meta property=\"article:modified_time\" content=\"2024-08-29T15:45:15+00:00\" \/>\n<meta property=\"og:image\" content=\"https:\/\/empresas.infoempleo.com\/hrtrends\/media\/2012\/01\/Cooperativas.jpg\" \/>\n\t<meta property=\"og:image:width\" content=\"567\" \/>\n\t<meta property=\"og:image:height\" content=\"259\" \/>\n\t<meta property=\"og:image:type\" content=\"image\/jpeg\" \/>\n<meta name=\"author\" content=\"infoempleo\" \/>\n<meta name=\"twitter:card\" content=\"summary_large_image\" \/>\n<meta name=\"twitter:creator\" content=\"@infoempleo\" \/>\n<meta name=\"twitter:site\" content=\"@infoempleo\" \/>\n<meta name=\"twitter:label1\" content=\"Escrito por\" \/>\n\t<meta name=\"twitter:data1\" content=\"infoempleo\" \/>\n\t<meta name=\"twitter:label2\" content=\"Tiempo de lectura\" \/>\n\t<meta name=\"twitter:data2\" content=\"2 minutos\" \/>\n<script type=\"application\/ld+json\" class=\"yoast-schema-graph\">{\"@context\":\"https:\/\/schema.org\",\"@graph\":[{\"@type\":\"NewsArticle\",\"@id\":\"https:\/\/empresas.infoempleo.com\/hrtrends\/2012-ano-de-las-cooperativas\/#article\",\"isPartOf\":{\"@id\":\"https:\/\/empresas.infoempleo.com\/hrtrends\/2012-ano-de-las-cooperativas\/\"},\"author\":{\"name\":\"infoempleo\",\"@id\":\"https:\/\/empresas.infoempleo.com\/hrtrends\/#\/schema\/person\/67d3e276ffcc8b3ae0ebec816daf775a\"},\"headline\":\"2012, a\u00f1o de las cooperativas\",\"datePublished\":\"2012-01-16T12:38:42+00:00\",\"dateModified\":\"2024-08-29T15:45:15+00:00\",\"mainEntityOfPage\":{\"@id\":\"https:\/\/empresas.infoempleo.com\/hrtrends\/2012-ano-de-las-cooperativas\/\"},\"wordCount\":461,\"publisher\":{\"@id\":\"https:\/\/empresas.infoempleo.com\/hrtrends\/#organization\"},\"image\":{\"@id\":\"https:\/\/empresas.infoempleo.com\/hrtrends\/2012-ano-de-las-cooperativas\/#primaryimage\"},\"thumbnailUrl\":\"https:\/\/empresas.infoempleo.com\/hrtrends\/media\/2012\/01\/Cooperativas.jpg\",\"keywords\":[\"cooperativas\",\"Opini\u00f3n\"],\"articleSection\":[\"Actualidad\"],\"inLanguage\":\"es\",\"copyrightYear\":\"2012\",\"copyrightHolder\":{\"@id\":\"https:\/\/empresas.infoempleo.com\/hrtrends\/#organization\"}},{\"@type\":\"WebPage\",\"@id\":\"https:\/\/empresas.infoempleo.com\/hrtrends\/2012-ano-de-las-cooperativas\/\",\"url\":\"https:\/\/empresas.infoempleo.com\/hrtrends\/2012-ano-de-las-cooperativas\/\",\"name\":\"2012, a\u00f1o de las cooperativas | HRTRENDS\",\"isPartOf\":{\"@id\":\"https:\/\/empresas.infoempleo.com\/hrtrends\/#website\"},\"primaryImageOfPage\":{\"@id\":\"https:\/\/empresas.infoempleo.com\/hrtrends\/2012-ano-de-las-cooperativas\/#primaryimage\"},\"image\":{\"@id\":\"https:\/\/empresas.infoempleo.com\/hrtrends\/2012-ano-de-las-cooperativas\/#primaryimage\"},\"thumbnailUrl\":\"https:\/\/empresas.infoempleo.com\/hrtrends\/media\/2012\/01\/Cooperativas.jpg\",\"datePublished\":\"2012-01-16T12:38:42+00:00\",\"dateModified\":\"2024-08-29T15:45:15+00:00\",\"breadcrumb\":{\"@id\":\"https:\/\/empresas.infoempleo.com\/hrtrends\/2012-ano-de-las-cooperativas\/#breadcrumb\"},\"inLanguage\":\"es\",\"potentialAction\":[{\"@type\":\"ReadAction\",\"target\":[\"https:\/\/empresas.infoempleo.com\/hrtrends\/2012-ano-de-las-cooperativas\/\"]}]},{\"@type\":\"ImageObject\",\"inLanguage\":\"es\",\"@id\":\"https:\/\/empresas.infoempleo.com\/hrtrends\/2012-ano-de-las-cooperativas\/#primaryimage\",\"url\":\"https:\/\/empresas.infoempleo.com\/hrtrends\/media\/2012\/01\/Cooperativas-150x150.jpg\",\"contentUrl\":\"https:\/\/empresas.infoempleo.com\/hrtrends\/media\/2012\/01\/Cooperativas-150x150.jpg\",\"width\":150,\"height\":150},{\"@type\":\"BreadcrumbList\",\"@id\":\"https:\/\/empresas.infoempleo.com\/hrtrends\/2012-ano-de-las-cooperativas\/#breadcrumb\",\"itemListElement\":[{\"@type\":\"ListItem\",\"position\":1,\"name\":\"Portada\",\"item\":\"https:\/\/empresas.infoempleo.com\/hrtrends\/\"},{\"@type\":\"ListItem\",\"position\":2,\"name\":\"2012, a\u00f1o de las cooperativas\"}]},{\"@type\":\"WebSite\",\"@id\":\"https:\/\/empresas.infoempleo.com\/hrtrends\/#website\",\"url\":\"https:\/\/empresas.infoempleo.com\/hrtrends\",\"name\":\"HRTrends by Infoempleo\",\"description\":\"\",\"publisher\":{\"@id\":\"https:\/\/empresas.infoempleo.com\/hrtrends\/#organization\"},\"potentialAction\":{\"@type\":\"SearchAction\",\"target\":\"https:\/\/empresas.infoempleo.com\/hrtrends\/?s={search_term_string}\",\"query-input\":\"required name=search_term_string\"},\"inLanguage\":\"es\"},{\"@type\":\"Organization\",\"@id\":\"https:\/\/empresas.infoempleo.com\/hrtrends\/#organization\",\"name\":\"Infoempleo\",\"url\":\"https:\/\/www.infoempleo.com\/\",\"logo\":{\"@type\":\"ImageObject\",\"@id\":\"https:\/\/empresas.infoempleo.com\/hrtrends\/#logo\",\"inLanguage\":\"es\",\"url\":\"https:\/\/cdnazure.infoempleo.com\/infoempleo\/assets\/style\/gfx\/logo.svg\",\"contentUrl\":\"https:\/\/cdnazure.infoempleo.com\/infoempleo\/assets\/style\/gfx\/logo.svg\",\"width\":150,\"height\":40,\"caption\":\"Infoempleo\"},\"image\":{\"@id\":\"https:\/\/empresas.infoempleo.com\/hrtrends\/#logo\"},\"sameAs\":[\"https:\/\/www.facebook.com\/Infoempleo\",\"https:\/\/x.com\/infoempleo\",\"http:\/\/instagram.com\/infoempleo\/\",\"http:\/\/www.linkedin.com\/groups\/Empleo-Espa\u00f1a-Infoempleocom-111276\",\"http:\/\/pinterest.com\/infoempleo\/\"],\"address\":{\"@type\":\"PostalAddress\",\"addressLocality\":\"Madrid\",\"postalCode\":\"28050\",\"streetAddress\":\"Avenida de Burgos 114\"},\"brand\":[\"Infoempleo\"]},{\"@type\":\"Person\",\"@id\":\"https:\/\/empresas.infoempleo.com\/hrtrends\/#\/schema\/person\/67d3e276ffcc8b3ae0ebec816daf775a\",\"name\":\"infoempleo\",\"image\":{\"@type\":\"ImageObject\",\"inLanguage\":\"es\",\"@id\":\"https:\/\/empresas.infoempleo.com\/hrtrends\/#\/schema\/person\/image\/\",\"url\":\"https:\/\/secure.gravatar.com\/avatar\/7b437777242fe67d2473c2a818da2344692d1ee91e91080ccffbd97bcd4a0975?s=96&d=mm&r=g\",\"contentUrl\":\"https:\/\/secure.gravatar.com\/avatar\/7b437777242fe67d2473c2a818da2344692d1ee91e91080ccffbd97bcd4a0975?s=96&d=mm&r=g\",\"caption\":\"infoempleo\"},\"url\":\"https:\/\/empresas.infoempleo.com\/hrtrends\/author\/infoempleo\/\"}]}<\/script>\n<!-- \/ Yoast SEO plugin. -->","yoast_head_json":{"title":"2012, a\u00f1o de las cooperativas | HRTRENDS","robots":{"index":"index","follow":"follow","max-snippet":"max-snippet:-1","max-image-preview":"max-image-preview:large","max-video-preview":"max-video-preview:-1"},"canonical":"https:\/\/empresas.infoempleo.com\/hrtrends\/2012-ano-de-las-cooperativas\/","og_locale":"es_ES","og_type":"article","og_title":"2012, a\u00f1o de las cooperativas | HRTRENDS","og_description":"Juan Antonio Pedre\u00f1o, presidente de COCETA. La Declaraci\u00f3n de Naciones Unidas del 2012 como A\u00f1o Internacional de las Leer m\u00e1s","og_url":"https:\/\/empresas.infoempleo.com\/hrtrends\/2012-ano-de-las-cooperativas\/","og_site_name":"HRTRENDS","article_publisher":"https:\/\/www.facebook.com\/Infoempleo","article_published_time":"2012-01-16T12:38:42+00:00","article_modified_time":"2024-08-29T15:45:15+00:00","og_image":[{"width":567,"height":259,"url":"https:\/\/empresas.infoempleo.com\/hrtrends\/media\/2012\/01\/Cooperativas.jpg","type":"image\/jpeg"}],"author":"infoempleo","twitter_card":"summary_large_image","twitter_creator":"@infoempleo","twitter_site":"@infoempleo","twitter_misc":{"Escrito por":"infoempleo","Tiempo de lectura":"2 minutos"},"schema":{"@context":"https:\/\/schema.org","@graph":[{"@type":"NewsArticle","@id":"https:\/\/empresas.infoempleo.com\/hrtrends\/2012-ano-de-las-cooperativas\/#article","isPartOf":{"@id":"https:\/\/empresas.infoempleo.com\/hrtrends\/2012-ano-de-las-cooperativas\/"},"author":{"name":"infoempleo","@id":"https:\/\/empresas.infoempleo.com\/hrtrends\/#\/schema\/person\/67d3e276ffcc8b3ae0ebec816daf775a"},"headline":"2012, a\u00f1o de las cooperativas","datePublished":"2012-01-16T12:38:42+00:00","dateModified":"2024-08-29T15:45:15+00:00","mainEntityOfPage":{"@id":"https:\/\/empresas.infoempleo.com\/hrtrends\/2012-ano-de-las-cooperativas\/"},"wordCount":461,"publisher":{"@id":"https:\/\/empresas.infoempleo.com\/hrtrends\/#organization"},"image":{"@id":"https:\/\/empresas.infoempleo.com\/hrtrends\/2012-ano-de-las-cooperativas\/#primaryimage"},"thumbnailUrl":"https:\/\/empresas.infoempleo.com\/hrtrends\/media\/2012\/01\/Cooperativas.jpg","keywords":["cooperativas","Opini\u00f3n"],"articleSection":["Actualidad"],"inLanguage":"es","copyrightYear":"2012","copyrightHolder":{"@id":"https:\/\/empresas.infoempleo.com\/hrtrends\/#organization"}},{"@type":"WebPage","@id":"https:\/\/empresas.infoempleo.com\/hrtrends\/2012-ano-de-las-cooperativas\/","url":"https:\/\/empresas.infoempleo.com\/hrtrends\/2012-ano-de-las-cooperativas\/","name":"2012, a\u00f1o de las cooperativas | HRTRENDS","isPartOf":{"@id":"https:\/\/empresas.infoempleo.com\/hrtrends\/#website"},"primaryImageOfPage":{"@id":"https:\/\/empresas.infoempleo.com\/hrtrends\/2012-ano-de-las-cooperativas\/#primaryimage"},"image":{"@id":"https:\/\/empresas.infoempleo.com\/hrtrends\/2012-ano-de-las-cooperativas\/#primaryimage"},"thumbnailUrl":"https:\/\/empresas.infoempleo.com\/hrtrends\/media\/2012\/01\/Cooperativas.jpg","datePublished":"2012-01-16T12:38:42+00:00","dateModified":"2024-08-29T15:45:15+00:00","breadcrumb":{"@id":"https:\/\/empresas.infoempleo.com\/hrtrends\/2012-ano-de-las-cooperativas\/#breadcrumb"},"inLanguage":"es","potentialAction":[{"@type":"ReadAction","target":["https:\/\/empresas.infoempleo.com\/hrtrends\/2012-ano-de-las-cooperativas\/"]}]},{"@type":"ImageObject","inLanguage":"es","@id":"https:\/\/empresas.infoempleo.com\/hrtrends\/2012-ano-de-las-cooperativas\/#primaryimage","url":"https:\/\/empresas.infoempleo.com\/hrtrends\/media\/2012\/01\/Cooperativas-150x150.jpg","contentUrl":"https:\/\/empresas.infoempleo.com\/hrtrends\/media\/2012\/01\/Cooperativas-150x150.jpg","width":150,"height":150},{"@type":"BreadcrumbList","@id":"https:\/\/empresas.infoempleo.com\/hrtrends\/2012-ano-de-las-cooperativas\/#breadcrumb","itemListElement":[{"@type":"ListItem","position":1,"name":"Portada","item":"https:\/\/empresas.infoempleo.com\/hrtrends\/"},{"@type":"ListItem","position":2,"name":"2012, a\u00f1o de las cooperativas"}]},{"@type":"WebSite","@id":"https:\/\/empresas.infoempleo.com\/hrtrends\/#website","url":"https:\/\/empresas.infoempleo.com\/hrtrends","name":"HRTrends by Infoempleo","description":"","publisher":{"@id":"https:\/\/empresas.infoempleo.com\/hrtrends\/#organization"},"potentialAction":{"@type":"SearchAction","target":"https:\/\/empresas.infoempleo.com\/hrtrends\/?s={search_term_string}","query-input":"required name=search_term_string"},"inLanguage":"es"},{"@type":"Organization","@id":"https:\/\/empresas.infoempleo.com\/hrtrends\/#organization","name":"Infoempleo","url":"https:\/\/www.infoempleo.com\/","logo":{"@type":"ImageObject","@id":"https:\/\/empresas.infoempleo.com\/hrtrends\/#logo","inLanguage":"es","url":"https:\/\/cdnazure.infoempleo.com\/infoempleo\/assets\/style\/gfx\/logo.svg","contentUrl":"https:\/\/cdnazure.infoempleo.com\/infoempleo\/assets\/style\/gfx\/logo.svg","width":150,"height":40,"caption":"Infoempleo"},"image":{"@id":"https:\/\/empresas.infoempleo.com\/hrtrends\/#logo"},"sameAs":["https:\/\/www.facebook.com\/Infoempleo","https:\/\/x.com\/infoempleo","http:\/\/instagram.com\/infoempleo\/","http:\/\/www.linkedin.com\/groups\/Empleo-Espa\u00f1a-Infoempleocom-111276","http:\/\/pinterest.com\/infoempleo\/"],"address":{"@type":"PostalAddress","addressLocality":"Madrid","postalCode":"28050","streetAddress":"Avenida de Burgos 114"},"brand":["Infoempleo"]},{"@type":"Person","@id":"https:\/\/empresas.infoempleo.com\/hrtrends\/#\/schema\/person\/67d3e276ffcc8b3ae0ebec816daf775a","name":"infoempleo","image":{"@type":"ImageObject","inLanguage":"es","@id":"https:\/\/empresas.infoempleo.com\/hrtrends\/#\/schema\/person\/image\/","url":"https:\/\/secure.gravatar.com\/avatar\/7b437777242fe67d2473c2a818da2344692d1ee91e91080ccffbd97bcd4a0975?s=96&d=mm&r=g","contentUrl":"https:\/\/secure.gravatar.com\/avatar\/7b437777242fe67d2473c2a818da2344692d1ee91e91080ccffbd97bcd4a0975?s=96&d=mm&r=g","caption":"infoempleo"},"url":"https:\/\/empresas.infoempleo.com\/hrtrends\/author\/infoempleo\/"}]}},"amp_enabled":true,"_links":{"self":[{"href":"https:\/\/empresas.infoempleo.com\/hrtrends\/wp-json\/wp\/v2\/posts\/14578","targetHints":{"allow":["GET"]}}],"collection":[{"href":"https:\/\/empresas.infoempleo.com\/hrtrends\/wp-json\/wp\/v2\/posts"}],"about":[{"href":"https:\/\/empresas.infoempleo.com\/hrtrends\/wp-json\/wp\/v2\/types\/post"}],"author":[{"embeddable":true,"href":"https:\/\/empresas.infoempleo.com\/hrtrends\/wp-json\/wp\/v2\/users\/72"}],"replies":[{"embeddable":true,"href":"https:\/\/empresas.infoempleo.com\/hrtrends\/wp-json\/wp\/v2\/comments?post=14578"}],"version-history":[{"count":1,"href":"https:\/\/empresas.infoempleo.com\/hrtrends\/wp-json\/wp\/v2\/posts\/14578\/revisions"}],"predecessor-version":[{"id":45060,"href":"https:\/\/empresas.infoempleo.com\/hrtrends\/wp-json\/wp\/v2\/posts\/14578\/revisions\/45060"}],"wp:featuredmedia":[{"embeddable":true,"href":"https:\/\/empresas.infoempleo.com\/hrtrends\/wp-json\/wp\/v2\/media\/14579"}],"wp:attachment":[{"href":"https:\/\/empresas.infoempleo.com\/hrtrends\/wp-json\/wp\/v2\/media?parent=14578"}],"wp:term":[{"taxonomy":"category","embeddable":true,"href":"https:\/\/empresas.infoempleo.com\/hrtrends\/wp-json\/wp\/v2\/categories?post=14578"},{"taxonomy":"post_tag","embeddable":true,"href":"https:\/\/empresas.infoempleo.com\/hrtrends\/wp-json\/wp\/v2\/tags?post=14578"}],"curies":[{"name":"wp","href":"https:\/\/api.w.org\/{rel}","templated":true}]}}