{"id":14553,"date":"2012-01-09T12:12:54","date_gmt":"2012-01-09T11:12:54","guid":{"rendered":"http:\/\/blog.infoempleo.com\/?p=14553"},"modified":"2025-07-18T16:48:54","modified_gmt":"2025-07-18T14:48:54","slug":"a-menos-festivos-mas-productividad","status":"publish","type":"post","link":"https:\/\/empresas.infoempleo.com\/hrtrends\/a-menos-festivos-mas-productividad\/","title":{"rendered":"A menos festivos, \u00bfm\u00e1s productividad?"},"content":{"rendered":"<p style=\"text-align: center;\"><img loading=\"lazy\" decoding=\"async\" class=\"alignnone size-full wp-image-14554\" title=\"calendario\" src=\"https:\/\/empresas.infoempleo.com\/hrtrends\/media\/2012\/01\/calendario.jpg\" alt=\"\" width=\"454\" height=\"206\" srcset=\"https:\/\/empresas.infoempleo.com\/hrtrends\/media\/2012\/01\/calendario.jpg 568w, https:\/\/empresas.infoempleo.com\/hrtrends\/media\/2012\/01\/calendario-300x136.jpg 300w\" sizes=\"auto, (max-width: 454px) 100vw, 454px\" \/><\/p>\n<p>Entre los prop\u00f3sitos para 2012 est\u00e1 el de encontrar, por parte de los actores sociales y los poderes p\u00fablicos, f\u00f3rmulas para incrementar la productividad. Con este esp\u00edritu est\u00e1 sobre la mesa de negociaci\u00f3n el debate sobre <strong>pegar algunos festivos al fin de semana para reducir al m\u00e1ximo los puentes.<\/strong> Es una medida largamente demandada por algunos. El vicepresidente de la <a href=\"https:\/\/www.ceoe.es\/es\" target=\"_blank\" rel=\"noopener\">CEOE<\/a> y presidente de la <a href=\"https:\/\/cepyme.es\/\" target=\"_blank\" rel=\"noopener\">Confederaci\u00f3n Empresarial de la Peque\u00f1a y Mediana Empresa (Cepyme)<\/a>, <strong>Jes\u00fas Terciado<\/strong>, fue el primero en lanzarla. En octubre asegur\u00f3 que trasladar los festivos a los lunes favorecer\u00eda la productividad. De hecho, en un documento de trabajo remitido a los sindicatos, la CEOE opina que \u00ablos \u2018puentes\u2019 implican generalmente una ruptura y desoptimizaci\u00f3n importante de los recursos implicados en los procesos productivos\u00bb, ya que \u00abla traducci\u00f3n a la realidad es que en los casos donde hay un d\u00eda h\u00e1bil entre dos festivos, aquel se convierte de facto en un d\u00eda inh\u00e1bil (puente)\u00bb.<\/p>\n<p>\u00abMe parece una buena medida; de hecho, la Comisi\u00f3n Nacional que presido hab\u00eda planteado hace cinco a\u00f1os una propuesta similar\u00bb, dice <strong>Ignacio Buqueras y Bach<\/strong>, Presidente de la Comisi\u00f3n Nacional para la Racionalizaci\u00f3n de los Horarios Espa\u00f1oles y de la ARHOE. El experto cree que se trata de una propuesta que \u00abpuede ser beneficiosa\u00bb porque \u00abpermitir\u00e1 elevar la eficiencia laboral\u00bb. Adem\u00e1s, a\u00f1ade, es una medida igualitaria: \u00abSon una minor\u00eda los espa\u00f1oles que pueden disfrutar de un \u2018acueducto\u2019 como el que tuvimos en diciembre; en cambio, son muchos m\u00e1s los que tienen suficientes medios econ\u00f3micos para coger unas vacaciones cortas, de s\u00e1bado, domingo y el d\u00eda anterior o posterior\u00bb.<\/p>\n<p>En su momento, los sindicatos se mostraron contrarios a esta medida, alegando, precisamente, el duro golpe que supondr\u00eda para el sector tur\u00edstico, aunque en la \u00faltima semana, al sentarse con la patronal, han llegado a un acuerdo para cambiar de fecha algunos festivos.<\/p>\n<h3>Sin relaci\u00f3n directa<\/h3>\n<p>Hace unas semanas, y al calor del debate sobre los festivos, el portavoz de CiUen el Congreso,<strong> Josep Antoni Duran Lleida<\/strong>, opin\u00f3 al respecto que \u00abcuando lo que necesitamos es trabajar m\u00e1s horas y mejor, nos permitimos lujos que nuestros vecinos no se permiten\u00bb. Pero, \u00bfesto es as\u00ed? <strong>\u00bfEst\u00e1 relacionado el n\u00famero de d\u00edas festivos y de vacaciones con la productividad? <\/strong>\u00abConsidero que no se da una relaci\u00f3n directa, ya que entre los pa\u00edses m\u00e1s productivos de Europa los hay con m\u00e1s d\u00edas de descanso que el nuestro, con los mismos o con menos\u00bb, dice el presidente de la ARHOE.<\/p>\n<p>Un estudio de la consultora <a href=\"https:\/\/www.mercer.es\/\" target=\"_blank\" rel=\"noopener\">Mercer<\/a> viene a corroborar esto, ya que Austria, Francia, Suecia, Luxemburgo, Finlandia y Dinamarca, con un nivel econ\u00f3mico muy superior al nuestro, cuentan con m\u00e1s d\u00edas de vacaciones por ley que nosotros. Al sumarle los festivos, pr\u00e1cticamente estamos\u00a0 igualados: en Espa\u00f1a gozamos de 36 d\u00edas libres, mientras que Austria, por ejemplo, cuenta con 38.<\/p>\n","protected":false},"excerpt":{"rendered":"<p>Entre los prop\u00f3sitos para 2012 est\u00e1 el de encontrar, por parte de los actores sociales y los poderes<a class=\"moretag\" href=\"https:\/\/empresas.infoempleo.com\/hrtrends\/a-menos-festivos-mas-productividad\/\"> Leer m\u00e1s<\/a><\/p>\n","protected":false},"author":50,"featured_media":14554,"comment_status":"closed","ping_status":"open","sticky":false,"template":"","format":"standard","meta":{"footnotes":""},"categories":[3],"tags":[2455,2457],"class_list":["post-14553","post","type-post","status-publish","format-standard","has-post-thumbnail","hentry","category-actualidad","tag-calendario-laboral","tag-festivos"],"yoast_head":"<!-- This site is optimized with the Yoast SEO plugin v26.1.1 - https:\/\/yoast.com\/wordpress\/plugins\/seo\/ -->\n<title>A menos festivos, \u00bfm\u00e1s productividad? | HRTRENDS<\/title>\n<meta name=\"robots\" content=\"index, follow, max-snippet:-1, max-image-preview:large, max-video-preview:-1\" \/>\n<link rel=\"canonical\" href=\"https:\/\/empresas.infoempleo.com\/hrtrends\/a-menos-festivos-mas-productividad\/\" \/>\n<meta property=\"og:locale\" content=\"es_ES\" \/>\n<meta property=\"og:type\" content=\"article\" \/>\n<meta property=\"og:title\" content=\"A menos festivos, \u00bfm\u00e1s productividad? | HRTRENDS\" \/>\n<meta property=\"og:description\" content=\"Entre los prop\u00f3sitos para 2012 est\u00e1 el de encontrar, por parte de los actores sociales y los poderes Leer m\u00e1s\" \/>\n<meta property=\"og:url\" content=\"https:\/\/empresas.infoempleo.com\/hrtrends\/a-menos-festivos-mas-productividad\/\" \/>\n<meta property=\"og:site_name\" content=\"HRTRENDS\" \/>\n<meta property=\"article:publisher\" content=\"https:\/\/www.facebook.com\/Infoempleo\" \/>\n<meta property=\"article:published_time\" content=\"2012-01-09T11:12:54+00:00\" \/>\n<meta property=\"article:modified_time\" content=\"2025-07-18T14:48:54+00:00\" \/>\n<meta property=\"og:image\" content=\"https:\/\/empresas.infoempleo.com\/hrtrends\/media\/2012\/01\/calendario.jpg\" \/>\n\t<meta property=\"og:image:width\" content=\"568\" \/>\n\t<meta property=\"og:image:height\" content=\"258\" \/>\n\t<meta property=\"og:image:type\" content=\"image\/jpeg\" \/>\n<meta name=\"author\" content=\"Sergio Mu\u00f1oz\" \/>\n<meta name=\"twitter:card\" content=\"summary_large_image\" \/>\n<meta name=\"twitter:creator\" content=\"@infoempleo\" \/>\n<meta name=\"twitter:site\" content=\"@infoempleo\" \/>\n<meta name=\"twitter:label1\" content=\"Escrito por\" \/>\n\t<meta name=\"twitter:data1\" content=\"Sergio Mu\u00f1oz\" \/>\n\t<meta name=\"twitter:label2\" content=\"Tiempo de lectura\" \/>\n\t<meta name=\"twitter:data2\" content=\"3 minutos\" \/>\n<script type=\"application\/ld+json\" class=\"yoast-schema-graph\">{\"@context\":\"https:\/\/schema.org\",\"@graph\":[{\"@type\":\"NewsArticle\",\"@id\":\"https:\/\/empresas.infoempleo.com\/hrtrends\/a-menos-festivos-mas-productividad\/#article\",\"isPartOf\":{\"@id\":\"https:\/\/empresas.infoempleo.com\/hrtrends\/a-menos-festivos-mas-productividad\/\"},\"author\":{\"name\":\"Sergio Mu\u00f1oz\",\"@id\":\"https:\/\/empresas.infoempleo.com\/hrtrends\/#\/schema\/person\/6eed0717dd6d324ad674543577f7d352\"},\"headline\":\"A menos festivos, \u00bfm\u00e1s productividad?\",\"datePublished\":\"2012-01-09T11:12:54+00:00\",\"dateModified\":\"2025-07-18T14:48:54+00:00\",\"mainEntityOfPage\":{\"@id\":\"https:\/\/empresas.infoempleo.com\/hrtrends\/a-menos-festivos-mas-productividad\/\"},\"wordCount\":519,\"publisher\":{\"@id\":\"https:\/\/empresas.infoempleo.com\/hrtrends\/#organization\"},\"image\":{\"@id\":\"https:\/\/empresas.infoempleo.com\/hrtrends\/a-menos-festivos-mas-productividad\/#primaryimage\"},\"thumbnailUrl\":\"https:\/\/empresas.infoempleo.com\/hrtrends\/media\/2012\/01\/calendario.jpg\",\"keywords\":[\"calendario laboral\",\"festivos\"],\"articleSection\":[\"Actualidad\"],\"inLanguage\":\"es\",\"copyrightYear\":\"2012\",\"copyrightHolder\":{\"@id\":\"https:\/\/empresas.infoempleo.com\/hrtrends\/#organization\"}},{\"@type\":\"WebPage\",\"@id\":\"https:\/\/empresas.infoempleo.com\/hrtrends\/a-menos-festivos-mas-productividad\/\",\"url\":\"https:\/\/empresas.infoempleo.com\/hrtrends\/a-menos-festivos-mas-productividad\/\",\"name\":\"A menos festivos, \u00bfm\u00e1s productividad? | HRTRENDS\",\"isPartOf\":{\"@id\":\"https:\/\/empresas.infoempleo.com\/hrtrends\/#website\"},\"primaryImageOfPage\":{\"@id\":\"https:\/\/empresas.infoempleo.com\/hrtrends\/a-menos-festivos-mas-productividad\/#primaryimage\"},\"image\":{\"@id\":\"https:\/\/empresas.infoempleo.com\/hrtrends\/a-menos-festivos-mas-productividad\/#primaryimage\"},\"thumbnailUrl\":\"https:\/\/empresas.infoempleo.com\/hrtrends\/media\/2012\/01\/calendario.jpg\",\"datePublished\":\"2012-01-09T11:12:54+00:00\",\"dateModified\":\"2025-07-18T14:48:54+00:00\",\"breadcrumb\":{\"@id\":\"https:\/\/empresas.infoempleo.com\/hrtrends\/a-menos-festivos-mas-productividad\/#breadcrumb\"},\"inLanguage\":\"es\",\"potentialAction\":[{\"@type\":\"ReadAction\",\"target\":[\"https:\/\/empresas.infoempleo.com\/hrtrends\/a-menos-festivos-mas-productividad\/\"]}]},{\"@type\":\"ImageObject\",\"inLanguage\":\"es\",\"@id\":\"https:\/\/empresas.infoempleo.com\/hrtrends\/a-menos-festivos-mas-productividad\/#primaryimage\",\"url\":\"https:\/\/empresas.infoempleo.com\/hrtrends\/media\/2012\/01\/calendario-150x150.jpg\",\"contentUrl\":\"https:\/\/empresas.infoempleo.com\/hrtrends\/media\/2012\/01\/calendario-150x150.jpg\",\"width\":150,\"height\":150},{\"@type\":\"BreadcrumbList\",\"@id\":\"https:\/\/empresas.infoempleo.com\/hrtrends\/a-menos-festivos-mas-productividad\/#breadcrumb\",\"itemListElement\":[{\"@type\":\"ListItem\",\"position\":1,\"name\":\"Portada\",\"item\":\"https:\/\/empresas.infoempleo.com\/hrtrends\/\"},{\"@type\":\"ListItem\",\"position\":2,\"name\":\"A menos festivos, \u00bfm\u00e1s productividad?\"}]},{\"@type\":\"WebSite\",\"@id\":\"https:\/\/empresas.infoempleo.com\/hrtrends\/#website\",\"url\":\"https:\/\/empresas.infoempleo.com\/hrtrends\",\"name\":\"HRTrends by Infoempleo\",\"description\":\"\",\"publisher\":{\"@id\":\"https:\/\/empresas.infoempleo.com\/hrtrends\/#organization\"},\"potentialAction\":{\"@type\":\"SearchAction\",\"target\":\"https:\/\/empresas.infoempleo.com\/hrtrends\/?s={search_term_string}\",\"query-input\":\"required name=search_term_string\"},\"inLanguage\":\"es\"},{\"@type\":\"Organization\",\"@id\":\"https:\/\/empresas.infoempleo.com\/hrtrends\/#organization\",\"name\":\"Infoempleo\",\"url\":\"https:\/\/www.infoempleo.com\/\",\"logo\":{\"@type\":\"ImageObject\",\"@id\":\"https:\/\/empresas.infoempleo.com\/hrtrends\/#logo\",\"inLanguage\":\"es\",\"url\":\"https:\/\/cdnazure.infoempleo.com\/infoempleo\/assets\/style\/gfx\/logo.svg\",\"contentUrl\":\"https:\/\/cdnazure.infoempleo.com\/infoempleo\/assets\/style\/gfx\/logo.svg\",\"width\":150,\"height\":40,\"caption\":\"Infoempleo\"},\"image\":{\"@id\":\"https:\/\/empresas.infoempleo.com\/hrtrends\/#logo\"},\"sameAs\":[\"https:\/\/www.facebook.com\/Infoempleo\",\"https:\/\/x.com\/infoempleo\",\"http:\/\/instagram.com\/infoempleo\/\",\"http:\/\/www.linkedin.com\/groups\/Empleo-Espa\u00f1a-Infoempleocom-111276\",\"http:\/\/pinterest.com\/infoempleo\/\"],\"address\":{\"@type\":\"PostalAddress\",\"addressLocality\":\"Madrid\",\"postalCode\":\"28050\",\"streetAddress\":\"Avenida de Burgos 114\"},\"brand\":[\"Infoempleo\"]},{\"@type\":\"Person\",\"@id\":\"https:\/\/empresas.infoempleo.com\/hrtrends\/#\/schema\/person\/6eed0717dd6d324ad674543577f7d352\",\"name\":\"Sergio Mu\u00f1oz\",\"image\":{\"@type\":\"ImageObject\",\"inLanguage\":\"es\",\"@id\":\"https:\/\/empresas.infoempleo.com\/hrtrends\/#\/schema\/person\/image\/\",\"url\":\"https:\/\/secure.gravatar.com\/avatar\/e7731161b4b74cbcb9baea8553044aadfdf78c0164ca104016474818fd843019?s=96&d=mm&r=g\",\"contentUrl\":\"https:\/\/secure.gravatar.com\/avatar\/e7731161b4b74cbcb9baea8553044aadfdf78c0164ca104016474818fd843019?s=96&d=mm&r=g\",\"caption\":\"Sergio Mu\u00f1oz\"},\"url\":\"https:\/\/empresas.infoempleo.com\/hrtrends\/author\/sergio-munoz\/\"}]}<\/script>\n<!-- \/ Yoast SEO plugin. -->","yoast_head_json":{"title":"A menos festivos, \u00bfm\u00e1s productividad? | HRTRENDS","robots":{"index":"index","follow":"follow","max-snippet":"max-snippet:-1","max-image-preview":"max-image-preview:large","max-video-preview":"max-video-preview:-1"},"canonical":"https:\/\/empresas.infoempleo.com\/hrtrends\/a-menos-festivos-mas-productividad\/","og_locale":"es_ES","og_type":"article","og_title":"A menos festivos, \u00bfm\u00e1s productividad? | HRTRENDS","og_description":"Entre los prop\u00f3sitos para 2012 est\u00e1 el de encontrar, por parte de los actores sociales y los poderes Leer m\u00e1s","og_url":"https:\/\/empresas.infoempleo.com\/hrtrends\/a-menos-festivos-mas-productividad\/","og_site_name":"HRTRENDS","article_publisher":"https:\/\/www.facebook.com\/Infoempleo","article_published_time":"2012-01-09T11:12:54+00:00","article_modified_time":"2025-07-18T14:48:54+00:00","og_image":[{"width":568,"height":258,"url":"https:\/\/empresas.infoempleo.com\/hrtrends\/media\/2012\/01\/calendario.jpg","type":"image\/jpeg"}],"author":"Sergio Mu\u00f1oz","twitter_card":"summary_large_image","twitter_creator":"@infoempleo","twitter_site":"@infoempleo","twitter_misc":{"Escrito por":"Sergio Mu\u00f1oz","Tiempo de lectura":"3 minutos"},"schema":{"@context":"https:\/\/schema.org","@graph":[{"@type":"NewsArticle","@id":"https:\/\/empresas.infoempleo.com\/hrtrends\/a-menos-festivos-mas-productividad\/#article","isPartOf":{"@id":"https:\/\/empresas.infoempleo.com\/hrtrends\/a-menos-festivos-mas-productividad\/"},"author":{"name":"Sergio Mu\u00f1oz","@id":"https:\/\/empresas.infoempleo.com\/hrtrends\/#\/schema\/person\/6eed0717dd6d324ad674543577f7d352"},"headline":"A menos festivos, \u00bfm\u00e1s productividad?","datePublished":"2012-01-09T11:12:54+00:00","dateModified":"2025-07-18T14:48:54+00:00","mainEntityOfPage":{"@id":"https:\/\/empresas.infoempleo.com\/hrtrends\/a-menos-festivos-mas-productividad\/"},"wordCount":519,"publisher":{"@id":"https:\/\/empresas.infoempleo.com\/hrtrends\/#organization"},"image":{"@id":"https:\/\/empresas.infoempleo.com\/hrtrends\/a-menos-festivos-mas-productividad\/#primaryimage"},"thumbnailUrl":"https:\/\/empresas.infoempleo.com\/hrtrends\/media\/2012\/01\/calendario.jpg","keywords":["calendario laboral","festivos"],"articleSection":["Actualidad"],"inLanguage":"es","copyrightYear":"2012","copyrightHolder":{"@id":"https:\/\/empresas.infoempleo.com\/hrtrends\/#organization"}},{"@type":"WebPage","@id":"https:\/\/empresas.infoempleo.com\/hrtrends\/a-menos-festivos-mas-productividad\/","url":"https:\/\/empresas.infoempleo.com\/hrtrends\/a-menos-festivos-mas-productividad\/","name":"A menos festivos, \u00bfm\u00e1s productividad? | HRTRENDS","isPartOf":{"@id":"https:\/\/empresas.infoempleo.com\/hrtrends\/#website"},"primaryImageOfPage":{"@id":"https:\/\/empresas.infoempleo.com\/hrtrends\/a-menos-festivos-mas-productividad\/#primaryimage"},"image":{"@id":"https:\/\/empresas.infoempleo.com\/hrtrends\/a-menos-festivos-mas-productividad\/#primaryimage"},"thumbnailUrl":"https:\/\/empresas.infoempleo.com\/hrtrends\/media\/2012\/01\/calendario.jpg","datePublished":"2012-01-09T11:12:54+00:00","dateModified":"2025-07-18T14:48:54+00:00","breadcrumb":{"@id":"https:\/\/empresas.infoempleo.com\/hrtrends\/a-menos-festivos-mas-productividad\/#breadcrumb"},"inLanguage":"es","potentialAction":[{"@type":"ReadAction","target":["https:\/\/empresas.infoempleo.com\/hrtrends\/a-menos-festivos-mas-productividad\/"]}]},{"@type":"ImageObject","inLanguage":"es","@id":"https:\/\/empresas.infoempleo.com\/hrtrends\/a-menos-festivos-mas-productividad\/#primaryimage","url":"https:\/\/empresas.infoempleo.com\/hrtrends\/media\/2012\/01\/calendario-150x150.jpg","contentUrl":"https:\/\/empresas.infoempleo.com\/hrtrends\/media\/2012\/01\/calendario-150x150.jpg","width":150,"height":150},{"@type":"BreadcrumbList","@id":"https:\/\/empresas.infoempleo.com\/hrtrends\/a-menos-festivos-mas-productividad\/#breadcrumb","itemListElement":[{"@type":"ListItem","position":1,"name":"Portada","item":"https:\/\/empresas.infoempleo.com\/hrtrends\/"},{"@type":"ListItem","position":2,"name":"A menos festivos, \u00bfm\u00e1s productividad?"}]},{"@type":"WebSite","@id":"https:\/\/empresas.infoempleo.com\/hrtrends\/#website","url":"https:\/\/empresas.infoempleo.com\/hrtrends","name":"HRTrends by Infoempleo","description":"","publisher":{"@id":"https:\/\/empresas.infoempleo.com\/hrtrends\/#organization"},"potentialAction":{"@type":"SearchAction","target":"https:\/\/empresas.infoempleo.com\/hrtrends\/?s={search_term_string}","query-input":"required name=search_term_string"},"inLanguage":"es"},{"@type":"Organization","@id":"https:\/\/empresas.infoempleo.com\/hrtrends\/#organization","name":"Infoempleo","url":"https:\/\/www.infoempleo.com\/","logo":{"@type":"ImageObject","@id":"https:\/\/empresas.infoempleo.com\/hrtrends\/#logo","inLanguage":"es","url":"https:\/\/cdnazure.infoempleo.com\/infoempleo\/assets\/style\/gfx\/logo.svg","contentUrl":"https:\/\/cdnazure.infoempleo.com\/infoempleo\/assets\/style\/gfx\/logo.svg","width":150,"height":40,"caption":"Infoempleo"},"image":{"@id":"https:\/\/empresas.infoempleo.com\/hrtrends\/#logo"},"sameAs":["https:\/\/www.facebook.com\/Infoempleo","https:\/\/x.com\/infoempleo","http:\/\/instagram.com\/infoempleo\/","http:\/\/www.linkedin.com\/groups\/Empleo-Espa\u00f1a-Infoempleocom-111276","http:\/\/pinterest.com\/infoempleo\/"],"address":{"@type":"PostalAddress","addressLocality":"Madrid","postalCode":"28050","streetAddress":"Avenida de Burgos 114"},"brand":["Infoempleo"]},{"@type":"Person","@id":"https:\/\/empresas.infoempleo.com\/hrtrends\/#\/schema\/person\/6eed0717dd6d324ad674543577f7d352","name":"Sergio Mu\u00f1oz","image":{"@type":"ImageObject","inLanguage":"es","@id":"https:\/\/empresas.infoempleo.com\/hrtrends\/#\/schema\/person\/image\/","url":"https:\/\/secure.gravatar.com\/avatar\/e7731161b4b74cbcb9baea8553044aadfdf78c0164ca104016474818fd843019?s=96&d=mm&r=g","contentUrl":"https:\/\/secure.gravatar.com\/avatar\/e7731161b4b74cbcb9baea8553044aadfdf78c0164ca104016474818fd843019?s=96&d=mm&r=g","caption":"Sergio Mu\u00f1oz"},"url":"https:\/\/empresas.infoempleo.com\/hrtrends\/author\/sergio-munoz\/"}]}},"amp_enabled":true,"_links":{"self":[{"href":"https:\/\/empresas.infoempleo.com\/hrtrends\/wp-json\/wp\/v2\/posts\/14553","targetHints":{"allow":["GET"]}}],"collection":[{"href":"https:\/\/empresas.infoempleo.com\/hrtrends\/wp-json\/wp\/v2\/posts"}],"about":[{"href":"https:\/\/empresas.infoempleo.com\/hrtrends\/wp-json\/wp\/v2\/types\/post"}],"author":[{"embeddable":true,"href":"https:\/\/empresas.infoempleo.com\/hrtrends\/wp-json\/wp\/v2\/users\/50"}],"replies":[{"embeddable":true,"href":"https:\/\/empresas.infoempleo.com\/hrtrends\/wp-json\/wp\/v2\/comments?post=14553"}],"version-history":[{"count":1,"href":"https:\/\/empresas.infoempleo.com\/hrtrends\/wp-json\/wp\/v2\/posts\/14553\/revisions"}],"predecessor-version":[{"id":46937,"href":"https:\/\/empresas.infoempleo.com\/hrtrends\/wp-json\/wp\/v2\/posts\/14553\/revisions\/46937"}],"wp:featuredmedia":[{"embeddable":true,"href":"https:\/\/empresas.infoempleo.com\/hrtrends\/wp-json\/wp\/v2\/media\/14554"}],"wp:attachment":[{"href":"https:\/\/empresas.infoempleo.com\/hrtrends\/wp-json\/wp\/v2\/media?parent=14553"}],"wp:term":[{"taxonomy":"category","embeddable":true,"href":"https:\/\/empresas.infoempleo.com\/hrtrends\/wp-json\/wp\/v2\/categories?post=14553"},{"taxonomy":"post_tag","embeddable":true,"href":"https:\/\/empresas.infoempleo.com\/hrtrends\/wp-json\/wp\/v2\/tags?post=14553"}],"curies":[{"name":"wp","href":"https:\/\/api.w.org\/{rel}","templated":true}]}}