{"id":14538,"date":"2012-01-04T09:18:22","date_gmt":"2012-01-04T08:18:22","guid":{"rendered":"http:\/\/blog.infoempleo.com\/?p=14538"},"modified":"2018-05-23T17:13:03","modified_gmt":"2018-05-23T15:13:03","slug":"los-autonomos-empiezan-a-cobrar-el-desempleo","status":"publish","type":"post","link":"https:\/\/empresas.infoempleo.com\/hrtrends\/los-autonomos-empiezan-a-cobrar-el-desempleo\/","title":{"rendered":"Los aut\u00f3nomos empiezan a cobrar el desempleo"},"content":{"rendered":"<p style=\"text-align: center;\"><img loading=\"lazy\" decoding=\"async\" class=\"alignnone size-full wp-image-14540\" title=\"Autonomos desempleo\" src=\"https:\/\/empresas.infoempleo.com\/hrtrends\/media\/2012\/01\/Autonomosdesempleo2.jpg\" alt=\"\" width=\"454\" height=\"207\" srcset=\"https:\/\/empresas.infoempleo.com\/hrtrends\/media\/2012\/01\/Autonomosdesempleo2.jpg 568w, https:\/\/empresas.infoempleo.com\/hrtrends\/media\/2012\/01\/Autonomosdesempleo2-300x137.jpg 300w\" sizes=\"auto, (max-width: 454px) 100vw, 454px\" \/><\/p>\n<p>Hace algo m\u00e1s de un a\u00f1o, exactamente el 6 de noviembre de 2010, entr\u00f3 en vigor la <a href=\"https:\/\/www.boe.es\/boe\/dias\/2010\/08\/06\/pdfs\/BOE-A-2010-12616.pdf\" target=\"_blank\">protecci\u00f3n por cese de actividad de los aut\u00f3nomos<\/a>. Esa ley especificaba que para que un trabajador por cuenta propia pudiera cobrar esa protecci\u00f3n por desempleo deb\u00eda haber cotizado un m\u00ednimo de 12 meses, por tanto, hace apenas unos d\u00edas empezaron a cobrar los primeros aut\u00f3nomos beneficiados por la medida.<\/p>\n<p>Me gustar\u00eda recordar brevemente en este post en qu\u00e9 consiste esta prestaci\u00f3n y qu\u00e9 hay que hacer para poder recibirla. <strong>Tienen derecho a la protecci\u00f3n por cese de actividad los aut\u00f3nomos que tengan protegida la cobertura por accidentes de trabajo y enfermedades profesionales, ya sea de forma obligatoria como voluntaria.<\/strong> Asimismo, es requisito necesario estar al d\u00eda con las cuotas a la Seguridad Social y presentar un cese legal de la actividad.<\/p>\n<p>Es importante recordar que si el trabajador aut\u00f3nomo tiene personal a su cargo debe tener al d\u00eda los pagos para poder acogerse a esta medida. A su vez, deber\u00e1 demostrar inviabilidad econ\u00f3mica, es decir, dar muestra fehaciente de que es imposible seguir adelante con la actividad profesional. Normalmente, la grave situaci\u00f3n econ\u00f3mica, que ha producido p\u00e9rdidas importantes en todos los sectores, es un argumento de peso.<\/p>\n<h3>Caracter\u00edsticas de la prestaci\u00f3n<\/h3>\n<p>La duraci\u00f3n de la prestaci\u00f3n depende exclusivamente del periodo cotizado en los 36 meses anteriores a la situaci\u00f3n legal de cese de actividad de los que, al menos 12, deben de ser continuados e inmediatamente anteriores a dicha situaci\u00f3n. Ese m\u00ednimo de un a\u00f1o cotizado da derecho a dos meses de paro. Veamos la tabla:<\/p>\n<p style=\"text-align: center;\"><img loading=\"lazy\" decoding=\"async\" class=\"size-full wp-image-14539 aligncenter\" title=\"Autonomos desempleo\" src=\"https:\/\/empresas.infoempleo.com\/hrtrends\/media\/2012\/01\/Autonomosdesempleo.jpg\" alt=\"\" width=\"400\" height=\"133\" srcset=\"https:\/\/empresas.infoempleo.com\/hrtrends\/media\/2012\/01\/Autonomosdesempleo.jpg 400w, https:\/\/empresas.infoempleo.com\/hrtrends\/media\/2012\/01\/Autonomosdesempleo-300x100.jpg 300w\" sizes=\"auto, (max-width: 400px) 100vw, 400px\" \/><\/p>\n<p>En cuanto a la cuant\u00eda del subsidio, esta ser\u00e1 del 70% de la base por la que se haya cotizado en los doce meses anteriores a la situaci\u00f3n de cese. Los l\u00edmites de prestaci\u00f3n ir\u00e1n de los 589,26 a los 1.397,84 euros, en el caso de tener dos o m\u00e1s hijos.<\/p>\n<h3>Solo el 21% de los aut\u00f3nomos<\/h3>\n<p>Seg\u00fan los datos aportados recientemente por la <a href=\"https:\/\/upta.es\/\" target=\"_blank\">Uni\u00f3n de Profesionales y Trabajadores Aut\u00f3nomos (UPTA)<\/a>, solo el 21% de los aut\u00f3nomos cotiza para obtener la prestaci\u00f3n por cese de actividad. Es decir, unos 650.000 trabajadores, cifra que ha ca\u00eddo respecto a los \u00faltimos meses por la reducci\u00f3n de trabajadores aut\u00f3nomos en nuestro pa\u00eds.<\/p>\n<p>De todas maneras, la UPTA recomienda a todos los trabajadores por cuenta propia que coticen para recibir esta ayuda, adem\u00e1s de recordar que a partir de enero de 2013 esta cotizaci\u00f3n ser\u00e1 obligatoria para todas las nuevas altas.<\/p>\n","protected":false},"excerpt":{"rendered":"<p>Hace algo m\u00e1s de un a\u00f1o, exactamente el 6 de noviembre de 2010, entr\u00f3 en vigor la protecci\u00f3n<a class=\"moretag\" href=\"https:\/\/empresas.infoempleo.com\/hrtrends\/los-autonomos-empiezan-a-cobrar-el-desempleo\/\"> Leer m\u00e1s<\/a><\/p>\n","protected":false},"author":66,"featured_media":14540,"comment_status":"closed","ping_status":"open","sticky":false,"template":"","format":"standard","meta":{"footnotes":""},"categories":[3],"tags":[718,33],"class_list":["post-14538","post","type-post","status-publish","format-standard","has-post-thumbnail","hentry","category-actualidad","tag-autonomos","tag-desempleo"],"yoast_head":"<!-- This site is optimized with the Yoast SEO plugin v26.1.1 - https:\/\/yoast.com\/wordpress\/plugins\/seo\/ -->\n<title>Los aut\u00f3nomos empiezan a cobrar el desempleo | HRTRENDS<\/title>\n<meta name=\"robots\" content=\"index, follow, max-snippet:-1, max-image-preview:large, max-video-preview:-1\" \/>\n<link rel=\"canonical\" href=\"https:\/\/empresas.infoempleo.com\/hrtrends\/los-autonomos-empiezan-a-cobrar-el-desempleo\/\" \/>\n<meta property=\"og:locale\" content=\"es_ES\" \/>\n<meta property=\"og:type\" content=\"article\" \/>\n<meta property=\"og:title\" content=\"Los aut\u00f3nomos empiezan a cobrar el desempleo | HRTRENDS\" \/>\n<meta property=\"og:description\" content=\"Hace algo m\u00e1s de un a\u00f1o, exactamente el 6 de noviembre de 2010, entr\u00f3 en vigor la protecci\u00f3n Leer m\u00e1s\" \/>\n<meta property=\"og:url\" content=\"https:\/\/empresas.infoempleo.com\/hrtrends\/los-autonomos-empiezan-a-cobrar-el-desempleo\/\" \/>\n<meta property=\"og:site_name\" content=\"HRTRENDS\" \/>\n<meta property=\"article:publisher\" content=\"https:\/\/www.facebook.com\/Infoempleo\" \/>\n<meta property=\"article:published_time\" content=\"2012-01-04T08:18:22+00:00\" \/>\n<meta property=\"article:modified_time\" content=\"2018-05-23T15:13:03+00:00\" \/>\n<meta property=\"og:image\" content=\"https:\/\/empresas.infoempleo.com\/hrtrends\/media\/2012\/01\/Autonomosdesempleo2.jpg\" \/>\n\t<meta property=\"og:image:width\" content=\"568\" \/>\n\t<meta property=\"og:image:height\" content=\"259\" \/>\n\t<meta property=\"og:image:type\" content=\"image\/jpeg\" \/>\n<meta name=\"author\" content=\"David Val\" \/>\n<meta name=\"twitter:card\" content=\"summary_large_image\" \/>\n<meta name=\"twitter:creator\" content=\"@infoempleo\" \/>\n<meta name=\"twitter:site\" content=\"@infoempleo\" \/>\n<meta name=\"twitter:label1\" content=\"Escrito por\" \/>\n\t<meta name=\"twitter:data1\" content=\"David Val\" \/>\n\t<meta name=\"twitter:label2\" content=\"Tiempo de lectura\" \/>\n\t<meta name=\"twitter:data2\" content=\"2 minutos\" \/>\n<script type=\"application\/ld+json\" class=\"yoast-schema-graph\">{\"@context\":\"https:\/\/schema.org\",\"@graph\":[{\"@type\":\"NewsArticle\",\"@id\":\"https:\/\/empresas.infoempleo.com\/hrtrends\/los-autonomos-empiezan-a-cobrar-el-desempleo\/#article\",\"isPartOf\":{\"@id\":\"https:\/\/empresas.infoempleo.com\/hrtrends\/los-autonomos-empiezan-a-cobrar-el-desempleo\/\"},\"author\":{\"name\":\"David Val\",\"@id\":\"https:\/\/empresas.infoempleo.com\/hrtrends\/#\/schema\/person\/a6e273d5de025b4f500c10a4d765dc61\"},\"headline\":\"Los aut\u00f3nomos empiezan a cobrar el desempleo\",\"datePublished\":\"2012-01-04T08:18:22+00:00\",\"dateModified\":\"2018-05-23T15:13:03+00:00\",\"mainEntityOfPage\":{\"@id\":\"https:\/\/empresas.infoempleo.com\/hrtrends\/los-autonomos-empiezan-a-cobrar-el-desempleo\/\"},\"wordCount\":452,\"publisher\":{\"@id\":\"https:\/\/empresas.infoempleo.com\/hrtrends\/#organization\"},\"image\":{\"@id\":\"https:\/\/empresas.infoempleo.com\/hrtrends\/los-autonomos-empiezan-a-cobrar-el-desempleo\/#primaryimage\"},\"thumbnailUrl\":\"https:\/\/empresas.infoempleo.com\/hrtrends\/media\/2012\/01\/Autonomosdesempleo2.jpg\",\"keywords\":[\"Aut\u00f3nomos\",\"desempleo\"],\"articleSection\":[\"Actualidad\"],\"inLanguage\":\"es\",\"copyrightYear\":\"2012\",\"copyrightHolder\":{\"@id\":\"https:\/\/empresas.infoempleo.com\/hrtrends\/#organization\"}},{\"@type\":\"WebPage\",\"@id\":\"https:\/\/empresas.infoempleo.com\/hrtrends\/los-autonomos-empiezan-a-cobrar-el-desempleo\/\",\"url\":\"https:\/\/empresas.infoempleo.com\/hrtrends\/los-autonomos-empiezan-a-cobrar-el-desempleo\/\",\"name\":\"Los aut\u00f3nomos empiezan a cobrar el desempleo | HRTRENDS\",\"isPartOf\":{\"@id\":\"https:\/\/empresas.infoempleo.com\/hrtrends\/#website\"},\"primaryImageOfPage\":{\"@id\":\"https:\/\/empresas.infoempleo.com\/hrtrends\/los-autonomos-empiezan-a-cobrar-el-desempleo\/#primaryimage\"},\"image\":{\"@id\":\"https:\/\/empresas.infoempleo.com\/hrtrends\/los-autonomos-empiezan-a-cobrar-el-desempleo\/#primaryimage\"},\"thumbnailUrl\":\"https:\/\/empresas.infoempleo.com\/hrtrends\/media\/2012\/01\/Autonomosdesempleo2.jpg\",\"datePublished\":\"2012-01-04T08:18:22+00:00\",\"dateModified\":\"2018-05-23T15:13:03+00:00\",\"breadcrumb\":{\"@id\":\"https:\/\/empresas.infoempleo.com\/hrtrends\/los-autonomos-empiezan-a-cobrar-el-desempleo\/#breadcrumb\"},\"inLanguage\":\"es\",\"potentialAction\":[{\"@type\":\"ReadAction\",\"target\":[\"https:\/\/empresas.infoempleo.com\/hrtrends\/los-autonomos-empiezan-a-cobrar-el-desempleo\/\"]}]},{\"@type\":\"ImageObject\",\"inLanguage\":\"es\",\"@id\":\"https:\/\/empresas.infoempleo.com\/hrtrends\/los-autonomos-empiezan-a-cobrar-el-desempleo\/#primaryimage\",\"url\":\"https:\/\/empresas.infoempleo.com\/hrtrends\/media\/2012\/01\/Autonomosdesempleo2-150x150.jpg\",\"contentUrl\":\"https:\/\/empresas.infoempleo.com\/hrtrends\/media\/2012\/01\/Autonomosdesempleo2-150x150.jpg\",\"width\":150,\"height\":150},{\"@type\":\"BreadcrumbList\",\"@id\":\"https:\/\/empresas.infoempleo.com\/hrtrends\/los-autonomos-empiezan-a-cobrar-el-desempleo\/#breadcrumb\",\"itemListElement\":[{\"@type\":\"ListItem\",\"position\":1,\"name\":\"Portada\",\"item\":\"https:\/\/empresas.infoempleo.com\/hrtrends\/\"},{\"@type\":\"ListItem\",\"position\":2,\"name\":\"Los aut\u00f3nomos empiezan a cobrar el desempleo\"}]},{\"@type\":\"WebSite\",\"@id\":\"https:\/\/empresas.infoempleo.com\/hrtrends\/#website\",\"url\":\"https:\/\/empresas.infoempleo.com\/hrtrends\",\"name\":\"HRTrends by Infoempleo\",\"description\":\"\",\"publisher\":{\"@id\":\"https:\/\/empresas.infoempleo.com\/hrtrends\/#organization\"},\"potentialAction\":{\"@type\":\"SearchAction\",\"target\":\"https:\/\/empresas.infoempleo.com\/hrtrends\/?s={search_term_string}\",\"query-input\":\"required name=search_term_string\"},\"inLanguage\":\"es\"},{\"@type\":\"Organization\",\"@id\":\"https:\/\/empresas.infoempleo.com\/hrtrends\/#organization\",\"name\":\"Infoempleo\",\"url\":\"https:\/\/www.infoempleo.com\/\",\"logo\":{\"@type\":\"ImageObject\",\"@id\":\"https:\/\/empresas.infoempleo.com\/hrtrends\/#logo\",\"inLanguage\":\"es\",\"url\":\"https:\/\/cdnazure.infoempleo.com\/infoempleo\/assets\/style\/gfx\/logo.svg\",\"contentUrl\":\"https:\/\/cdnazure.infoempleo.com\/infoempleo\/assets\/style\/gfx\/logo.svg\",\"width\":150,\"height\":40,\"caption\":\"Infoempleo\"},\"image\":{\"@id\":\"https:\/\/empresas.infoempleo.com\/hrtrends\/#logo\"},\"sameAs\":[\"https:\/\/www.facebook.com\/Infoempleo\",\"https:\/\/x.com\/infoempleo\",\"http:\/\/instagram.com\/infoempleo\/\",\"http:\/\/www.linkedin.com\/groups\/Empleo-Espa\u00f1a-Infoempleocom-111276\",\"http:\/\/pinterest.com\/infoempleo\/\"],\"address\":{\"@type\":\"PostalAddress\",\"addressLocality\":\"Madrid\",\"postalCode\":\"28050\",\"streetAddress\":\"Avenida de Burgos 114\"},\"brand\":[\"Infoempleo\"]},{\"@type\":\"Person\",\"@id\":\"https:\/\/empresas.infoempleo.com\/hrtrends\/#\/schema\/person\/a6e273d5de025b4f500c10a4d765dc61\",\"name\":\"David Val\",\"image\":{\"@type\":\"ImageObject\",\"inLanguage\":\"es\",\"@id\":\"https:\/\/empresas.infoempleo.com\/hrtrends\/#\/schema\/person\/image\/\",\"url\":\"https:\/\/secure.gravatar.com\/avatar\/35045dd6b035760ab73e35bc65b54be5ca921a4f0722835d6fda785c80fa36a1?s=96&d=mm&r=g\",\"contentUrl\":\"https:\/\/secure.gravatar.com\/avatar\/35045dd6b035760ab73e35bc65b54be5ca921a4f0722835d6fda785c80fa36a1?s=96&d=mm&r=g\",\"caption\":\"David Val\"},\"url\":\"https:\/\/empresas.infoempleo.com\/hrtrends\/author\/davidval\/\"}]}<\/script>\n<!-- \/ Yoast SEO plugin. -->","yoast_head_json":{"title":"Los aut\u00f3nomos empiezan a cobrar el desempleo | HRTRENDS","robots":{"index":"index","follow":"follow","max-snippet":"max-snippet:-1","max-image-preview":"max-image-preview:large","max-video-preview":"max-video-preview:-1"},"canonical":"https:\/\/empresas.infoempleo.com\/hrtrends\/los-autonomos-empiezan-a-cobrar-el-desempleo\/","og_locale":"es_ES","og_type":"article","og_title":"Los aut\u00f3nomos empiezan a cobrar el desempleo | HRTRENDS","og_description":"Hace algo m\u00e1s de un a\u00f1o, exactamente el 6 de noviembre de 2010, entr\u00f3 en vigor la protecci\u00f3n Leer m\u00e1s","og_url":"https:\/\/empresas.infoempleo.com\/hrtrends\/los-autonomos-empiezan-a-cobrar-el-desempleo\/","og_site_name":"HRTRENDS","article_publisher":"https:\/\/www.facebook.com\/Infoempleo","article_published_time":"2012-01-04T08:18:22+00:00","article_modified_time":"2018-05-23T15:13:03+00:00","og_image":[{"width":568,"height":259,"url":"https:\/\/empresas.infoempleo.com\/hrtrends\/media\/2012\/01\/Autonomosdesempleo2.jpg","type":"image\/jpeg"}],"author":"David Val","twitter_card":"summary_large_image","twitter_creator":"@infoempleo","twitter_site":"@infoempleo","twitter_misc":{"Escrito por":"David Val","Tiempo de lectura":"2 minutos"},"schema":{"@context":"https:\/\/schema.org","@graph":[{"@type":"NewsArticle","@id":"https:\/\/empresas.infoempleo.com\/hrtrends\/los-autonomos-empiezan-a-cobrar-el-desempleo\/#article","isPartOf":{"@id":"https:\/\/empresas.infoempleo.com\/hrtrends\/los-autonomos-empiezan-a-cobrar-el-desempleo\/"},"author":{"name":"David Val","@id":"https:\/\/empresas.infoempleo.com\/hrtrends\/#\/schema\/person\/a6e273d5de025b4f500c10a4d765dc61"},"headline":"Los aut\u00f3nomos empiezan a cobrar el desempleo","datePublished":"2012-01-04T08:18:22+00:00","dateModified":"2018-05-23T15:13:03+00:00","mainEntityOfPage":{"@id":"https:\/\/empresas.infoempleo.com\/hrtrends\/los-autonomos-empiezan-a-cobrar-el-desempleo\/"},"wordCount":452,"publisher":{"@id":"https:\/\/empresas.infoempleo.com\/hrtrends\/#organization"},"image":{"@id":"https:\/\/empresas.infoempleo.com\/hrtrends\/los-autonomos-empiezan-a-cobrar-el-desempleo\/#primaryimage"},"thumbnailUrl":"https:\/\/empresas.infoempleo.com\/hrtrends\/media\/2012\/01\/Autonomosdesempleo2.jpg","keywords":["Aut\u00f3nomos","desempleo"],"articleSection":["Actualidad"],"inLanguage":"es","copyrightYear":"2012","copyrightHolder":{"@id":"https:\/\/empresas.infoempleo.com\/hrtrends\/#organization"}},{"@type":"WebPage","@id":"https:\/\/empresas.infoempleo.com\/hrtrends\/los-autonomos-empiezan-a-cobrar-el-desempleo\/","url":"https:\/\/empresas.infoempleo.com\/hrtrends\/los-autonomos-empiezan-a-cobrar-el-desempleo\/","name":"Los aut\u00f3nomos empiezan a cobrar el desempleo | HRTRENDS","isPartOf":{"@id":"https:\/\/empresas.infoempleo.com\/hrtrends\/#website"},"primaryImageOfPage":{"@id":"https:\/\/empresas.infoempleo.com\/hrtrends\/los-autonomos-empiezan-a-cobrar-el-desempleo\/#primaryimage"},"image":{"@id":"https:\/\/empresas.infoempleo.com\/hrtrends\/los-autonomos-empiezan-a-cobrar-el-desempleo\/#primaryimage"},"thumbnailUrl":"https:\/\/empresas.infoempleo.com\/hrtrends\/media\/2012\/01\/Autonomosdesempleo2.jpg","datePublished":"2012-01-04T08:18:22+00:00","dateModified":"2018-05-23T15:13:03+00:00","breadcrumb":{"@id":"https:\/\/empresas.infoempleo.com\/hrtrends\/los-autonomos-empiezan-a-cobrar-el-desempleo\/#breadcrumb"},"inLanguage":"es","potentialAction":[{"@type":"ReadAction","target":["https:\/\/empresas.infoempleo.com\/hrtrends\/los-autonomos-empiezan-a-cobrar-el-desempleo\/"]}]},{"@type":"ImageObject","inLanguage":"es","@id":"https:\/\/empresas.infoempleo.com\/hrtrends\/los-autonomos-empiezan-a-cobrar-el-desempleo\/#primaryimage","url":"https:\/\/empresas.infoempleo.com\/hrtrends\/media\/2012\/01\/Autonomosdesempleo2-150x150.jpg","contentUrl":"https:\/\/empresas.infoempleo.com\/hrtrends\/media\/2012\/01\/Autonomosdesempleo2-150x150.jpg","width":150,"height":150},{"@type":"BreadcrumbList","@id":"https:\/\/empresas.infoempleo.com\/hrtrends\/los-autonomos-empiezan-a-cobrar-el-desempleo\/#breadcrumb","itemListElement":[{"@type":"ListItem","position":1,"name":"Portada","item":"https:\/\/empresas.infoempleo.com\/hrtrends\/"},{"@type":"ListItem","position":2,"name":"Los aut\u00f3nomos empiezan a cobrar el desempleo"}]},{"@type":"WebSite","@id":"https:\/\/empresas.infoempleo.com\/hrtrends\/#website","url":"https:\/\/empresas.infoempleo.com\/hrtrends","name":"HRTrends by Infoempleo","description":"","publisher":{"@id":"https:\/\/empresas.infoempleo.com\/hrtrends\/#organization"},"potentialAction":{"@type":"SearchAction","target":"https:\/\/empresas.infoempleo.com\/hrtrends\/?s={search_term_string}","query-input":"required name=search_term_string"},"inLanguage":"es"},{"@type":"Organization","@id":"https:\/\/empresas.infoempleo.com\/hrtrends\/#organization","name":"Infoempleo","url":"https:\/\/www.infoempleo.com\/","logo":{"@type":"ImageObject","@id":"https:\/\/empresas.infoempleo.com\/hrtrends\/#logo","inLanguage":"es","url":"https:\/\/cdnazure.infoempleo.com\/infoempleo\/assets\/style\/gfx\/logo.svg","contentUrl":"https:\/\/cdnazure.infoempleo.com\/infoempleo\/assets\/style\/gfx\/logo.svg","width":150,"height":40,"caption":"Infoempleo"},"image":{"@id":"https:\/\/empresas.infoempleo.com\/hrtrends\/#logo"},"sameAs":["https:\/\/www.facebook.com\/Infoempleo","https:\/\/x.com\/infoempleo","http:\/\/instagram.com\/infoempleo\/","http:\/\/www.linkedin.com\/groups\/Empleo-Espa\u00f1a-Infoempleocom-111276","http:\/\/pinterest.com\/infoempleo\/"],"address":{"@type":"PostalAddress","addressLocality":"Madrid","postalCode":"28050","streetAddress":"Avenida de Burgos 114"},"brand":["Infoempleo"]},{"@type":"Person","@id":"https:\/\/empresas.infoempleo.com\/hrtrends\/#\/schema\/person\/a6e273d5de025b4f500c10a4d765dc61","name":"David Val","image":{"@type":"ImageObject","inLanguage":"es","@id":"https:\/\/empresas.infoempleo.com\/hrtrends\/#\/schema\/person\/image\/","url":"https:\/\/secure.gravatar.com\/avatar\/35045dd6b035760ab73e35bc65b54be5ca921a4f0722835d6fda785c80fa36a1?s=96&d=mm&r=g","contentUrl":"https:\/\/secure.gravatar.com\/avatar\/35045dd6b035760ab73e35bc65b54be5ca921a4f0722835d6fda785c80fa36a1?s=96&d=mm&r=g","caption":"David Val"},"url":"https:\/\/empresas.infoempleo.com\/hrtrends\/author\/davidval\/"}]}},"amp_enabled":true,"_links":{"self":[{"href":"https:\/\/empresas.infoempleo.com\/hrtrends\/wp-json\/wp\/v2\/posts\/14538","targetHints":{"allow":["GET"]}}],"collection":[{"href":"https:\/\/empresas.infoempleo.com\/hrtrends\/wp-json\/wp\/v2\/posts"}],"about":[{"href":"https:\/\/empresas.infoempleo.com\/hrtrends\/wp-json\/wp\/v2\/types\/post"}],"author":[{"embeddable":true,"href":"https:\/\/empresas.infoempleo.com\/hrtrends\/wp-json\/wp\/v2\/users\/66"}],"replies":[{"embeddable":true,"href":"https:\/\/empresas.infoempleo.com\/hrtrends\/wp-json\/wp\/v2\/comments?post=14538"}],"version-history":[{"count":0,"href":"https:\/\/empresas.infoempleo.com\/hrtrends\/wp-json\/wp\/v2\/posts\/14538\/revisions"}],"wp:featuredmedia":[{"embeddable":true,"href":"https:\/\/empresas.infoempleo.com\/hrtrends\/wp-json\/wp\/v2\/media\/14540"}],"wp:attachment":[{"href":"https:\/\/empresas.infoempleo.com\/hrtrends\/wp-json\/wp\/v2\/media?parent=14538"}],"wp:term":[{"taxonomy":"category","embeddable":true,"href":"https:\/\/empresas.infoempleo.com\/hrtrends\/wp-json\/wp\/v2\/categories?post=14538"},{"taxonomy":"post_tag","embeddable":true,"href":"https:\/\/empresas.infoempleo.com\/hrtrends\/wp-json\/wp\/v2\/tags?post=14538"}],"curies":[{"name":"wp","href":"https:\/\/api.w.org\/{rel}","templated":true}]}}