{"id":14515,"date":"2011-12-14T11:05:06","date_gmt":"2011-12-14T10:05:06","guid":{"rendered":"http:\/\/blog.infoempleo.com\/?p=14515"},"modified":"2025-09-23T11:59:16","modified_gmt":"2025-09-23T09:59:16","slug":"el-mito-de-tecnologia-vs-empleo","status":"publish","type":"post","link":"https:\/\/empresas.infoempleo.com\/hrtrends\/el-mito-de-tecnologia-vs-empleo\/","title":{"rendered":"El mito de Tecnolog\u00eda vs Empleo"},"content":{"rendered":"<p style=\"text-align: center;\"><strong><img loading=\"lazy\" decoding=\"async\" class=\"alignnone size-full wp-image-14517\" title=\"Robot\" src=\"https:\/\/empresas.infoempleo.com\/hrtrends\/media\/2011\/12\/Robot.jpg\" alt=\"\" width=\"454\" height=\"206\" srcset=\"https:\/\/empresas.infoempleo.com\/hrtrends\/media\/2011\/12\/Robot.jpg 568w, https:\/\/empresas.infoempleo.com\/hrtrends\/media\/2011\/12\/Robot-300x136.jpg 300w\" sizes=\"auto, (max-width: 454px) 100vw, 454px\" \/><\/strong><\/p>\n<p style=\"text-align: left;\"><strong>El<\/strong> <strong>miedo del ser humano a su sustituci\u00f3n como fuerza de trabajo por parte de la tecnolog\u00eda no es s\u00f3lo algo de las pel\u00edculas o los libros<\/strong>, tambi\u00e9n hay ejemplos en la historia: en los primeros tiempo de la Revoluci\u00f3n Industrial en Inglaterra surgi\u00f3 un movimiento contra las m\u00e1quinas, a las que los obreros consideraban responsables de los despidos y los bajos salarios. Este movimiento de reacci\u00f3n contra la progresiva mecanizaci\u00f3n del trabajo es conocido como <strong>ludismo<\/strong>, y toma su nombre de Nedd Ludd, el primer obrero en destruir un telar.<\/p>\n<p>El tiempo demostr\u00f3 que la introducci\u00f3n de la tecnolog\u00eda no iba a suponer el fin del trabajo, sin embargo los luditas evolucionaron hac\u00eda la lucha sindical, la relaci\u00f3n del hombre con el avance tecnol\u00f3gico siempre ha despertado los temores de algunos sectores y en la d\u00e9cada de los noventa del pasado siglo surgi\u00f3 una nueva versi\u00f3n del aquel primitivo movimiento contra las m\u00e1quinas, el neoludismo.<\/p>\n<p>Recientemente se ha publicado <strong>\u201cRace against the machine\u201d<\/strong>, un libro de <a href=\"https:\/\/ide.mit.edu\/\" target=\"_blank\" rel=\"noopener\">Erik Brynjolfsson<\/a> y Andrew McAfee que ha conseguido atraer la atenci\u00f3n de los medios por la tesis que sostiene:<\/p>\n<p><em>\u201cthere has been relatively little talk about role of acceleration of technology. It may seem paradoxical that faster progress can hurt wages and jobs for millions of people, but we argue that\u2019s what\u2019s been happening. As we\u2019ll show, computers are now doing many things that used to be the domain of people only. The pace and scale of this encroachment into human skills is relatively recent and has profound economic implications. Perhaps the most important of these is that while digital progress grows the overall economic pie, it can do so while leaving some people, or even a lot of them, worse off.<\/em><\/p>\n<p><em>And computers (hardware, software, and networks) are only going to get more powerful and capable in the future, and have an ever-bigger impact on jobs, skills, and the economy. The root of our problems is not that we\u2019re in a Great Recession, or a Great Stagnation, but rather that we are in the early throes of a Great Restructuring. Our technologies are racing ahead but many of our skills and organizations are lagging behind. So it\u2019s urgent that we understand these phenomena, discuss their implications, and come up with strategies that allow human workers to race ahead with machines instead of racing against them.\u201d<\/em><\/p>\n<p>\u00a0Con unos niveles de paro tan elevados para los est\u00e1ndares de la econom\u00eda de los EE.UU, que a duras penas est\u00e1 consiguiendo crear empleo mientras su econom\u00eda lucha en el filo de la recuperaci\u00f3n y una nueva recesi\u00f3n, los argumentos que ponen sobre la mesa <strong>los autores del libro siembran la preocupaci\u00f3n sobre la capacidad, ya no solo de crear nuevos puestos de trabajo, sino de aumentar las disparidades por la progresiva p\u00e9rdida de fuerza laboral de mediana cualificaci\u00f3n.<\/strong><\/p>\n<p style=\"text-align: center;\"><img loading=\"lazy\" decoding=\"async\" class=\"size-full wp-image-14516 aligncenter\" title=\"Empleo y tecnolog\u00eda\" src=\"https:\/\/empresas.infoempleo.com\/hrtrends\/media\/2011\/12\/Empleoytecnologia.jpg\" alt=\"\" width=\"351\" height=\"248\" srcset=\"https:\/\/empresas.infoempleo.com\/hrtrends\/media\/2011\/12\/Empleoytecnologia.jpg 502w, https:\/\/empresas.infoempleo.com\/hrtrends\/media\/2011\/12\/Empleoytecnologia-300x212.jpg 300w\" sizes=\"auto, (max-width: 351px) 100vw, 351px\" \/><\/p>\n<p>Fuente: Economist\u00b4s View<\/p>\n<p>Como se muestra en el gr\u00e1fico anterior, en los \u00faltimos treinta a\u00f1os, la econom\u00eda estadounidense ha experimentado una p\u00e9rdida de su capital humano dedicado a labores de mediana cualificaci\u00f3n. Y por contra, <strong>en ese nuevo reparto del empleo se ha desplazado m\u00e1s fuerza laboral hac\u00eda los puestos de menor cualificaci\u00f3n que a los de niveles superiores de capacitaci\u00f3n profesional. <\/strong>Esto es algo que se pone de manifiesto en este <a href=\"https:\/\/www.npr.org\/2011\/11\/03\/141949820\/how-technology-is-eliminating-higher-skill-jobs\" target=\"_blank\" rel=\"noopener\">art\u00edculo<\/a>:<\/p>\n<p><em>\u201c\u2026computers still aren\u2019t very good at many menial labor jobs like cleaning bathrooms and other janitorial work; we still need humans for that. So it turns out that for many very low-skill jobs, there\u2019s still demand. For high-skill and high-touch jobs like being a good manager at a company, a doctor or a nurse, we need humans. But many middle-skill, middle-class jobs are where we\u2019re seeing the squeeze<\/em><\/p>\n<p><em>\u201cThat\u2019s the irony, right?\u201d Author says. \u201cThat basically the things that proved easier to automate are not the lowest-skill activities. It\u2019s easier to have a computer play chess than it is to have a computer wash dishes.\u201d<\/em><\/p>\n<p><em>So going forward, the worry is there\u2019s going to be a greater need for people to do minimum-wage restaurant busboy-type work and less need for $30-an-hour office workers\u2026\u201d<\/em><\/p>\n<p>Como afirman los autores de \u201cRace against the machine\u201d esto es un fen\u00f3meno relativamente nuevo y que por primera vez rompe el argumento de la \u201cfalacia ludita\u201d: que <strong>el aumento de la productividad no desemboca inexorablemente en el desempleo.<\/strong> Esto puede provocar una peligrosa vuelta atr\u00e1s en la orientaci\u00f3n de la sociedad al progreso tecnol\u00f3gico y dar cobijo a teor\u00edas neoluditas.<\/p>\n<p>Pero el incremento de la productividad es solo una parte del problema, por otro lado, nos enfrentamos en paralelo a una crisis de la demanda. La situaci\u00f3n actual ha provocado un par\u00f3n en la demanda de consumo de bienes y servicios en general, que est\u00e1 haciendo crecer (en otros pa\u00edses ni siquiera llegan ese crecimiento) a un ritmo mucho menor del habitual la econom\u00eda. Por ejemplo, en EE.UU, los \u00faltimos datos trimestrales de crecimiento de su PIB (2,5 %) est\u00e1n por debajo de su media hist\u00f3rica (3,3%). Lo cual, hace dif\u00edcil que las empresas mantengan los ritmos de contrataci\u00f3n anteriores a la crisis para ser capaces de recuperar los niveles de empleo pasado.<\/p>\n<p>Pero esta es una visi\u00f3n del problema de la demanda con un enfoque coyuntural. Algo que para <a href=\"https:\/\/mfordfuture.com\/about\/\" target=\"_blank\" rel=\"noopener\">Martin Ford<\/a>, autor de <strong>\u201cThe lights in the Tunnel\u201d<\/strong>, puede ser justo lo contrario: un problema estructural por la aceleraci\u00f3n exponencial de la productividad v\u00eda tecnolog\u00eda versus el aumento lineal del consumo humano, como cuentan en este post del blog de ciencia y tecnolog\u00eda de The Economist.\u00a0<\/p>\n<p>Ante esta situaci\u00f3n, la gran pregunta sigue flotando en el aire: <strong>\u00bfqu\u00e9 podemos hacer para revertir la situaci\u00f3n? Evidentemente, la soluci\u00f3n no pasa por un resurgir del neoludismo, sino por apostar m\u00e1s a\u00fan por la tecnolog\u00eda y ser capaces de abrirse a nuevos modelos de negocio y organizaci\u00f3n.<\/strong><\/p>\n<p>El verdadero problema es que nos estamos enfrentando a algo m\u00e1s que una crisis. Un cambio de paradigma provocado en gran medida por las capacidades que ofrece la tecnolog\u00eda en todos los aspectos de nuestras vidas. <strong>Una tecnolog\u00eda que est\u00e1 enmarcada en modelos de negocio obsoletos y con unos pobres niveles de innovaci\u00f3n organizacional, lo cual impide que esta pueda desplegar su verdadero potencial como renovadora de la econom\u00eda actual.<\/strong><\/p>\n<p>Puede que el futuro del empleo pase por la b\u00fasqueda de nuevas industrias en sectores que a\u00fan suenan a ciencia ficci\u00f3n, o que los nombres de los nuevos puestos de trabajo se parezcan mucho a <a href=\"https:\/\/futuristspeaker.com\/business-trends\/55-jobs-of-the-future\/\" target=\"_blank\" rel=\"noopener\">estos<\/a> o m\u00e1s radical a\u00fan, que cambien para siempre las relaciones laborales tal y como las conocemos hoy, pero <strong>lo que es seguro es que si renunciamos a la tecnolog\u00eda como la base para crear los nuevos modelos de negocios del futuro estamos abocados a dar un paso atr\u00e1s como sociedad.<\/strong><\/p>\n<p><strong>Pablo Ayuso es el creador del blog Mi Macedonia\u00a0(imperdible)<\/strong><\/p>\n","protected":false},"excerpt":{"rendered":"<p>El miedo del ser humano a su sustituci\u00f3n como fuerza de trabajo por parte de la tecnolog\u00eda no<a class=\"moretag\" href=\"https:\/\/empresas.infoempleo.com\/hrtrends\/el-mito-de-tecnologia-vs-empleo\/\"> Leer m\u00e1s<\/a><\/p>\n","protected":false},"author":55,"featured_media":14517,"comment_status":"closed","ping_status":"open","sticky":false,"template":"","format":"standard","meta":{"footnotes":""},"categories":[3],"tags":[33,162,2453,2454],"class_list":["post-14515","post","type-post","status-publish","format-standard","has-post-thumbnail","hentry","category-actualidad","tag-desempleo","tag-empleo","tag-robot","tag-tencologia"],"yoast_head":"<!-- This site is optimized with the Yoast SEO plugin v26.1.1 - https:\/\/yoast.com\/wordpress\/plugins\/seo\/ -->\n<title>El mito de Tecnolog\u00eda vs Empleo | HRTRENDS<\/title>\n<meta name=\"robots\" content=\"index, follow, max-snippet:-1, max-image-preview:large, max-video-preview:-1\" \/>\n<link rel=\"canonical\" href=\"https:\/\/empresas.infoempleo.com\/hrtrends\/el-mito-de-tecnologia-vs-empleo\/\" \/>\n<meta property=\"og:locale\" content=\"es_ES\" \/>\n<meta property=\"og:type\" content=\"article\" \/>\n<meta property=\"og:title\" content=\"El mito de Tecnolog\u00eda vs Empleo | HRTRENDS\" \/>\n<meta property=\"og:description\" content=\"El miedo del ser humano a su sustituci\u00f3n como fuerza de trabajo por parte de la tecnolog\u00eda no Leer m\u00e1s\" \/>\n<meta property=\"og:url\" content=\"https:\/\/empresas.infoempleo.com\/hrtrends\/el-mito-de-tecnologia-vs-empleo\/\" \/>\n<meta property=\"og:site_name\" content=\"HRTRENDS\" \/>\n<meta property=\"article:publisher\" content=\"https:\/\/www.facebook.com\/Infoempleo\" \/>\n<meta property=\"article:published_time\" content=\"2011-12-14T10:05:06+00:00\" \/>\n<meta property=\"article:modified_time\" content=\"2025-09-23T09:59:16+00:00\" \/>\n<meta property=\"og:image\" content=\"https:\/\/empresas.infoempleo.com\/hrtrends\/media\/2011\/12\/Robot.jpg\" \/>\n\t<meta property=\"og:image:width\" content=\"568\" \/>\n\t<meta property=\"og:image:height\" content=\"258\" \/>\n\t<meta property=\"og:image:type\" content=\"image\/jpeg\" \/>\n<meta name=\"author\" content=\"pablo ayuso\" \/>\n<meta name=\"twitter:card\" content=\"summary_large_image\" \/>\n<meta name=\"twitter:creator\" content=\"@infoempleo\" \/>\n<meta name=\"twitter:site\" content=\"@infoempleo\" \/>\n<meta name=\"twitter:label1\" content=\"Escrito por\" \/>\n\t<meta name=\"twitter:data1\" content=\"pablo ayuso\" \/>\n\t<meta name=\"twitter:label2\" content=\"Tiempo de lectura\" \/>\n\t<meta name=\"twitter:data2\" content=\"6 minutos\" \/>\n<script type=\"application\/ld+json\" class=\"yoast-schema-graph\">{\"@context\":\"https:\/\/schema.org\",\"@graph\":[{\"@type\":\"NewsArticle\",\"@id\":\"https:\/\/empresas.infoempleo.com\/hrtrends\/el-mito-de-tecnologia-vs-empleo\/#article\",\"isPartOf\":{\"@id\":\"https:\/\/empresas.infoempleo.com\/hrtrends\/el-mito-de-tecnologia-vs-empleo\/\"},\"author\":{\"name\":\"pablo ayuso\",\"@id\":\"https:\/\/empresas.infoempleo.com\/hrtrends\/#\/schema\/person\/e0a893d0d6c3f8eddd566e15d7ecf635\"},\"headline\":\"El mito de Tecnolog\u00eda vs Empleo\",\"datePublished\":\"2011-12-14T10:05:06+00:00\",\"dateModified\":\"2025-09-23T09:59:16+00:00\",\"mainEntityOfPage\":{\"@id\":\"https:\/\/empresas.infoempleo.com\/hrtrends\/el-mito-de-tecnologia-vs-empleo\/\"},\"wordCount\":1221,\"publisher\":{\"@id\":\"https:\/\/empresas.infoempleo.com\/hrtrends\/#organization\"},\"image\":{\"@id\":\"https:\/\/empresas.infoempleo.com\/hrtrends\/el-mito-de-tecnologia-vs-empleo\/#primaryimage\"},\"thumbnailUrl\":\"https:\/\/empresas.infoempleo.com\/hrtrends\/media\/2011\/12\/Robot.jpg\",\"keywords\":[\"desempleo\",\"Empleo\",\"robot\",\"tencolog\u00eda\"],\"articleSection\":[\"Actualidad\"],\"inLanguage\":\"es\",\"copyrightYear\":\"2011\",\"copyrightHolder\":{\"@id\":\"https:\/\/empresas.infoempleo.com\/hrtrends\/#organization\"}},{\"@type\":\"WebPage\",\"@id\":\"https:\/\/empresas.infoempleo.com\/hrtrends\/el-mito-de-tecnologia-vs-empleo\/\",\"url\":\"https:\/\/empresas.infoempleo.com\/hrtrends\/el-mito-de-tecnologia-vs-empleo\/\",\"name\":\"El mito de Tecnolog\u00eda vs Empleo | HRTRENDS\",\"isPartOf\":{\"@id\":\"https:\/\/empresas.infoempleo.com\/hrtrends\/#website\"},\"primaryImageOfPage\":{\"@id\":\"https:\/\/empresas.infoempleo.com\/hrtrends\/el-mito-de-tecnologia-vs-empleo\/#primaryimage\"},\"image\":{\"@id\":\"https:\/\/empresas.infoempleo.com\/hrtrends\/el-mito-de-tecnologia-vs-empleo\/#primaryimage\"},\"thumbnailUrl\":\"https:\/\/empresas.infoempleo.com\/hrtrends\/media\/2011\/12\/Robot.jpg\",\"datePublished\":\"2011-12-14T10:05:06+00:00\",\"dateModified\":\"2025-09-23T09:59:16+00:00\",\"breadcrumb\":{\"@id\":\"https:\/\/empresas.infoempleo.com\/hrtrends\/el-mito-de-tecnologia-vs-empleo\/#breadcrumb\"},\"inLanguage\":\"es\",\"potentialAction\":[{\"@type\":\"ReadAction\",\"target\":[\"https:\/\/empresas.infoempleo.com\/hrtrends\/el-mito-de-tecnologia-vs-empleo\/\"]}]},{\"@type\":\"ImageObject\",\"inLanguage\":\"es\",\"@id\":\"https:\/\/empresas.infoempleo.com\/hrtrends\/el-mito-de-tecnologia-vs-empleo\/#primaryimage\",\"url\":\"https:\/\/empresas.infoempleo.com\/hrtrends\/media\/2011\/12\/Robot-150x150.jpg\",\"contentUrl\":\"https:\/\/empresas.infoempleo.com\/hrtrends\/media\/2011\/12\/Robot-150x150.jpg\",\"width\":150,\"height\":150},{\"@type\":\"BreadcrumbList\",\"@id\":\"https:\/\/empresas.infoempleo.com\/hrtrends\/el-mito-de-tecnologia-vs-empleo\/#breadcrumb\",\"itemListElement\":[{\"@type\":\"ListItem\",\"position\":1,\"name\":\"Portada\",\"item\":\"https:\/\/empresas.infoempleo.com\/hrtrends\/\"},{\"@type\":\"ListItem\",\"position\":2,\"name\":\"El mito de Tecnolog\u00eda vs Empleo\"}]},{\"@type\":\"WebSite\",\"@id\":\"https:\/\/empresas.infoempleo.com\/hrtrends\/#website\",\"url\":\"https:\/\/empresas.infoempleo.com\/hrtrends\",\"name\":\"HRTrends by Infoempleo\",\"description\":\"\",\"publisher\":{\"@id\":\"https:\/\/empresas.infoempleo.com\/hrtrends\/#organization\"},\"potentialAction\":{\"@type\":\"SearchAction\",\"target\":\"https:\/\/empresas.infoempleo.com\/hrtrends\/?s={search_term_string}\",\"query-input\":\"required name=search_term_string\"},\"inLanguage\":\"es\"},{\"@type\":\"Organization\",\"@id\":\"https:\/\/empresas.infoempleo.com\/hrtrends\/#organization\",\"name\":\"Infoempleo\",\"url\":\"https:\/\/www.infoempleo.com\/\",\"logo\":{\"@type\":\"ImageObject\",\"@id\":\"https:\/\/empresas.infoempleo.com\/hrtrends\/#logo\",\"inLanguage\":\"es\",\"url\":\"https:\/\/cdnazure.infoempleo.com\/infoempleo\/assets\/style\/gfx\/logo.svg\",\"contentUrl\":\"https:\/\/cdnazure.infoempleo.com\/infoempleo\/assets\/style\/gfx\/logo.svg\",\"width\":150,\"height\":40,\"caption\":\"Infoempleo\"},\"image\":{\"@id\":\"https:\/\/empresas.infoempleo.com\/hrtrends\/#logo\"},\"sameAs\":[\"https:\/\/www.facebook.com\/Infoempleo\",\"https:\/\/x.com\/infoempleo\",\"http:\/\/instagram.com\/infoempleo\/\",\"http:\/\/www.linkedin.com\/groups\/Empleo-Espa\u00f1a-Infoempleocom-111276\",\"http:\/\/pinterest.com\/infoempleo\/\"],\"address\":{\"@type\":\"PostalAddress\",\"addressLocality\":\"Madrid\",\"postalCode\":\"28050\",\"streetAddress\":\"Avenida de Burgos 114\"},\"brand\":[\"Infoempleo\"]},{\"@type\":\"Person\",\"@id\":\"https:\/\/empresas.infoempleo.com\/hrtrends\/#\/schema\/person\/e0a893d0d6c3f8eddd566e15d7ecf635\",\"name\":\"pablo ayuso\",\"image\":{\"@type\":\"ImageObject\",\"inLanguage\":\"es\",\"@id\":\"https:\/\/empresas.infoempleo.com\/hrtrends\/#\/schema\/person\/image\/\",\"url\":\"https:\/\/secure.gravatar.com\/avatar\/1908c1e00cfddb67bd9928cb93a8401755a3987d557e9d5a346f36613d4c3564?s=96&d=mm&r=g\",\"contentUrl\":\"https:\/\/secure.gravatar.com\/avatar\/1908c1e00cfddb67bd9928cb93a8401755a3987d557e9d5a346f36613d4c3564?s=96&d=mm&r=g\",\"caption\":\"pablo ayuso\"},\"url\":\"https:\/\/empresas.infoempleo.com\/hrtrends\/author\/pablo-ayuso\/\"}]}<\/script>\n<!-- \/ Yoast SEO plugin. -->","yoast_head_json":{"title":"El mito de Tecnolog\u00eda vs Empleo | HRTRENDS","robots":{"index":"index","follow":"follow","max-snippet":"max-snippet:-1","max-image-preview":"max-image-preview:large","max-video-preview":"max-video-preview:-1"},"canonical":"https:\/\/empresas.infoempleo.com\/hrtrends\/el-mito-de-tecnologia-vs-empleo\/","og_locale":"es_ES","og_type":"article","og_title":"El mito de Tecnolog\u00eda vs Empleo | HRTRENDS","og_description":"El miedo del ser humano a su sustituci\u00f3n como fuerza de trabajo por parte de la tecnolog\u00eda no Leer m\u00e1s","og_url":"https:\/\/empresas.infoempleo.com\/hrtrends\/el-mito-de-tecnologia-vs-empleo\/","og_site_name":"HRTRENDS","article_publisher":"https:\/\/www.facebook.com\/Infoempleo","article_published_time":"2011-12-14T10:05:06+00:00","article_modified_time":"2025-09-23T09:59:16+00:00","og_image":[{"width":568,"height":258,"url":"https:\/\/empresas.infoempleo.com\/hrtrends\/media\/2011\/12\/Robot.jpg","type":"image\/jpeg"}],"author":"pablo ayuso","twitter_card":"summary_large_image","twitter_creator":"@infoempleo","twitter_site":"@infoempleo","twitter_misc":{"Escrito por":"pablo ayuso","Tiempo de lectura":"6 minutos"},"schema":{"@context":"https:\/\/schema.org","@graph":[{"@type":"NewsArticle","@id":"https:\/\/empresas.infoempleo.com\/hrtrends\/el-mito-de-tecnologia-vs-empleo\/#article","isPartOf":{"@id":"https:\/\/empresas.infoempleo.com\/hrtrends\/el-mito-de-tecnologia-vs-empleo\/"},"author":{"name":"pablo ayuso","@id":"https:\/\/empresas.infoempleo.com\/hrtrends\/#\/schema\/person\/e0a893d0d6c3f8eddd566e15d7ecf635"},"headline":"El mito de Tecnolog\u00eda vs Empleo","datePublished":"2011-12-14T10:05:06+00:00","dateModified":"2025-09-23T09:59:16+00:00","mainEntityOfPage":{"@id":"https:\/\/empresas.infoempleo.com\/hrtrends\/el-mito-de-tecnologia-vs-empleo\/"},"wordCount":1221,"publisher":{"@id":"https:\/\/empresas.infoempleo.com\/hrtrends\/#organization"},"image":{"@id":"https:\/\/empresas.infoempleo.com\/hrtrends\/el-mito-de-tecnologia-vs-empleo\/#primaryimage"},"thumbnailUrl":"https:\/\/empresas.infoempleo.com\/hrtrends\/media\/2011\/12\/Robot.jpg","keywords":["desempleo","Empleo","robot","tencolog\u00eda"],"articleSection":["Actualidad"],"inLanguage":"es","copyrightYear":"2011","copyrightHolder":{"@id":"https:\/\/empresas.infoempleo.com\/hrtrends\/#organization"}},{"@type":"WebPage","@id":"https:\/\/empresas.infoempleo.com\/hrtrends\/el-mito-de-tecnologia-vs-empleo\/","url":"https:\/\/empresas.infoempleo.com\/hrtrends\/el-mito-de-tecnologia-vs-empleo\/","name":"El mito de Tecnolog\u00eda vs Empleo | HRTRENDS","isPartOf":{"@id":"https:\/\/empresas.infoempleo.com\/hrtrends\/#website"},"primaryImageOfPage":{"@id":"https:\/\/empresas.infoempleo.com\/hrtrends\/el-mito-de-tecnologia-vs-empleo\/#primaryimage"},"image":{"@id":"https:\/\/empresas.infoempleo.com\/hrtrends\/el-mito-de-tecnologia-vs-empleo\/#primaryimage"},"thumbnailUrl":"https:\/\/empresas.infoempleo.com\/hrtrends\/media\/2011\/12\/Robot.jpg","datePublished":"2011-12-14T10:05:06+00:00","dateModified":"2025-09-23T09:59:16+00:00","breadcrumb":{"@id":"https:\/\/empresas.infoempleo.com\/hrtrends\/el-mito-de-tecnologia-vs-empleo\/#breadcrumb"},"inLanguage":"es","potentialAction":[{"@type":"ReadAction","target":["https:\/\/empresas.infoempleo.com\/hrtrends\/el-mito-de-tecnologia-vs-empleo\/"]}]},{"@type":"ImageObject","inLanguage":"es","@id":"https:\/\/empresas.infoempleo.com\/hrtrends\/el-mito-de-tecnologia-vs-empleo\/#primaryimage","url":"https:\/\/empresas.infoempleo.com\/hrtrends\/media\/2011\/12\/Robot-150x150.jpg","contentUrl":"https:\/\/empresas.infoempleo.com\/hrtrends\/media\/2011\/12\/Robot-150x150.jpg","width":150,"height":150},{"@type":"BreadcrumbList","@id":"https:\/\/empresas.infoempleo.com\/hrtrends\/el-mito-de-tecnologia-vs-empleo\/#breadcrumb","itemListElement":[{"@type":"ListItem","position":1,"name":"Portada","item":"https:\/\/empresas.infoempleo.com\/hrtrends\/"},{"@type":"ListItem","position":2,"name":"El mito de Tecnolog\u00eda vs Empleo"}]},{"@type":"WebSite","@id":"https:\/\/empresas.infoempleo.com\/hrtrends\/#website","url":"https:\/\/empresas.infoempleo.com\/hrtrends","name":"HRTrends by Infoempleo","description":"","publisher":{"@id":"https:\/\/empresas.infoempleo.com\/hrtrends\/#organization"},"potentialAction":{"@type":"SearchAction","target":"https:\/\/empresas.infoempleo.com\/hrtrends\/?s={search_term_string}","query-input":"required name=search_term_string"},"inLanguage":"es"},{"@type":"Organization","@id":"https:\/\/empresas.infoempleo.com\/hrtrends\/#organization","name":"Infoempleo","url":"https:\/\/www.infoempleo.com\/","logo":{"@type":"ImageObject","@id":"https:\/\/empresas.infoempleo.com\/hrtrends\/#logo","inLanguage":"es","url":"https:\/\/cdnazure.infoempleo.com\/infoempleo\/assets\/style\/gfx\/logo.svg","contentUrl":"https:\/\/cdnazure.infoempleo.com\/infoempleo\/assets\/style\/gfx\/logo.svg","width":150,"height":40,"caption":"Infoempleo"},"image":{"@id":"https:\/\/empresas.infoempleo.com\/hrtrends\/#logo"},"sameAs":["https:\/\/www.facebook.com\/Infoempleo","https:\/\/x.com\/infoempleo","http:\/\/instagram.com\/infoempleo\/","http:\/\/www.linkedin.com\/groups\/Empleo-Espa\u00f1a-Infoempleocom-111276","http:\/\/pinterest.com\/infoempleo\/"],"address":{"@type":"PostalAddress","addressLocality":"Madrid","postalCode":"28050","streetAddress":"Avenida de Burgos 114"},"brand":["Infoempleo"]},{"@type":"Person","@id":"https:\/\/empresas.infoempleo.com\/hrtrends\/#\/schema\/person\/e0a893d0d6c3f8eddd566e15d7ecf635","name":"pablo ayuso","image":{"@type":"ImageObject","inLanguage":"es","@id":"https:\/\/empresas.infoempleo.com\/hrtrends\/#\/schema\/person\/image\/","url":"https:\/\/secure.gravatar.com\/avatar\/1908c1e00cfddb67bd9928cb93a8401755a3987d557e9d5a346f36613d4c3564?s=96&d=mm&r=g","contentUrl":"https:\/\/secure.gravatar.com\/avatar\/1908c1e00cfddb67bd9928cb93a8401755a3987d557e9d5a346f36613d4c3564?s=96&d=mm&r=g","caption":"pablo ayuso"},"url":"https:\/\/empresas.infoempleo.com\/hrtrends\/author\/pablo-ayuso\/"}]}},"amp_enabled":true,"_links":{"self":[{"href":"https:\/\/empresas.infoempleo.com\/hrtrends\/wp-json\/wp\/v2\/posts\/14515","targetHints":{"allow":["GET"]}}],"collection":[{"href":"https:\/\/empresas.infoempleo.com\/hrtrends\/wp-json\/wp\/v2\/posts"}],"about":[{"href":"https:\/\/empresas.infoempleo.com\/hrtrends\/wp-json\/wp\/v2\/types\/post"}],"author":[{"embeddable":true,"href":"https:\/\/empresas.infoempleo.com\/hrtrends\/wp-json\/wp\/v2\/users\/55"}],"replies":[{"embeddable":true,"href":"https:\/\/empresas.infoempleo.com\/hrtrends\/wp-json\/wp\/v2\/comments?post=14515"}],"version-history":[{"count":15,"href":"https:\/\/empresas.infoempleo.com\/hrtrends\/wp-json\/wp\/v2\/posts\/14515\/revisions"}],"predecessor-version":[{"id":47045,"href":"https:\/\/empresas.infoempleo.com\/hrtrends\/wp-json\/wp\/v2\/posts\/14515\/revisions\/47045"}],"wp:featuredmedia":[{"embeddable":true,"href":"https:\/\/empresas.infoempleo.com\/hrtrends\/wp-json\/wp\/v2\/media\/14517"}],"wp:attachment":[{"href":"https:\/\/empresas.infoempleo.com\/hrtrends\/wp-json\/wp\/v2\/media?parent=14515"}],"wp:term":[{"taxonomy":"category","embeddable":true,"href":"https:\/\/empresas.infoempleo.com\/hrtrends\/wp-json\/wp\/v2\/categories?post=14515"},{"taxonomy":"post_tag","embeddable":true,"href":"https:\/\/empresas.infoempleo.com\/hrtrends\/wp-json\/wp\/v2\/tags?post=14515"}],"curies":[{"name":"wp","href":"https:\/\/api.w.org\/{rel}","templated":true}]}}