{"id":14392,"date":"2011-11-11T10:37:56","date_gmt":"2011-11-11T09:37:56","guid":{"rendered":"http:\/\/blog.infoempleo.com\/?p=14392"},"modified":"2024-12-09T13:10:20","modified_gmt":"2024-12-09T11:10:20","slug":"aprendiendo-a-ser-sociales-en-la-busqueda-proactiva-de-empleo-ii-el-codigo-qr","status":"publish","type":"post","link":"https:\/\/empresas.infoempleo.com\/hrtrends\/aprendiendo-a-ser-sociales-en-la-busqueda-proactiva-de-empleo-ii-el-codigo-qr\/","title":{"rendered":"Aprendiendo a ser sociales en la b\u00fasqueda (proactiva) de empleo II &#8211; el C\u00f3digo QR"},"content":{"rendered":"<p style=\"text-align: center;\"><img loading=\"lazy\" decoding=\"async\" class=\"alignnone size-full wp-image-14393\" title=\"C\u00f3digo QR\" src=\"https:\/\/empresas.infoempleo.com\/hrtrends\/media\/2011\/11\/QR2.jpg\" alt=\"\" width=\"454\" height=\"206\" srcset=\"https:\/\/empresas.infoempleo.com\/hrtrends\/media\/2011\/11\/QR2.jpg 568w, https:\/\/empresas.infoempleo.com\/hrtrends\/media\/2011\/11\/QR2-300x136.jpg 300w\" sizes=\"auto, (max-width: 454px) 100vw, 454px\" \/><\/p>\n<p>Las cosas suceden, de una manera u otra. Y quiz\u00e1s, por eso, dec\u00edamos ayer que hay que intrigar, cautivar, llamar la atenci\u00f3n y ser originales.<strong> Estamos inmersos en un momento en que un curr\u00edculo pasa desapercibido. <\/strong>En que la experiencia y la capacitaci\u00f3n quedan a merced de una estad\u00edstica, porque es mayor el n\u00famero de personas que pueden desempe\u00f1ar un mismo puesto de trabajo, o que se creen capacitadas para hacerlo.<\/p>\n<p>As\u00ed que es necesario acudir a estrategias y estratagemas que nos permitan atraer a cuantas m\u00e1s personas mejor, para que se encarguen (ellas y no nosotros) de divulgar ideas originales y sugerentes.<\/p>\n<p>Los c\u00f3digos QR ya se han aplicado con \u00e9xito en campa\u00f1as de marketing y por parte de algunas tiendas de ropa, y tienen mucho arraigo y tradici\u00f3n, como no, en Jap\u00f3n, donde ocupan el primer puesto en cuanto a utilizaci\u00f3n de gr\u00e1ficos bidimensionales.<\/p>\n<p><strong>Un C\u00f3digo QR puede esconder mucho detr\u00e1s de su dise\u00f1o.<\/strong> Y como os mostr\u00e9 en el anterior art\u00edculo, aplicando el tratamiento adecuado, es posible fusionar una imagen de fondo, retocar el c\u00f3digo y personalizarlo, hasta el punto de poder realizar creaciones no demasiado complejas, que nos permitan obtener resultados muy interesantes.<\/p>\n<p>Traigo a colaci\u00f3n este tipo de simbolismos porque creo que vincular un documento, un enlace, una tarjeta de presentaci\u00f3n, incluso un perfil en una red social. Pero tambi\u00e9n podemos hacer que se actualice de forma autom\u00e1tica un perfil de cualquier otra red social.<\/p>\n<p>En el caso que nos ocupa, azonmobile.com\/qrcode-generator es un configurador bien sencillo de este tipo de c\u00f3digos. Y dentro de su simpleza, nos permite, adem\u00e1s, incorporar una imagen de fondo con el c\u00f3digo QR obtenido, o incluso combinar esa imagen con el propio c\u00f3digo para que la recorte y la use como icono.<\/p>\n<p>Podr\u00edamos pensar que este tipo de elementos s\u00f3lo pudiera interesar a los dise\u00f1adores gr\u00e1ficos.<\/p>\n<p>Bueno, pensad que el resultado es una imagen que es accesible para cualquier persona.<\/p>\n<p>Pensad que la mayor\u00eda de las redes sociales cuentan con elementos de divulgaci\u00f3n que son comunes a todas ellas, como lo son los denominados muros. Y que en la actualidad, dichos muros permiten obtener una imagen proyectada del enlace que incluya dicho mensaje.<\/p>\n<p>De hecho, los cambios aplicados recientemente en Facebook permiten incluso ver las im\u00e1genes ampliadas desde el panel lateral o Timeline, como lo ha venido a llamar Mark Zuckerberg. Pero en <a href=\"https:\/\/twitter.com\/\" target=\"_blank\" rel=\"noopener\">Twitter<\/a>, desde hace tiempo, su columna de la derecha nos viene permitiendo ver las im\u00e1genes m\u00e1s recientes publicadas por un determinado usuario, y cuando seleccionamos un mensaje que incluye un enlace a una imagen, \u00e9sta de forma autom\u00e1tica, se amplia y se deja ver por parte del usuario.<\/p>\n<p>As\u00ed que ya tenemos dos elementos de peso que sostienen y apoyan la idea de aprovechar el poder de la imagen para la divulgaci\u00f3n de todo aquel contenido que nos interese.<\/p>\n<p><strong>Se puede pensar que la gente no va a reconocer lo que dicho s\u00edmbolo significa.<\/strong> Pero para eso est\u00e1 Google, su buscador, y su reconocimiento de im\u00e1genes autom\u00e1tico. Esa fant\u00e1stica herramienta que cuando se utiliza arrastrando a ella una imagen, te la identifica, la reconoce y te muestra otras de similares caracter\u00edsticas.<\/p>\n<p>En mi caso, pienso usar las im\u00e1genes QR para ayudar a quienes lo deseen en su b\u00fasqueda de empleo, gracias a un proyecto altruista que he puesto en marcha. Y que tiene su residencia en Facebook, como Tweet_Pub, y en Twitter, tambi\u00e9n como Tweet_Pub.<\/p>\n<p><strong>Porque cualquier ayuda es poca, y si se pueden aprovechar las redes sociales para ayudar a la gente es bueno hacerlo.<\/strong><\/p>\n<p>Qu\u00e9 os aproveche. Nos leemos pronto.<\/p>\n<p><a href=\"https:\/\/twitter.com\/#!\/AntoniovChanal\" target=\"_blank\" rel=\"noopener\">@AntonioVChanal<br \/>\n<\/a><strong>Coach, SMM y Profesor de Redes Sociales<\/strong><\/p>\n","protected":false},"excerpt":{"rendered":"<p>Las cosas suceden, de una manera u otra. Y quiz\u00e1s, por eso, dec\u00edamos ayer que hay que intrigar,<a class=\"moretag\" href=\"https:\/\/empresas.infoempleo.com\/hrtrends\/aprendiendo-a-ser-sociales-en-la-busqueda-proactiva-de-empleo-ii-el-codigo-qr\/\"> Leer m\u00e1s<\/a><\/p>\n","protected":false},"author":49,"featured_media":14393,"comment_status":"closed","ping_status":"open","sticky":false,"template":"","format":"standard","meta":{"footnotes":""},"categories":[3],"tags":[2445,162,26,37],"class_list":["post-14392","post","type-post","status-publish","format-standard","has-post-thumbnail","hentry","category-actualidad","tag-codigo-qr","tag-empleo","tag-redes-sociales","tag-trabajo"],"yoast_head":"<!-- This site is optimized with the Yoast SEO plugin v26.1.1 - https:\/\/yoast.com\/wordpress\/plugins\/seo\/ -->\n<title>Aprendiendo a ser sociales en la b\u00fasqueda (proactiva) de empleo II - el C\u00f3digo QR | HRTRENDS<\/title>\n<meta name=\"robots\" content=\"index, follow, max-snippet:-1, max-image-preview:large, max-video-preview:-1\" \/>\n<link rel=\"canonical\" href=\"https:\/\/empresas.infoempleo.com\/hrtrends\/aprendiendo-a-ser-sociales-en-la-busqueda-proactiva-de-empleo-ii-el-codigo-qr\/\" \/>\n<meta property=\"og:locale\" content=\"es_ES\" \/>\n<meta property=\"og:type\" content=\"article\" \/>\n<meta property=\"og:title\" content=\"Aprendiendo a ser sociales en la b\u00fasqueda (proactiva) de empleo II - el C\u00f3digo QR | HRTRENDS\" \/>\n<meta property=\"og:description\" content=\"Las cosas suceden, de una manera u otra. Y quiz\u00e1s, por eso, dec\u00edamos ayer que hay que intrigar, Leer m\u00e1s\" \/>\n<meta property=\"og:url\" content=\"https:\/\/empresas.infoempleo.com\/hrtrends\/aprendiendo-a-ser-sociales-en-la-busqueda-proactiva-de-empleo-ii-el-codigo-qr\/\" \/>\n<meta property=\"og:site_name\" content=\"HRTRENDS\" \/>\n<meta property=\"article:publisher\" content=\"https:\/\/www.facebook.com\/Infoempleo\" \/>\n<meta property=\"article:published_time\" content=\"2011-11-11T09:37:56+00:00\" \/>\n<meta property=\"article:modified_time\" content=\"2024-12-09T11:10:20+00:00\" \/>\n<meta property=\"og:image\" content=\"https:\/\/empresas.infoempleo.com\/hrtrends\/media\/2011\/11\/QR2.jpg\" \/>\n\t<meta property=\"og:image:width\" content=\"568\" \/>\n\t<meta property=\"og:image:height\" content=\"258\" \/>\n\t<meta property=\"og:image:type\" content=\"image\/jpeg\" \/>\n<meta name=\"author\" content=\"antonio vallejo\" \/>\n<meta name=\"twitter:card\" content=\"summary_large_image\" \/>\n<meta name=\"twitter:creator\" content=\"@infoempleo\" \/>\n<meta name=\"twitter:site\" content=\"@infoempleo\" \/>\n<meta name=\"twitter:label1\" content=\"Escrito por\" \/>\n\t<meta name=\"twitter:data1\" content=\"antonio vallejo\" \/>\n\t<meta name=\"twitter:label2\" content=\"Tiempo de lectura\" \/>\n\t<meta name=\"twitter:data2\" content=\"3 minutos\" \/>\n<script type=\"application\/ld+json\" class=\"yoast-schema-graph\">{\"@context\":\"https:\/\/schema.org\",\"@graph\":[{\"@type\":\"NewsArticle\",\"@id\":\"https:\/\/empresas.infoempleo.com\/hrtrends\/aprendiendo-a-ser-sociales-en-la-busqueda-proactiva-de-empleo-ii-el-codigo-qr\/#article\",\"isPartOf\":{\"@id\":\"https:\/\/empresas.infoempleo.com\/hrtrends\/aprendiendo-a-ser-sociales-en-la-busqueda-proactiva-de-empleo-ii-el-codigo-qr\/\"},\"author\":{\"name\":\"antonio vallejo\",\"@id\":\"https:\/\/empresas.infoempleo.com\/hrtrends\/#\/schema\/person\/9bc89e3819d56720c9fba63ae9d827f3\"},\"headline\":\"Aprendiendo a ser sociales en la b\u00fasqueda (proactiva) de empleo II &#8211; el C\u00f3digo QR\",\"datePublished\":\"2011-11-11T09:37:56+00:00\",\"dateModified\":\"2024-12-09T11:10:20+00:00\",\"mainEntityOfPage\":{\"@id\":\"https:\/\/empresas.infoempleo.com\/hrtrends\/aprendiendo-a-ser-sociales-en-la-busqueda-proactiva-de-empleo-ii-el-codigo-qr\/\"},\"wordCount\":672,\"publisher\":{\"@id\":\"https:\/\/empresas.infoempleo.com\/hrtrends\/#organization\"},\"image\":{\"@id\":\"https:\/\/empresas.infoempleo.com\/hrtrends\/aprendiendo-a-ser-sociales-en-la-busqueda-proactiva-de-empleo-ii-el-codigo-qr\/#primaryimage\"},\"thumbnailUrl\":\"https:\/\/empresas.infoempleo.com\/hrtrends\/media\/2011\/11\/QR2.jpg\",\"keywords\":[\"c\u00f3digo QR\",\"Empleo\",\"redes sociales\",\"trabajo\"],\"articleSection\":[\"Actualidad\"],\"inLanguage\":\"es\",\"copyrightYear\":\"2011\",\"copyrightHolder\":{\"@id\":\"https:\/\/empresas.infoempleo.com\/hrtrends\/#organization\"}},{\"@type\":\"WebPage\",\"@id\":\"https:\/\/empresas.infoempleo.com\/hrtrends\/aprendiendo-a-ser-sociales-en-la-busqueda-proactiva-de-empleo-ii-el-codigo-qr\/\",\"url\":\"https:\/\/empresas.infoempleo.com\/hrtrends\/aprendiendo-a-ser-sociales-en-la-busqueda-proactiva-de-empleo-ii-el-codigo-qr\/\",\"name\":\"Aprendiendo a ser sociales en la b\u00fasqueda (proactiva) de empleo II - el C\u00f3digo QR | HRTRENDS\",\"isPartOf\":{\"@id\":\"https:\/\/empresas.infoempleo.com\/hrtrends\/#website\"},\"primaryImageOfPage\":{\"@id\":\"https:\/\/empresas.infoempleo.com\/hrtrends\/aprendiendo-a-ser-sociales-en-la-busqueda-proactiva-de-empleo-ii-el-codigo-qr\/#primaryimage\"},\"image\":{\"@id\":\"https:\/\/empresas.infoempleo.com\/hrtrends\/aprendiendo-a-ser-sociales-en-la-busqueda-proactiva-de-empleo-ii-el-codigo-qr\/#primaryimage\"},\"thumbnailUrl\":\"https:\/\/empresas.infoempleo.com\/hrtrends\/media\/2011\/11\/QR2.jpg\",\"datePublished\":\"2011-11-11T09:37:56+00:00\",\"dateModified\":\"2024-12-09T11:10:20+00:00\",\"breadcrumb\":{\"@id\":\"https:\/\/empresas.infoempleo.com\/hrtrends\/aprendiendo-a-ser-sociales-en-la-busqueda-proactiva-de-empleo-ii-el-codigo-qr\/#breadcrumb\"},\"inLanguage\":\"es\",\"potentialAction\":[{\"@type\":\"ReadAction\",\"target\":[\"https:\/\/empresas.infoempleo.com\/hrtrends\/aprendiendo-a-ser-sociales-en-la-busqueda-proactiva-de-empleo-ii-el-codigo-qr\/\"]}]},{\"@type\":\"ImageObject\",\"inLanguage\":\"es\",\"@id\":\"https:\/\/empresas.infoempleo.com\/hrtrends\/aprendiendo-a-ser-sociales-en-la-busqueda-proactiva-de-empleo-ii-el-codigo-qr\/#primaryimage\",\"url\":\"https:\/\/empresas.infoempleo.com\/hrtrends\/media\/2011\/11\/QR2-150x150.jpg\",\"contentUrl\":\"https:\/\/empresas.infoempleo.com\/hrtrends\/media\/2011\/11\/QR2-150x150.jpg\",\"width\":150,\"height\":150},{\"@type\":\"BreadcrumbList\",\"@id\":\"https:\/\/empresas.infoempleo.com\/hrtrends\/aprendiendo-a-ser-sociales-en-la-busqueda-proactiva-de-empleo-ii-el-codigo-qr\/#breadcrumb\",\"itemListElement\":[{\"@type\":\"ListItem\",\"position\":1,\"name\":\"Portada\",\"item\":\"https:\/\/empresas.infoempleo.com\/hrtrends\/\"},{\"@type\":\"ListItem\",\"position\":2,\"name\":\"Aprendiendo a ser sociales en la b\u00fasqueda (proactiva) de empleo II &#8211; el C\u00f3digo QR\"}]},{\"@type\":\"WebSite\",\"@id\":\"https:\/\/empresas.infoempleo.com\/hrtrends\/#website\",\"url\":\"https:\/\/empresas.infoempleo.com\/hrtrends\",\"name\":\"HRTrends by Infoempleo\",\"description\":\"\",\"publisher\":{\"@id\":\"https:\/\/empresas.infoempleo.com\/hrtrends\/#organization\"},\"potentialAction\":{\"@type\":\"SearchAction\",\"target\":\"https:\/\/empresas.infoempleo.com\/hrtrends\/?s={search_term_string}\",\"query-input\":\"required name=search_term_string\"},\"inLanguage\":\"es\"},{\"@type\":\"Organization\",\"@id\":\"https:\/\/empresas.infoempleo.com\/hrtrends\/#organization\",\"name\":\"Infoempleo\",\"url\":\"https:\/\/www.infoempleo.com\/\",\"logo\":{\"@type\":\"ImageObject\",\"@id\":\"https:\/\/empresas.infoempleo.com\/hrtrends\/#logo\",\"inLanguage\":\"es\",\"url\":\"https:\/\/cdnazure.infoempleo.com\/infoempleo\/assets\/style\/gfx\/logo.svg\",\"contentUrl\":\"https:\/\/cdnazure.infoempleo.com\/infoempleo\/assets\/style\/gfx\/logo.svg\",\"width\":150,\"height\":40,\"caption\":\"Infoempleo\"},\"image\":{\"@id\":\"https:\/\/empresas.infoempleo.com\/hrtrends\/#logo\"},\"sameAs\":[\"https:\/\/www.facebook.com\/Infoempleo\",\"https:\/\/x.com\/infoempleo\",\"http:\/\/instagram.com\/infoempleo\/\",\"http:\/\/www.linkedin.com\/groups\/Empleo-Espa\u00f1a-Infoempleocom-111276\",\"http:\/\/pinterest.com\/infoempleo\/\"],\"address\":{\"@type\":\"PostalAddress\",\"addressLocality\":\"Madrid\",\"postalCode\":\"28050\",\"streetAddress\":\"Avenida de Burgos 114\"},\"brand\":[\"Infoempleo\"]},{\"@type\":\"Person\",\"@id\":\"https:\/\/empresas.infoempleo.com\/hrtrends\/#\/schema\/person\/9bc89e3819d56720c9fba63ae9d827f3\",\"name\":\"antonio vallejo\",\"image\":{\"@type\":\"ImageObject\",\"inLanguage\":\"es\",\"@id\":\"https:\/\/empresas.infoempleo.com\/hrtrends\/#\/schema\/person\/image\/\",\"url\":\"https:\/\/secure.gravatar.com\/avatar\/882c28279ae4535d5a62c1e541f84d58ddfb96ce2c2119d0f109a2f3ce461806?s=96&d=mm&r=g\",\"contentUrl\":\"https:\/\/secure.gravatar.com\/avatar\/882c28279ae4535d5a62c1e541f84d58ddfb96ce2c2119d0f109a2f3ce461806?s=96&d=mm&r=g\",\"caption\":\"antonio vallejo\"},\"url\":\"https:\/\/empresas.infoempleo.com\/hrtrends\/author\/antonio-vallejo\/\"}]}<\/script>\n<!-- \/ Yoast SEO plugin. -->","yoast_head_json":{"title":"Aprendiendo a ser sociales en la b\u00fasqueda (proactiva) de empleo II - el C\u00f3digo QR | HRTRENDS","robots":{"index":"index","follow":"follow","max-snippet":"max-snippet:-1","max-image-preview":"max-image-preview:large","max-video-preview":"max-video-preview:-1"},"canonical":"https:\/\/empresas.infoempleo.com\/hrtrends\/aprendiendo-a-ser-sociales-en-la-busqueda-proactiva-de-empleo-ii-el-codigo-qr\/","og_locale":"es_ES","og_type":"article","og_title":"Aprendiendo a ser sociales en la b\u00fasqueda (proactiva) de empleo II - el C\u00f3digo QR | HRTRENDS","og_description":"Las cosas suceden, de una manera u otra. Y quiz\u00e1s, por eso, dec\u00edamos ayer que hay que intrigar, Leer m\u00e1s","og_url":"https:\/\/empresas.infoempleo.com\/hrtrends\/aprendiendo-a-ser-sociales-en-la-busqueda-proactiva-de-empleo-ii-el-codigo-qr\/","og_site_name":"HRTRENDS","article_publisher":"https:\/\/www.facebook.com\/Infoempleo","article_published_time":"2011-11-11T09:37:56+00:00","article_modified_time":"2024-12-09T11:10:20+00:00","og_image":[{"width":568,"height":258,"url":"https:\/\/empresas.infoempleo.com\/hrtrends\/media\/2011\/11\/QR2.jpg","type":"image\/jpeg"}],"author":"antonio vallejo","twitter_card":"summary_large_image","twitter_creator":"@infoempleo","twitter_site":"@infoempleo","twitter_misc":{"Escrito por":"antonio vallejo","Tiempo de lectura":"3 minutos"},"schema":{"@context":"https:\/\/schema.org","@graph":[{"@type":"NewsArticle","@id":"https:\/\/empresas.infoempleo.com\/hrtrends\/aprendiendo-a-ser-sociales-en-la-busqueda-proactiva-de-empleo-ii-el-codigo-qr\/#article","isPartOf":{"@id":"https:\/\/empresas.infoempleo.com\/hrtrends\/aprendiendo-a-ser-sociales-en-la-busqueda-proactiva-de-empleo-ii-el-codigo-qr\/"},"author":{"name":"antonio vallejo","@id":"https:\/\/empresas.infoempleo.com\/hrtrends\/#\/schema\/person\/9bc89e3819d56720c9fba63ae9d827f3"},"headline":"Aprendiendo a ser sociales en la b\u00fasqueda (proactiva) de empleo II &#8211; el C\u00f3digo QR","datePublished":"2011-11-11T09:37:56+00:00","dateModified":"2024-12-09T11:10:20+00:00","mainEntityOfPage":{"@id":"https:\/\/empresas.infoempleo.com\/hrtrends\/aprendiendo-a-ser-sociales-en-la-busqueda-proactiva-de-empleo-ii-el-codigo-qr\/"},"wordCount":672,"publisher":{"@id":"https:\/\/empresas.infoempleo.com\/hrtrends\/#organization"},"image":{"@id":"https:\/\/empresas.infoempleo.com\/hrtrends\/aprendiendo-a-ser-sociales-en-la-busqueda-proactiva-de-empleo-ii-el-codigo-qr\/#primaryimage"},"thumbnailUrl":"https:\/\/empresas.infoempleo.com\/hrtrends\/media\/2011\/11\/QR2.jpg","keywords":["c\u00f3digo QR","Empleo","redes sociales","trabajo"],"articleSection":["Actualidad"],"inLanguage":"es","copyrightYear":"2011","copyrightHolder":{"@id":"https:\/\/empresas.infoempleo.com\/hrtrends\/#organization"}},{"@type":"WebPage","@id":"https:\/\/empresas.infoempleo.com\/hrtrends\/aprendiendo-a-ser-sociales-en-la-busqueda-proactiva-de-empleo-ii-el-codigo-qr\/","url":"https:\/\/empresas.infoempleo.com\/hrtrends\/aprendiendo-a-ser-sociales-en-la-busqueda-proactiva-de-empleo-ii-el-codigo-qr\/","name":"Aprendiendo a ser sociales en la b\u00fasqueda (proactiva) de empleo II - el C\u00f3digo QR | HRTRENDS","isPartOf":{"@id":"https:\/\/empresas.infoempleo.com\/hrtrends\/#website"},"primaryImageOfPage":{"@id":"https:\/\/empresas.infoempleo.com\/hrtrends\/aprendiendo-a-ser-sociales-en-la-busqueda-proactiva-de-empleo-ii-el-codigo-qr\/#primaryimage"},"image":{"@id":"https:\/\/empresas.infoempleo.com\/hrtrends\/aprendiendo-a-ser-sociales-en-la-busqueda-proactiva-de-empleo-ii-el-codigo-qr\/#primaryimage"},"thumbnailUrl":"https:\/\/empresas.infoempleo.com\/hrtrends\/media\/2011\/11\/QR2.jpg","datePublished":"2011-11-11T09:37:56+00:00","dateModified":"2024-12-09T11:10:20+00:00","breadcrumb":{"@id":"https:\/\/empresas.infoempleo.com\/hrtrends\/aprendiendo-a-ser-sociales-en-la-busqueda-proactiva-de-empleo-ii-el-codigo-qr\/#breadcrumb"},"inLanguage":"es","potentialAction":[{"@type":"ReadAction","target":["https:\/\/empresas.infoempleo.com\/hrtrends\/aprendiendo-a-ser-sociales-en-la-busqueda-proactiva-de-empleo-ii-el-codigo-qr\/"]}]},{"@type":"ImageObject","inLanguage":"es","@id":"https:\/\/empresas.infoempleo.com\/hrtrends\/aprendiendo-a-ser-sociales-en-la-busqueda-proactiva-de-empleo-ii-el-codigo-qr\/#primaryimage","url":"https:\/\/empresas.infoempleo.com\/hrtrends\/media\/2011\/11\/QR2-150x150.jpg","contentUrl":"https:\/\/empresas.infoempleo.com\/hrtrends\/media\/2011\/11\/QR2-150x150.jpg","width":150,"height":150},{"@type":"BreadcrumbList","@id":"https:\/\/empresas.infoempleo.com\/hrtrends\/aprendiendo-a-ser-sociales-en-la-busqueda-proactiva-de-empleo-ii-el-codigo-qr\/#breadcrumb","itemListElement":[{"@type":"ListItem","position":1,"name":"Portada","item":"https:\/\/empresas.infoempleo.com\/hrtrends\/"},{"@type":"ListItem","position":2,"name":"Aprendiendo a ser sociales en la b\u00fasqueda (proactiva) de empleo II &#8211; el C\u00f3digo QR"}]},{"@type":"WebSite","@id":"https:\/\/empresas.infoempleo.com\/hrtrends\/#website","url":"https:\/\/empresas.infoempleo.com\/hrtrends","name":"HRTrends by Infoempleo","description":"","publisher":{"@id":"https:\/\/empresas.infoempleo.com\/hrtrends\/#organization"},"potentialAction":{"@type":"SearchAction","target":"https:\/\/empresas.infoempleo.com\/hrtrends\/?s={search_term_string}","query-input":"required name=search_term_string"},"inLanguage":"es"},{"@type":"Organization","@id":"https:\/\/empresas.infoempleo.com\/hrtrends\/#organization","name":"Infoempleo","url":"https:\/\/www.infoempleo.com\/","logo":{"@type":"ImageObject","@id":"https:\/\/empresas.infoempleo.com\/hrtrends\/#logo","inLanguage":"es","url":"https:\/\/cdnazure.infoempleo.com\/infoempleo\/assets\/style\/gfx\/logo.svg","contentUrl":"https:\/\/cdnazure.infoempleo.com\/infoempleo\/assets\/style\/gfx\/logo.svg","width":150,"height":40,"caption":"Infoempleo"},"image":{"@id":"https:\/\/empresas.infoempleo.com\/hrtrends\/#logo"},"sameAs":["https:\/\/www.facebook.com\/Infoempleo","https:\/\/x.com\/infoempleo","http:\/\/instagram.com\/infoempleo\/","http:\/\/www.linkedin.com\/groups\/Empleo-Espa\u00f1a-Infoempleocom-111276","http:\/\/pinterest.com\/infoempleo\/"],"address":{"@type":"PostalAddress","addressLocality":"Madrid","postalCode":"28050","streetAddress":"Avenida de Burgos 114"},"brand":["Infoempleo"]},{"@type":"Person","@id":"https:\/\/empresas.infoempleo.com\/hrtrends\/#\/schema\/person\/9bc89e3819d56720c9fba63ae9d827f3","name":"antonio vallejo","image":{"@type":"ImageObject","inLanguage":"es","@id":"https:\/\/empresas.infoempleo.com\/hrtrends\/#\/schema\/person\/image\/","url":"https:\/\/secure.gravatar.com\/avatar\/882c28279ae4535d5a62c1e541f84d58ddfb96ce2c2119d0f109a2f3ce461806?s=96&d=mm&r=g","contentUrl":"https:\/\/secure.gravatar.com\/avatar\/882c28279ae4535d5a62c1e541f84d58ddfb96ce2c2119d0f109a2f3ce461806?s=96&d=mm&r=g","caption":"antonio vallejo"},"url":"https:\/\/empresas.infoempleo.com\/hrtrends\/author\/antonio-vallejo\/"}]}},"amp_enabled":true,"_links":{"self":[{"href":"https:\/\/empresas.infoempleo.com\/hrtrends\/wp-json\/wp\/v2\/posts\/14392","targetHints":{"allow":["GET"]}}],"collection":[{"href":"https:\/\/empresas.infoempleo.com\/hrtrends\/wp-json\/wp\/v2\/posts"}],"about":[{"href":"https:\/\/empresas.infoempleo.com\/hrtrends\/wp-json\/wp\/v2\/types\/post"}],"author":[{"embeddable":true,"href":"https:\/\/empresas.infoempleo.com\/hrtrends\/wp-json\/wp\/v2\/users\/49"}],"replies":[{"embeddable":true,"href":"https:\/\/empresas.infoempleo.com\/hrtrends\/wp-json\/wp\/v2\/comments?post=14392"}],"version-history":[{"count":3,"href":"https:\/\/empresas.infoempleo.com\/hrtrends\/wp-json\/wp\/v2\/posts\/14392\/revisions"}],"predecessor-version":[{"id":46124,"href":"https:\/\/empresas.infoempleo.com\/hrtrends\/wp-json\/wp\/v2\/posts\/14392\/revisions\/46124"}],"wp:featuredmedia":[{"embeddable":true,"href":"https:\/\/empresas.infoempleo.com\/hrtrends\/wp-json\/wp\/v2\/media\/14393"}],"wp:attachment":[{"href":"https:\/\/empresas.infoempleo.com\/hrtrends\/wp-json\/wp\/v2\/media?parent=14392"}],"wp:term":[{"taxonomy":"category","embeddable":true,"href":"https:\/\/empresas.infoempleo.com\/hrtrends\/wp-json\/wp\/v2\/categories?post=14392"},{"taxonomy":"post_tag","embeddable":true,"href":"https:\/\/empresas.infoempleo.com\/hrtrends\/wp-json\/wp\/v2\/tags?post=14392"}],"curies":[{"name":"wp","href":"https:\/\/api.w.org\/{rel}","templated":true}]}}