{"id":14365,"date":"2011-11-07T11:11:41","date_gmt":"2011-11-07T10:11:41","guid":{"rendered":"http:\/\/blog.infoempleo.com\/?p=14365"},"modified":"2025-01-03T15:41:46","modified_gmt":"2025-01-03T13:41:46","slug":"los-retos-de-la-educacion-en-una-economia-digital","status":"publish","type":"post","link":"https:\/\/empresas.infoempleo.com\/hrtrends\/los-retos-de-la-educacion-en-una-economia-digital\/","title":{"rendered":"Los retos de la educaci\u00f3n en una econom\u00eda digital"},"content":{"rendered":"<p style=\"text-align: center;\"><img loading=\"lazy\" decoding=\"async\" class=\"alignnone size-full wp-image-14366\" title=\"Educared\" src=\"https:\/\/empresas.infoempleo.com\/hrtrends\/media\/2011\/11\/Telefonica.jpg\" alt=\"\" width=\"454\" height=\"206\" srcset=\"https:\/\/empresas.infoempleo.com\/hrtrends\/media\/2011\/11\/Telefonica.jpg 568w, https:\/\/empresas.infoempleo.com\/hrtrends\/media\/2011\/11\/Telefonica-300x136.jpg 300w\" sizes=\"auto, (max-width: 454px) 100vw, 454px\" \/><\/p>\n<p>En unas recientes declaraciones a la revista digital <a href=\"https:\/\/www.wired.com\/\" target=\"_blank\" rel=\"noopener\">Wired<\/a>,<strong> Matthew Key<\/strong>, el <strong>m\u00e1ximo responsable de Telef\u00f3nica Digital<\/strong>, afirmaba que \u00abcuando le preguntas a la gente si quiere venir a trabajar a Telef\u00f3nica, dice \u2018no gracias\u2019. Pero estamos intentando hacerles comprender que estamos creando el entorno adecuado para que ellos desarrollen las cosas adecuadas para el mercado\u00bb. Esta frase ilustra la inquietud que experimenta uno de los principales operadores de telecomunicaciones del mundo por adaptarse al nuevo escenario socioecon\u00f3mico emergente, cuyos valores rompen dr\u00e1sticamente con los modelos vigentes anteriormente.<\/p>\n<p><strong>Las empresas se enfrentan ahora a unos mercados guiados por la innovaci\u00f3n donde la creatividad y las ideas rompedoras alcanzan las m\u00e1s altas cotas de protagonismo<\/strong>. En consecuencia, las compa\u00f1\u00edas tendr\u00e1n que demandar <strong>profesionales de talento cuyo car\u00e1cter emprendedor y vers\u00e1til haga posible la generaci\u00f3n de valor en un entorno en constante cambio<\/strong>, haciendo gala de una especial clarividencia para comprender los mercados y de una capacidad de anticipar de forma \u00e1gil las tendencias novedosas.<\/p>\n<p>El desarrollo de este tipo de actitudes y aptitudes requiere de una orientaci\u00f3n distinta en los procesos de ense\u00f1anza y formaci\u00f3n de las personas desde muy temprana edad. As\u00ed lo ha entendido Fundaci\u00f3n Telef\u00f3nica, entidad responsable del <strong>VI Encuentro Internacional EducaRed<\/strong>, un evento que se ha celebrado en octubre en Madrid y que, bajo una filosof\u00eda colaborativa y participativa, ha intentado presentar algunas de las ideas y tendencias de vanguardia en el campo de la educaci\u00f3n y la tecnolog\u00eda.<\/p>\n<p>Durante sus tres d\u00edas de duraci\u00f3n, por los escenarios y talleres del\u00a0 encuentro han desfilado distintos expertos, en muchos casos no relacionados con el sector educativo, pero que han sabido transmitir conceptos y experiencias perfectamente apropiables por el proceso de transformaci\u00f3n que atraviesa la pedagog\u00eda actual. A fin de cuentas, <strong>la evoluci\u00f3n de la ense\u00f1anza debe inspirarse en los cambios en el funcionamiento del mundo en el que vivimos. <\/strong><\/p>\n<p>Podemos resumir varios de los grandes temas que planearon sobre el pabell\u00f3n en el que se celebraron las jornadas, como empat\u00eda y colaboraci\u00f3n, empoderamiento, redes y, finalmente, herramientas.<\/p>\n<p>La empat\u00eda fue el eje central de la conferencia de <strong>Bill Drayton, Premio Principe de Asturias de Cooperaci\u00f3n Internacional 2011<\/strong> y fundador de la organizaci\u00f3n Ashoka. Drayton defiende <strong>el desarrollo de la capacidad para cambiar la sociedad desde la escuela, formando ciudadanos corresponsables con el futuro de la humanidad<\/strong>; ni\u00f1os y ni\u00f1as que sepan trabajar en grupo, sin herir a sus iguales. De ah\u00ed la necesidad de fomentar la empat\u00eda como motor del esfuerzo colectivo, la organizaci\u00f3n y el liderazgo. En palabras de este emprendedor social, \u00abla clave del \u00e9xito es contribuir al cambio, no solo adaptarse al cambio\u00bb.<\/p>\n<h3>Auto aprendizaje<\/h3>\n<p>Otro concepto que obtuvo un protagonismo notable dentro del VI Encuentro EducaRed fue el de<strong> \u2018empoderamiento\u2019<\/strong>, que en el contexto educativo hace alusi\u00f3n a la acci\u00f3n de <strong>capacitar a los alumnos para que sean los protagonistas de su propio proceso de aprendizaje<\/strong>. En este sentido, el <strong>profesor de la Universidad de Newcastle Sugata Mitra<\/strong> defiende la habilidad de los ni\u00f1os y las ni\u00f1as para progresar en el aprendizaje\u00a0 trabajando en grupo con la m\u00ednima ayuda de un profesor \u2013Minimally Invasive Education o Educaci\u00f3n M\u00ednimamente Invasiva\u2013, figura que en su modelo educativo se transforma en un gu\u00eda o mediador del conocimiento. Mitra es conocido en el \u00e1mbito educativo internacional por su experimento \u2018Hole in the Wall\u2019, que consisti\u00f3 en colocar un ordenador dentro de un quiosco en una pared y situarlo en un barrio desfavorecido de Nueva Delhi, a disposici\u00f3n de los ni\u00f1os para despu\u00e9s observar la reacci\u00f3n de \u00e9stos. La experiencia demostr\u00f3 que <strong>los menores eran capaces de aprender mediante el trabajo en grupo espont\u00e1neo el manejo de los programas inform\u00e1ticos y a navegar a trav\u00e9s de Internet sin una ense\u00f1anza formal espec\u00edfica sobre el particular<\/strong>.<\/p>\n<p>El experto del aprendizaje en la era digital <strong>George Siemens<\/strong> introdujo en el evento teor\u00edas relacionadas con las redes de aprendizaje y los ecosistemas de conocimiento. Partiendo de la premisa de que el conocimiento es una red, la forma de conocer las ideas y de conectarlas entre s\u00ed determina nuestro nivel de aprendizaje. Paralelamente, c\u00f3mo estemos conectados condiciona la informaci\u00f3n que encontramos. A su juicio, los docentes deben ense\u00f1ar a sus alumnos a crear y evaluar redes, pues, en sus propias palabras, <strong>\u00abdar un dato y evaluar si el alumno lo recuerda no es v\u00e1lido en una sociedad que precisa crear conocimiento\u00bb.<\/strong><\/p>\n<p>El \u00faltimo de los grandes ep\u00edgrafes que tuvo una presencia destacada en el encuentro fue el de las herramientas tecnol\u00f3gicas para la educaci\u00f3n. Dentro de este particular, destac\u00f3 la presencia de la pedagoga <strong>Judi Harris<\/strong>, que expuso el <strong>modelo TPACK<\/strong>, cuya filosof\u00eda se centra en la integraci\u00f3n efectiva de las tecnolog\u00edas de la informaci\u00f3n y las comunicaciones en el aula partiendo de las necesidades reales del alumnado y de las realidades conceptuales de las clases y los centros educativos. El m\u00e9todo TPACK persigue aportar tres tipos de conocimientos a los docentes: de tipo tecnol\u00f3gico, de tipo pedag\u00f3gico y de contenidos. Sin embargo, Judi Harris se opone a que las herramientas, tanto programas como dispositivos, condicionen la actividad did\u00e1ctica; no se trata, como se hace a menudo, de llenar las aulas de ordenadores y pizarras digitales y luego ver qu\u00e9 se hace con ellas. El proceso debe ser el inverso: la actividad did\u00e1ctica que se va a llevar a cabo en el aula debe identificar la herramienta a utilizar, pues, a fin de cuentas, es solamente un medio, no un fin en s\u00ed mismo.<\/p>\n<p>En suma, se trata de <strong>nuevas perspectivas desde las que enfocar los procesos de ense\u00f1anza y aprendizaje<\/strong>; visiones que desechan la relaci\u00f3n tradicional docente-alumnado que lleva vigente desde hace varios siglos, apostando por ceder al alumno el protagonismo de su propio itinerario educativo aprovechando las ventajas que ofrece el habitar en un mundo\u00a0 interconectado en el que la informaci\u00f3n fluye sin barreras. El reto es convertir a esos estudiantes en dignos ciudadanos de una sociedad del conocimiento y en los trabajadores de una econom\u00eda digital.<\/p>\n","protected":false},"excerpt":{"rendered":"<p>En unas recientes declaraciones a la revista digital Wired, Matthew Key, el m\u00e1ximo responsable de Telef\u00f3nica Digital, afirmaba<a class=\"moretag\" href=\"https:\/\/empresas.infoempleo.com\/hrtrends\/los-retos-de-la-educacion-en-una-economia-digital\/\"> Leer m\u00e1s<\/a><\/p>\n","protected":false},"author":69,"featured_media":14366,"comment_status":"closed","ping_status":"open","sticky":false,"template":"","format":"standard","meta":{"footnotes":""},"categories":[3],"tags":[451],"class_list":["post-14365","post","type-post","status-publish","format-standard","has-post-thumbnail","hentry","category-actualidad","tag-educacion"],"yoast_head":"<!-- This site is optimized with the Yoast SEO plugin v26.1.1 - https:\/\/yoast.com\/wordpress\/plugins\/seo\/ -->\n<title>Los retos de la educaci\u00f3n en una econom\u00eda digital | HRTRENDS<\/title>\n<meta name=\"robots\" content=\"index, follow, max-snippet:-1, max-image-preview:large, max-video-preview:-1\" \/>\n<link rel=\"canonical\" href=\"https:\/\/empresas.infoempleo.com\/hrtrends\/los-retos-de-la-educacion-en-una-economia-digital\/\" \/>\n<meta property=\"og:locale\" content=\"es_ES\" \/>\n<meta property=\"og:type\" content=\"article\" \/>\n<meta property=\"og:title\" content=\"Los retos de la educaci\u00f3n en una econom\u00eda digital | HRTRENDS\" \/>\n<meta property=\"og:description\" content=\"En unas recientes declaraciones a la revista digital Wired, Matthew Key, el m\u00e1ximo responsable de Telef\u00f3nica Digital, afirmaba Leer m\u00e1s\" \/>\n<meta property=\"og:url\" content=\"https:\/\/empresas.infoempleo.com\/hrtrends\/los-retos-de-la-educacion-en-una-economia-digital\/\" \/>\n<meta property=\"og:site_name\" content=\"HRTRENDS\" \/>\n<meta property=\"article:publisher\" content=\"https:\/\/www.facebook.com\/Infoempleo\" \/>\n<meta property=\"article:published_time\" content=\"2011-11-07T10:11:41+00:00\" \/>\n<meta property=\"article:modified_time\" content=\"2025-01-03T13:41:46+00:00\" \/>\n<meta property=\"og:image\" content=\"https:\/\/empresas.infoempleo.com\/hrtrends\/media\/2011\/11\/Telefonica.jpg\" \/>\n\t<meta property=\"og:image:width\" content=\"568\" \/>\n\t<meta property=\"og:image:height\" content=\"258\" \/>\n\t<meta property=\"og:image:type\" content=\"image\/jpeg\" \/>\n<meta name=\"author\" content=\"Pablo Rodr\u00edguez\" \/>\n<meta name=\"twitter:card\" content=\"summary_large_image\" \/>\n<meta name=\"twitter:creator\" content=\"@infoempleo\" \/>\n<meta name=\"twitter:site\" content=\"@infoempleo\" \/>\n<meta name=\"twitter:label1\" content=\"Escrito por\" \/>\n\t<meta name=\"twitter:data1\" content=\"Pablo Rodr\u00edguez\" \/>\n\t<meta name=\"twitter:label2\" content=\"Tiempo de lectura\" \/>\n\t<meta name=\"twitter:data2\" content=\"5 minutos\" \/>\n<script type=\"application\/ld+json\" class=\"yoast-schema-graph\">{\"@context\":\"https:\/\/schema.org\",\"@graph\":[{\"@type\":\"NewsArticle\",\"@id\":\"https:\/\/empresas.infoempleo.com\/hrtrends\/los-retos-de-la-educacion-en-una-economia-digital\/#article\",\"isPartOf\":{\"@id\":\"https:\/\/empresas.infoempleo.com\/hrtrends\/los-retos-de-la-educacion-en-una-economia-digital\/\"},\"author\":{\"name\":\"Pablo Rodr\u00edguez\",\"@id\":\"https:\/\/empresas.infoempleo.com\/hrtrends\/#\/schema\/person\/37e9be03a49d345a1bd80d55a3018747\"},\"headline\":\"Los retos de la educaci\u00f3n en una econom\u00eda digital\",\"datePublished\":\"2011-11-07T10:11:41+00:00\",\"dateModified\":\"2025-01-03T13:41:46+00:00\",\"mainEntityOfPage\":{\"@id\":\"https:\/\/empresas.infoempleo.com\/hrtrends\/los-retos-de-la-educacion-en-una-economia-digital\/\"},\"wordCount\":1080,\"publisher\":{\"@id\":\"https:\/\/empresas.infoempleo.com\/hrtrends\/#organization\"},\"image\":{\"@id\":\"https:\/\/empresas.infoempleo.com\/hrtrends\/los-retos-de-la-educacion-en-una-economia-digital\/#primaryimage\"},\"thumbnailUrl\":\"https:\/\/empresas.infoempleo.com\/hrtrends\/media\/2011\/11\/Telefonica.jpg\",\"keywords\":[\"Educaci\u00f3n\"],\"articleSection\":[\"Actualidad\"],\"inLanguage\":\"es\",\"copyrightYear\":\"2011\",\"copyrightHolder\":{\"@id\":\"https:\/\/empresas.infoempleo.com\/hrtrends\/#organization\"}},{\"@type\":\"WebPage\",\"@id\":\"https:\/\/empresas.infoempleo.com\/hrtrends\/los-retos-de-la-educacion-en-una-economia-digital\/\",\"url\":\"https:\/\/empresas.infoempleo.com\/hrtrends\/los-retos-de-la-educacion-en-una-economia-digital\/\",\"name\":\"Los retos de la educaci\u00f3n en una econom\u00eda digital | HRTRENDS\",\"isPartOf\":{\"@id\":\"https:\/\/empresas.infoempleo.com\/hrtrends\/#website\"},\"primaryImageOfPage\":{\"@id\":\"https:\/\/empresas.infoempleo.com\/hrtrends\/los-retos-de-la-educacion-en-una-economia-digital\/#primaryimage\"},\"image\":{\"@id\":\"https:\/\/empresas.infoempleo.com\/hrtrends\/los-retos-de-la-educacion-en-una-economia-digital\/#primaryimage\"},\"thumbnailUrl\":\"https:\/\/empresas.infoempleo.com\/hrtrends\/media\/2011\/11\/Telefonica.jpg\",\"datePublished\":\"2011-11-07T10:11:41+00:00\",\"dateModified\":\"2025-01-03T13:41:46+00:00\",\"breadcrumb\":{\"@id\":\"https:\/\/empresas.infoempleo.com\/hrtrends\/los-retos-de-la-educacion-en-una-economia-digital\/#breadcrumb\"},\"inLanguage\":\"es\",\"potentialAction\":[{\"@type\":\"ReadAction\",\"target\":[\"https:\/\/empresas.infoempleo.com\/hrtrends\/los-retos-de-la-educacion-en-una-economia-digital\/\"]}]},{\"@type\":\"ImageObject\",\"inLanguage\":\"es\",\"@id\":\"https:\/\/empresas.infoempleo.com\/hrtrends\/los-retos-de-la-educacion-en-una-economia-digital\/#primaryimage\",\"url\":\"https:\/\/empresas.infoempleo.com\/hrtrends\/media\/2011\/11\/Telefonica-150x150.jpg\",\"contentUrl\":\"https:\/\/empresas.infoempleo.com\/hrtrends\/media\/2011\/11\/Telefonica-150x150.jpg\",\"width\":150,\"height\":150},{\"@type\":\"BreadcrumbList\",\"@id\":\"https:\/\/empresas.infoempleo.com\/hrtrends\/los-retos-de-la-educacion-en-una-economia-digital\/#breadcrumb\",\"itemListElement\":[{\"@type\":\"ListItem\",\"position\":1,\"name\":\"Portada\",\"item\":\"https:\/\/empresas.infoempleo.com\/hrtrends\/\"},{\"@type\":\"ListItem\",\"position\":2,\"name\":\"Los retos de la educaci\u00f3n en una econom\u00eda digital\"}]},{\"@type\":\"WebSite\",\"@id\":\"https:\/\/empresas.infoempleo.com\/hrtrends\/#website\",\"url\":\"https:\/\/empresas.infoempleo.com\/hrtrends\",\"name\":\"HRTrends by Infoempleo\",\"description\":\"\",\"publisher\":{\"@id\":\"https:\/\/empresas.infoempleo.com\/hrtrends\/#organization\"},\"potentialAction\":{\"@type\":\"SearchAction\",\"target\":\"https:\/\/empresas.infoempleo.com\/hrtrends\/?s={search_term_string}\",\"query-input\":\"required name=search_term_string\"},\"inLanguage\":\"es\"},{\"@type\":\"Organization\",\"@id\":\"https:\/\/empresas.infoempleo.com\/hrtrends\/#organization\",\"name\":\"Infoempleo\",\"url\":\"https:\/\/www.infoempleo.com\/\",\"logo\":{\"@type\":\"ImageObject\",\"@id\":\"https:\/\/empresas.infoempleo.com\/hrtrends\/#logo\",\"inLanguage\":\"es\",\"url\":\"https:\/\/cdnazure.infoempleo.com\/infoempleo\/assets\/style\/gfx\/logo.svg\",\"contentUrl\":\"https:\/\/cdnazure.infoempleo.com\/infoempleo\/assets\/style\/gfx\/logo.svg\",\"width\":150,\"height\":40,\"caption\":\"Infoempleo\"},\"image\":{\"@id\":\"https:\/\/empresas.infoempleo.com\/hrtrends\/#logo\"},\"sameAs\":[\"https:\/\/www.facebook.com\/Infoempleo\",\"https:\/\/x.com\/infoempleo\",\"http:\/\/instagram.com\/infoempleo\/\",\"http:\/\/www.linkedin.com\/groups\/Empleo-Espa\u00f1a-Infoempleocom-111276\",\"http:\/\/pinterest.com\/infoempleo\/\"],\"address\":{\"@type\":\"PostalAddress\",\"addressLocality\":\"Madrid\",\"postalCode\":\"28050\",\"streetAddress\":\"Avenida de Burgos 114\"},\"brand\":[\"Infoempleo\"]},{\"@type\":\"Person\",\"@id\":\"https:\/\/empresas.infoempleo.com\/hrtrends\/#\/schema\/person\/37e9be03a49d345a1bd80d55a3018747\",\"name\":\"Pablo Rodr\u00edguez\",\"image\":{\"@type\":\"ImageObject\",\"inLanguage\":\"es\",\"@id\":\"https:\/\/empresas.infoempleo.com\/hrtrends\/#\/schema\/person\/image\/\",\"url\":\"https:\/\/secure.gravatar.com\/avatar\/20336ee9c7ced90cab959b8fdfbfb7f152be595aa16e62d89fd7e37e4609ce6b?s=96&d=mm&r=g\",\"contentUrl\":\"https:\/\/secure.gravatar.com\/avatar\/20336ee9c7ced90cab959b8fdfbfb7f152be595aa16e62d89fd7e37e4609ce6b?s=96&d=mm&r=g\",\"caption\":\"Pablo Rodr\u00edguez\"},\"url\":\"https:\/\/empresas.infoempleo.com\/hrtrends\/author\/pablor\/\"}]}<\/script>\n<!-- \/ Yoast SEO plugin. -->","yoast_head_json":{"title":"Los retos de la educaci\u00f3n en una econom\u00eda digital | HRTRENDS","robots":{"index":"index","follow":"follow","max-snippet":"max-snippet:-1","max-image-preview":"max-image-preview:large","max-video-preview":"max-video-preview:-1"},"canonical":"https:\/\/empresas.infoempleo.com\/hrtrends\/los-retos-de-la-educacion-en-una-economia-digital\/","og_locale":"es_ES","og_type":"article","og_title":"Los retos de la educaci\u00f3n en una econom\u00eda digital | HRTRENDS","og_description":"En unas recientes declaraciones a la revista digital Wired, Matthew Key, el m\u00e1ximo responsable de Telef\u00f3nica Digital, afirmaba Leer m\u00e1s","og_url":"https:\/\/empresas.infoempleo.com\/hrtrends\/los-retos-de-la-educacion-en-una-economia-digital\/","og_site_name":"HRTRENDS","article_publisher":"https:\/\/www.facebook.com\/Infoempleo","article_published_time":"2011-11-07T10:11:41+00:00","article_modified_time":"2025-01-03T13:41:46+00:00","og_image":[{"width":568,"height":258,"url":"https:\/\/empresas.infoempleo.com\/hrtrends\/media\/2011\/11\/Telefonica.jpg","type":"image\/jpeg"}],"author":"Pablo Rodr\u00edguez","twitter_card":"summary_large_image","twitter_creator":"@infoempleo","twitter_site":"@infoempleo","twitter_misc":{"Escrito por":"Pablo Rodr\u00edguez","Tiempo de lectura":"5 minutos"},"schema":{"@context":"https:\/\/schema.org","@graph":[{"@type":"NewsArticle","@id":"https:\/\/empresas.infoempleo.com\/hrtrends\/los-retos-de-la-educacion-en-una-economia-digital\/#article","isPartOf":{"@id":"https:\/\/empresas.infoempleo.com\/hrtrends\/los-retos-de-la-educacion-en-una-economia-digital\/"},"author":{"name":"Pablo Rodr\u00edguez","@id":"https:\/\/empresas.infoempleo.com\/hrtrends\/#\/schema\/person\/37e9be03a49d345a1bd80d55a3018747"},"headline":"Los retos de la educaci\u00f3n en una econom\u00eda digital","datePublished":"2011-11-07T10:11:41+00:00","dateModified":"2025-01-03T13:41:46+00:00","mainEntityOfPage":{"@id":"https:\/\/empresas.infoempleo.com\/hrtrends\/los-retos-de-la-educacion-en-una-economia-digital\/"},"wordCount":1080,"publisher":{"@id":"https:\/\/empresas.infoempleo.com\/hrtrends\/#organization"},"image":{"@id":"https:\/\/empresas.infoempleo.com\/hrtrends\/los-retos-de-la-educacion-en-una-economia-digital\/#primaryimage"},"thumbnailUrl":"https:\/\/empresas.infoempleo.com\/hrtrends\/media\/2011\/11\/Telefonica.jpg","keywords":["Educaci\u00f3n"],"articleSection":["Actualidad"],"inLanguage":"es","copyrightYear":"2011","copyrightHolder":{"@id":"https:\/\/empresas.infoempleo.com\/hrtrends\/#organization"}},{"@type":"WebPage","@id":"https:\/\/empresas.infoempleo.com\/hrtrends\/los-retos-de-la-educacion-en-una-economia-digital\/","url":"https:\/\/empresas.infoempleo.com\/hrtrends\/los-retos-de-la-educacion-en-una-economia-digital\/","name":"Los retos de la educaci\u00f3n en una econom\u00eda digital | HRTRENDS","isPartOf":{"@id":"https:\/\/empresas.infoempleo.com\/hrtrends\/#website"},"primaryImageOfPage":{"@id":"https:\/\/empresas.infoempleo.com\/hrtrends\/los-retos-de-la-educacion-en-una-economia-digital\/#primaryimage"},"image":{"@id":"https:\/\/empresas.infoempleo.com\/hrtrends\/los-retos-de-la-educacion-en-una-economia-digital\/#primaryimage"},"thumbnailUrl":"https:\/\/empresas.infoempleo.com\/hrtrends\/media\/2011\/11\/Telefonica.jpg","datePublished":"2011-11-07T10:11:41+00:00","dateModified":"2025-01-03T13:41:46+00:00","breadcrumb":{"@id":"https:\/\/empresas.infoempleo.com\/hrtrends\/los-retos-de-la-educacion-en-una-economia-digital\/#breadcrumb"},"inLanguage":"es","potentialAction":[{"@type":"ReadAction","target":["https:\/\/empresas.infoempleo.com\/hrtrends\/los-retos-de-la-educacion-en-una-economia-digital\/"]}]},{"@type":"ImageObject","inLanguage":"es","@id":"https:\/\/empresas.infoempleo.com\/hrtrends\/los-retos-de-la-educacion-en-una-economia-digital\/#primaryimage","url":"https:\/\/empresas.infoempleo.com\/hrtrends\/media\/2011\/11\/Telefonica-150x150.jpg","contentUrl":"https:\/\/empresas.infoempleo.com\/hrtrends\/media\/2011\/11\/Telefonica-150x150.jpg","width":150,"height":150},{"@type":"BreadcrumbList","@id":"https:\/\/empresas.infoempleo.com\/hrtrends\/los-retos-de-la-educacion-en-una-economia-digital\/#breadcrumb","itemListElement":[{"@type":"ListItem","position":1,"name":"Portada","item":"https:\/\/empresas.infoempleo.com\/hrtrends\/"},{"@type":"ListItem","position":2,"name":"Los retos de la educaci\u00f3n en una econom\u00eda digital"}]},{"@type":"WebSite","@id":"https:\/\/empresas.infoempleo.com\/hrtrends\/#website","url":"https:\/\/empresas.infoempleo.com\/hrtrends","name":"HRTrends by Infoempleo","description":"","publisher":{"@id":"https:\/\/empresas.infoempleo.com\/hrtrends\/#organization"},"potentialAction":{"@type":"SearchAction","target":"https:\/\/empresas.infoempleo.com\/hrtrends\/?s={search_term_string}","query-input":"required name=search_term_string"},"inLanguage":"es"},{"@type":"Organization","@id":"https:\/\/empresas.infoempleo.com\/hrtrends\/#organization","name":"Infoempleo","url":"https:\/\/www.infoempleo.com\/","logo":{"@type":"ImageObject","@id":"https:\/\/empresas.infoempleo.com\/hrtrends\/#logo","inLanguage":"es","url":"https:\/\/cdnazure.infoempleo.com\/infoempleo\/assets\/style\/gfx\/logo.svg","contentUrl":"https:\/\/cdnazure.infoempleo.com\/infoempleo\/assets\/style\/gfx\/logo.svg","width":150,"height":40,"caption":"Infoempleo"},"image":{"@id":"https:\/\/empresas.infoempleo.com\/hrtrends\/#logo"},"sameAs":["https:\/\/www.facebook.com\/Infoempleo","https:\/\/x.com\/infoempleo","http:\/\/instagram.com\/infoempleo\/","http:\/\/www.linkedin.com\/groups\/Empleo-Espa\u00f1a-Infoempleocom-111276","http:\/\/pinterest.com\/infoempleo\/"],"address":{"@type":"PostalAddress","addressLocality":"Madrid","postalCode":"28050","streetAddress":"Avenida de Burgos 114"},"brand":["Infoempleo"]},{"@type":"Person","@id":"https:\/\/empresas.infoempleo.com\/hrtrends\/#\/schema\/person\/37e9be03a49d345a1bd80d55a3018747","name":"Pablo Rodr\u00edguez","image":{"@type":"ImageObject","inLanguage":"es","@id":"https:\/\/empresas.infoempleo.com\/hrtrends\/#\/schema\/person\/image\/","url":"https:\/\/secure.gravatar.com\/avatar\/20336ee9c7ced90cab959b8fdfbfb7f152be595aa16e62d89fd7e37e4609ce6b?s=96&d=mm&r=g","contentUrl":"https:\/\/secure.gravatar.com\/avatar\/20336ee9c7ced90cab959b8fdfbfb7f152be595aa16e62d89fd7e37e4609ce6b?s=96&d=mm&r=g","caption":"Pablo Rodr\u00edguez"},"url":"https:\/\/empresas.infoempleo.com\/hrtrends\/author\/pablor\/"}]}},"amp_enabled":true,"_links":{"self":[{"href":"https:\/\/empresas.infoempleo.com\/hrtrends\/wp-json\/wp\/v2\/posts\/14365","targetHints":{"allow":["GET"]}}],"collection":[{"href":"https:\/\/empresas.infoempleo.com\/hrtrends\/wp-json\/wp\/v2\/posts"}],"about":[{"href":"https:\/\/empresas.infoempleo.com\/hrtrends\/wp-json\/wp\/v2\/types\/post"}],"author":[{"embeddable":true,"href":"https:\/\/empresas.infoempleo.com\/hrtrends\/wp-json\/wp\/v2\/users\/69"}],"replies":[{"embeddable":true,"href":"https:\/\/empresas.infoempleo.com\/hrtrends\/wp-json\/wp\/v2\/comments?post=14365"}],"version-history":[{"count":2,"href":"https:\/\/empresas.infoempleo.com\/hrtrends\/wp-json\/wp\/v2\/posts\/14365\/revisions"}],"predecessor-version":[{"id":46219,"href":"https:\/\/empresas.infoempleo.com\/hrtrends\/wp-json\/wp\/v2\/posts\/14365\/revisions\/46219"}],"wp:featuredmedia":[{"embeddable":true,"href":"https:\/\/empresas.infoempleo.com\/hrtrends\/wp-json\/wp\/v2\/media\/14366"}],"wp:attachment":[{"href":"https:\/\/empresas.infoempleo.com\/hrtrends\/wp-json\/wp\/v2\/media?parent=14365"}],"wp:term":[{"taxonomy":"category","embeddable":true,"href":"https:\/\/empresas.infoempleo.com\/hrtrends\/wp-json\/wp\/v2\/categories?post=14365"},{"taxonomy":"post_tag","embeddable":true,"href":"https:\/\/empresas.infoempleo.com\/hrtrends\/wp-json\/wp\/v2\/tags?post=14365"}],"curies":[{"name":"wp","href":"https:\/\/api.w.org\/{rel}","templated":true}]}}