{"id":14296,"date":"2011-10-25T15:01:01","date_gmt":"2011-10-25T14:01:01","guid":{"rendered":"http:\/\/blog.infoempleo.com\/?p=14296"},"modified":"2018-05-23T17:20:05","modified_gmt":"2018-05-23T15:20:05","slug":"la-sociedad-anonima","status":"publish","type":"post","link":"https:\/\/empresas.infoempleo.com\/hrtrends\/la-sociedad-anonima\/","title":{"rendered":"La Sociedad An\u00f3nima"},"content":{"rendered":"<p><img loading=\"lazy\" decoding=\"async\" class=\"alignnone size-full wp-image-14297\" title=\"Sociedad An\u00f3nima\" src=\"https:\/\/empresas.infoempleo.com\/hrtrends\/media\/2011\/10\/SA.jpg\" alt=\"\" width=\"454\" height=\"206\" srcset=\"https:\/\/empresas.infoempleo.com\/hrtrends\/media\/2011\/10\/SA.jpg 568w, https:\/\/empresas.infoempleo.com\/hrtrends\/media\/2011\/10\/SA-300x136.jpg 300w\" sizes=\"auto, (max-width: 454px) 100vw, 454px\" \/><\/p>\n<p>Vamos a analizar las caracter\u00edsticas de la Sociedad An\u00f3nima, para posteriormente en otros art\u00edculos, analizar los tr\u00e1mites para la constituci\u00f3n de la misma.<\/p>\n<p>La <strong>Sociedad An\u00f3nima<\/strong> (S.A.) es una sociedad mercantil cuyo capital est\u00e1 dividido en acciones, integradas por las aportaciones de los socios, quienes no responder\u00e1n personalmente de las deudas sociales contra\u00eddas sino que lo har\u00e1n con el capital aportado.<\/p>\n<p>El n\u00famero m\u00ednimo de socios es 1 (Sociedad An\u00f3nima Unipersonal) y el capital inicial m\u00ednimo es de 60.101 \u20ac, totalmente suscrito y desembolsado en un 25\u00a0% (el resto no tiene plazo legal para ser desembolsado, pero tiene que estar determinado el mismo en los estatutos) y los socios son denominados como accionistas.<\/p>\n<p>Si se constituye una sociedad an\u00f3nima con un \u00fanico socio (<strong>Sociedad An\u00f3nima Unipersonal<\/strong>), debe hacerse constar en toda la documentaci\u00f3n, correspondencia, facturas y en los anuncios legales (S.A.U). El cambio de socio \u00fanico y la p\u00e9rdida de la condici\u00f3n de unipersonal debe hacerse constar en escritura e inscribirse en el Registro Mercantil.<\/p>\n<p>Si una Sociedad adquiere la condici\u00f3n de unipersonal y transcurren seis meses sin que se haya inscrito en el Registro Mercantil , el socio \u00fanico responder\u00e1 personal, ilimitada y solidariamente de las deudas sociales contra\u00eddas durante el per\u00edodo de unipersonalidad.<\/p>\n<p><strong>Se pueden aportar bienes o derechos valorables econ\u00f3micamente.<\/strong> Estas aportaciones deber\u00e1n ser objeto de un informe elaborado por experto designado por el Registrador Mercantil, que deber\u00e1 incorporarse a la escritura de constituci\u00f3n o, en su caso, ampliaci\u00f3n de capital.<\/p>\n<p>Respecto a la transmisi\u00f3n de acciones, las restricciones a las mismas \u00fanicamente son v\u00e1lidas si se trata de acciones nominativas y se prev\u00e9n expresamente en los Estatutos. La libre transmisibilidad \u00fanicamente puede condicionarse a la autorizaci\u00f3n de la Sociedad cuando los Estatutos regulen las causas que permitan denegar dicha autorizaci\u00f3n.<\/p>\n<p>La regla general es que los acuerdos se adoptan por mayor\u00eda de votos emitidos v\u00e1lidamente. Los Estatutos pueden aumentar las mayor\u00edas exigidas. Cada acci\u00f3n ordinaria atribuye el derecho a emitir un voto aunque los Estatutos pueden limitar el n\u00famero m\u00e1ximo de votos que puede emitir un mismo accionista.<\/p>\n<p><strong>Los Estatutos deben fijar el \u00f3rgano de administraci\u00f3n<\/strong> de entre los siguientes: un Administrador \u00danico, dos o m\u00e1s Administradores solidarios o mancomunados, o un Consejo de Administraci\u00f3n compuesto por un m\u00ednimo de tres y un m\u00e1ximo de doce consejeros. El cambio en el modo de organizar la administraci\u00f3n de la Sociedad requerir\u00e1 modificaci\u00f3n estatutaria.<\/p>\n<p><strong>Antes de proceder al reparto de beneficios es requisito legal aplicar a la Reserva Legal<\/strong> el equivalente al 10% del beneficio, al menos hasta que dicha Reserva alcance el 20% del capital social. Solo se pueden repartir dividendos con cargo a beneficios si el valor del patrimonio neto contable no es, a consecuencia del reparto, inferior al capital social.<\/p>\n<p>El nombre de la sociedad habr\u00e1 de incorporar las siglas \u00abS.A\u00bb.<\/p>\n<p>A partir del 1 de septiembre de 2010, estas sociedades se regulan por la Ley de Sociedades de Capital, que deroga el Real Decreto Legislativo 1564\/1989, por el que se aprobaba el texto refundido de la Ley de Sociedades An\u00f3nimas.<\/p>\n<p>Una vez analizadas las caracter\u00edsticas de la Sociedad An\u00f3nima, pasaremos a analizar en sucesivos posts los diversos tr\u00e1mites en la diversos organismos.<\/p>\n","protected":false},"excerpt":{"rendered":"<p>Vamos a analizar las caracter\u00edsticas de la Sociedad An\u00f3nima, para posteriormente en otros art\u00edculos, analizar los tr\u00e1mites para<a class=\"moretag\" href=\"https:\/\/empresas.infoempleo.com\/hrtrends\/la-sociedad-anonima\/\"> Leer m\u00e1s<\/a><\/p>\n","protected":false},"author":67,"featured_media":14297,"comment_status":"closed","ping_status":"open","sticky":false,"template":"","format":"standard","meta":{"footnotes":""},"categories":[3],"tags":[718,2441],"class_list":["post-14296","post","type-post","status-publish","format-standard","has-post-thumbnail","hentry","category-actualidad","tag-autonomos","tag-sociedad-anonima"],"yoast_head":"<!-- This site is optimized with the Yoast SEO plugin v26.1.1 - https:\/\/yoast.com\/wordpress\/plugins\/seo\/ -->\n<title>La Sociedad An\u00f3nima | HRTRENDS<\/title>\n<meta name=\"robots\" content=\"index, follow, max-snippet:-1, max-image-preview:large, max-video-preview:-1\" \/>\n<link rel=\"canonical\" href=\"https:\/\/empresas.infoempleo.com\/hrtrends\/la-sociedad-anonima\/\" \/>\n<meta property=\"og:locale\" content=\"es_ES\" \/>\n<meta property=\"og:type\" content=\"article\" \/>\n<meta property=\"og:title\" content=\"La Sociedad An\u00f3nima | HRTRENDS\" \/>\n<meta property=\"og:description\" content=\"Vamos a analizar las caracter\u00edsticas de la Sociedad An\u00f3nima, para posteriormente en otros art\u00edculos, analizar los tr\u00e1mites para Leer m\u00e1s\" \/>\n<meta property=\"og:url\" content=\"https:\/\/empresas.infoempleo.com\/hrtrends\/la-sociedad-anonima\/\" \/>\n<meta property=\"og:site_name\" content=\"HRTRENDS\" \/>\n<meta property=\"article:publisher\" content=\"https:\/\/www.facebook.com\/Infoempleo\" \/>\n<meta property=\"article:published_time\" content=\"2011-10-25T14:01:01+00:00\" \/>\n<meta property=\"article:modified_time\" content=\"2018-05-23T15:20:05+00:00\" \/>\n<meta property=\"og:image\" content=\"https:\/\/empresas.infoempleo.com\/hrtrends\/media\/2011\/10\/SA.jpg\" \/>\n\t<meta property=\"og:image:width\" content=\"568\" \/>\n\t<meta property=\"og:image:height\" content=\"258\" \/>\n\t<meta property=\"og:image:type\" content=\"image\/jpeg\" \/>\n<meta name=\"author\" content=\"Alfredo Pastor\" \/>\n<meta name=\"twitter:card\" content=\"summary_large_image\" \/>\n<meta name=\"twitter:creator\" content=\"@infoempleo\" \/>\n<meta name=\"twitter:site\" content=\"@infoempleo\" \/>\n<meta name=\"twitter:label1\" content=\"Escrito por\" \/>\n\t<meta name=\"twitter:data1\" content=\"Alfredo Pastor\" \/>\n\t<meta name=\"twitter:label2\" content=\"Tiempo de lectura\" \/>\n\t<meta name=\"twitter:data2\" content=\"3 minutos\" \/>\n<script type=\"application\/ld+json\" class=\"yoast-schema-graph\">{\"@context\":\"https:\/\/schema.org\",\"@graph\":[{\"@type\":\"NewsArticle\",\"@id\":\"https:\/\/empresas.infoempleo.com\/hrtrends\/la-sociedad-anonima\/#article\",\"isPartOf\":{\"@id\":\"https:\/\/empresas.infoempleo.com\/hrtrends\/la-sociedad-anonima\/\"},\"author\":{\"name\":\"Alfredo Pastor\",\"@id\":\"https:\/\/empresas.infoempleo.com\/hrtrends\/#\/schema\/person\/0b30a362b840a343d554a94d6311864f\"},\"headline\":\"La Sociedad An\u00f3nima\",\"datePublished\":\"2011-10-25T14:01:01+00:00\",\"dateModified\":\"2018-05-23T15:20:05+00:00\",\"mainEntityOfPage\":{\"@id\":\"https:\/\/empresas.infoempleo.com\/hrtrends\/la-sociedad-anonima\/\"},\"wordCount\":573,\"publisher\":{\"@id\":\"https:\/\/empresas.infoempleo.com\/hrtrends\/#organization\"},\"image\":{\"@id\":\"https:\/\/empresas.infoempleo.com\/hrtrends\/la-sociedad-anonima\/#primaryimage\"},\"thumbnailUrl\":\"https:\/\/empresas.infoempleo.com\/hrtrends\/media\/2011\/10\/SA.jpg\",\"keywords\":[\"Aut\u00f3nomos\",\"sociedad an\u00f3nima\"],\"articleSection\":[\"Actualidad\"],\"inLanguage\":\"es\",\"copyrightYear\":\"2011\",\"copyrightHolder\":{\"@id\":\"https:\/\/empresas.infoempleo.com\/hrtrends\/#organization\"}},{\"@type\":\"WebPage\",\"@id\":\"https:\/\/empresas.infoempleo.com\/hrtrends\/la-sociedad-anonima\/\",\"url\":\"https:\/\/empresas.infoempleo.com\/hrtrends\/la-sociedad-anonima\/\",\"name\":\"La Sociedad An\u00f3nima | HRTRENDS\",\"isPartOf\":{\"@id\":\"https:\/\/empresas.infoempleo.com\/hrtrends\/#website\"},\"primaryImageOfPage\":{\"@id\":\"https:\/\/empresas.infoempleo.com\/hrtrends\/la-sociedad-anonima\/#primaryimage\"},\"image\":{\"@id\":\"https:\/\/empresas.infoempleo.com\/hrtrends\/la-sociedad-anonima\/#primaryimage\"},\"thumbnailUrl\":\"https:\/\/empresas.infoempleo.com\/hrtrends\/media\/2011\/10\/SA.jpg\",\"datePublished\":\"2011-10-25T14:01:01+00:00\",\"dateModified\":\"2018-05-23T15:20:05+00:00\",\"breadcrumb\":{\"@id\":\"https:\/\/empresas.infoempleo.com\/hrtrends\/la-sociedad-anonima\/#breadcrumb\"},\"inLanguage\":\"es\",\"potentialAction\":[{\"@type\":\"ReadAction\",\"target\":[\"https:\/\/empresas.infoempleo.com\/hrtrends\/la-sociedad-anonima\/\"]}]},{\"@type\":\"ImageObject\",\"inLanguage\":\"es\",\"@id\":\"https:\/\/empresas.infoempleo.com\/hrtrends\/la-sociedad-anonima\/#primaryimage\",\"url\":\"https:\/\/empresas.infoempleo.com\/hrtrends\/media\/2011\/10\/SA-150x150.jpg\",\"contentUrl\":\"https:\/\/empresas.infoempleo.com\/hrtrends\/media\/2011\/10\/SA-150x150.jpg\",\"width\":150,\"height\":150},{\"@type\":\"BreadcrumbList\",\"@id\":\"https:\/\/empresas.infoempleo.com\/hrtrends\/la-sociedad-anonima\/#breadcrumb\",\"itemListElement\":[{\"@type\":\"ListItem\",\"position\":1,\"name\":\"Portada\",\"item\":\"https:\/\/empresas.infoempleo.com\/hrtrends\/\"},{\"@type\":\"ListItem\",\"position\":2,\"name\":\"La Sociedad An\u00f3nima\"}]},{\"@type\":\"WebSite\",\"@id\":\"https:\/\/empresas.infoempleo.com\/hrtrends\/#website\",\"url\":\"https:\/\/empresas.infoempleo.com\/hrtrends\",\"name\":\"HRTrends by Infoempleo\",\"description\":\"\",\"publisher\":{\"@id\":\"https:\/\/empresas.infoempleo.com\/hrtrends\/#organization\"},\"potentialAction\":{\"@type\":\"SearchAction\",\"target\":\"https:\/\/empresas.infoempleo.com\/hrtrends\/?s={search_term_string}\",\"query-input\":\"required name=search_term_string\"},\"inLanguage\":\"es\"},{\"@type\":\"Organization\",\"@id\":\"https:\/\/empresas.infoempleo.com\/hrtrends\/#organization\",\"name\":\"Infoempleo\",\"url\":\"https:\/\/www.infoempleo.com\/\",\"logo\":{\"@type\":\"ImageObject\",\"@id\":\"https:\/\/empresas.infoempleo.com\/hrtrends\/#logo\",\"inLanguage\":\"es\",\"url\":\"https:\/\/cdnazure.infoempleo.com\/infoempleo\/assets\/style\/gfx\/logo.svg\",\"contentUrl\":\"https:\/\/cdnazure.infoempleo.com\/infoempleo\/assets\/style\/gfx\/logo.svg\",\"width\":150,\"height\":40,\"caption\":\"Infoempleo\"},\"image\":{\"@id\":\"https:\/\/empresas.infoempleo.com\/hrtrends\/#logo\"},\"sameAs\":[\"https:\/\/www.facebook.com\/Infoempleo\",\"https:\/\/x.com\/infoempleo\",\"http:\/\/instagram.com\/infoempleo\/\",\"http:\/\/www.linkedin.com\/groups\/Empleo-Espa\u00f1a-Infoempleocom-111276\",\"http:\/\/pinterest.com\/infoempleo\/\"],\"address\":{\"@type\":\"PostalAddress\",\"addressLocality\":\"Madrid\",\"postalCode\":\"28050\",\"streetAddress\":\"Avenida de Burgos 114\"},\"brand\":[\"Infoempleo\"]},{\"@type\":\"Person\",\"@id\":\"https:\/\/empresas.infoempleo.com\/hrtrends\/#\/schema\/person\/0b30a362b840a343d554a94d6311864f\",\"name\":\"Alfredo Pastor\",\"image\":{\"@type\":\"ImageObject\",\"inLanguage\":\"es\",\"@id\":\"https:\/\/empresas.infoempleo.com\/hrtrends\/#\/schema\/person\/image\/\",\"url\":\"https:\/\/secure.gravatar.com\/avatar\/6ac2a9c8d622c9249e43857df84bf3e8bd92004b3109e8a95174155d03e419d2?s=96&d=mm&r=g\",\"contentUrl\":\"https:\/\/secure.gravatar.com\/avatar\/6ac2a9c8d622c9249e43857df84bf3e8bd92004b3109e8a95174155d03e419d2?s=96&d=mm&r=g\",\"caption\":\"Alfredo Pastor\"},\"url\":\"https:\/\/empresas.infoempleo.com\/hrtrends\/author\/alfredo\/\"}]}<\/script>\n<!-- \/ Yoast SEO plugin. -->","yoast_head_json":{"title":"La Sociedad An\u00f3nima | HRTRENDS","robots":{"index":"index","follow":"follow","max-snippet":"max-snippet:-1","max-image-preview":"max-image-preview:large","max-video-preview":"max-video-preview:-1"},"canonical":"https:\/\/empresas.infoempleo.com\/hrtrends\/la-sociedad-anonima\/","og_locale":"es_ES","og_type":"article","og_title":"La Sociedad An\u00f3nima | HRTRENDS","og_description":"Vamos a analizar las caracter\u00edsticas de la Sociedad An\u00f3nima, para posteriormente en otros art\u00edculos, analizar los tr\u00e1mites para Leer m\u00e1s","og_url":"https:\/\/empresas.infoempleo.com\/hrtrends\/la-sociedad-anonima\/","og_site_name":"HRTRENDS","article_publisher":"https:\/\/www.facebook.com\/Infoempleo","article_published_time":"2011-10-25T14:01:01+00:00","article_modified_time":"2018-05-23T15:20:05+00:00","og_image":[{"width":568,"height":258,"url":"https:\/\/empresas.infoempleo.com\/hrtrends\/media\/2011\/10\/SA.jpg","type":"image\/jpeg"}],"author":"Alfredo Pastor","twitter_card":"summary_large_image","twitter_creator":"@infoempleo","twitter_site":"@infoempleo","twitter_misc":{"Escrito por":"Alfredo Pastor","Tiempo de lectura":"3 minutos"},"schema":{"@context":"https:\/\/schema.org","@graph":[{"@type":"NewsArticle","@id":"https:\/\/empresas.infoempleo.com\/hrtrends\/la-sociedad-anonima\/#article","isPartOf":{"@id":"https:\/\/empresas.infoempleo.com\/hrtrends\/la-sociedad-anonima\/"},"author":{"name":"Alfredo Pastor","@id":"https:\/\/empresas.infoempleo.com\/hrtrends\/#\/schema\/person\/0b30a362b840a343d554a94d6311864f"},"headline":"La Sociedad An\u00f3nima","datePublished":"2011-10-25T14:01:01+00:00","dateModified":"2018-05-23T15:20:05+00:00","mainEntityOfPage":{"@id":"https:\/\/empresas.infoempleo.com\/hrtrends\/la-sociedad-anonima\/"},"wordCount":573,"publisher":{"@id":"https:\/\/empresas.infoempleo.com\/hrtrends\/#organization"},"image":{"@id":"https:\/\/empresas.infoempleo.com\/hrtrends\/la-sociedad-anonima\/#primaryimage"},"thumbnailUrl":"https:\/\/empresas.infoempleo.com\/hrtrends\/media\/2011\/10\/SA.jpg","keywords":["Aut\u00f3nomos","sociedad an\u00f3nima"],"articleSection":["Actualidad"],"inLanguage":"es","copyrightYear":"2011","copyrightHolder":{"@id":"https:\/\/empresas.infoempleo.com\/hrtrends\/#organization"}},{"@type":"WebPage","@id":"https:\/\/empresas.infoempleo.com\/hrtrends\/la-sociedad-anonima\/","url":"https:\/\/empresas.infoempleo.com\/hrtrends\/la-sociedad-anonima\/","name":"La Sociedad An\u00f3nima | HRTRENDS","isPartOf":{"@id":"https:\/\/empresas.infoempleo.com\/hrtrends\/#website"},"primaryImageOfPage":{"@id":"https:\/\/empresas.infoempleo.com\/hrtrends\/la-sociedad-anonima\/#primaryimage"},"image":{"@id":"https:\/\/empresas.infoempleo.com\/hrtrends\/la-sociedad-anonima\/#primaryimage"},"thumbnailUrl":"https:\/\/empresas.infoempleo.com\/hrtrends\/media\/2011\/10\/SA.jpg","datePublished":"2011-10-25T14:01:01+00:00","dateModified":"2018-05-23T15:20:05+00:00","breadcrumb":{"@id":"https:\/\/empresas.infoempleo.com\/hrtrends\/la-sociedad-anonima\/#breadcrumb"},"inLanguage":"es","potentialAction":[{"@type":"ReadAction","target":["https:\/\/empresas.infoempleo.com\/hrtrends\/la-sociedad-anonima\/"]}]},{"@type":"ImageObject","inLanguage":"es","@id":"https:\/\/empresas.infoempleo.com\/hrtrends\/la-sociedad-anonima\/#primaryimage","url":"https:\/\/empresas.infoempleo.com\/hrtrends\/media\/2011\/10\/SA-150x150.jpg","contentUrl":"https:\/\/empresas.infoempleo.com\/hrtrends\/media\/2011\/10\/SA-150x150.jpg","width":150,"height":150},{"@type":"BreadcrumbList","@id":"https:\/\/empresas.infoempleo.com\/hrtrends\/la-sociedad-anonima\/#breadcrumb","itemListElement":[{"@type":"ListItem","position":1,"name":"Portada","item":"https:\/\/empresas.infoempleo.com\/hrtrends\/"},{"@type":"ListItem","position":2,"name":"La Sociedad An\u00f3nima"}]},{"@type":"WebSite","@id":"https:\/\/empresas.infoempleo.com\/hrtrends\/#website","url":"https:\/\/empresas.infoempleo.com\/hrtrends","name":"HRTrends by Infoempleo","description":"","publisher":{"@id":"https:\/\/empresas.infoempleo.com\/hrtrends\/#organization"},"potentialAction":{"@type":"SearchAction","target":"https:\/\/empresas.infoempleo.com\/hrtrends\/?s={search_term_string}","query-input":"required name=search_term_string"},"inLanguage":"es"},{"@type":"Organization","@id":"https:\/\/empresas.infoempleo.com\/hrtrends\/#organization","name":"Infoempleo","url":"https:\/\/www.infoempleo.com\/","logo":{"@type":"ImageObject","@id":"https:\/\/empresas.infoempleo.com\/hrtrends\/#logo","inLanguage":"es","url":"https:\/\/cdnazure.infoempleo.com\/infoempleo\/assets\/style\/gfx\/logo.svg","contentUrl":"https:\/\/cdnazure.infoempleo.com\/infoempleo\/assets\/style\/gfx\/logo.svg","width":150,"height":40,"caption":"Infoempleo"},"image":{"@id":"https:\/\/empresas.infoempleo.com\/hrtrends\/#logo"},"sameAs":["https:\/\/www.facebook.com\/Infoempleo","https:\/\/x.com\/infoempleo","http:\/\/instagram.com\/infoempleo\/","http:\/\/www.linkedin.com\/groups\/Empleo-Espa\u00f1a-Infoempleocom-111276","http:\/\/pinterest.com\/infoempleo\/"],"address":{"@type":"PostalAddress","addressLocality":"Madrid","postalCode":"28050","streetAddress":"Avenida de Burgos 114"},"brand":["Infoempleo"]},{"@type":"Person","@id":"https:\/\/empresas.infoempleo.com\/hrtrends\/#\/schema\/person\/0b30a362b840a343d554a94d6311864f","name":"Alfredo Pastor","image":{"@type":"ImageObject","inLanguage":"es","@id":"https:\/\/empresas.infoempleo.com\/hrtrends\/#\/schema\/person\/image\/","url":"https:\/\/secure.gravatar.com\/avatar\/6ac2a9c8d622c9249e43857df84bf3e8bd92004b3109e8a95174155d03e419d2?s=96&d=mm&r=g","contentUrl":"https:\/\/secure.gravatar.com\/avatar\/6ac2a9c8d622c9249e43857df84bf3e8bd92004b3109e8a95174155d03e419d2?s=96&d=mm&r=g","caption":"Alfredo Pastor"},"url":"https:\/\/empresas.infoempleo.com\/hrtrends\/author\/alfredo\/"}]}},"amp_enabled":true,"_links":{"self":[{"href":"https:\/\/empresas.infoempleo.com\/hrtrends\/wp-json\/wp\/v2\/posts\/14296","targetHints":{"allow":["GET"]}}],"collection":[{"href":"https:\/\/empresas.infoempleo.com\/hrtrends\/wp-json\/wp\/v2\/posts"}],"about":[{"href":"https:\/\/empresas.infoempleo.com\/hrtrends\/wp-json\/wp\/v2\/types\/post"}],"author":[{"embeddable":true,"href":"https:\/\/empresas.infoempleo.com\/hrtrends\/wp-json\/wp\/v2\/users\/67"}],"replies":[{"embeddable":true,"href":"https:\/\/empresas.infoempleo.com\/hrtrends\/wp-json\/wp\/v2\/comments?post=14296"}],"version-history":[{"count":0,"href":"https:\/\/empresas.infoempleo.com\/hrtrends\/wp-json\/wp\/v2\/posts\/14296\/revisions"}],"wp:featuredmedia":[{"embeddable":true,"href":"https:\/\/empresas.infoempleo.com\/hrtrends\/wp-json\/wp\/v2\/media\/14297"}],"wp:attachment":[{"href":"https:\/\/empresas.infoempleo.com\/hrtrends\/wp-json\/wp\/v2\/media?parent=14296"}],"wp:term":[{"taxonomy":"category","embeddable":true,"href":"https:\/\/empresas.infoempleo.com\/hrtrends\/wp-json\/wp\/v2\/categories?post=14296"},{"taxonomy":"post_tag","embeddable":true,"href":"https:\/\/empresas.infoempleo.com\/hrtrends\/wp-json\/wp\/v2\/tags?post=14296"}],"curies":[{"name":"wp","href":"https:\/\/api.w.org\/{rel}","templated":true}]}}