{"id":14163,"date":"2011-09-26T10:00:22","date_gmt":"2011-09-26T09:00:22","guid":{"rendered":"http:\/\/blog.infoempleo.com\/?p=14163"},"modified":"2024-10-25T14:30:31","modified_gmt":"2024-10-25T12:30:31","slug":"de-profesion-experto-en-coaching","status":"publish","type":"post","link":"https:\/\/empresas.infoempleo.com\/hrtrends\/de-profesion-experto-en-coaching\/","title":{"rendered":"De profesi\u00f3n, experto en Coaching"},"content":{"rendered":"<p style=\"text-align: center;\"><img loading=\"lazy\" decoding=\"async\" class=\"alignnone size-full wp-image-14165\" title=\"instituto Hune\" src=\"https:\/\/empresas.infoempleo.com\/hrtrends\/media\/2011\/09\/Hune1.jpg\" alt=\"\" width=\"454\" height=\"206\" srcset=\"https:\/\/empresas.infoempleo.com\/hrtrends\/media\/2011\/09\/Hune1.jpg 568w, https:\/\/empresas.infoempleo.com\/hrtrends\/media\/2011\/09\/Hune1-300x136.jpg 300w\" sizes=\"auto, (max-width: 454px) 100vw, 454px\" \/><\/p>\n<p>Miles de personas en este momento probablemente est\u00e9n recibiendo la ayuda y consejo de un coach personal, mejorando sus capacidades personales y profesionales, y desarrollando nuevas conductas con el objetivo de mejorar su rendimiento laboral. Y esas miles ma\u00f1ana ser\u00e1n muchas m\u00e1s.<\/p>\n<p>En rigor, la traducci\u00f3n literal del t\u00e9rmino coach desde el ingl\u00e9s es entrenar, pero <strong>el coaching, en su sentido empresarial, se ha convertido en el camino por excelencia para alcanzar las m\u00e1s altas competencias<\/strong> a nivel ejecutivo y personal, mejorando, entre otras cosas, la competitividad y el autoconocimiento de quien lo recibe.<\/p>\n<p>Instituto Hune, centro especializado en unir en sus programas formativos humanidades y negocios, <strong>va a poner en marcha, a partir del pr\u00f3ximo 21 de octubre, la quinta edici\u00f3n de su<\/strong> curso de Experto en Coaching por la International Coach Federation (ICF), reconocido adem\u00e1s por la Asociaci\u00f3n Espa\u00f1ola de Coaching (ASESCO).<\/p>\n<h3>Herramienta para el cambio, profesi\u00f3n de futuro<\/h3>\n<p>No s\u00f3lo del boca a boca se ha ido alimentando la reputaci\u00f3n del coaching a lo largo de los \u00faltimos a\u00f1os, tambi\u00e9n de los <strong>magn\u00edficos resultados en muchos ejecutivos y dirigentes a nivel mundial<\/strong>, y esto lo ha convertido no s\u00f3lo en una de las herramientas de aprendizaje y desarrollo m\u00e1s recurridas por los profesionales de todos los sectores, si no en <strong>una de las profesiones m\u00e1s demandadas actualmente.<\/strong><\/p>\n<p>Desde Instituto Hune, conscientes de que el coaching <strong>es una poderosa herramienta para el cambio, y alcanzar objetivos y metas<\/strong>, apuestan por esta formaci\u00f3n apoy\u00e1ndose en valores diferenciales como: aprendizaje en base a la filosof\u00eda del coaching no directivo, la creaci\u00f3n de un estilo de coaching basado en la aportaci\u00f3n de valor al coachee desde la ampliaci\u00f3n de conciencia, la metodolog\u00eda din\u00e1mica, experiencial y pr\u00e1ctica en cada m\u00f3dulo, etc.<\/p>\n<p><strong>Este curso, que comenzar\u00e1 el pr\u00f3ximo d\u00eda 21 de octubre<\/strong>, tiene una duraci\u00f3n de 250 horas, de las cuales 150 son presenciales en aula y 100 son pr\u00e1cticas, y cuenta con la colaboraci\u00f3n de algunos de los mejores coachs y especialistas en la materia, y con el respaldo de las m\u00e1s prestigiosas instituciones a nivel europeo.<\/p>\n<p><strong>Para m\u00e1s informaci\u00f3n:<\/strong> 91 319 51 58 <a href=\"mailto:info@institutohune.com\" target=\"_blank\" rel=\"noopener\">mailto: info@institutohune.com<\/a><\/p>\n","protected":false},"excerpt":{"rendered":"<p>Miles de personas en este momento probablemente est\u00e9n recibiendo la ayuda y consejo de un coach personal, mejorando<a class=\"moretag\" href=\"https:\/\/empresas.infoempleo.com\/hrtrends\/de-profesion-experto-en-coaching\/\"> Leer m\u00e1s<\/a><\/p>\n","protected":false},"author":72,"featured_media":14165,"comment_status":"closed","ping_status":"open","sticky":false,"template":"","format":"standard","meta":{"footnotes":""},"categories":[3],"tags":[2428],"class_list":["post-14163","post","type-post","status-publish","format-standard","has-post-thumbnail","hentry","category-actualidad","tag-instituto-hune"],"yoast_head":"<!-- This site is optimized with the Yoast SEO plugin v26.1.1 - https:\/\/yoast.com\/wordpress\/plugins\/seo\/ -->\n<title>De profesi\u00f3n, experto en Coaching | HRTRENDS<\/title>\n<meta name=\"robots\" content=\"index, follow, max-snippet:-1, max-image-preview:large, max-video-preview:-1\" \/>\n<link rel=\"canonical\" href=\"https:\/\/empresas.infoempleo.com\/hrtrends\/de-profesion-experto-en-coaching\/\" \/>\n<meta property=\"og:locale\" content=\"es_ES\" \/>\n<meta property=\"og:type\" content=\"article\" \/>\n<meta property=\"og:title\" content=\"De profesi\u00f3n, experto en Coaching | HRTRENDS\" \/>\n<meta property=\"og:description\" content=\"Miles de personas en este momento probablemente est\u00e9n recibiendo la ayuda y consejo de un coach personal, mejorando Leer m\u00e1s\" \/>\n<meta property=\"og:url\" content=\"https:\/\/empresas.infoempleo.com\/hrtrends\/de-profesion-experto-en-coaching\/\" \/>\n<meta property=\"og:site_name\" content=\"HRTRENDS\" \/>\n<meta property=\"article:publisher\" content=\"https:\/\/www.facebook.com\/Infoempleo\" \/>\n<meta property=\"article:published_time\" content=\"2011-09-26T09:00:22+00:00\" \/>\n<meta property=\"article:modified_time\" content=\"2024-10-25T12:30:31+00:00\" \/>\n<meta property=\"og:image\" content=\"https:\/\/empresas.infoempleo.com\/hrtrends\/media\/2011\/09\/Hune1.jpg\" \/>\n\t<meta property=\"og:image:width\" content=\"568\" \/>\n\t<meta property=\"og:image:height\" content=\"258\" \/>\n\t<meta property=\"og:image:type\" content=\"image\/jpeg\" \/>\n<meta name=\"author\" content=\"infoempleo\" \/>\n<meta name=\"twitter:card\" content=\"summary_large_image\" \/>\n<meta name=\"twitter:creator\" content=\"@infoempleo\" \/>\n<meta name=\"twitter:site\" content=\"@infoempleo\" \/>\n<meta name=\"twitter:label1\" content=\"Escrito por\" \/>\n\t<meta name=\"twitter:data1\" content=\"infoempleo\" \/>\n\t<meta name=\"twitter:label2\" content=\"Tiempo de lectura\" \/>\n\t<meta name=\"twitter:data2\" content=\"2 minutos\" \/>\n<script type=\"application\/ld+json\" class=\"yoast-schema-graph\">{\"@context\":\"https:\/\/schema.org\",\"@graph\":[{\"@type\":\"NewsArticle\",\"@id\":\"https:\/\/empresas.infoempleo.com\/hrtrends\/de-profesion-experto-en-coaching\/#article\",\"isPartOf\":{\"@id\":\"https:\/\/empresas.infoempleo.com\/hrtrends\/de-profesion-experto-en-coaching\/\"},\"author\":{\"name\":\"infoempleo\",\"@id\":\"https:\/\/empresas.infoempleo.com\/hrtrends\/#\/schema\/person\/67d3e276ffcc8b3ae0ebec816daf775a\"},\"headline\":\"De profesi\u00f3n, experto en Coaching\",\"datePublished\":\"2011-09-26T09:00:22+00:00\",\"dateModified\":\"2024-10-25T12:30:31+00:00\",\"mainEntityOfPage\":{\"@id\":\"https:\/\/empresas.infoempleo.com\/hrtrends\/de-profesion-experto-en-coaching\/\"},\"wordCount\":393,\"publisher\":{\"@id\":\"https:\/\/empresas.infoempleo.com\/hrtrends\/#organization\"},\"image\":{\"@id\":\"https:\/\/empresas.infoempleo.com\/hrtrends\/de-profesion-experto-en-coaching\/#primaryimage\"},\"thumbnailUrl\":\"https:\/\/empresas.infoempleo.com\/hrtrends\/media\/2011\/09\/Hune1.jpg\",\"keywords\":[\"instituto hune\"],\"articleSection\":[\"Actualidad\"],\"inLanguage\":\"es\",\"copyrightYear\":\"2011\",\"copyrightHolder\":{\"@id\":\"https:\/\/empresas.infoempleo.com\/hrtrends\/#organization\"}},{\"@type\":\"WebPage\",\"@id\":\"https:\/\/empresas.infoempleo.com\/hrtrends\/de-profesion-experto-en-coaching\/\",\"url\":\"https:\/\/empresas.infoempleo.com\/hrtrends\/de-profesion-experto-en-coaching\/\",\"name\":\"De profesi\u00f3n, experto en Coaching | HRTRENDS\",\"isPartOf\":{\"@id\":\"https:\/\/empresas.infoempleo.com\/hrtrends\/#website\"},\"primaryImageOfPage\":{\"@id\":\"https:\/\/empresas.infoempleo.com\/hrtrends\/de-profesion-experto-en-coaching\/#primaryimage\"},\"image\":{\"@id\":\"https:\/\/empresas.infoempleo.com\/hrtrends\/de-profesion-experto-en-coaching\/#primaryimage\"},\"thumbnailUrl\":\"https:\/\/empresas.infoempleo.com\/hrtrends\/media\/2011\/09\/Hune1.jpg\",\"datePublished\":\"2011-09-26T09:00:22+00:00\",\"dateModified\":\"2024-10-25T12:30:31+00:00\",\"breadcrumb\":{\"@id\":\"https:\/\/empresas.infoempleo.com\/hrtrends\/de-profesion-experto-en-coaching\/#breadcrumb\"},\"inLanguage\":\"es\",\"potentialAction\":[{\"@type\":\"ReadAction\",\"target\":[\"https:\/\/empresas.infoempleo.com\/hrtrends\/de-profesion-experto-en-coaching\/\"]}]},{\"@type\":\"ImageObject\",\"inLanguage\":\"es\",\"@id\":\"https:\/\/empresas.infoempleo.com\/hrtrends\/de-profesion-experto-en-coaching\/#primaryimage\",\"url\":\"https:\/\/empresas.infoempleo.com\/hrtrends\/media\/2011\/09\/Hune1-150x150.jpg\",\"contentUrl\":\"https:\/\/empresas.infoempleo.com\/hrtrends\/media\/2011\/09\/Hune1-150x150.jpg\",\"width\":150,\"height\":150},{\"@type\":\"BreadcrumbList\",\"@id\":\"https:\/\/empresas.infoempleo.com\/hrtrends\/de-profesion-experto-en-coaching\/#breadcrumb\",\"itemListElement\":[{\"@type\":\"ListItem\",\"position\":1,\"name\":\"Portada\",\"item\":\"https:\/\/empresas.infoempleo.com\/hrtrends\/\"},{\"@type\":\"ListItem\",\"position\":2,\"name\":\"De profesi\u00f3n, experto en Coaching\"}]},{\"@type\":\"WebSite\",\"@id\":\"https:\/\/empresas.infoempleo.com\/hrtrends\/#website\",\"url\":\"https:\/\/empresas.infoempleo.com\/hrtrends\",\"name\":\"HRTrends by Infoempleo\",\"description\":\"\",\"publisher\":{\"@id\":\"https:\/\/empresas.infoempleo.com\/hrtrends\/#organization\"},\"potentialAction\":{\"@type\":\"SearchAction\",\"target\":\"https:\/\/empresas.infoempleo.com\/hrtrends\/?s={search_term_string}\",\"query-input\":\"required name=search_term_string\"},\"inLanguage\":\"es\"},{\"@type\":\"Organization\",\"@id\":\"https:\/\/empresas.infoempleo.com\/hrtrends\/#organization\",\"name\":\"Infoempleo\",\"url\":\"https:\/\/www.infoempleo.com\/\",\"logo\":{\"@type\":\"ImageObject\",\"@id\":\"https:\/\/empresas.infoempleo.com\/hrtrends\/#logo\",\"inLanguage\":\"es\",\"url\":\"https:\/\/cdnazure.infoempleo.com\/infoempleo\/assets\/style\/gfx\/logo.svg\",\"contentUrl\":\"https:\/\/cdnazure.infoempleo.com\/infoempleo\/assets\/style\/gfx\/logo.svg\",\"width\":150,\"height\":40,\"caption\":\"Infoempleo\"},\"image\":{\"@id\":\"https:\/\/empresas.infoempleo.com\/hrtrends\/#logo\"},\"sameAs\":[\"https:\/\/www.facebook.com\/Infoempleo\",\"https:\/\/x.com\/infoempleo\",\"http:\/\/instagram.com\/infoempleo\/\",\"http:\/\/www.linkedin.com\/groups\/Empleo-Espa\u00f1a-Infoempleocom-111276\",\"http:\/\/pinterest.com\/infoempleo\/\"],\"address\":{\"@type\":\"PostalAddress\",\"addressLocality\":\"Madrid\",\"postalCode\":\"28050\",\"streetAddress\":\"Avenida de Burgos 114\"},\"brand\":[\"Infoempleo\"]},{\"@type\":\"Person\",\"@id\":\"https:\/\/empresas.infoempleo.com\/hrtrends\/#\/schema\/person\/67d3e276ffcc8b3ae0ebec816daf775a\",\"name\":\"infoempleo\",\"image\":{\"@type\":\"ImageObject\",\"inLanguage\":\"es\",\"@id\":\"https:\/\/empresas.infoempleo.com\/hrtrends\/#\/schema\/person\/image\/\",\"url\":\"https:\/\/secure.gravatar.com\/avatar\/7b437777242fe67d2473c2a818da2344692d1ee91e91080ccffbd97bcd4a0975?s=96&d=mm&r=g\",\"contentUrl\":\"https:\/\/secure.gravatar.com\/avatar\/7b437777242fe67d2473c2a818da2344692d1ee91e91080ccffbd97bcd4a0975?s=96&d=mm&r=g\",\"caption\":\"infoempleo\"},\"url\":\"https:\/\/empresas.infoempleo.com\/hrtrends\/author\/infoempleo\/\"}]}<\/script>\n<!-- \/ Yoast SEO plugin. -->","yoast_head_json":{"title":"De profesi\u00f3n, experto en Coaching | HRTRENDS","robots":{"index":"index","follow":"follow","max-snippet":"max-snippet:-1","max-image-preview":"max-image-preview:large","max-video-preview":"max-video-preview:-1"},"canonical":"https:\/\/empresas.infoempleo.com\/hrtrends\/de-profesion-experto-en-coaching\/","og_locale":"es_ES","og_type":"article","og_title":"De profesi\u00f3n, experto en Coaching | HRTRENDS","og_description":"Miles de personas en este momento probablemente est\u00e9n recibiendo la ayuda y consejo de un coach personal, mejorando Leer m\u00e1s","og_url":"https:\/\/empresas.infoempleo.com\/hrtrends\/de-profesion-experto-en-coaching\/","og_site_name":"HRTRENDS","article_publisher":"https:\/\/www.facebook.com\/Infoempleo","article_published_time":"2011-09-26T09:00:22+00:00","article_modified_time":"2024-10-25T12:30:31+00:00","og_image":[{"width":568,"height":258,"url":"https:\/\/empresas.infoempleo.com\/hrtrends\/media\/2011\/09\/Hune1.jpg","type":"image\/jpeg"}],"author":"infoempleo","twitter_card":"summary_large_image","twitter_creator":"@infoempleo","twitter_site":"@infoempleo","twitter_misc":{"Escrito por":"infoempleo","Tiempo de lectura":"2 minutos"},"schema":{"@context":"https:\/\/schema.org","@graph":[{"@type":"NewsArticle","@id":"https:\/\/empresas.infoempleo.com\/hrtrends\/de-profesion-experto-en-coaching\/#article","isPartOf":{"@id":"https:\/\/empresas.infoempleo.com\/hrtrends\/de-profesion-experto-en-coaching\/"},"author":{"name":"infoempleo","@id":"https:\/\/empresas.infoempleo.com\/hrtrends\/#\/schema\/person\/67d3e276ffcc8b3ae0ebec816daf775a"},"headline":"De profesi\u00f3n, experto en Coaching","datePublished":"2011-09-26T09:00:22+00:00","dateModified":"2024-10-25T12:30:31+00:00","mainEntityOfPage":{"@id":"https:\/\/empresas.infoempleo.com\/hrtrends\/de-profesion-experto-en-coaching\/"},"wordCount":393,"publisher":{"@id":"https:\/\/empresas.infoempleo.com\/hrtrends\/#organization"},"image":{"@id":"https:\/\/empresas.infoempleo.com\/hrtrends\/de-profesion-experto-en-coaching\/#primaryimage"},"thumbnailUrl":"https:\/\/empresas.infoempleo.com\/hrtrends\/media\/2011\/09\/Hune1.jpg","keywords":["instituto hune"],"articleSection":["Actualidad"],"inLanguage":"es","copyrightYear":"2011","copyrightHolder":{"@id":"https:\/\/empresas.infoempleo.com\/hrtrends\/#organization"}},{"@type":"WebPage","@id":"https:\/\/empresas.infoempleo.com\/hrtrends\/de-profesion-experto-en-coaching\/","url":"https:\/\/empresas.infoempleo.com\/hrtrends\/de-profesion-experto-en-coaching\/","name":"De profesi\u00f3n, experto en Coaching | HRTRENDS","isPartOf":{"@id":"https:\/\/empresas.infoempleo.com\/hrtrends\/#website"},"primaryImageOfPage":{"@id":"https:\/\/empresas.infoempleo.com\/hrtrends\/de-profesion-experto-en-coaching\/#primaryimage"},"image":{"@id":"https:\/\/empresas.infoempleo.com\/hrtrends\/de-profesion-experto-en-coaching\/#primaryimage"},"thumbnailUrl":"https:\/\/empresas.infoempleo.com\/hrtrends\/media\/2011\/09\/Hune1.jpg","datePublished":"2011-09-26T09:00:22+00:00","dateModified":"2024-10-25T12:30:31+00:00","breadcrumb":{"@id":"https:\/\/empresas.infoempleo.com\/hrtrends\/de-profesion-experto-en-coaching\/#breadcrumb"},"inLanguage":"es","potentialAction":[{"@type":"ReadAction","target":["https:\/\/empresas.infoempleo.com\/hrtrends\/de-profesion-experto-en-coaching\/"]}]},{"@type":"ImageObject","inLanguage":"es","@id":"https:\/\/empresas.infoempleo.com\/hrtrends\/de-profesion-experto-en-coaching\/#primaryimage","url":"https:\/\/empresas.infoempleo.com\/hrtrends\/media\/2011\/09\/Hune1-150x150.jpg","contentUrl":"https:\/\/empresas.infoempleo.com\/hrtrends\/media\/2011\/09\/Hune1-150x150.jpg","width":150,"height":150},{"@type":"BreadcrumbList","@id":"https:\/\/empresas.infoempleo.com\/hrtrends\/de-profesion-experto-en-coaching\/#breadcrumb","itemListElement":[{"@type":"ListItem","position":1,"name":"Portada","item":"https:\/\/empresas.infoempleo.com\/hrtrends\/"},{"@type":"ListItem","position":2,"name":"De profesi\u00f3n, experto en Coaching"}]},{"@type":"WebSite","@id":"https:\/\/empresas.infoempleo.com\/hrtrends\/#website","url":"https:\/\/empresas.infoempleo.com\/hrtrends","name":"HRTrends by Infoempleo","description":"","publisher":{"@id":"https:\/\/empresas.infoempleo.com\/hrtrends\/#organization"},"potentialAction":{"@type":"SearchAction","target":"https:\/\/empresas.infoempleo.com\/hrtrends\/?s={search_term_string}","query-input":"required name=search_term_string"},"inLanguage":"es"},{"@type":"Organization","@id":"https:\/\/empresas.infoempleo.com\/hrtrends\/#organization","name":"Infoempleo","url":"https:\/\/www.infoempleo.com\/","logo":{"@type":"ImageObject","@id":"https:\/\/empresas.infoempleo.com\/hrtrends\/#logo","inLanguage":"es","url":"https:\/\/cdnazure.infoempleo.com\/infoempleo\/assets\/style\/gfx\/logo.svg","contentUrl":"https:\/\/cdnazure.infoempleo.com\/infoempleo\/assets\/style\/gfx\/logo.svg","width":150,"height":40,"caption":"Infoempleo"},"image":{"@id":"https:\/\/empresas.infoempleo.com\/hrtrends\/#logo"},"sameAs":["https:\/\/www.facebook.com\/Infoempleo","https:\/\/x.com\/infoempleo","http:\/\/instagram.com\/infoempleo\/","http:\/\/www.linkedin.com\/groups\/Empleo-Espa\u00f1a-Infoempleocom-111276","http:\/\/pinterest.com\/infoempleo\/"],"address":{"@type":"PostalAddress","addressLocality":"Madrid","postalCode":"28050","streetAddress":"Avenida de Burgos 114"},"brand":["Infoempleo"]},{"@type":"Person","@id":"https:\/\/empresas.infoempleo.com\/hrtrends\/#\/schema\/person\/67d3e276ffcc8b3ae0ebec816daf775a","name":"infoempleo","image":{"@type":"ImageObject","inLanguage":"es","@id":"https:\/\/empresas.infoempleo.com\/hrtrends\/#\/schema\/person\/image\/","url":"https:\/\/secure.gravatar.com\/avatar\/7b437777242fe67d2473c2a818da2344692d1ee91e91080ccffbd97bcd4a0975?s=96&d=mm&r=g","contentUrl":"https:\/\/secure.gravatar.com\/avatar\/7b437777242fe67d2473c2a818da2344692d1ee91e91080ccffbd97bcd4a0975?s=96&d=mm&r=g","caption":"infoempleo"},"url":"https:\/\/empresas.infoempleo.com\/hrtrends\/author\/infoempleo\/"}]}},"amp_enabled":true,"_links":{"self":[{"href":"https:\/\/empresas.infoempleo.com\/hrtrends\/wp-json\/wp\/v2\/posts\/14163","targetHints":{"allow":["GET"]}}],"collection":[{"href":"https:\/\/empresas.infoempleo.com\/hrtrends\/wp-json\/wp\/v2\/posts"}],"about":[{"href":"https:\/\/empresas.infoempleo.com\/hrtrends\/wp-json\/wp\/v2\/types\/post"}],"author":[{"embeddable":true,"href":"https:\/\/empresas.infoempleo.com\/hrtrends\/wp-json\/wp\/v2\/users\/72"}],"replies":[{"embeddable":true,"href":"https:\/\/empresas.infoempleo.com\/hrtrends\/wp-json\/wp\/v2\/comments?post=14163"}],"version-history":[{"count":2,"href":"https:\/\/empresas.infoempleo.com\/hrtrends\/wp-json\/wp\/v2\/posts\/14163\/revisions"}],"predecessor-version":[{"id":45929,"href":"https:\/\/empresas.infoempleo.com\/hrtrends\/wp-json\/wp\/v2\/posts\/14163\/revisions\/45929"}],"wp:featuredmedia":[{"embeddable":true,"href":"https:\/\/empresas.infoempleo.com\/hrtrends\/wp-json\/wp\/v2\/media\/14165"}],"wp:attachment":[{"href":"https:\/\/empresas.infoempleo.com\/hrtrends\/wp-json\/wp\/v2\/media?parent=14163"}],"wp:term":[{"taxonomy":"category","embeddable":true,"href":"https:\/\/empresas.infoempleo.com\/hrtrends\/wp-json\/wp\/v2\/categories?post=14163"},{"taxonomy":"post_tag","embeddable":true,"href":"https:\/\/empresas.infoempleo.com\/hrtrends\/wp-json\/wp\/v2\/tags?post=14163"}],"curies":[{"name":"wp","href":"https:\/\/api.w.org\/{rel}","templated":true}]}}