{"id":14115,"date":"2011-09-15T10:57:17","date_gmt":"2011-09-15T09:57:17","guid":{"rendered":"http:\/\/blog.infoempleo.com\/?p=14115"},"modified":"2024-12-09T13:10:16","modified_gmt":"2024-12-09T11:10:16","slug":"5-cosas-que-no-hacer-en-las-redes-y-desaprovecharlas","status":"publish","type":"post","link":"https:\/\/empresas.infoempleo.com\/hrtrends\/5-cosas-que-no-hacer-en-las-redes-y-desaprovecharlas\/","title":{"rendered":"5 cosas que (no) hacer en las redes y desaprovecharlas"},"content":{"rendered":"<p style=\"text-align: center;\"><img loading=\"lazy\" decoding=\"async\" class=\"alignnone size-full wp-image-14116\" title=\"Qu\u00e9 no hacer en redes sociales\" src=\"https:\/\/empresas.infoempleo.com\/hrtrends\/media\/2011\/09\/Quenohacerenredes.jpg\" alt=\"\" width=\"454\" height=\"206\" srcset=\"https:\/\/empresas.infoempleo.com\/hrtrends\/media\/2011\/09\/Quenohacerenredes.jpg 568w, https:\/\/empresas.infoempleo.com\/hrtrends\/media\/2011\/09\/Quenohacerenredes-300x136.jpg 300w\" sizes=\"auto, (max-width: 454px) 100vw, 454px\" \/><\/p>\n<p>Las cosas suceden, de una manera u otra. Hacer las cosas bien no es muy dif\u00edcil. Hacerlas muy bien, requiere de un cierto esfuerzo que siempre se ve recompensado. Pero hacerlas mal, casi siempre no necesita de ning\u00fan tipo de requerimiento, y suele arruinar la reputaci\u00f3n de cualquiera en menos que canta un gallo.<\/p>\n<p>Y cuando hablamos de reputaci\u00f3n, si adem\u00e1s tiene que ver con las redes sociales, m\u00e1s complicado es recuperarla con el tiempo. Porque los rumores corren m\u00e1s r\u00e1pido que la p\u00f3lvora, la informaci\u00f3n se desboca, y los usuarios no suelen dar segundas oportunidades. Menos, en las redes sociales.<\/p>\n<p>Cuando creamos perfiles en las redes sociales es porque queremos hacer algo productivo en ellas. Porque pensamos trabajar intentando exprimir las ventajas y los beneficios de las redes sociales. Su poder de <strong>difusi\u00f3n<\/strong>, su magnificaci\u00f3n en cuanto a la divulgaci\u00f3n de un mensaje, la interacci\u00f3n de cualquier contenido generada por cualquier usuario.<\/p>\n<p>Queremos\u2026 Pensamos aprovechar todo eso, y m\u00e1s, para conseguir nuestro objetivo. Pero si no hacemos las cosas bien, terminaremos como empezamos. <em><strong>Cero<\/strong><\/em> difusi\u00f3n, <strong><em>cero<\/em><\/strong> comunicaci\u00f3n y <strong><em>cero<\/em><\/strong> \u00e9xito. Nuestra reputaci\u00f3n online no adquirir\u00e1 las cotas esperadas, y a pesar de haber conseguido alg\u00fan que otro contacto, nunca ser\u00e1 el que realmente necesit\u00e1bamos.<\/p>\n<p><strong>\u00c9stas son algunas de las cosas que nunca debes de hacer si usas las redes sociales, y no quieres morir en el intento.<\/strong><\/p>\n<p>1. Activa una cuenta que no diga nada de ti en tu <strong>descripci\u00f3n<\/strong> y que no incluya una foto. Puede parecer raro, pero hay usuarios que actualizan sus cuentas de <a href=\"https:\/\/twitter.com\/\" target=\"_blank\" rel=\"noopener\">Twitter<\/a> y de Facebook que siguen sin decir qui\u00e9nes son en sus perfiles, y que no muestran qu\u00e9 o qui\u00e9nes son. Gustan del anonimato, y ayudan a otros a que se les ignore completamente, cuando revisan su perfil y ven que no hay nada interesante que destacar. Normalmente el usuario que visita ese perfil no tiene posibilidad de\u00a0ver qu\u00e9 se publica en sus muros.<\/p>\n<p>2. Trata de no hablar siempre que puedas de <strong><em>temas sensibles<\/em><\/strong> si no est\u00e1s realmente preparado para ello, y no tienes previsto aportar valor a la conversaci\u00f3n. Si tu perfil versa sobre dise\u00f1o o veterinaria, seguramente tu opini\u00f3n sobre la homosexualidad o sobre pol\u00edtica nacional, le\u00eddos fuera de contexto, pueden ayudarte m\u00e1s a perder seguidores, clientes y contactos, que a ganarlos. Recuerda que quien se interese por ti lo va a hacer indistintamente de lo que pienses en ese sentido. Pero si no comulga contigo, puede preferir elegir otro determinado profesional para que le haga su trabajo.<\/p>\n<p>3. <strong>Descalifica<\/strong> e insulta todo lo que no sea de tu agrado. Debes de aportar siempre sentido com\u00fan a tus conversaciones. Y recuerda que lo que escribes en un momento determinado puede carecer de sentido le\u00eddo fuera de contexto dentro de unas horas (ni siquiera d\u00edas o meses). Las redes sociales son instant\u00e1neas, pero tambi\u00e9n permiten tener acceso a muchos contenidos almacenados en la red que pueden involucrarte o relacionarte con conversaciones que pueden dar al traste con tus pretensiones.<\/p>\n<p>4. La red social no es el patio de un colegio, ni el de un edificio, ni la pared o la persiana de ning\u00fan negocio. As\u00ed que usa el<strong> grafitti<\/strong> a voluntad. De Hecho, escribir grandes frases porque s\u00ed, y que no tengan nada que ver con tu perfil, o con lo que se espera que hagas, romper\u00e1 la imagen que se tenga de tu usuario y te fagocitar\u00e1 al olvido.<\/p>\n<p>5. <strong>No seas congruente con lo que busques.<\/strong> La manera m\u00e1s f\u00e1cil y sencilla de perder reputaci\u00f3n es precisamente haciendo todo lo que no tenga que ver con lo que dices que buscas o esperas hacer. Si eres un desempleado que dice buscar una oportunidad, ded\u00edcate a hablar de lo bien que te lo pasas aprovechando la ayuda al desempleo, esperando a que \u00e9sta se vaya consumiendo, y apoya toda esa informaci\u00f3n con fotos de las fiestas a las que acudes, con amigos que se encuentren en la misma situaci\u00f3n que t\u00fa. No hagas nada de lo que se espera que hagas en un momento tan cr\u00edtico como en el que te encuentras. Y es que una cosa es que se hable en positivo y de forma constructiva, y otra que te importe nada tu situaci\u00f3n, porque esperas que <em>se resuelva por s\u00ed misma cuando llegue el momento.<\/em><\/p>\n<p>Como ver\u00e9is, no he pretendido ir a lo obvio y hablar de las redes sociales y de sus normas. <strong>Es muy importante tener sentido com\u00fan a la hora de utilizarlas<\/strong>. Antes, incluso, de hacer nada con ellas. Saber y tener claro que lo que hagamos nos va a definir como usuario. Y que eso puede marcarnos para que muchos usuarios dejen de interesarse por nosotros.<\/p>\n<p>Porque el verdadero \u00e9xito de usar las redes sociales es lo que conseguimos fuera de ellas.<\/p>\n<p><a href=\"https:\/\/twitter.com\/#!\/AntoniovChanal\" target=\"_blank\" rel=\"noopener\">@AntonioVChanal<br \/>\n<\/a><strong>Coach, SMM y Profesor de Redes Sociales<\/strong><\/p>\n","protected":false},"excerpt":{"rendered":"<p>Las cosas suceden, de una manera u otra. Hacer las cosas bien no es muy dif\u00edcil. Hacerlas muy<a class=\"moretag\" href=\"https:\/\/empresas.infoempleo.com\/hrtrends\/5-cosas-que-no-hacer-en-las-redes-y-desaprovecharlas\/\"> Leer m\u00e1s<\/a><\/p>\n","protected":false},"author":49,"featured_media":14116,"comment_status":"closed","ping_status":"open","sticky":false,"template":"","format":"standard","meta":{"footnotes":""},"categories":[3],"tags":[540,162,2422,24,1768,26,1642],"class_list":["post-14115","post","type-post","status-publish","format-standard","has-post-thumbnail","hentry","category-actualidad","tag-consejos-2","tag-empleo","tag-errores","tag-facebook","tag-linkedin","tag-redes-sociales","tag-twitter"],"yoast_head":"<!-- This site is optimized with the Yoast SEO plugin v26.1.1 - https:\/\/yoast.com\/wordpress\/plugins\/seo\/ -->\n<title>5 cosas que (no) hacer en las redes y desaprovecharlas | HRTRENDS<\/title>\n<meta name=\"robots\" content=\"index, follow, max-snippet:-1, max-image-preview:large, max-video-preview:-1\" \/>\n<link rel=\"canonical\" href=\"https:\/\/empresas.infoempleo.com\/hrtrends\/5-cosas-que-no-hacer-en-las-redes-y-desaprovecharlas\/\" \/>\n<meta property=\"og:locale\" content=\"es_ES\" \/>\n<meta property=\"og:type\" content=\"article\" \/>\n<meta property=\"og:title\" content=\"5 cosas que (no) hacer en las redes y desaprovecharlas | HRTRENDS\" \/>\n<meta property=\"og:description\" content=\"Las cosas suceden, de una manera u otra. Hacer las cosas bien no es muy dif\u00edcil. Hacerlas muy Leer m\u00e1s\" \/>\n<meta property=\"og:url\" content=\"https:\/\/empresas.infoempleo.com\/hrtrends\/5-cosas-que-no-hacer-en-las-redes-y-desaprovecharlas\/\" \/>\n<meta property=\"og:site_name\" content=\"HRTRENDS\" \/>\n<meta property=\"article:publisher\" content=\"https:\/\/www.facebook.com\/Infoempleo\" \/>\n<meta property=\"article:published_time\" content=\"2011-09-15T09:57:17+00:00\" \/>\n<meta property=\"article:modified_time\" content=\"2024-12-09T11:10:16+00:00\" \/>\n<meta property=\"og:image\" content=\"https:\/\/empresas.infoempleo.com\/hrtrends\/media\/2011\/09\/Quenohacerenredes.jpg\" \/>\n\t<meta property=\"og:image:width\" content=\"568\" \/>\n\t<meta property=\"og:image:height\" content=\"258\" \/>\n\t<meta property=\"og:image:type\" content=\"image\/jpeg\" \/>\n<meta name=\"author\" content=\"antonio vallejo\" \/>\n<meta name=\"twitter:card\" content=\"summary_large_image\" \/>\n<meta name=\"twitter:creator\" content=\"@infoempleo\" \/>\n<meta name=\"twitter:site\" content=\"@infoempleo\" \/>\n<meta name=\"twitter:label1\" content=\"Escrito por\" \/>\n\t<meta name=\"twitter:data1\" content=\"antonio vallejo\" \/>\n\t<meta name=\"twitter:label2\" content=\"Tiempo de lectura\" \/>\n\t<meta name=\"twitter:data2\" content=\"4 minutos\" \/>\n<script type=\"application\/ld+json\" class=\"yoast-schema-graph\">{\"@context\":\"https:\/\/schema.org\",\"@graph\":[{\"@type\":\"NewsArticle\",\"@id\":\"https:\/\/empresas.infoempleo.com\/hrtrends\/5-cosas-que-no-hacer-en-las-redes-y-desaprovecharlas\/#article\",\"isPartOf\":{\"@id\":\"https:\/\/empresas.infoempleo.com\/hrtrends\/5-cosas-que-no-hacer-en-las-redes-y-desaprovecharlas\/\"},\"author\":{\"name\":\"antonio vallejo\",\"@id\":\"https:\/\/empresas.infoempleo.com\/hrtrends\/#\/schema\/person\/9bc89e3819d56720c9fba63ae9d827f3\"},\"headline\":\"5 cosas que (no) hacer en las redes y desaprovecharlas\",\"datePublished\":\"2011-09-15T09:57:17+00:00\",\"dateModified\":\"2024-12-09T11:10:16+00:00\",\"mainEntityOfPage\":{\"@id\":\"https:\/\/empresas.infoempleo.com\/hrtrends\/5-cosas-que-no-hacer-en-las-redes-y-desaprovecharlas\/\"},\"wordCount\":858,\"publisher\":{\"@id\":\"https:\/\/empresas.infoempleo.com\/hrtrends\/#organization\"},\"image\":{\"@id\":\"https:\/\/empresas.infoempleo.com\/hrtrends\/5-cosas-que-no-hacer-en-las-redes-y-desaprovecharlas\/#primaryimage\"},\"thumbnailUrl\":\"https:\/\/empresas.infoempleo.com\/hrtrends\/media\/2011\/09\/Quenohacerenredes.jpg\",\"keywords\":[\"consejos\",\"Empleo\",\"errores\",\"Facebook\",\"LinkedIn\",\"redes sociales\",\"Twitter\"],\"articleSection\":[\"Actualidad\"],\"inLanguage\":\"es\",\"copyrightYear\":\"2011\",\"copyrightHolder\":{\"@id\":\"https:\/\/empresas.infoempleo.com\/hrtrends\/#organization\"}},{\"@type\":\"WebPage\",\"@id\":\"https:\/\/empresas.infoempleo.com\/hrtrends\/5-cosas-que-no-hacer-en-las-redes-y-desaprovecharlas\/\",\"url\":\"https:\/\/empresas.infoempleo.com\/hrtrends\/5-cosas-que-no-hacer-en-las-redes-y-desaprovecharlas\/\",\"name\":\"5 cosas que (no) hacer en las redes y desaprovecharlas | HRTRENDS\",\"isPartOf\":{\"@id\":\"https:\/\/empresas.infoempleo.com\/hrtrends\/#website\"},\"primaryImageOfPage\":{\"@id\":\"https:\/\/empresas.infoempleo.com\/hrtrends\/5-cosas-que-no-hacer-en-las-redes-y-desaprovecharlas\/#primaryimage\"},\"image\":{\"@id\":\"https:\/\/empresas.infoempleo.com\/hrtrends\/5-cosas-que-no-hacer-en-las-redes-y-desaprovecharlas\/#primaryimage\"},\"thumbnailUrl\":\"https:\/\/empresas.infoempleo.com\/hrtrends\/media\/2011\/09\/Quenohacerenredes.jpg\",\"datePublished\":\"2011-09-15T09:57:17+00:00\",\"dateModified\":\"2024-12-09T11:10:16+00:00\",\"breadcrumb\":{\"@id\":\"https:\/\/empresas.infoempleo.com\/hrtrends\/5-cosas-que-no-hacer-en-las-redes-y-desaprovecharlas\/#breadcrumb\"},\"inLanguage\":\"es\",\"potentialAction\":[{\"@type\":\"ReadAction\",\"target\":[\"https:\/\/empresas.infoempleo.com\/hrtrends\/5-cosas-que-no-hacer-en-las-redes-y-desaprovecharlas\/\"]}]},{\"@type\":\"ImageObject\",\"inLanguage\":\"es\",\"@id\":\"https:\/\/empresas.infoempleo.com\/hrtrends\/5-cosas-que-no-hacer-en-las-redes-y-desaprovecharlas\/#primaryimage\",\"url\":\"https:\/\/empresas.infoempleo.com\/hrtrends\/media\/2011\/09\/Quenohacerenredes-150x150.jpg\",\"contentUrl\":\"https:\/\/empresas.infoempleo.com\/hrtrends\/media\/2011\/09\/Quenohacerenredes-150x150.jpg\",\"width\":150,\"height\":150},{\"@type\":\"BreadcrumbList\",\"@id\":\"https:\/\/empresas.infoempleo.com\/hrtrends\/5-cosas-que-no-hacer-en-las-redes-y-desaprovecharlas\/#breadcrumb\",\"itemListElement\":[{\"@type\":\"ListItem\",\"position\":1,\"name\":\"Portada\",\"item\":\"https:\/\/empresas.infoempleo.com\/hrtrends\/\"},{\"@type\":\"ListItem\",\"position\":2,\"name\":\"5 cosas que (no) hacer en las redes y desaprovecharlas\"}]},{\"@type\":\"WebSite\",\"@id\":\"https:\/\/empresas.infoempleo.com\/hrtrends\/#website\",\"url\":\"https:\/\/empresas.infoempleo.com\/hrtrends\",\"name\":\"HRTrends by Infoempleo\",\"description\":\"\",\"publisher\":{\"@id\":\"https:\/\/empresas.infoempleo.com\/hrtrends\/#organization\"},\"potentialAction\":{\"@type\":\"SearchAction\",\"target\":\"https:\/\/empresas.infoempleo.com\/hrtrends\/?s={search_term_string}\",\"query-input\":\"required name=search_term_string\"},\"inLanguage\":\"es\"},{\"@type\":\"Organization\",\"@id\":\"https:\/\/empresas.infoempleo.com\/hrtrends\/#organization\",\"name\":\"Infoempleo\",\"url\":\"https:\/\/www.infoempleo.com\/\",\"logo\":{\"@type\":\"ImageObject\",\"@id\":\"https:\/\/empresas.infoempleo.com\/hrtrends\/#logo\",\"inLanguage\":\"es\",\"url\":\"https:\/\/cdnazure.infoempleo.com\/infoempleo\/assets\/style\/gfx\/logo.svg\",\"contentUrl\":\"https:\/\/cdnazure.infoempleo.com\/infoempleo\/assets\/style\/gfx\/logo.svg\",\"width\":150,\"height\":40,\"caption\":\"Infoempleo\"},\"image\":{\"@id\":\"https:\/\/empresas.infoempleo.com\/hrtrends\/#logo\"},\"sameAs\":[\"https:\/\/www.facebook.com\/Infoempleo\",\"https:\/\/x.com\/infoempleo\",\"http:\/\/instagram.com\/infoempleo\/\",\"http:\/\/www.linkedin.com\/groups\/Empleo-Espa\u00f1a-Infoempleocom-111276\",\"http:\/\/pinterest.com\/infoempleo\/\"],\"address\":{\"@type\":\"PostalAddress\",\"addressLocality\":\"Madrid\",\"postalCode\":\"28050\",\"streetAddress\":\"Avenida de Burgos 114\"},\"brand\":[\"Infoempleo\"]},{\"@type\":\"Person\",\"@id\":\"https:\/\/empresas.infoempleo.com\/hrtrends\/#\/schema\/person\/9bc89e3819d56720c9fba63ae9d827f3\",\"name\":\"antonio vallejo\",\"image\":{\"@type\":\"ImageObject\",\"inLanguage\":\"es\",\"@id\":\"https:\/\/empresas.infoempleo.com\/hrtrends\/#\/schema\/person\/image\/\",\"url\":\"https:\/\/secure.gravatar.com\/avatar\/882c28279ae4535d5a62c1e541f84d58ddfb96ce2c2119d0f109a2f3ce461806?s=96&d=mm&r=g\",\"contentUrl\":\"https:\/\/secure.gravatar.com\/avatar\/882c28279ae4535d5a62c1e541f84d58ddfb96ce2c2119d0f109a2f3ce461806?s=96&d=mm&r=g\",\"caption\":\"antonio vallejo\"},\"url\":\"https:\/\/empresas.infoempleo.com\/hrtrends\/author\/antonio-vallejo\/\"}]}<\/script>\n<!-- \/ Yoast SEO plugin. -->","yoast_head_json":{"title":"5 cosas que (no) hacer en las redes y desaprovecharlas | HRTRENDS","robots":{"index":"index","follow":"follow","max-snippet":"max-snippet:-1","max-image-preview":"max-image-preview:large","max-video-preview":"max-video-preview:-1"},"canonical":"https:\/\/empresas.infoempleo.com\/hrtrends\/5-cosas-que-no-hacer-en-las-redes-y-desaprovecharlas\/","og_locale":"es_ES","og_type":"article","og_title":"5 cosas que (no) hacer en las redes y desaprovecharlas | HRTRENDS","og_description":"Las cosas suceden, de una manera u otra. Hacer las cosas bien no es muy dif\u00edcil. Hacerlas muy Leer m\u00e1s","og_url":"https:\/\/empresas.infoempleo.com\/hrtrends\/5-cosas-que-no-hacer-en-las-redes-y-desaprovecharlas\/","og_site_name":"HRTRENDS","article_publisher":"https:\/\/www.facebook.com\/Infoempleo","article_published_time":"2011-09-15T09:57:17+00:00","article_modified_time":"2024-12-09T11:10:16+00:00","og_image":[{"width":568,"height":258,"url":"https:\/\/empresas.infoempleo.com\/hrtrends\/media\/2011\/09\/Quenohacerenredes.jpg","type":"image\/jpeg"}],"author":"antonio vallejo","twitter_card":"summary_large_image","twitter_creator":"@infoempleo","twitter_site":"@infoempleo","twitter_misc":{"Escrito por":"antonio vallejo","Tiempo de lectura":"4 minutos"},"schema":{"@context":"https:\/\/schema.org","@graph":[{"@type":"NewsArticle","@id":"https:\/\/empresas.infoempleo.com\/hrtrends\/5-cosas-que-no-hacer-en-las-redes-y-desaprovecharlas\/#article","isPartOf":{"@id":"https:\/\/empresas.infoempleo.com\/hrtrends\/5-cosas-que-no-hacer-en-las-redes-y-desaprovecharlas\/"},"author":{"name":"antonio vallejo","@id":"https:\/\/empresas.infoempleo.com\/hrtrends\/#\/schema\/person\/9bc89e3819d56720c9fba63ae9d827f3"},"headline":"5 cosas que (no) hacer en las redes y desaprovecharlas","datePublished":"2011-09-15T09:57:17+00:00","dateModified":"2024-12-09T11:10:16+00:00","mainEntityOfPage":{"@id":"https:\/\/empresas.infoempleo.com\/hrtrends\/5-cosas-que-no-hacer-en-las-redes-y-desaprovecharlas\/"},"wordCount":858,"publisher":{"@id":"https:\/\/empresas.infoempleo.com\/hrtrends\/#organization"},"image":{"@id":"https:\/\/empresas.infoempleo.com\/hrtrends\/5-cosas-que-no-hacer-en-las-redes-y-desaprovecharlas\/#primaryimage"},"thumbnailUrl":"https:\/\/empresas.infoempleo.com\/hrtrends\/media\/2011\/09\/Quenohacerenredes.jpg","keywords":["consejos","Empleo","errores","Facebook","LinkedIn","redes sociales","Twitter"],"articleSection":["Actualidad"],"inLanguage":"es","copyrightYear":"2011","copyrightHolder":{"@id":"https:\/\/empresas.infoempleo.com\/hrtrends\/#organization"}},{"@type":"WebPage","@id":"https:\/\/empresas.infoempleo.com\/hrtrends\/5-cosas-que-no-hacer-en-las-redes-y-desaprovecharlas\/","url":"https:\/\/empresas.infoempleo.com\/hrtrends\/5-cosas-que-no-hacer-en-las-redes-y-desaprovecharlas\/","name":"5 cosas que (no) hacer en las redes y desaprovecharlas | HRTRENDS","isPartOf":{"@id":"https:\/\/empresas.infoempleo.com\/hrtrends\/#website"},"primaryImageOfPage":{"@id":"https:\/\/empresas.infoempleo.com\/hrtrends\/5-cosas-que-no-hacer-en-las-redes-y-desaprovecharlas\/#primaryimage"},"image":{"@id":"https:\/\/empresas.infoempleo.com\/hrtrends\/5-cosas-que-no-hacer-en-las-redes-y-desaprovecharlas\/#primaryimage"},"thumbnailUrl":"https:\/\/empresas.infoempleo.com\/hrtrends\/media\/2011\/09\/Quenohacerenredes.jpg","datePublished":"2011-09-15T09:57:17+00:00","dateModified":"2024-12-09T11:10:16+00:00","breadcrumb":{"@id":"https:\/\/empresas.infoempleo.com\/hrtrends\/5-cosas-que-no-hacer-en-las-redes-y-desaprovecharlas\/#breadcrumb"},"inLanguage":"es","potentialAction":[{"@type":"ReadAction","target":["https:\/\/empresas.infoempleo.com\/hrtrends\/5-cosas-que-no-hacer-en-las-redes-y-desaprovecharlas\/"]}]},{"@type":"ImageObject","inLanguage":"es","@id":"https:\/\/empresas.infoempleo.com\/hrtrends\/5-cosas-que-no-hacer-en-las-redes-y-desaprovecharlas\/#primaryimage","url":"https:\/\/empresas.infoempleo.com\/hrtrends\/media\/2011\/09\/Quenohacerenredes-150x150.jpg","contentUrl":"https:\/\/empresas.infoempleo.com\/hrtrends\/media\/2011\/09\/Quenohacerenredes-150x150.jpg","width":150,"height":150},{"@type":"BreadcrumbList","@id":"https:\/\/empresas.infoempleo.com\/hrtrends\/5-cosas-que-no-hacer-en-las-redes-y-desaprovecharlas\/#breadcrumb","itemListElement":[{"@type":"ListItem","position":1,"name":"Portada","item":"https:\/\/empresas.infoempleo.com\/hrtrends\/"},{"@type":"ListItem","position":2,"name":"5 cosas que (no) hacer en las redes y desaprovecharlas"}]},{"@type":"WebSite","@id":"https:\/\/empresas.infoempleo.com\/hrtrends\/#website","url":"https:\/\/empresas.infoempleo.com\/hrtrends","name":"HRTrends by Infoempleo","description":"","publisher":{"@id":"https:\/\/empresas.infoempleo.com\/hrtrends\/#organization"},"potentialAction":{"@type":"SearchAction","target":"https:\/\/empresas.infoempleo.com\/hrtrends\/?s={search_term_string}","query-input":"required name=search_term_string"},"inLanguage":"es"},{"@type":"Organization","@id":"https:\/\/empresas.infoempleo.com\/hrtrends\/#organization","name":"Infoempleo","url":"https:\/\/www.infoempleo.com\/","logo":{"@type":"ImageObject","@id":"https:\/\/empresas.infoempleo.com\/hrtrends\/#logo","inLanguage":"es","url":"https:\/\/cdnazure.infoempleo.com\/infoempleo\/assets\/style\/gfx\/logo.svg","contentUrl":"https:\/\/cdnazure.infoempleo.com\/infoempleo\/assets\/style\/gfx\/logo.svg","width":150,"height":40,"caption":"Infoempleo"},"image":{"@id":"https:\/\/empresas.infoempleo.com\/hrtrends\/#logo"},"sameAs":["https:\/\/www.facebook.com\/Infoempleo","https:\/\/x.com\/infoempleo","http:\/\/instagram.com\/infoempleo\/","http:\/\/www.linkedin.com\/groups\/Empleo-Espa\u00f1a-Infoempleocom-111276","http:\/\/pinterest.com\/infoempleo\/"],"address":{"@type":"PostalAddress","addressLocality":"Madrid","postalCode":"28050","streetAddress":"Avenida de Burgos 114"},"brand":["Infoempleo"]},{"@type":"Person","@id":"https:\/\/empresas.infoempleo.com\/hrtrends\/#\/schema\/person\/9bc89e3819d56720c9fba63ae9d827f3","name":"antonio vallejo","image":{"@type":"ImageObject","inLanguage":"es","@id":"https:\/\/empresas.infoempleo.com\/hrtrends\/#\/schema\/person\/image\/","url":"https:\/\/secure.gravatar.com\/avatar\/882c28279ae4535d5a62c1e541f84d58ddfb96ce2c2119d0f109a2f3ce461806?s=96&d=mm&r=g","contentUrl":"https:\/\/secure.gravatar.com\/avatar\/882c28279ae4535d5a62c1e541f84d58ddfb96ce2c2119d0f109a2f3ce461806?s=96&d=mm&r=g","caption":"antonio vallejo"},"url":"https:\/\/empresas.infoempleo.com\/hrtrends\/author\/antonio-vallejo\/"}]}},"amp_enabled":true,"_links":{"self":[{"href":"https:\/\/empresas.infoempleo.com\/hrtrends\/wp-json\/wp\/v2\/posts\/14115","targetHints":{"allow":["GET"]}}],"collection":[{"href":"https:\/\/empresas.infoempleo.com\/hrtrends\/wp-json\/wp\/v2\/posts"}],"about":[{"href":"https:\/\/empresas.infoempleo.com\/hrtrends\/wp-json\/wp\/v2\/types\/post"}],"author":[{"embeddable":true,"href":"https:\/\/empresas.infoempleo.com\/hrtrends\/wp-json\/wp\/v2\/users\/49"}],"replies":[{"embeddable":true,"href":"https:\/\/empresas.infoempleo.com\/hrtrends\/wp-json\/wp\/v2\/comments?post=14115"}],"version-history":[{"count":1,"href":"https:\/\/empresas.infoempleo.com\/hrtrends\/wp-json\/wp\/v2\/posts\/14115\/revisions"}],"predecessor-version":[{"id":46116,"href":"https:\/\/empresas.infoempleo.com\/hrtrends\/wp-json\/wp\/v2\/posts\/14115\/revisions\/46116"}],"wp:featuredmedia":[{"embeddable":true,"href":"https:\/\/empresas.infoempleo.com\/hrtrends\/wp-json\/wp\/v2\/media\/14116"}],"wp:attachment":[{"href":"https:\/\/empresas.infoempleo.com\/hrtrends\/wp-json\/wp\/v2\/media?parent=14115"}],"wp:term":[{"taxonomy":"category","embeddable":true,"href":"https:\/\/empresas.infoempleo.com\/hrtrends\/wp-json\/wp\/v2\/categories?post=14115"},{"taxonomy":"post_tag","embeddable":true,"href":"https:\/\/empresas.infoempleo.com\/hrtrends\/wp-json\/wp\/v2\/tags?post=14115"}],"curies":[{"name":"wp","href":"https:\/\/api.w.org\/{rel}","templated":true}]}}