{"id":14045,"date":"2011-09-05T10:24:10","date_gmt":"2011-09-05T09:24:10","guid":{"rendered":"http:\/\/blog.infoempleo.com\/?p=14045"},"modified":"2024-08-29T17:42:51","modified_gmt":"2024-08-29T15:42:51","slug":"bendita-depresion-postvacacional","status":"publish","type":"post","link":"https:\/\/empresas.infoempleo.com\/hrtrends\/bendita-depresion-postvacacional\/","title":{"rendered":"\u00abBendita\u00bb depresi\u00f3n postvacacional"},"content":{"rendered":"<p style=\"text-align: center;\"><img loading=\"lazy\" decoding=\"async\" class=\"alignnone size-full wp-image-14046\" title=\"Depresi\u00f3n Postvacacional\" src=\"https:\/\/empresas.infoempleo.com\/hrtrends\/media\/2011\/09\/DepresionPostvacacional.jpg\" alt=\"\" width=\"454\" height=\"206\" srcset=\"https:\/\/empresas.infoempleo.com\/hrtrends\/media\/2011\/09\/DepresionPostvacacional.jpg 568w, https:\/\/empresas.infoempleo.com\/hrtrends\/media\/2011\/09\/DepresionPostvacacional-300x136.jpg 300w\" sizes=\"auto, (max-width: 454px) 100vw, 454px\" \/><\/p>\n<p>Al finalizar las vacaciones de 2010 <a href=\"https:\/\/www.randstad.es\/\" target=\"_blank\" rel=\"noopener\">Randstad<\/a>, empresa especializada en soluciones de recursos humanos, elaboraba un estudio sobre el llamado s\u00edndrome postvacacional. En \u00e9l se vislumbraba que, al menos,<strong> la mitad de los entrevistados presentaban algunos de los s\u00edntomas asociados a este proceso<\/strong>: dolores de cabeza, alteraciones en el sue\u00f1o, falta de apetito, agotamiento, ansiedad&#8230;<\/p>\n<p>Seg\u00fan dicho an\u00e1lisis, <strong>el perfil tipo del trabajador afectado es el de una mujer de entre 30 y 44 a\u00f1os con estudios universitarios<\/strong> \u2013a mayor nivel educativo, m\u00e1s dificultades hay para superar este s\u00edndrome\u2013. Y es que, quien m\u00e1s quien menos, sufre algo de malestar al volver a poner el despertador, enfrentarse a sus jefes o pasarse horas delante de un ordenador.<\/p>\n<p>Ahora bien, <strong>parece que en \u00e9pocas de crisis se escuchan menos lamentos por la vuelta al trabajo, ya que muchos empleados valoran su puesto como un privilegio ante un mercado de trabajo tan debilitado.<\/strong> Para <strong>Antonio Cano Vindel, presidente de la Sociedad Espa\u00f1ola para el Estudio de la Ansiedad y el Estr\u00e9s (SEAS)<\/strong>, en cierto sentido, hablar de depresi\u00f3n tras las vacaciones puede suponer una frivolidad. \u00abNo creo que sea bueno decirle a nuestro jefe que estamos hasta la gorra por tener que volver al trabajo cuando \u00e9l est\u00e1 pensando qui\u00e9n va a ser el siguiente a quien tendr\u00e1 que despedir, sin m\u00e1s remedio, porque las cuentas no salen\u00bb, reflexiona.<\/p>\n<p><strong>Jer\u00f3nimo Saiz, presidente de la <a href=\"https:\/\/sepsm.org\/\" target=\"_blank\" rel=\"noopener\">Sociedad Espa\u00f1ola de Psiquiatr\u00eda<\/a><\/strong>, tambi\u00e9n\u00a0cree que este factor puede ser un aliciente para hacer m\u00e1s llevadero el proceso de adaptaci\u00f3n. <strong>Opina que lo m\u00e1s conveniente ser\u00eda recordar a los que han terminado sus vacaciones cu\u00e1ntos se cambiar\u00edan por ellos<\/strong>, ya que con la actual crisis son muchos los que no tienen ni vacaciones ni trabajo.<\/p>\n<p>Es por ello que en a\u00f1os de crisis hay menos quejas por volver a la rutina y\u00a0 m\u00e1s de uno proclama aquello de <strong>\u00abbendita depresi\u00f3n postvacacional\u00bb.<\/strong> Y es que el hecho de tener un trabajo al que volver tras las vacaciones se convierte en la mejor terapia para esos s\u00edntomas.<\/p>\n<p>Tanto es as\u00ed que Cano Vindel recuerda que <strong>el desempleo es un estresor mucho m\u00e1s importante que reincorporarse al trabajo tras las vacaciones.<\/strong> Aunque algunos de los t\u00edpicos s\u00edntomas pueden encontrarse en la mayor\u00eda de lugares de trabajo, no siempre estaremos ante lo que muchos conocen como depresi\u00f3n postvacacional. De hecho, <strong>este s\u00edndrome no est\u00e1 reconocido por ninguna autoridad sanitaria y varios expertos se muestran esc\u00e9pticos ante su relevancia.<\/strong> \u00abLos medios de comunicaci\u00f3n han creado una serie de t\u00e9rminos como estr\u00e9s o depresi\u00f3n postvacacional que no tienen entidad cl\u00ednica, puesto que no existen pacientes, ni demanda de tratamiento, ni una definici\u00f3n cl\u00ednica de tales problemas\u00bb, afirma Cano Vindel.<\/p>\n<p>Por su parte, Jer\u00f3nimo Saiz opina que estamos ante una realidad relativa: \u00abSe trata de un periodo de regreso a la actividad habitual que rompe otro de descanso y \u2018olvido\u2019 de la realidad cotidiana\u00bb. Saiz no lo califica de trastorno ni de enfermedad, pero opina que puede causar desajustes y problemas a personas algo vulnerables.<\/p>\n<h3>Un problema mayor<\/h3>\n<p>Dichos trabajadores pueden verse aquejados por s\u00edntomas como insomnio, agotamiento emocional, dolores musculares, miedo al futuro, ansiedad, angustia&#8230; Son <strong>reacciones psicosom\u00e1ticas<\/strong> que, seg\u00fan el <strong>psic\u00f3logo del trabajo y profesor titular de Econom\u00eda en la Universidad de Alcal\u00e1 I\u00f1aki Pi\u00f1uel<\/strong>, ocurren a aquellos empleados que est\u00e1n sometidos a un lugar de trabajo con caracter\u00edsticas nocivas.<\/p>\n<p>Pi\u00f1uel es autor de <strong>\u00abLa Dimensi\u00f3n Interior. Del s\u00edn drome postvacacional a los riesgos psicosociales en el trabajo\u00bb<\/strong>. En \u00e9l defiende que este problema es una realidad a la que hay que ponerle nombre. \u00abLa depresi\u00f3n postvacacional es la forma externa que un cuerpo tiene de manifestarse ante unos riesgos, ya sea estr\u00e9s, s\u00edndrome del trabajador quemado, mobbing, etc.\u00bb. Lo que coloquialmente se conoce como \u00abdepresi\u00f3n postvacacional\u00bb <strong>puede esconder<\/strong>, seg\u00fan palabras de Pi\u00f1uel, <strong>un problema mayor que ya se presentaba antes del descanso estival<\/strong>. \u00abHay que preguntarse qu\u00e9 es lo que no va bien. No es normal tener miedo a volver al trabajo. Y es que a veces no reflexionamos sobre las condiciones negativas a las que algunos trabajadores est\u00e1n sometidos\u00bb, comenta Pi\u00f1uel.<\/p>\n<p>En resumen, que <strong>no hay que confundir un periodo de adaptaci\u00f3n algo ap\u00e1tico con un problema psicol\u00f3gico grave.<\/strong> Eso s\u00ed, si los niveles de ansiedad contin\u00faan altos pasados unos 15 d\u00edas de la vuelta al trabajo, el presidente de SEAS opina que esa persona debe entender que no est\u00e1 experimentando un s\u00edndrome postvacacional, sino que tiene un problema que va arrastrando desde un tiempo, o que se est\u00e1 originando ahora pero por otras causas.<\/p>\n<p>Como todo proceso de adaptaci\u00f3n, ponerse en marcha tras las vacaciones tambi\u00e9n supone un esfuerzo y requiere unos tiempos m\u00ednimos de aclimitaci\u00f3n. Para I\u00f1aki Pi\u00f1uel <strong>son necesarias de 4 a 6 semanas para dar por finalizado dicho periodo de adaptaci\u00f3n<\/strong> \u2013el estudio de Randstad sit\u00faa en una semana el periodo medio para que un trabajador vuelva a rendir al 100%\u2013. Aquellos trabajadores que vuelvan a su puesto con optimismo tendr\u00e1n media batalla ganada.<\/p>\n","protected":false},"excerpt":{"rendered":"<p>Al finalizar las vacaciones de 2010 Randstad, empresa especializada en soluciones de recursos humanos, elaboraba un estudio sobre<a class=\"moretag\" href=\"https:\/\/empresas.infoempleo.com\/hrtrends\/bendita-depresion-postvacacional\/\"> Leer m\u00e1s<\/a><\/p>\n","protected":false},"author":62,"featured_media":14046,"comment_status":"closed","ping_status":"open","sticky":false,"template":"","format":"standard","meta":{"footnotes":""},"categories":[3],"tags":[2216,169,2259],"class_list":["post-14045","post","type-post","status-publish","format-standard","has-post-thumbnail","hentry","category-actualidad","tag-depresion-postvacacional","tag-mercado-laboral","tag-newsltter"],"yoast_head":"<!-- This site is optimized with the Yoast SEO plugin v26.1.1 - https:\/\/yoast.com\/wordpress\/plugins\/seo\/ -->\n<title>\u00abBendita\u00bb depresi\u00f3n postvacacional | HRTRENDS<\/title>\n<meta name=\"robots\" content=\"index, follow, max-snippet:-1, max-image-preview:large, max-video-preview:-1\" \/>\n<link rel=\"canonical\" href=\"https:\/\/empresas.infoempleo.com\/hrtrends\/bendita-depresion-postvacacional\/\" \/>\n<meta property=\"og:locale\" content=\"es_ES\" \/>\n<meta property=\"og:type\" content=\"article\" \/>\n<meta property=\"og:title\" content=\"\u00abBendita\u00bb depresi\u00f3n postvacacional | HRTRENDS\" \/>\n<meta property=\"og:description\" content=\"Al finalizar las vacaciones de 2010 Randstad, empresa especializada en soluciones de recursos humanos, elaboraba un estudio sobre Leer m\u00e1s\" \/>\n<meta property=\"og:url\" content=\"https:\/\/empresas.infoempleo.com\/hrtrends\/bendita-depresion-postvacacional\/\" \/>\n<meta property=\"og:site_name\" content=\"HRTRENDS\" \/>\n<meta property=\"article:publisher\" content=\"https:\/\/www.facebook.com\/Infoempleo\" \/>\n<meta property=\"article:published_time\" content=\"2011-09-05T09:24:10+00:00\" \/>\n<meta property=\"article:modified_time\" content=\"2024-08-29T15:42:51+00:00\" \/>\n<meta property=\"og:image\" content=\"https:\/\/empresas.infoempleo.com\/hrtrends\/media\/2011\/09\/DepresionPostvacacional.jpg\" \/>\n\t<meta property=\"og:image:width\" content=\"568\" \/>\n\t<meta property=\"og:image:height\" content=\"258\" \/>\n\t<meta property=\"og:image:type\" content=\"image\/jpeg\" \/>\n<meta name=\"author\" content=\"elena arranz\" \/>\n<meta name=\"twitter:card\" content=\"summary_large_image\" \/>\n<meta name=\"twitter:creator\" content=\"@infoempleo\" \/>\n<meta name=\"twitter:site\" content=\"@infoempleo\" \/>\n<meta name=\"twitter:label1\" content=\"Escrito por\" \/>\n\t<meta name=\"twitter:data1\" content=\"elena arranz\" \/>\n\t<meta name=\"twitter:label2\" content=\"Tiempo de lectura\" \/>\n\t<meta name=\"twitter:data2\" content=\"4 minutos\" \/>\n<script type=\"application\/ld+json\" class=\"yoast-schema-graph\">{\"@context\":\"https:\/\/schema.org\",\"@graph\":[{\"@type\":\"NewsArticle\",\"@id\":\"https:\/\/empresas.infoempleo.com\/hrtrends\/bendita-depresion-postvacacional\/#article\",\"isPartOf\":{\"@id\":\"https:\/\/empresas.infoempleo.com\/hrtrends\/bendita-depresion-postvacacional\/\"},\"author\":{\"name\":\"elena arranz\",\"@id\":\"https:\/\/empresas.infoempleo.com\/hrtrends\/#\/schema\/person\/f3484d3cdf45b2f3846af4f705ec9730\"},\"headline\":\"\u00abBendita\u00bb depresi\u00f3n postvacacional\",\"datePublished\":\"2011-09-05T09:24:10+00:00\",\"dateModified\":\"2024-08-29T15:42:51+00:00\",\"mainEntityOfPage\":{\"@id\":\"https:\/\/empresas.infoempleo.com\/hrtrends\/bendita-depresion-postvacacional\/\"},\"wordCount\":903,\"publisher\":{\"@id\":\"https:\/\/empresas.infoempleo.com\/hrtrends\/#organization\"},\"image\":{\"@id\":\"https:\/\/empresas.infoempleo.com\/hrtrends\/bendita-depresion-postvacacional\/#primaryimage\"},\"thumbnailUrl\":\"https:\/\/empresas.infoempleo.com\/hrtrends\/media\/2011\/09\/DepresionPostvacacional.jpg\",\"keywords\":[\"depresi\u00f3n postvacacional\",\"mercado laboral\",\"newsltter\"],\"articleSection\":[\"Actualidad\"],\"inLanguage\":\"es\",\"copyrightYear\":\"2011\",\"copyrightHolder\":{\"@id\":\"https:\/\/empresas.infoempleo.com\/hrtrends\/#organization\"}},{\"@type\":\"WebPage\",\"@id\":\"https:\/\/empresas.infoempleo.com\/hrtrends\/bendita-depresion-postvacacional\/\",\"url\":\"https:\/\/empresas.infoempleo.com\/hrtrends\/bendita-depresion-postvacacional\/\",\"name\":\"\u00abBendita\u00bb depresi\u00f3n postvacacional | HRTRENDS\",\"isPartOf\":{\"@id\":\"https:\/\/empresas.infoempleo.com\/hrtrends\/#website\"},\"primaryImageOfPage\":{\"@id\":\"https:\/\/empresas.infoempleo.com\/hrtrends\/bendita-depresion-postvacacional\/#primaryimage\"},\"image\":{\"@id\":\"https:\/\/empresas.infoempleo.com\/hrtrends\/bendita-depresion-postvacacional\/#primaryimage\"},\"thumbnailUrl\":\"https:\/\/empresas.infoempleo.com\/hrtrends\/media\/2011\/09\/DepresionPostvacacional.jpg\",\"datePublished\":\"2011-09-05T09:24:10+00:00\",\"dateModified\":\"2024-08-29T15:42:51+00:00\",\"breadcrumb\":{\"@id\":\"https:\/\/empresas.infoempleo.com\/hrtrends\/bendita-depresion-postvacacional\/#breadcrumb\"},\"inLanguage\":\"es\",\"potentialAction\":[{\"@type\":\"ReadAction\",\"target\":[\"https:\/\/empresas.infoempleo.com\/hrtrends\/bendita-depresion-postvacacional\/\"]}]},{\"@type\":\"ImageObject\",\"inLanguage\":\"es\",\"@id\":\"https:\/\/empresas.infoempleo.com\/hrtrends\/bendita-depresion-postvacacional\/#primaryimage\",\"url\":\"https:\/\/empresas.infoempleo.com\/hrtrends\/media\/2011\/09\/DepresionPostvacacional-150x150.jpg\",\"contentUrl\":\"https:\/\/empresas.infoempleo.com\/hrtrends\/media\/2011\/09\/DepresionPostvacacional-150x150.jpg\",\"width\":150,\"height\":150},{\"@type\":\"BreadcrumbList\",\"@id\":\"https:\/\/empresas.infoempleo.com\/hrtrends\/bendita-depresion-postvacacional\/#breadcrumb\",\"itemListElement\":[{\"@type\":\"ListItem\",\"position\":1,\"name\":\"Portada\",\"item\":\"https:\/\/empresas.infoempleo.com\/hrtrends\/\"},{\"@type\":\"ListItem\",\"position\":2,\"name\":\"\u00abBendita\u00bb depresi\u00f3n postvacacional\"}]},{\"@type\":\"WebSite\",\"@id\":\"https:\/\/empresas.infoempleo.com\/hrtrends\/#website\",\"url\":\"https:\/\/empresas.infoempleo.com\/hrtrends\",\"name\":\"HRTrends by Infoempleo\",\"description\":\"\",\"publisher\":{\"@id\":\"https:\/\/empresas.infoempleo.com\/hrtrends\/#organization\"},\"potentialAction\":{\"@type\":\"SearchAction\",\"target\":\"https:\/\/empresas.infoempleo.com\/hrtrends\/?s={search_term_string}\",\"query-input\":\"required name=search_term_string\"},\"inLanguage\":\"es\"},{\"@type\":\"Organization\",\"@id\":\"https:\/\/empresas.infoempleo.com\/hrtrends\/#organization\",\"name\":\"Infoempleo\",\"url\":\"https:\/\/www.infoempleo.com\/\",\"logo\":{\"@type\":\"ImageObject\",\"@id\":\"https:\/\/empresas.infoempleo.com\/hrtrends\/#logo\",\"inLanguage\":\"es\",\"url\":\"https:\/\/cdnazure.infoempleo.com\/infoempleo\/assets\/style\/gfx\/logo.svg\",\"contentUrl\":\"https:\/\/cdnazure.infoempleo.com\/infoempleo\/assets\/style\/gfx\/logo.svg\",\"width\":150,\"height\":40,\"caption\":\"Infoempleo\"},\"image\":{\"@id\":\"https:\/\/empresas.infoempleo.com\/hrtrends\/#logo\"},\"sameAs\":[\"https:\/\/www.facebook.com\/Infoempleo\",\"https:\/\/x.com\/infoempleo\",\"http:\/\/instagram.com\/infoempleo\/\",\"http:\/\/www.linkedin.com\/groups\/Empleo-Espa\u00f1a-Infoempleocom-111276\",\"http:\/\/pinterest.com\/infoempleo\/\"],\"address\":{\"@type\":\"PostalAddress\",\"addressLocality\":\"Madrid\",\"postalCode\":\"28050\",\"streetAddress\":\"Avenida de Burgos 114\"},\"brand\":[\"Infoempleo\"]},{\"@type\":\"Person\",\"@id\":\"https:\/\/empresas.infoempleo.com\/hrtrends\/#\/schema\/person\/f3484d3cdf45b2f3846af4f705ec9730\",\"name\":\"elena arranz\",\"image\":{\"@type\":\"ImageObject\",\"inLanguage\":\"es\",\"@id\":\"https:\/\/empresas.infoempleo.com\/hrtrends\/#\/schema\/person\/image\/\",\"url\":\"https:\/\/secure.gravatar.com\/avatar\/e3e36e17cc9a2ddafb4e051357b391a9c939bebb4f2f7cbb2c456f5fa56ade52?s=96&d=mm&r=g\",\"contentUrl\":\"https:\/\/secure.gravatar.com\/avatar\/e3e36e17cc9a2ddafb4e051357b391a9c939bebb4f2f7cbb2c456f5fa56ade52?s=96&d=mm&r=g\",\"caption\":\"elena arranz\"},\"url\":\"https:\/\/empresas.infoempleo.com\/hrtrends\/author\/elena-arranz\/\"}]}<\/script>\n<!-- \/ Yoast SEO plugin. -->","yoast_head_json":{"title":"\u00abBendita\u00bb depresi\u00f3n postvacacional | HRTRENDS","robots":{"index":"index","follow":"follow","max-snippet":"max-snippet:-1","max-image-preview":"max-image-preview:large","max-video-preview":"max-video-preview:-1"},"canonical":"https:\/\/empresas.infoempleo.com\/hrtrends\/bendita-depresion-postvacacional\/","og_locale":"es_ES","og_type":"article","og_title":"\u00abBendita\u00bb depresi\u00f3n postvacacional | HRTRENDS","og_description":"Al finalizar las vacaciones de 2010 Randstad, empresa especializada en soluciones de recursos humanos, elaboraba un estudio sobre Leer m\u00e1s","og_url":"https:\/\/empresas.infoempleo.com\/hrtrends\/bendita-depresion-postvacacional\/","og_site_name":"HRTRENDS","article_publisher":"https:\/\/www.facebook.com\/Infoempleo","article_published_time":"2011-09-05T09:24:10+00:00","article_modified_time":"2024-08-29T15:42:51+00:00","og_image":[{"width":568,"height":258,"url":"https:\/\/empresas.infoempleo.com\/hrtrends\/media\/2011\/09\/DepresionPostvacacional.jpg","type":"image\/jpeg"}],"author":"elena arranz","twitter_card":"summary_large_image","twitter_creator":"@infoempleo","twitter_site":"@infoempleo","twitter_misc":{"Escrito por":"elena arranz","Tiempo de lectura":"4 minutos"},"schema":{"@context":"https:\/\/schema.org","@graph":[{"@type":"NewsArticle","@id":"https:\/\/empresas.infoempleo.com\/hrtrends\/bendita-depresion-postvacacional\/#article","isPartOf":{"@id":"https:\/\/empresas.infoempleo.com\/hrtrends\/bendita-depresion-postvacacional\/"},"author":{"name":"elena arranz","@id":"https:\/\/empresas.infoempleo.com\/hrtrends\/#\/schema\/person\/f3484d3cdf45b2f3846af4f705ec9730"},"headline":"\u00abBendita\u00bb depresi\u00f3n postvacacional","datePublished":"2011-09-05T09:24:10+00:00","dateModified":"2024-08-29T15:42:51+00:00","mainEntityOfPage":{"@id":"https:\/\/empresas.infoempleo.com\/hrtrends\/bendita-depresion-postvacacional\/"},"wordCount":903,"publisher":{"@id":"https:\/\/empresas.infoempleo.com\/hrtrends\/#organization"},"image":{"@id":"https:\/\/empresas.infoempleo.com\/hrtrends\/bendita-depresion-postvacacional\/#primaryimage"},"thumbnailUrl":"https:\/\/empresas.infoempleo.com\/hrtrends\/media\/2011\/09\/DepresionPostvacacional.jpg","keywords":["depresi\u00f3n postvacacional","mercado laboral","newsltter"],"articleSection":["Actualidad"],"inLanguage":"es","copyrightYear":"2011","copyrightHolder":{"@id":"https:\/\/empresas.infoempleo.com\/hrtrends\/#organization"}},{"@type":"WebPage","@id":"https:\/\/empresas.infoempleo.com\/hrtrends\/bendita-depresion-postvacacional\/","url":"https:\/\/empresas.infoempleo.com\/hrtrends\/bendita-depresion-postvacacional\/","name":"\u00abBendita\u00bb depresi\u00f3n postvacacional | HRTRENDS","isPartOf":{"@id":"https:\/\/empresas.infoempleo.com\/hrtrends\/#website"},"primaryImageOfPage":{"@id":"https:\/\/empresas.infoempleo.com\/hrtrends\/bendita-depresion-postvacacional\/#primaryimage"},"image":{"@id":"https:\/\/empresas.infoempleo.com\/hrtrends\/bendita-depresion-postvacacional\/#primaryimage"},"thumbnailUrl":"https:\/\/empresas.infoempleo.com\/hrtrends\/media\/2011\/09\/DepresionPostvacacional.jpg","datePublished":"2011-09-05T09:24:10+00:00","dateModified":"2024-08-29T15:42:51+00:00","breadcrumb":{"@id":"https:\/\/empresas.infoempleo.com\/hrtrends\/bendita-depresion-postvacacional\/#breadcrumb"},"inLanguage":"es","potentialAction":[{"@type":"ReadAction","target":["https:\/\/empresas.infoempleo.com\/hrtrends\/bendita-depresion-postvacacional\/"]}]},{"@type":"ImageObject","inLanguage":"es","@id":"https:\/\/empresas.infoempleo.com\/hrtrends\/bendita-depresion-postvacacional\/#primaryimage","url":"https:\/\/empresas.infoempleo.com\/hrtrends\/media\/2011\/09\/DepresionPostvacacional-150x150.jpg","contentUrl":"https:\/\/empresas.infoempleo.com\/hrtrends\/media\/2011\/09\/DepresionPostvacacional-150x150.jpg","width":150,"height":150},{"@type":"BreadcrumbList","@id":"https:\/\/empresas.infoempleo.com\/hrtrends\/bendita-depresion-postvacacional\/#breadcrumb","itemListElement":[{"@type":"ListItem","position":1,"name":"Portada","item":"https:\/\/empresas.infoempleo.com\/hrtrends\/"},{"@type":"ListItem","position":2,"name":"\u00abBendita\u00bb depresi\u00f3n postvacacional"}]},{"@type":"WebSite","@id":"https:\/\/empresas.infoempleo.com\/hrtrends\/#website","url":"https:\/\/empresas.infoempleo.com\/hrtrends","name":"HRTrends by Infoempleo","description":"","publisher":{"@id":"https:\/\/empresas.infoempleo.com\/hrtrends\/#organization"},"potentialAction":{"@type":"SearchAction","target":"https:\/\/empresas.infoempleo.com\/hrtrends\/?s={search_term_string}","query-input":"required name=search_term_string"},"inLanguage":"es"},{"@type":"Organization","@id":"https:\/\/empresas.infoempleo.com\/hrtrends\/#organization","name":"Infoempleo","url":"https:\/\/www.infoempleo.com\/","logo":{"@type":"ImageObject","@id":"https:\/\/empresas.infoempleo.com\/hrtrends\/#logo","inLanguage":"es","url":"https:\/\/cdnazure.infoempleo.com\/infoempleo\/assets\/style\/gfx\/logo.svg","contentUrl":"https:\/\/cdnazure.infoempleo.com\/infoempleo\/assets\/style\/gfx\/logo.svg","width":150,"height":40,"caption":"Infoempleo"},"image":{"@id":"https:\/\/empresas.infoempleo.com\/hrtrends\/#logo"},"sameAs":["https:\/\/www.facebook.com\/Infoempleo","https:\/\/x.com\/infoempleo","http:\/\/instagram.com\/infoempleo\/","http:\/\/www.linkedin.com\/groups\/Empleo-Espa\u00f1a-Infoempleocom-111276","http:\/\/pinterest.com\/infoempleo\/"],"address":{"@type":"PostalAddress","addressLocality":"Madrid","postalCode":"28050","streetAddress":"Avenida de Burgos 114"},"brand":["Infoempleo"]},{"@type":"Person","@id":"https:\/\/empresas.infoempleo.com\/hrtrends\/#\/schema\/person\/f3484d3cdf45b2f3846af4f705ec9730","name":"elena arranz","image":{"@type":"ImageObject","inLanguage":"es","@id":"https:\/\/empresas.infoempleo.com\/hrtrends\/#\/schema\/person\/image\/","url":"https:\/\/secure.gravatar.com\/avatar\/e3e36e17cc9a2ddafb4e051357b391a9c939bebb4f2f7cbb2c456f5fa56ade52?s=96&d=mm&r=g","contentUrl":"https:\/\/secure.gravatar.com\/avatar\/e3e36e17cc9a2ddafb4e051357b391a9c939bebb4f2f7cbb2c456f5fa56ade52?s=96&d=mm&r=g","caption":"elena arranz"},"url":"https:\/\/empresas.infoempleo.com\/hrtrends\/author\/elena-arranz\/"}]}},"amp_enabled":true,"_links":{"self":[{"href":"https:\/\/empresas.infoempleo.com\/hrtrends\/wp-json\/wp\/v2\/posts\/14045","targetHints":{"allow":["GET"]}}],"collection":[{"href":"https:\/\/empresas.infoempleo.com\/hrtrends\/wp-json\/wp\/v2\/posts"}],"about":[{"href":"https:\/\/empresas.infoempleo.com\/hrtrends\/wp-json\/wp\/v2\/types\/post"}],"author":[{"embeddable":true,"href":"https:\/\/empresas.infoempleo.com\/hrtrends\/wp-json\/wp\/v2\/users\/62"}],"replies":[{"embeddable":true,"href":"https:\/\/empresas.infoempleo.com\/hrtrends\/wp-json\/wp\/v2\/comments?post=14045"}],"version-history":[{"count":1,"href":"https:\/\/empresas.infoempleo.com\/hrtrends\/wp-json\/wp\/v2\/posts\/14045\/revisions"}],"predecessor-version":[{"id":44921,"href":"https:\/\/empresas.infoempleo.com\/hrtrends\/wp-json\/wp\/v2\/posts\/14045\/revisions\/44921"}],"wp:featuredmedia":[{"embeddable":true,"href":"https:\/\/empresas.infoempleo.com\/hrtrends\/wp-json\/wp\/v2\/media\/14046"}],"wp:attachment":[{"href":"https:\/\/empresas.infoempleo.com\/hrtrends\/wp-json\/wp\/v2\/media?parent=14045"}],"wp:term":[{"taxonomy":"category","embeddable":true,"href":"https:\/\/empresas.infoempleo.com\/hrtrends\/wp-json\/wp\/v2\/categories?post=14045"},{"taxonomy":"post_tag","embeddable":true,"href":"https:\/\/empresas.infoempleo.com\/hrtrends\/wp-json\/wp\/v2\/tags?post=14045"}],"curies":[{"name":"wp","href":"https:\/\/api.w.org\/{rel}","templated":true}]}}