{"id":14036,"date":"2011-09-06T07:00:45","date_gmt":"2011-09-06T06:00:45","guid":{"rendered":"http:\/\/blog.infoempleo.com\/?p=14036"},"modified":"2024-08-29T17:43:48","modified_gmt":"2024-08-29T15:43:48","slug":"500-anos-de-evolucion-del-curriculum","status":"publish","type":"post","link":"https:\/\/empresas.infoempleo.com\/hrtrends\/500-anos-de-evolucion-del-curriculum\/","title":{"rendered":"500 a\u00f1os de evoluci\u00f3n del Curr\u00edculum"},"content":{"rendered":"<p style=\"text-align: justify;\">\n<p style=\"text-align: left;\">Hemos encontrado esta curiosa infograf\u00eda en <a href=\"https:\/\/mashable.com\/\" target=\"_blank\" rel=\"noopener\">Mashable<\/a> sobre la historia del Curr\u00edculum a lo largo de estos \u00faltimos 500 a\u00f1os. Seg\u00fan se indica en el gr\u00e1fico, Leonardo da Vinci fue el art\u00edfice del primer Curr\u00edculum profesional, \u00bflo sab\u00edais?<\/p>\n<p style=\"text-align: justify;\">Est\u00e1 claro que en estos 500 a\u00f1os, la forma de presentar toda nuestra historia profesional, de vendernos, ha evolucionado mucho. Pero lo que m\u00e1s me llama la atenci\u00f3n es que, esa gran evoluci\u00f3n, se ha producido estos \u00faltimos a\u00f1os con la llegada de las nuevas tecnolog\u00edas y las redes sociales.<\/p>\n<p style=\"text-align: justify;\">Si eres de los que le gusta enviar su CV en formato word, tienes que saber que esto se lleva haciendo desde 1983, \u00bfno crees que ya va siendo hora de darle un nuevo toque a tu curr\u00edculum?<\/p>\n<p><a href=\"https:\/\/mashable.com\/\/2011\/09\/04\/history-of-the-resume\/\"><img loading=\"lazy\" decoding=\"async\" class=\"alignnone size-full wp-image-14049\" src=\"https:\/\/empresas.infoempleo.com\/hrtrends\/media\/2011\/09\/The-500-Year-Evolution-of-the-Resume.jpg\" alt=\"\" width=\"466\" height=\"845\" srcset=\"https:\/\/empresas.infoempleo.com\/hrtrends\/media\/2011\/09\/The-500-Year-Evolution-of-the-Resume.jpg 707w, https:\/\/empresas.infoempleo.com\/hrtrends\/media\/2011\/09\/The-500-Year-Evolution-of-the-Resume-166x300.jpg 166w\" sizes=\"auto, (max-width: 466px) 100vw, 466px\" \/><\/a><\/p>\n<p>V\u00eda <a href=\"https:\/\/mashable.com\/\/2011\/09\/04\/history-of-the-resume\/\" target=\"_blank\" rel=\"noopener\">Mashable<\/a><\/p>\n","protected":false},"excerpt":{"rendered":"<p>Hemos encontrado esta curiosa infograf\u00eda en Mashable sobre la historia del Curr\u00edculum a lo largo de estos \u00faltimos<a class=\"moretag\" href=\"https:\/\/empresas.infoempleo.com\/hrtrends\/500-anos-de-evolucion-del-curriculum\/\"> Leer m\u00e1s<\/a><\/p>\n","protected":false},"author":73,"featured_media":14055,"comment_status":"closed","ping_status":"open","sticky":false,"template":"","format":"standard","meta":{"footnotes":""},"categories":[3],"tags":[210],"class_list":["post-14036","post","type-post","status-publish","format-standard","has-post-thumbnail","hentry","category-actualidad","tag-curriculum"],"yoast_head":"<!-- This site is optimized with the Yoast SEO plugin v26.1.1 - https:\/\/yoast.com\/wordpress\/plugins\/seo\/ -->\n<title>500 a\u00f1os de evoluci\u00f3n del Curr\u00edculum | HRTRENDS<\/title>\n<meta name=\"robots\" content=\"index, follow, max-snippet:-1, max-image-preview:large, max-video-preview:-1\" \/>\n<link rel=\"canonical\" href=\"https:\/\/empresas.infoempleo.com\/hrtrends\/500-anos-de-evolucion-del-curriculum\/\" \/>\n<meta property=\"og:locale\" content=\"es_ES\" \/>\n<meta property=\"og:type\" content=\"article\" \/>\n<meta property=\"og:title\" content=\"500 a\u00f1os de evoluci\u00f3n del Curr\u00edculum | HRTRENDS\" \/>\n<meta property=\"og:description\" content=\"Hemos encontrado esta curiosa infograf\u00eda en Mashable sobre la historia del Curr\u00edculum a lo largo de estos \u00faltimos Leer m\u00e1s\" \/>\n<meta property=\"og:url\" content=\"https:\/\/empresas.infoempleo.com\/hrtrends\/500-anos-de-evolucion-del-curriculum\/\" \/>\n<meta property=\"og:site_name\" content=\"HRTRENDS\" \/>\n<meta property=\"article:publisher\" content=\"https:\/\/www.facebook.com\/Infoempleo\" \/>\n<meta property=\"article:published_time\" content=\"2011-09-06T06:00:45+00:00\" \/>\n<meta property=\"article:modified_time\" content=\"2024-08-29T15:43:48+00:00\" \/>\n<meta property=\"og:image\" content=\"https:\/\/empresas.infoempleo.com\/hrtrends\/media\/2011\/09\/The-500-Year-Evolution-of-the-Resume1.jpg\" \/>\n\t<meta property=\"og:image:width\" content=\"568\" \/>\n\t<meta property=\"og:image:height\" content=\"168\" \/>\n\t<meta property=\"og:image:type\" content=\"image\/jpeg\" \/>\n<meta name=\"author\" content=\"antonio\" \/>\n<meta name=\"twitter:card\" content=\"summary_large_image\" \/>\n<meta name=\"twitter:creator\" content=\"@infoempleo\" \/>\n<meta name=\"twitter:site\" content=\"@infoempleo\" \/>\n<meta name=\"twitter:label1\" content=\"Escrito por\" \/>\n\t<meta name=\"twitter:data1\" content=\"antonio\" \/>\n\t<meta name=\"twitter:label2\" content=\"Tiempo de lectura\" \/>\n\t<meta name=\"twitter:data2\" content=\"1 minuto\" \/>\n<script type=\"application\/ld+json\" class=\"yoast-schema-graph\">{\"@context\":\"https:\/\/schema.org\",\"@graph\":[{\"@type\":\"NewsArticle\",\"@id\":\"https:\/\/empresas.infoempleo.com\/hrtrends\/500-anos-de-evolucion-del-curriculum\/#article\",\"isPartOf\":{\"@id\":\"https:\/\/empresas.infoempleo.com\/hrtrends\/500-anos-de-evolucion-del-curriculum\/\"},\"author\":{\"name\":\"antonio\",\"@id\":\"https:\/\/empresas.infoempleo.com\/hrtrends\/#\/schema\/person\/a5d77038394d63abda404136aee57974\"},\"headline\":\"500 a\u00f1os de evoluci\u00f3n del Curr\u00edculum\",\"datePublished\":\"2011-09-06T06:00:45+00:00\",\"dateModified\":\"2024-08-29T15:43:48+00:00\",\"mainEntityOfPage\":{\"@id\":\"https:\/\/empresas.infoempleo.com\/hrtrends\/500-anos-de-evolucion-del-curriculum\/\"},\"wordCount\":149,\"publisher\":{\"@id\":\"https:\/\/empresas.infoempleo.com\/hrtrends\/#organization\"},\"image\":{\"@id\":\"https:\/\/empresas.infoempleo.com\/hrtrends\/500-anos-de-evolucion-del-curriculum\/#primaryimage\"},\"thumbnailUrl\":\"https:\/\/empresas.infoempleo.com\/hrtrends\/media\/2011\/09\/The-500-Year-Evolution-of-the-Resume1.jpg\",\"keywords\":[\"curr\u00edculum\"],\"articleSection\":[\"Actualidad\"],\"inLanguage\":\"es\",\"copyrightYear\":\"2011\",\"copyrightHolder\":{\"@id\":\"https:\/\/empresas.infoempleo.com\/hrtrends\/#organization\"}},{\"@type\":\"WebPage\",\"@id\":\"https:\/\/empresas.infoempleo.com\/hrtrends\/500-anos-de-evolucion-del-curriculum\/\",\"url\":\"https:\/\/empresas.infoempleo.com\/hrtrends\/500-anos-de-evolucion-del-curriculum\/\",\"name\":\"500 a\u00f1os de evoluci\u00f3n del Curr\u00edculum | HRTRENDS\",\"isPartOf\":{\"@id\":\"https:\/\/empresas.infoempleo.com\/hrtrends\/#website\"},\"primaryImageOfPage\":{\"@id\":\"https:\/\/empresas.infoempleo.com\/hrtrends\/500-anos-de-evolucion-del-curriculum\/#primaryimage\"},\"image\":{\"@id\":\"https:\/\/empresas.infoempleo.com\/hrtrends\/500-anos-de-evolucion-del-curriculum\/#primaryimage\"},\"thumbnailUrl\":\"https:\/\/empresas.infoempleo.com\/hrtrends\/media\/2011\/09\/The-500-Year-Evolution-of-the-Resume1.jpg\",\"datePublished\":\"2011-09-06T06:00:45+00:00\",\"dateModified\":\"2024-08-29T15:43:48+00:00\",\"breadcrumb\":{\"@id\":\"https:\/\/empresas.infoempleo.com\/hrtrends\/500-anos-de-evolucion-del-curriculum\/#breadcrumb\"},\"inLanguage\":\"es\",\"potentialAction\":[{\"@type\":\"ReadAction\",\"target\":[\"https:\/\/empresas.infoempleo.com\/hrtrends\/500-anos-de-evolucion-del-curriculum\/\"]}]},{\"@type\":\"ImageObject\",\"inLanguage\":\"es\",\"@id\":\"https:\/\/empresas.infoempleo.com\/hrtrends\/500-anos-de-evolucion-del-curriculum\/#primaryimage\",\"url\":\"https:\/\/empresas.infoempleo.com\/hrtrends\/media\/2011\/09\/The-500-Year-Evolution-of-the-Resume1-150x150.jpg\",\"contentUrl\":\"https:\/\/empresas.infoempleo.com\/hrtrends\/media\/2011\/09\/The-500-Year-Evolution-of-the-Resume1-150x150.jpg\",\"width\":150,\"height\":150},{\"@type\":\"BreadcrumbList\",\"@id\":\"https:\/\/empresas.infoempleo.com\/hrtrends\/500-anos-de-evolucion-del-curriculum\/#breadcrumb\",\"itemListElement\":[{\"@type\":\"ListItem\",\"position\":1,\"name\":\"Portada\",\"item\":\"https:\/\/empresas.infoempleo.com\/hrtrends\/\"},{\"@type\":\"ListItem\",\"position\":2,\"name\":\"500 a\u00f1os de evoluci\u00f3n del Curr\u00edculum\"}]},{\"@type\":\"WebSite\",\"@id\":\"https:\/\/empresas.infoempleo.com\/hrtrends\/#website\",\"url\":\"https:\/\/empresas.infoempleo.com\/hrtrends\",\"name\":\"HRTrends by Infoempleo\",\"description\":\"\",\"publisher\":{\"@id\":\"https:\/\/empresas.infoempleo.com\/hrtrends\/#organization\"},\"potentialAction\":{\"@type\":\"SearchAction\",\"target\":\"https:\/\/empresas.infoempleo.com\/hrtrends\/?s={search_term_string}\",\"query-input\":\"required name=search_term_string\"},\"inLanguage\":\"es\"},{\"@type\":\"Organization\",\"@id\":\"https:\/\/empresas.infoempleo.com\/hrtrends\/#organization\",\"name\":\"Infoempleo\",\"url\":\"https:\/\/www.infoempleo.com\/\",\"logo\":{\"@type\":\"ImageObject\",\"@id\":\"https:\/\/empresas.infoempleo.com\/hrtrends\/#logo\",\"inLanguage\":\"es\",\"url\":\"https:\/\/cdnazure.infoempleo.com\/infoempleo\/assets\/style\/gfx\/logo.svg\",\"contentUrl\":\"https:\/\/cdnazure.infoempleo.com\/infoempleo\/assets\/style\/gfx\/logo.svg\",\"width\":150,\"height\":40,\"caption\":\"Infoempleo\"},\"image\":{\"@id\":\"https:\/\/empresas.infoempleo.com\/hrtrends\/#logo\"},\"sameAs\":[\"https:\/\/www.facebook.com\/Infoempleo\",\"https:\/\/x.com\/infoempleo\",\"http:\/\/instagram.com\/infoempleo\/\",\"http:\/\/www.linkedin.com\/groups\/Empleo-Espa\u00f1a-Infoempleocom-111276\",\"http:\/\/pinterest.com\/infoempleo\/\"],\"address\":{\"@type\":\"PostalAddress\",\"addressLocality\":\"Madrid\",\"postalCode\":\"28050\",\"streetAddress\":\"Avenida de Burgos 114\"},\"brand\":[\"Infoempleo\"]},{\"@type\":\"Person\",\"@id\":\"https:\/\/empresas.infoempleo.com\/hrtrends\/#\/schema\/person\/a5d77038394d63abda404136aee57974\",\"name\":\"antonio\",\"image\":{\"@type\":\"ImageObject\",\"inLanguage\":\"es\",\"@id\":\"https:\/\/empresas.infoempleo.com\/hrtrends\/#\/schema\/person\/image\/\",\"url\":\"https:\/\/secure.gravatar.com\/avatar\/?s=96&d=mm&r=g\",\"contentUrl\":\"https:\/\/secure.gravatar.com\/avatar\/?s=96&d=mm&r=g\",\"caption\":\"antonio\"},\"url\":\"https:\/\/empresas.infoempleo.com\/hrtrends\/author\/antonio\/\"}]}<\/script>\n<!-- \/ Yoast SEO plugin. -->","yoast_head_json":{"title":"500 a\u00f1os de evoluci\u00f3n del Curr\u00edculum | HRTRENDS","robots":{"index":"index","follow":"follow","max-snippet":"max-snippet:-1","max-image-preview":"max-image-preview:large","max-video-preview":"max-video-preview:-1"},"canonical":"https:\/\/empresas.infoempleo.com\/hrtrends\/500-anos-de-evolucion-del-curriculum\/","og_locale":"es_ES","og_type":"article","og_title":"500 a\u00f1os de evoluci\u00f3n del Curr\u00edculum | HRTRENDS","og_description":"Hemos encontrado esta curiosa infograf\u00eda en Mashable sobre la historia del Curr\u00edculum a lo largo de estos \u00faltimos Leer m\u00e1s","og_url":"https:\/\/empresas.infoempleo.com\/hrtrends\/500-anos-de-evolucion-del-curriculum\/","og_site_name":"HRTRENDS","article_publisher":"https:\/\/www.facebook.com\/Infoempleo","article_published_time":"2011-09-06T06:00:45+00:00","article_modified_time":"2024-08-29T15:43:48+00:00","og_image":[{"width":568,"height":168,"url":"https:\/\/empresas.infoempleo.com\/hrtrends\/media\/2011\/09\/The-500-Year-Evolution-of-the-Resume1.jpg","type":"image\/jpeg"}],"author":"antonio","twitter_card":"summary_large_image","twitter_creator":"@infoempleo","twitter_site":"@infoempleo","twitter_misc":{"Escrito por":"antonio","Tiempo de lectura":"1 minuto"},"schema":{"@context":"https:\/\/schema.org","@graph":[{"@type":"NewsArticle","@id":"https:\/\/empresas.infoempleo.com\/hrtrends\/500-anos-de-evolucion-del-curriculum\/#article","isPartOf":{"@id":"https:\/\/empresas.infoempleo.com\/hrtrends\/500-anos-de-evolucion-del-curriculum\/"},"author":{"name":"antonio","@id":"https:\/\/empresas.infoempleo.com\/hrtrends\/#\/schema\/person\/a5d77038394d63abda404136aee57974"},"headline":"500 a\u00f1os de evoluci\u00f3n del Curr\u00edculum","datePublished":"2011-09-06T06:00:45+00:00","dateModified":"2024-08-29T15:43:48+00:00","mainEntityOfPage":{"@id":"https:\/\/empresas.infoempleo.com\/hrtrends\/500-anos-de-evolucion-del-curriculum\/"},"wordCount":149,"publisher":{"@id":"https:\/\/empresas.infoempleo.com\/hrtrends\/#organization"},"image":{"@id":"https:\/\/empresas.infoempleo.com\/hrtrends\/500-anos-de-evolucion-del-curriculum\/#primaryimage"},"thumbnailUrl":"https:\/\/empresas.infoempleo.com\/hrtrends\/media\/2011\/09\/The-500-Year-Evolution-of-the-Resume1.jpg","keywords":["curr\u00edculum"],"articleSection":["Actualidad"],"inLanguage":"es","copyrightYear":"2011","copyrightHolder":{"@id":"https:\/\/empresas.infoempleo.com\/hrtrends\/#organization"}},{"@type":"WebPage","@id":"https:\/\/empresas.infoempleo.com\/hrtrends\/500-anos-de-evolucion-del-curriculum\/","url":"https:\/\/empresas.infoempleo.com\/hrtrends\/500-anos-de-evolucion-del-curriculum\/","name":"500 a\u00f1os de evoluci\u00f3n del Curr\u00edculum | HRTRENDS","isPartOf":{"@id":"https:\/\/empresas.infoempleo.com\/hrtrends\/#website"},"primaryImageOfPage":{"@id":"https:\/\/empresas.infoempleo.com\/hrtrends\/500-anos-de-evolucion-del-curriculum\/#primaryimage"},"image":{"@id":"https:\/\/empresas.infoempleo.com\/hrtrends\/500-anos-de-evolucion-del-curriculum\/#primaryimage"},"thumbnailUrl":"https:\/\/empresas.infoempleo.com\/hrtrends\/media\/2011\/09\/The-500-Year-Evolution-of-the-Resume1.jpg","datePublished":"2011-09-06T06:00:45+00:00","dateModified":"2024-08-29T15:43:48+00:00","breadcrumb":{"@id":"https:\/\/empresas.infoempleo.com\/hrtrends\/500-anos-de-evolucion-del-curriculum\/#breadcrumb"},"inLanguage":"es","potentialAction":[{"@type":"ReadAction","target":["https:\/\/empresas.infoempleo.com\/hrtrends\/500-anos-de-evolucion-del-curriculum\/"]}]},{"@type":"ImageObject","inLanguage":"es","@id":"https:\/\/empresas.infoempleo.com\/hrtrends\/500-anos-de-evolucion-del-curriculum\/#primaryimage","url":"https:\/\/empresas.infoempleo.com\/hrtrends\/media\/2011\/09\/The-500-Year-Evolution-of-the-Resume1-150x150.jpg","contentUrl":"https:\/\/empresas.infoempleo.com\/hrtrends\/media\/2011\/09\/The-500-Year-Evolution-of-the-Resume1-150x150.jpg","width":150,"height":150},{"@type":"BreadcrumbList","@id":"https:\/\/empresas.infoempleo.com\/hrtrends\/500-anos-de-evolucion-del-curriculum\/#breadcrumb","itemListElement":[{"@type":"ListItem","position":1,"name":"Portada","item":"https:\/\/empresas.infoempleo.com\/hrtrends\/"},{"@type":"ListItem","position":2,"name":"500 a\u00f1os de evoluci\u00f3n del Curr\u00edculum"}]},{"@type":"WebSite","@id":"https:\/\/empresas.infoempleo.com\/hrtrends\/#website","url":"https:\/\/empresas.infoempleo.com\/hrtrends","name":"HRTrends by Infoempleo","description":"","publisher":{"@id":"https:\/\/empresas.infoempleo.com\/hrtrends\/#organization"},"potentialAction":{"@type":"SearchAction","target":"https:\/\/empresas.infoempleo.com\/hrtrends\/?s={search_term_string}","query-input":"required name=search_term_string"},"inLanguage":"es"},{"@type":"Organization","@id":"https:\/\/empresas.infoempleo.com\/hrtrends\/#organization","name":"Infoempleo","url":"https:\/\/www.infoempleo.com\/","logo":{"@type":"ImageObject","@id":"https:\/\/empresas.infoempleo.com\/hrtrends\/#logo","inLanguage":"es","url":"https:\/\/cdnazure.infoempleo.com\/infoempleo\/assets\/style\/gfx\/logo.svg","contentUrl":"https:\/\/cdnazure.infoempleo.com\/infoempleo\/assets\/style\/gfx\/logo.svg","width":150,"height":40,"caption":"Infoempleo"},"image":{"@id":"https:\/\/empresas.infoempleo.com\/hrtrends\/#logo"},"sameAs":["https:\/\/www.facebook.com\/Infoempleo","https:\/\/x.com\/infoempleo","http:\/\/instagram.com\/infoempleo\/","http:\/\/www.linkedin.com\/groups\/Empleo-Espa\u00f1a-Infoempleocom-111276","http:\/\/pinterest.com\/infoempleo\/"],"address":{"@type":"PostalAddress","addressLocality":"Madrid","postalCode":"28050","streetAddress":"Avenida de Burgos 114"},"brand":["Infoempleo"]},{"@type":"Person","@id":"https:\/\/empresas.infoempleo.com\/hrtrends\/#\/schema\/person\/a5d77038394d63abda404136aee57974","name":"antonio","image":{"@type":"ImageObject","inLanguage":"es","@id":"https:\/\/empresas.infoempleo.com\/hrtrends\/#\/schema\/person\/image\/","url":"https:\/\/secure.gravatar.com\/avatar\/?s=96&d=mm&r=g","contentUrl":"https:\/\/secure.gravatar.com\/avatar\/?s=96&d=mm&r=g","caption":"antonio"},"url":"https:\/\/empresas.infoempleo.com\/hrtrends\/author\/antonio\/"}]}},"amp_enabled":true,"_links":{"self":[{"href":"https:\/\/empresas.infoempleo.com\/hrtrends\/wp-json\/wp\/v2\/posts\/14036","targetHints":{"allow":["GET"]}}],"collection":[{"href":"https:\/\/empresas.infoempleo.com\/hrtrends\/wp-json\/wp\/v2\/posts"}],"about":[{"href":"https:\/\/empresas.infoempleo.com\/hrtrends\/wp-json\/wp\/v2\/types\/post"}],"author":[{"embeddable":true,"href":"https:\/\/empresas.infoempleo.com\/hrtrends\/wp-json\/wp\/v2\/users\/73"}],"replies":[{"embeddable":true,"href":"https:\/\/empresas.infoempleo.com\/hrtrends\/wp-json\/wp\/v2\/comments?post=14036"}],"version-history":[{"count":1,"href":"https:\/\/empresas.infoempleo.com\/hrtrends\/wp-json\/wp\/v2\/posts\/14036\/revisions"}],"predecessor-version":[{"id":45017,"href":"https:\/\/empresas.infoempleo.com\/hrtrends\/wp-json\/wp\/v2\/posts\/14036\/revisions\/45017"}],"wp:featuredmedia":[{"embeddable":true,"href":"https:\/\/empresas.infoempleo.com\/hrtrends\/wp-json\/wp\/v2\/media\/14055"}],"wp:attachment":[{"href":"https:\/\/empresas.infoempleo.com\/hrtrends\/wp-json\/wp\/v2\/media?parent=14036"}],"wp:term":[{"taxonomy":"category","embeddable":true,"href":"https:\/\/empresas.infoempleo.com\/hrtrends\/wp-json\/wp\/v2\/categories?post=14036"},{"taxonomy":"post_tag","embeddable":true,"href":"https:\/\/empresas.infoempleo.com\/hrtrends\/wp-json\/wp\/v2\/tags?post=14036"}],"curies":[{"name":"wp","href":"https:\/\/api.w.org\/{rel}","templated":true}]}}