{"id":14010,"date":"2011-09-01T08:03:06","date_gmt":"2011-09-01T07:03:06","guid":{"rendered":"http:\/\/blog.infoempleo.com\/?p=14010"},"modified":"2024-11-28T18:15:22","modified_gmt":"2024-11-28T16:15:22","slug":"el-curriculum-social","status":"publish","type":"post","link":"https:\/\/empresas.infoempleo.com\/hrtrends\/el-curriculum-social\/","title":{"rendered":"El Curr\u00edculum Social"},"content":{"rendered":"<p style=\"text-align: justify\"><a href=\"https:\/\/empresas.infoempleo.com\/hrtrends\/media\/2011\/09\/CurriculumSocialInfografaok.jpg\"><img loading=\"lazy\" decoding=\"async\" class=\"alignnone size-full wp-image-14012\" src=\"https:\/\/empresas.infoempleo.com\/hrtrends\/media\/2011\/09\/CurriculumSocialInfografaok.jpg\" alt=\"\" width=\"568\" height=\"258\" srcset=\"https:\/\/empresas.infoempleo.com\/hrtrends\/media\/2011\/09\/CurriculumSocialInfografaok.jpg 568w, https:\/\/empresas.infoempleo.com\/hrtrends\/media\/2011\/09\/CurriculumSocialInfografaok-300x136.jpg 300w\" sizes=\"auto, (max-width: 568px) 100vw, 568px\" \/><\/a><\/p>\n<p style=\"text-align: justify\">Queramos o no, cada vez, nuestra presencia y actividad es mayor en las Redes Sociales. Porque aunque seas de aquellos que han tratado de resistirse a la \u00abGran Ola del Social Media\u00bb, seguro que alguna foto tuya hay por ah\u00ed subida en Facebook o alguna menci\u00f3n tuya o sobre tu trabajo se puede encontrar a trav\u00e9s de Google.<\/p>\n<p style=\"text-align: justify\">Adem\u00e1s, cada vez son m\u00e1s las herramientas sociales y m\u00e1s dif\u00edcil escapar de ellas. Es hacia lo que tendemos, hacia una sociedad interconectada y cuya moneda de cambio son la informaci\u00f3n y el conocimiento. Por eso, porque es un hecho, es importante conocer c\u00f3mo nos afecta y c\u00f3mo le podemos sacar el mayor partido posible desde un punto de vista profesional.<\/p>\n<p style=\"text-align: justify\">Es lo que hemos llamado\u00a0<strong>Curr\u00edculum Social<\/strong>. Una informaci\u00f3n muy \u00fatil y accesible sobre el candidato, que no aparece en el curr\u00edculum tradicional pero que ayuda mucho a los profesionales de Recursos Humanos a conocer mejor al candidato. Cada vez son m\u00e1s las empresas que valoran este tipo de informaci\u00f3n, en m\u00faltiples \u00e1mbitos y a todos los niveles organizativos. Y es que el Curr\u00edculum Social ayuda al profesional a eliminar gran parte de la incertidumbre que se presenta en los procesos de selecci\u00f3n.<\/p>\n<p style=\"text-align: justify\">Por eso, en <strong>Infoempleo.com<\/strong>, creemos que es importante conocer siempre qu\u00e9 se est\u00e1 \u00abcocinando\u00bb en este nuevo entorno social y, tanto si se est\u00e1 buscando trabajo como si no, esforzarnos en cuidar nuestro Curr\u00edculum Social. Desde este blog, queremos ayudaros a prepararos para futuros procesos de selecci\u00f3n, diseccionando las 3 partes que componen el Curr\u00edculum Social:<\/p>\n<p style=\"text-align: justify\"><strong>Actividad<\/strong>: somos lo que hacemos. Pero tambi\u00e9n lo que decimos, compartimos, leemos&#8230;Se trata de nuestro d\u00eda a d\u00eda en las Redes Sociales.<\/p>\n<p style=\"text-align: justify\">Por eso mismo, mucho ojo con aquello que luego se pueda volver en nuestra contra. Aunque nunca debemos dejar de ser nosotros mismos, tenemos que conocer bien cuando entramos en las redes sociales que es lo que queremos compartir y qui\u00e9n lo puede ver, sobre todo si luego queremos sacarle partido desde el punto de vista profesional.<\/p>\n<p style=\"text-align: justify\"><strong>Conexiones<\/strong>: dime con qui\u00e9n andas y te dir\u00e9 qui\u00e9n eres. Pues eso mismo, hay redes sociales como Facebook y Tuenti que son para conectar con tus amigos pero hay otras de perfil m\u00e1s profesional que pueden ayudarnos a explotar nuestra faceta profesional. Aprovecha tus contactos y conecta con toda la gente interesante que has conocido y que dar\u00e1n \u00abpeso\u00bb a tu Curr\u00edculum Social.<\/p>\n<p style=\"text-align: justify\"><strong>Reputaci\u00f3n<\/strong>: es la suma de lo controlable (Actividad y Conexiones) y lo no controlable. Esto \u00faltimo, lo que no est\u00e1 en nuestras manos, es lo que no debemos perder nunca de vista. Hay que monitorizar la red de forma recurrente, buscando informaci\u00f3n sobre nosotros y sobre nuestro trabajo. Si la opini\u00f3n es positiva, genial. Si la opini\u00f3n es negativa, tratemos de mejorarla y, sobretodo, controlarla para que no empeore.<\/p>\n<p style=\"text-align: justify\">Si quer\u00e9is estar al d\u00eda de trucos y consejos para mejorar vuestro Curr\u00edculum Social, uniros a la <strong>Comunidad del Empleo<\/strong>.<\/p>\n","protected":false},"excerpt":{"rendered":"<p>Queramos o no, cada vez, nuestra presencia y actividad es mayor en las Redes Sociales. Porque aunque seas<a class=\"moretag\" href=\"https:\/\/empresas.infoempleo.com\/hrtrends\/el-curriculum-social\/\"> Leer m\u00e1s<\/a><\/p>\n","protected":false},"author":73,"featured_media":14012,"comment_status":"closed","ping_status":"open","sticky":false,"template":"","format":"standard","meta":{"footnotes":""},"categories":[3],"tags":[26,2417],"class_list":["post-14010","post","type-post","status-publish","format-standard","has-post-thumbnail","hentry","category-actualidad","tag-redes-sociales","tag-social-media"],"yoast_head":"<!-- This site is optimized with the Yoast SEO plugin v26.1.1 - https:\/\/yoast.com\/wordpress\/plugins\/seo\/ -->\n<title>El Curr\u00edculum Social | HRTRENDS<\/title>\n<meta name=\"robots\" content=\"index, follow, max-snippet:-1, max-image-preview:large, max-video-preview:-1\" \/>\n<link rel=\"canonical\" href=\"https:\/\/empresas.infoempleo.com\/hrtrends\/el-curriculum-social\/\" \/>\n<meta property=\"og:locale\" content=\"es_ES\" \/>\n<meta property=\"og:type\" content=\"article\" \/>\n<meta property=\"og:title\" content=\"El Curr\u00edculum Social | HRTRENDS\" \/>\n<meta property=\"og:description\" content=\"Queramos o no, cada vez, nuestra presencia y actividad es mayor en las Redes Sociales. Porque aunque seas Leer m\u00e1s\" \/>\n<meta property=\"og:url\" content=\"https:\/\/empresas.infoempleo.com\/hrtrends\/el-curriculum-social\/\" \/>\n<meta property=\"og:site_name\" content=\"HRTRENDS\" \/>\n<meta property=\"article:publisher\" content=\"https:\/\/www.facebook.com\/Infoempleo\" \/>\n<meta property=\"article:published_time\" content=\"2011-09-01T07:03:06+00:00\" \/>\n<meta property=\"article:modified_time\" content=\"2024-11-28T16:15:22+00:00\" \/>\n<meta property=\"og:image\" content=\"https:\/\/empresas.infoempleo.com\/hrtrends\/media\/2011\/09\/CurriculumSocialInfografaok.jpg\" \/>\n\t<meta property=\"og:image:width\" content=\"568\" \/>\n\t<meta property=\"og:image:height\" content=\"258\" \/>\n\t<meta property=\"og:image:type\" content=\"image\/jpeg\" \/>\n<meta name=\"author\" content=\"antonio\" \/>\n<meta name=\"twitter:card\" content=\"summary_large_image\" \/>\n<meta name=\"twitter:creator\" content=\"@infoempleo\" \/>\n<meta name=\"twitter:site\" content=\"@infoempleo\" \/>\n<meta name=\"twitter:label1\" content=\"Escrito por\" \/>\n\t<meta name=\"twitter:data1\" content=\"antonio\" \/>\n\t<meta name=\"twitter:label2\" content=\"Tiempo de lectura\" \/>\n\t<meta name=\"twitter:data2\" content=\"3 minutos\" \/>\n<script type=\"application\/ld+json\" class=\"yoast-schema-graph\">{\"@context\":\"https:\/\/schema.org\",\"@graph\":[{\"@type\":\"NewsArticle\",\"@id\":\"https:\/\/empresas.infoempleo.com\/hrtrends\/el-curriculum-social\/#article\",\"isPartOf\":{\"@id\":\"https:\/\/empresas.infoempleo.com\/hrtrends\/el-curriculum-social\/\"},\"author\":{\"name\":\"antonio\",\"@id\":\"https:\/\/empresas.infoempleo.com\/hrtrends\/#\/schema\/person\/a5d77038394d63abda404136aee57974\"},\"headline\":\"El Curr\u00edculum Social\",\"datePublished\":\"2011-09-01T07:03:06+00:00\",\"dateModified\":\"2024-11-28T16:15:22+00:00\",\"mainEntityOfPage\":{\"@id\":\"https:\/\/empresas.infoempleo.com\/hrtrends\/el-curriculum-social\/\"},\"wordCount\":530,\"publisher\":{\"@id\":\"https:\/\/empresas.infoempleo.com\/hrtrends\/#organization\"},\"image\":{\"@id\":\"https:\/\/empresas.infoempleo.com\/hrtrends\/el-curriculum-social\/#primaryimage\"},\"thumbnailUrl\":\"https:\/\/empresas.infoempleo.com\/hrtrends\/media\/2011\/09\/CurriculumSocialInfografaok.jpg\",\"keywords\":[\"redes sociales\",\"Social Media\"],\"articleSection\":[\"Actualidad\"],\"inLanguage\":\"es\",\"copyrightYear\":\"2011\",\"copyrightHolder\":{\"@id\":\"https:\/\/empresas.infoempleo.com\/hrtrends\/#organization\"}},{\"@type\":\"WebPage\",\"@id\":\"https:\/\/empresas.infoempleo.com\/hrtrends\/el-curriculum-social\/\",\"url\":\"https:\/\/empresas.infoempleo.com\/hrtrends\/el-curriculum-social\/\",\"name\":\"El Curr\u00edculum Social | HRTRENDS\",\"isPartOf\":{\"@id\":\"https:\/\/empresas.infoempleo.com\/hrtrends\/#website\"},\"primaryImageOfPage\":{\"@id\":\"https:\/\/empresas.infoempleo.com\/hrtrends\/el-curriculum-social\/#primaryimage\"},\"image\":{\"@id\":\"https:\/\/empresas.infoempleo.com\/hrtrends\/el-curriculum-social\/#primaryimage\"},\"thumbnailUrl\":\"https:\/\/empresas.infoempleo.com\/hrtrends\/media\/2011\/09\/CurriculumSocialInfografaok.jpg\",\"datePublished\":\"2011-09-01T07:03:06+00:00\",\"dateModified\":\"2024-11-28T16:15:22+00:00\",\"breadcrumb\":{\"@id\":\"https:\/\/empresas.infoempleo.com\/hrtrends\/el-curriculum-social\/#breadcrumb\"},\"inLanguage\":\"es\",\"potentialAction\":[{\"@type\":\"ReadAction\",\"target\":[\"https:\/\/empresas.infoempleo.com\/hrtrends\/el-curriculum-social\/\"]}]},{\"@type\":\"ImageObject\",\"inLanguage\":\"es\",\"@id\":\"https:\/\/empresas.infoempleo.com\/hrtrends\/el-curriculum-social\/#primaryimage\",\"url\":\"https:\/\/empresas.infoempleo.com\/hrtrends\/media\/2011\/09\/CurriculumSocialInfografaok-150x150.jpg\",\"contentUrl\":\"https:\/\/empresas.infoempleo.com\/hrtrends\/media\/2011\/09\/CurriculumSocialInfografaok-150x150.jpg\",\"width\":150,\"height\":150},{\"@type\":\"BreadcrumbList\",\"@id\":\"https:\/\/empresas.infoempleo.com\/hrtrends\/el-curriculum-social\/#breadcrumb\",\"itemListElement\":[{\"@type\":\"ListItem\",\"position\":1,\"name\":\"Portada\",\"item\":\"https:\/\/empresas.infoempleo.com\/hrtrends\/\"},{\"@type\":\"ListItem\",\"position\":2,\"name\":\"El Curr\u00edculum Social\"}]},{\"@type\":\"WebSite\",\"@id\":\"https:\/\/empresas.infoempleo.com\/hrtrends\/#website\",\"url\":\"https:\/\/empresas.infoempleo.com\/hrtrends\",\"name\":\"HRTrends by Infoempleo\",\"description\":\"\",\"publisher\":{\"@id\":\"https:\/\/empresas.infoempleo.com\/hrtrends\/#organization\"},\"potentialAction\":{\"@type\":\"SearchAction\",\"target\":\"https:\/\/empresas.infoempleo.com\/hrtrends\/?s={search_term_string}\",\"query-input\":\"required name=search_term_string\"},\"inLanguage\":\"es\"},{\"@type\":\"Organization\",\"@id\":\"https:\/\/empresas.infoempleo.com\/hrtrends\/#organization\",\"name\":\"Infoempleo\",\"url\":\"https:\/\/www.infoempleo.com\/\",\"logo\":{\"@type\":\"ImageObject\",\"@id\":\"https:\/\/empresas.infoempleo.com\/hrtrends\/#logo\",\"inLanguage\":\"es\",\"url\":\"https:\/\/cdnazure.infoempleo.com\/infoempleo\/assets\/style\/gfx\/logo.svg\",\"contentUrl\":\"https:\/\/cdnazure.infoempleo.com\/infoempleo\/assets\/style\/gfx\/logo.svg\",\"width\":150,\"height\":40,\"caption\":\"Infoempleo\"},\"image\":{\"@id\":\"https:\/\/empresas.infoempleo.com\/hrtrends\/#logo\"},\"sameAs\":[\"https:\/\/www.facebook.com\/Infoempleo\",\"https:\/\/x.com\/infoempleo\",\"http:\/\/instagram.com\/infoempleo\/\",\"http:\/\/www.linkedin.com\/groups\/Empleo-Espa\u00f1a-Infoempleocom-111276\",\"http:\/\/pinterest.com\/infoempleo\/\"],\"address\":{\"@type\":\"PostalAddress\",\"addressLocality\":\"Madrid\",\"postalCode\":\"28050\",\"streetAddress\":\"Avenida de Burgos 114\"},\"brand\":[\"Infoempleo\"]},{\"@type\":\"Person\",\"@id\":\"https:\/\/empresas.infoempleo.com\/hrtrends\/#\/schema\/person\/a5d77038394d63abda404136aee57974\",\"name\":\"antonio\",\"image\":{\"@type\":\"ImageObject\",\"inLanguage\":\"es\",\"@id\":\"https:\/\/empresas.infoempleo.com\/hrtrends\/#\/schema\/person\/image\/\",\"url\":\"https:\/\/secure.gravatar.com\/avatar\/?s=96&d=mm&r=g\",\"contentUrl\":\"https:\/\/secure.gravatar.com\/avatar\/?s=96&d=mm&r=g\",\"caption\":\"antonio\"},\"url\":\"https:\/\/empresas.infoempleo.com\/hrtrends\/author\/antonio\/\"}]}<\/script>\n<!-- \/ Yoast SEO plugin. -->","yoast_head_json":{"title":"El Curr\u00edculum Social | HRTRENDS","robots":{"index":"index","follow":"follow","max-snippet":"max-snippet:-1","max-image-preview":"max-image-preview:large","max-video-preview":"max-video-preview:-1"},"canonical":"https:\/\/empresas.infoempleo.com\/hrtrends\/el-curriculum-social\/","og_locale":"es_ES","og_type":"article","og_title":"El Curr\u00edculum Social | HRTRENDS","og_description":"Queramos o no, cada vez, nuestra presencia y actividad es mayor en las Redes Sociales. Porque aunque seas Leer m\u00e1s","og_url":"https:\/\/empresas.infoempleo.com\/hrtrends\/el-curriculum-social\/","og_site_name":"HRTRENDS","article_publisher":"https:\/\/www.facebook.com\/Infoempleo","article_published_time":"2011-09-01T07:03:06+00:00","article_modified_time":"2024-11-28T16:15:22+00:00","og_image":[{"width":568,"height":258,"url":"https:\/\/empresas.infoempleo.com\/hrtrends\/media\/2011\/09\/CurriculumSocialInfografaok.jpg","type":"image\/jpeg"}],"author":"antonio","twitter_card":"summary_large_image","twitter_creator":"@infoempleo","twitter_site":"@infoempleo","twitter_misc":{"Escrito por":"antonio","Tiempo de lectura":"3 minutos"},"schema":{"@context":"https:\/\/schema.org","@graph":[{"@type":"NewsArticle","@id":"https:\/\/empresas.infoempleo.com\/hrtrends\/el-curriculum-social\/#article","isPartOf":{"@id":"https:\/\/empresas.infoempleo.com\/hrtrends\/el-curriculum-social\/"},"author":{"name":"antonio","@id":"https:\/\/empresas.infoempleo.com\/hrtrends\/#\/schema\/person\/a5d77038394d63abda404136aee57974"},"headline":"El Curr\u00edculum Social","datePublished":"2011-09-01T07:03:06+00:00","dateModified":"2024-11-28T16:15:22+00:00","mainEntityOfPage":{"@id":"https:\/\/empresas.infoempleo.com\/hrtrends\/el-curriculum-social\/"},"wordCount":530,"publisher":{"@id":"https:\/\/empresas.infoempleo.com\/hrtrends\/#organization"},"image":{"@id":"https:\/\/empresas.infoempleo.com\/hrtrends\/el-curriculum-social\/#primaryimage"},"thumbnailUrl":"https:\/\/empresas.infoempleo.com\/hrtrends\/media\/2011\/09\/CurriculumSocialInfografaok.jpg","keywords":["redes sociales","Social Media"],"articleSection":["Actualidad"],"inLanguage":"es","copyrightYear":"2011","copyrightHolder":{"@id":"https:\/\/empresas.infoempleo.com\/hrtrends\/#organization"}},{"@type":"WebPage","@id":"https:\/\/empresas.infoempleo.com\/hrtrends\/el-curriculum-social\/","url":"https:\/\/empresas.infoempleo.com\/hrtrends\/el-curriculum-social\/","name":"El Curr\u00edculum Social | HRTRENDS","isPartOf":{"@id":"https:\/\/empresas.infoempleo.com\/hrtrends\/#website"},"primaryImageOfPage":{"@id":"https:\/\/empresas.infoempleo.com\/hrtrends\/el-curriculum-social\/#primaryimage"},"image":{"@id":"https:\/\/empresas.infoempleo.com\/hrtrends\/el-curriculum-social\/#primaryimage"},"thumbnailUrl":"https:\/\/empresas.infoempleo.com\/hrtrends\/media\/2011\/09\/CurriculumSocialInfografaok.jpg","datePublished":"2011-09-01T07:03:06+00:00","dateModified":"2024-11-28T16:15:22+00:00","breadcrumb":{"@id":"https:\/\/empresas.infoempleo.com\/hrtrends\/el-curriculum-social\/#breadcrumb"},"inLanguage":"es","potentialAction":[{"@type":"ReadAction","target":["https:\/\/empresas.infoempleo.com\/hrtrends\/el-curriculum-social\/"]}]},{"@type":"ImageObject","inLanguage":"es","@id":"https:\/\/empresas.infoempleo.com\/hrtrends\/el-curriculum-social\/#primaryimage","url":"https:\/\/empresas.infoempleo.com\/hrtrends\/media\/2011\/09\/CurriculumSocialInfografaok-150x150.jpg","contentUrl":"https:\/\/empresas.infoempleo.com\/hrtrends\/media\/2011\/09\/CurriculumSocialInfografaok-150x150.jpg","width":150,"height":150},{"@type":"BreadcrumbList","@id":"https:\/\/empresas.infoempleo.com\/hrtrends\/el-curriculum-social\/#breadcrumb","itemListElement":[{"@type":"ListItem","position":1,"name":"Portada","item":"https:\/\/empresas.infoempleo.com\/hrtrends\/"},{"@type":"ListItem","position":2,"name":"El Curr\u00edculum Social"}]},{"@type":"WebSite","@id":"https:\/\/empresas.infoempleo.com\/hrtrends\/#website","url":"https:\/\/empresas.infoempleo.com\/hrtrends","name":"HRTrends by Infoempleo","description":"","publisher":{"@id":"https:\/\/empresas.infoempleo.com\/hrtrends\/#organization"},"potentialAction":{"@type":"SearchAction","target":"https:\/\/empresas.infoempleo.com\/hrtrends\/?s={search_term_string}","query-input":"required name=search_term_string"},"inLanguage":"es"},{"@type":"Organization","@id":"https:\/\/empresas.infoempleo.com\/hrtrends\/#organization","name":"Infoempleo","url":"https:\/\/www.infoempleo.com\/","logo":{"@type":"ImageObject","@id":"https:\/\/empresas.infoempleo.com\/hrtrends\/#logo","inLanguage":"es","url":"https:\/\/cdnazure.infoempleo.com\/infoempleo\/assets\/style\/gfx\/logo.svg","contentUrl":"https:\/\/cdnazure.infoempleo.com\/infoempleo\/assets\/style\/gfx\/logo.svg","width":150,"height":40,"caption":"Infoempleo"},"image":{"@id":"https:\/\/empresas.infoempleo.com\/hrtrends\/#logo"},"sameAs":["https:\/\/www.facebook.com\/Infoempleo","https:\/\/x.com\/infoempleo","http:\/\/instagram.com\/infoempleo\/","http:\/\/www.linkedin.com\/groups\/Empleo-Espa\u00f1a-Infoempleocom-111276","http:\/\/pinterest.com\/infoempleo\/"],"address":{"@type":"PostalAddress","addressLocality":"Madrid","postalCode":"28050","streetAddress":"Avenida de Burgos 114"},"brand":["Infoempleo"]},{"@type":"Person","@id":"https:\/\/empresas.infoempleo.com\/hrtrends\/#\/schema\/person\/a5d77038394d63abda404136aee57974","name":"antonio","image":{"@type":"ImageObject","inLanguage":"es","@id":"https:\/\/empresas.infoempleo.com\/hrtrends\/#\/schema\/person\/image\/","url":"https:\/\/secure.gravatar.com\/avatar\/?s=96&d=mm&r=g","contentUrl":"https:\/\/secure.gravatar.com\/avatar\/?s=96&d=mm&r=g","caption":"antonio"},"url":"https:\/\/empresas.infoempleo.com\/hrtrends\/author\/antonio\/"}]}},"amp_enabled":true,"_links":{"self":[{"href":"https:\/\/empresas.infoempleo.com\/hrtrends\/wp-json\/wp\/v2\/posts\/14010","targetHints":{"allow":["GET"]}}],"collection":[{"href":"https:\/\/empresas.infoempleo.com\/hrtrends\/wp-json\/wp\/v2\/posts"}],"about":[{"href":"https:\/\/empresas.infoempleo.com\/hrtrends\/wp-json\/wp\/v2\/types\/post"}],"author":[{"embeddable":true,"href":"https:\/\/empresas.infoempleo.com\/hrtrends\/wp-json\/wp\/v2\/users\/73"}],"replies":[{"embeddable":true,"href":"https:\/\/empresas.infoempleo.com\/hrtrends\/wp-json\/wp\/v2\/comments?post=14010"}],"version-history":[{"count":1,"href":"https:\/\/empresas.infoempleo.com\/hrtrends\/wp-json\/wp\/v2\/posts\/14010\/revisions"}],"predecessor-version":[{"id":46052,"href":"https:\/\/empresas.infoempleo.com\/hrtrends\/wp-json\/wp\/v2\/posts\/14010\/revisions\/46052"}],"wp:featuredmedia":[{"embeddable":true,"href":"https:\/\/empresas.infoempleo.com\/hrtrends\/wp-json\/wp\/v2\/media\/14012"}],"wp:attachment":[{"href":"https:\/\/empresas.infoempleo.com\/hrtrends\/wp-json\/wp\/v2\/media?parent=14010"}],"wp:term":[{"taxonomy":"category","embeddable":true,"href":"https:\/\/empresas.infoempleo.com\/hrtrends\/wp-json\/wp\/v2\/categories?post=14010"},{"taxonomy":"post_tag","embeddable":true,"href":"https:\/\/empresas.infoempleo.com\/hrtrends\/wp-json\/wp\/v2\/tags?post=14010"}],"curies":[{"name":"wp","href":"https:\/\/api.w.org\/{rel}","templated":true}]}}