{"id":14000,"date":"2011-08-30T11:27:35","date_gmt":"2011-08-30T10:27:35","guid":{"rendered":"http:\/\/blog.infoempleo.com\/?p=14000"},"modified":"2024-12-09T13:10:28","modified_gmt":"2024-12-09T11:10:28","slug":"un-plan-para-encontrar-trabajo-en-las-redes-sociales-iii","status":"publish","type":"post","link":"https:\/\/empresas.infoempleo.com\/hrtrends\/un-plan-para-encontrar-trabajo-en-las-redes-sociales-iii\/","title":{"rendered":"Un plan para encontrar trabajo en las redes sociales (III)"},"content":{"rendered":"<p style=\"text-align: left;\">\u00a0Las cosas suceden, de una manera u otra. Todo plan requiere de una estrategia elaborada, pensada y establecida. Hemos de ser conscientes de que lo que vamos a buscar no es cualquier cosa, ni tampoco va a conseguirse de cualquier manera. Las redes sociales son un instrumento que puede facilitarnos la tarea de encontrar m\u00e1s f\u00e1cilmente muchas cosas. Tambi\u00e9n pueden <strong>agilizar la toma de contacto y la creaci\u00f3n de v\u00ednculos especialmente \u00fatiles entre personas que, hasta entonces, eran completas desconocidas.<\/strong><\/p>\n<p>Un plan pasa por tener claro los objetivos. Y \u00e9stos han de mirar mucho m\u00e1s all\u00e1 de conseguir el puesto de trabajo porque s\u00ed. Ver\u00e9is. A veces lo f\u00e1cil es encontrar una cosa. De hecho, si os par\u00e1is a pensar, trabajos los hay a miles. Y hoy d\u00eda casi en cualquier esquina, colgado de una farola, o escondido entre un mar de oportunidades, entre decenas de ofertas de empleo.<\/p>\n<p><strong>Lo f\u00e1cil es encontrar la oferta.<\/strong> Es f\u00e1cil preparar una carta de presentaci\u00f3n que hable de nuestros motivos para optar al puesto. Que le diga a quien lea el e-mail que somos tan buenos para ese puesto que parece que quien redact\u00f3 la oferta estaba pensando en ese momento en m\u00ed. Podemos explayarnos contando (sucintamente) lo bien que trabajamos y lo buenos que somos trabajando en equipo, o lo magn\u00edficos que resultamos orientando nuestros resultados a objetivos.<\/p>\n<p>Seamos realistas. Veros\u00edmiles lo somos todos, siempre que lo que digamos tenga una apariencia de verdad en las cosas aunque en la realidad no la tengan. Lo bastante como para formar un juicio prudente. Eso al menos reza el diccionario de Autoridades. Y <strong>la mayor\u00eda de nosotros edulcoramos, inflamos, adornamos y complementamos lo que realmente hemos hecho, para tratar de calar con m\u00e1s fuerza en el talante de quien nos selecciona para un puesto.<\/strong><\/p>\n<p>Facebook, <a href=\"https:\/\/twitter.com\/\" target=\"_blank\" rel=\"noopener\">Twitter<\/a> o <a href=\"https:\/\/accounts.google.com\/v3\/signin\/identifier?dsh=S-1342109946%3A1667242237062579&amp;continue=https%3A%2F%2Fplus.google.com%2F&amp;followup=https%3A%2F%2Fplus.google.com%2F&amp;osid=1&amp;passive=1209600&amp;flowName=GlifWebSignIn&amp;flowEntry=ServiceLogin&amp;ifkv=AQDHYWpT5v6oro7t--6GmEAqp0QsyEbwCCcc-qK1mHSgwlsH7lehL1lbpndh1YthZQz1UDzH7urv\" target=\"_blank\" rel=\"noopener\">Google+<\/a> son herramientas que pueden ayudarnos a expandir nuestras cualidades entre nuestros amigos y conocidos. LinkedIn y <a href=\"https:\/\/www.xing.com\/\" target=\"_blank\" rel=\"noopener\">Xing<\/a> facilitan el contacto con profesionales, de forma espec\u00edfica, nos abren puertas a los cazatalentos, y nos permiten tener acceso a informaci\u00f3n y a actualizaciones de las propias empresas de forma directa.<\/p>\n<p><strong>Podemos ser quien deseemos ser. Podemos contar lo que queramos contar. Lo complicado es y ser\u00e1 demostrar realmente que quienes hemos dicho que somos, y quienes presumimos de ser, realmente somos nosotros.<\/strong> Y m\u00e1s dif\u00edcil todav\u00eda, que somos capaces de hacer lo que nuestro curr\u00edculo dice que podemos conseguir.<\/p>\n<p>Hemos de tener claro que tenemos que defender nuestro derecho a trabajar. Pero tambi\u00e9n, hemos de ser sinceros y ser conscientes de que un trabajo, adem\u00e1s de ser un derecho, es una responsabilidad. Es cierto que nos va a permitir tener un nivel de ingresos. Pero su coste es el de obligarnos a involucrarnos en las tareas que debemos de realizar, y para la que se nos ha seleccionado. Y me refiero a un tipo de puesto de trabajo cualificado, y que exige de un determinado nivel de compromiso y de entrega.<\/p>\n<p>Nuestro plan ha de pasar por saber convencer a quien nos entreviste que realmente somos la persona indicada. Debemos de tener preparada nuestra intervenci\u00f3n. Medida cada pregunta, y analizada cada respuesta. M\u00e1s que ser complacientes, debemos de ser autocr\u00edticos. M\u00e1s que buscar la caridad o la compasi\u00f3n, hemos de demostrar entereza, seguridad y conocimiento. Debemos de pasar por conocer el tema mejor que quien nos entreviste. Tendr\u00edamos que demostrar pasi\u00f3n y convicci\u00f3n en lo que digamos.<\/p>\n<p>En una palabra, <strong>hemos de tratar de ser personas resolutivas que no coercitivas. <\/strong>Tenemos que ser positivas, que no entusiastas. Hemos de ser conscientes de que m\u00e1s all\u00e1 de esa entrevista de trabajo habr\u00e1 d\u00edas de esfuerzo, jornadas de trabajo. De objetivos por cumplir. Que el d\u00eda a d\u00eda se convertir\u00e1 en una rutina, m\u00e1s que en un emocionante comienzo. Y que de nosotros depender\u00e1 transformar esa rutina en un proyecto ilusionante, apasionante y trepidante. Otra aventura m\u00e1s de nuestra vida.<\/p>\n<p>El plan debe de pasar por tener claros nuestros objetivos. No los presentes. Tampoco los futuros. Sino todos juntos, unidos y reunidos. Hemos de tratar de tomar conciencia de que las redes sociales son una herramienta \u00fatil y pr\u00e1ctica. Pero sin un prop\u00f3sito a largo plazo, tanto las expectativas como las ilusiones a corto, pueden desvanecerse a medio plazo.<\/p>\n<p>Y <strong>el objetivo es continuar siendo positivos, estar ilusionados, y con ganas por seguir haciendo cosas nuevas y diferentes cada d\u00eda.<\/strong><\/p>\n<p><a href=\"https:\/\/twitter.com\/#!\/AntoniovChanal\" target=\"_blank\" rel=\"noopener\">@AntonioVChanal<br \/>\n<\/a><strong>Coach y Formador en Redes Sociales<\/strong><\/p>\n","protected":false},"excerpt":{"rendered":"<p>\u00a0Las cosas suceden, de una manera u otra. Todo plan requiere de una estrategia elaborada, pensada y establecida.<a class=\"moretag\" href=\"https:\/\/empresas.infoempleo.com\/hrtrends\/un-plan-para-encontrar-trabajo-en-las-redes-sociales-iii\/\"> Leer m\u00e1s<\/a><\/p>\n","protected":false},"author":49,"featured_media":14001,"comment_status":"closed","ping_status":"open","sticky":false,"template":"","format":"standard","meta":{"footnotes":""},"categories":[3],"tags":[162,26,37],"class_list":["post-14000","post","type-post","status-publish","format-standard","has-post-thumbnail","hentry","category-actualidad","tag-empleo","tag-redes-sociales","tag-trabajo"],"yoast_head":"<!-- This site is optimized with the Yoast SEO plugin v26.1.1 - https:\/\/yoast.com\/wordpress\/plugins\/seo\/ -->\n<title>Un plan para encontrar trabajo en las redes sociales (III) | HRTRENDS<\/title>\n<meta name=\"robots\" content=\"index, follow, max-snippet:-1, max-image-preview:large, max-video-preview:-1\" \/>\n<link rel=\"canonical\" href=\"https:\/\/empresas.infoempleo.com\/hrtrends\/un-plan-para-encontrar-trabajo-en-las-redes-sociales-iii\/\" \/>\n<meta property=\"og:locale\" content=\"es_ES\" \/>\n<meta property=\"og:type\" content=\"article\" \/>\n<meta property=\"og:title\" content=\"Un plan para encontrar trabajo en las redes sociales (III) | HRTRENDS\" \/>\n<meta property=\"og:description\" content=\"\u00a0Las cosas suceden, de una manera u otra. Todo plan requiere de una estrategia elaborada, pensada y establecida. Leer m\u00e1s\" \/>\n<meta property=\"og:url\" content=\"https:\/\/empresas.infoempleo.com\/hrtrends\/un-plan-para-encontrar-trabajo-en-las-redes-sociales-iii\/\" \/>\n<meta property=\"og:site_name\" content=\"HRTRENDS\" \/>\n<meta property=\"article:publisher\" content=\"https:\/\/www.facebook.com\/Infoempleo\" \/>\n<meta property=\"article:published_time\" content=\"2011-08-30T10:27:35+00:00\" \/>\n<meta property=\"article:modified_time\" content=\"2024-12-09T11:10:28+00:00\" \/>\n<meta property=\"og:image\" content=\"https:\/\/empresas.infoempleo.com\/hrtrends\/media\/2011\/08\/PlanRedesSociales.jpg\" \/>\n\t<meta property=\"og:image:width\" content=\"568\" \/>\n\t<meta property=\"og:image:height\" content=\"258\" \/>\n\t<meta property=\"og:image:type\" content=\"image\/jpeg\" \/>\n<meta name=\"author\" content=\"antonio vallejo\" \/>\n<meta name=\"twitter:card\" content=\"summary_large_image\" \/>\n<meta name=\"twitter:creator\" content=\"@infoempleo\" \/>\n<meta name=\"twitter:site\" content=\"@infoempleo\" \/>\n<meta name=\"twitter:label1\" content=\"Escrito por\" \/>\n\t<meta name=\"twitter:data1\" content=\"antonio vallejo\" \/>\n\t<meta name=\"twitter:label2\" content=\"Tiempo de lectura\" \/>\n\t<meta name=\"twitter:data2\" content=\"4 minutos\" \/>\n<script type=\"application\/ld+json\" class=\"yoast-schema-graph\">{\"@context\":\"https:\/\/schema.org\",\"@graph\":[{\"@type\":\"NewsArticle\",\"@id\":\"https:\/\/empresas.infoempleo.com\/hrtrends\/un-plan-para-encontrar-trabajo-en-las-redes-sociales-iii\/#article\",\"isPartOf\":{\"@id\":\"https:\/\/empresas.infoempleo.com\/hrtrends\/un-plan-para-encontrar-trabajo-en-las-redes-sociales-iii\/\"},\"author\":{\"name\":\"antonio vallejo\",\"@id\":\"https:\/\/empresas.infoempleo.com\/hrtrends\/#\/schema\/person\/9bc89e3819d56720c9fba63ae9d827f3\"},\"headline\":\"Un plan para encontrar trabajo en las redes sociales (III)\",\"datePublished\":\"2011-08-30T10:27:35+00:00\",\"dateModified\":\"2024-12-09T11:10:28+00:00\",\"mainEntityOfPage\":{\"@id\":\"https:\/\/empresas.infoempleo.com\/hrtrends\/un-plan-para-encontrar-trabajo-en-las-redes-sociales-iii\/\"},\"wordCount\":789,\"publisher\":{\"@id\":\"https:\/\/empresas.infoempleo.com\/hrtrends\/#organization\"},\"image\":{\"@id\":\"https:\/\/empresas.infoempleo.com\/hrtrends\/un-plan-para-encontrar-trabajo-en-las-redes-sociales-iii\/#primaryimage\"},\"thumbnailUrl\":\"https:\/\/empresas.infoempleo.com\/hrtrends\/media\/2011\/08\/PlanRedesSociales.jpg\",\"keywords\":[\"Empleo\",\"redes sociales\",\"trabajo\"],\"articleSection\":[\"Actualidad\"],\"inLanguage\":\"es\",\"copyrightYear\":\"2011\",\"copyrightHolder\":{\"@id\":\"https:\/\/empresas.infoempleo.com\/hrtrends\/#organization\"}},{\"@type\":\"WebPage\",\"@id\":\"https:\/\/empresas.infoempleo.com\/hrtrends\/un-plan-para-encontrar-trabajo-en-las-redes-sociales-iii\/\",\"url\":\"https:\/\/empresas.infoempleo.com\/hrtrends\/un-plan-para-encontrar-trabajo-en-las-redes-sociales-iii\/\",\"name\":\"Un plan para encontrar trabajo en las redes sociales (III) | HRTRENDS\",\"isPartOf\":{\"@id\":\"https:\/\/empresas.infoempleo.com\/hrtrends\/#website\"},\"primaryImageOfPage\":{\"@id\":\"https:\/\/empresas.infoempleo.com\/hrtrends\/un-plan-para-encontrar-trabajo-en-las-redes-sociales-iii\/#primaryimage\"},\"image\":{\"@id\":\"https:\/\/empresas.infoempleo.com\/hrtrends\/un-plan-para-encontrar-trabajo-en-las-redes-sociales-iii\/#primaryimage\"},\"thumbnailUrl\":\"https:\/\/empresas.infoempleo.com\/hrtrends\/media\/2011\/08\/PlanRedesSociales.jpg\",\"datePublished\":\"2011-08-30T10:27:35+00:00\",\"dateModified\":\"2024-12-09T11:10:28+00:00\",\"breadcrumb\":{\"@id\":\"https:\/\/empresas.infoempleo.com\/hrtrends\/un-plan-para-encontrar-trabajo-en-las-redes-sociales-iii\/#breadcrumb\"},\"inLanguage\":\"es\",\"potentialAction\":[{\"@type\":\"ReadAction\",\"target\":[\"https:\/\/empresas.infoempleo.com\/hrtrends\/un-plan-para-encontrar-trabajo-en-las-redes-sociales-iii\/\"]}]},{\"@type\":\"ImageObject\",\"inLanguage\":\"es\",\"@id\":\"https:\/\/empresas.infoempleo.com\/hrtrends\/un-plan-para-encontrar-trabajo-en-las-redes-sociales-iii\/#primaryimage\",\"url\":\"https:\/\/empresas.infoempleo.com\/hrtrends\/media\/2011\/08\/PlanRedesSociales-150x150.jpg\",\"contentUrl\":\"https:\/\/empresas.infoempleo.com\/hrtrends\/media\/2011\/08\/PlanRedesSociales-150x150.jpg\",\"width\":150,\"height\":150},{\"@type\":\"BreadcrumbList\",\"@id\":\"https:\/\/empresas.infoempleo.com\/hrtrends\/un-plan-para-encontrar-trabajo-en-las-redes-sociales-iii\/#breadcrumb\",\"itemListElement\":[{\"@type\":\"ListItem\",\"position\":1,\"name\":\"Portada\",\"item\":\"https:\/\/empresas.infoempleo.com\/hrtrends\/\"},{\"@type\":\"ListItem\",\"position\":2,\"name\":\"Un plan para encontrar trabajo en las redes sociales (III)\"}]},{\"@type\":\"WebSite\",\"@id\":\"https:\/\/empresas.infoempleo.com\/hrtrends\/#website\",\"url\":\"https:\/\/empresas.infoempleo.com\/hrtrends\",\"name\":\"HRTrends by Infoempleo\",\"description\":\"\",\"publisher\":{\"@id\":\"https:\/\/empresas.infoempleo.com\/hrtrends\/#organization\"},\"potentialAction\":{\"@type\":\"SearchAction\",\"target\":\"https:\/\/empresas.infoempleo.com\/hrtrends\/?s={search_term_string}\",\"query-input\":\"required name=search_term_string\"},\"inLanguage\":\"es\"},{\"@type\":\"Organization\",\"@id\":\"https:\/\/empresas.infoempleo.com\/hrtrends\/#organization\",\"name\":\"Infoempleo\",\"url\":\"https:\/\/www.infoempleo.com\/\",\"logo\":{\"@type\":\"ImageObject\",\"@id\":\"https:\/\/empresas.infoempleo.com\/hrtrends\/#logo\",\"inLanguage\":\"es\",\"url\":\"https:\/\/cdnazure.infoempleo.com\/infoempleo\/assets\/style\/gfx\/logo.svg\",\"contentUrl\":\"https:\/\/cdnazure.infoempleo.com\/infoempleo\/assets\/style\/gfx\/logo.svg\",\"width\":150,\"height\":40,\"caption\":\"Infoempleo\"},\"image\":{\"@id\":\"https:\/\/empresas.infoempleo.com\/hrtrends\/#logo\"},\"sameAs\":[\"https:\/\/www.facebook.com\/Infoempleo\",\"https:\/\/x.com\/infoempleo\",\"http:\/\/instagram.com\/infoempleo\/\",\"http:\/\/www.linkedin.com\/groups\/Empleo-Espa\u00f1a-Infoempleocom-111276\",\"http:\/\/pinterest.com\/infoempleo\/\"],\"address\":{\"@type\":\"PostalAddress\",\"addressLocality\":\"Madrid\",\"postalCode\":\"28050\",\"streetAddress\":\"Avenida de Burgos 114\"},\"brand\":[\"Infoempleo\"]},{\"@type\":\"Person\",\"@id\":\"https:\/\/empresas.infoempleo.com\/hrtrends\/#\/schema\/person\/9bc89e3819d56720c9fba63ae9d827f3\",\"name\":\"antonio vallejo\",\"image\":{\"@type\":\"ImageObject\",\"inLanguage\":\"es\",\"@id\":\"https:\/\/empresas.infoempleo.com\/hrtrends\/#\/schema\/person\/image\/\",\"url\":\"https:\/\/secure.gravatar.com\/avatar\/882c28279ae4535d5a62c1e541f84d58ddfb96ce2c2119d0f109a2f3ce461806?s=96&d=mm&r=g\",\"contentUrl\":\"https:\/\/secure.gravatar.com\/avatar\/882c28279ae4535d5a62c1e541f84d58ddfb96ce2c2119d0f109a2f3ce461806?s=96&d=mm&r=g\",\"caption\":\"antonio vallejo\"},\"url\":\"https:\/\/empresas.infoempleo.com\/hrtrends\/author\/antonio-vallejo\/\"}]}<\/script>\n<!-- \/ Yoast SEO plugin. -->","yoast_head_json":{"title":"Un plan para encontrar trabajo en las redes sociales (III) | HRTRENDS","robots":{"index":"index","follow":"follow","max-snippet":"max-snippet:-1","max-image-preview":"max-image-preview:large","max-video-preview":"max-video-preview:-1"},"canonical":"https:\/\/empresas.infoempleo.com\/hrtrends\/un-plan-para-encontrar-trabajo-en-las-redes-sociales-iii\/","og_locale":"es_ES","og_type":"article","og_title":"Un plan para encontrar trabajo en las redes sociales (III) | HRTRENDS","og_description":"\u00a0Las cosas suceden, de una manera u otra. Todo plan requiere de una estrategia elaborada, pensada y establecida. Leer m\u00e1s","og_url":"https:\/\/empresas.infoempleo.com\/hrtrends\/un-plan-para-encontrar-trabajo-en-las-redes-sociales-iii\/","og_site_name":"HRTRENDS","article_publisher":"https:\/\/www.facebook.com\/Infoempleo","article_published_time":"2011-08-30T10:27:35+00:00","article_modified_time":"2024-12-09T11:10:28+00:00","og_image":[{"width":568,"height":258,"url":"https:\/\/empresas.infoempleo.com\/hrtrends\/media\/2011\/08\/PlanRedesSociales.jpg","type":"image\/jpeg"}],"author":"antonio vallejo","twitter_card":"summary_large_image","twitter_creator":"@infoempleo","twitter_site":"@infoempleo","twitter_misc":{"Escrito por":"antonio vallejo","Tiempo de lectura":"4 minutos"},"schema":{"@context":"https:\/\/schema.org","@graph":[{"@type":"NewsArticle","@id":"https:\/\/empresas.infoempleo.com\/hrtrends\/un-plan-para-encontrar-trabajo-en-las-redes-sociales-iii\/#article","isPartOf":{"@id":"https:\/\/empresas.infoempleo.com\/hrtrends\/un-plan-para-encontrar-trabajo-en-las-redes-sociales-iii\/"},"author":{"name":"antonio vallejo","@id":"https:\/\/empresas.infoempleo.com\/hrtrends\/#\/schema\/person\/9bc89e3819d56720c9fba63ae9d827f3"},"headline":"Un plan para encontrar trabajo en las redes sociales (III)","datePublished":"2011-08-30T10:27:35+00:00","dateModified":"2024-12-09T11:10:28+00:00","mainEntityOfPage":{"@id":"https:\/\/empresas.infoempleo.com\/hrtrends\/un-plan-para-encontrar-trabajo-en-las-redes-sociales-iii\/"},"wordCount":789,"publisher":{"@id":"https:\/\/empresas.infoempleo.com\/hrtrends\/#organization"},"image":{"@id":"https:\/\/empresas.infoempleo.com\/hrtrends\/un-plan-para-encontrar-trabajo-en-las-redes-sociales-iii\/#primaryimage"},"thumbnailUrl":"https:\/\/empresas.infoempleo.com\/hrtrends\/media\/2011\/08\/PlanRedesSociales.jpg","keywords":["Empleo","redes sociales","trabajo"],"articleSection":["Actualidad"],"inLanguage":"es","copyrightYear":"2011","copyrightHolder":{"@id":"https:\/\/empresas.infoempleo.com\/hrtrends\/#organization"}},{"@type":"WebPage","@id":"https:\/\/empresas.infoempleo.com\/hrtrends\/un-plan-para-encontrar-trabajo-en-las-redes-sociales-iii\/","url":"https:\/\/empresas.infoempleo.com\/hrtrends\/un-plan-para-encontrar-trabajo-en-las-redes-sociales-iii\/","name":"Un plan para encontrar trabajo en las redes sociales (III) | HRTRENDS","isPartOf":{"@id":"https:\/\/empresas.infoempleo.com\/hrtrends\/#website"},"primaryImageOfPage":{"@id":"https:\/\/empresas.infoempleo.com\/hrtrends\/un-plan-para-encontrar-trabajo-en-las-redes-sociales-iii\/#primaryimage"},"image":{"@id":"https:\/\/empresas.infoempleo.com\/hrtrends\/un-plan-para-encontrar-trabajo-en-las-redes-sociales-iii\/#primaryimage"},"thumbnailUrl":"https:\/\/empresas.infoempleo.com\/hrtrends\/media\/2011\/08\/PlanRedesSociales.jpg","datePublished":"2011-08-30T10:27:35+00:00","dateModified":"2024-12-09T11:10:28+00:00","breadcrumb":{"@id":"https:\/\/empresas.infoempleo.com\/hrtrends\/un-plan-para-encontrar-trabajo-en-las-redes-sociales-iii\/#breadcrumb"},"inLanguage":"es","potentialAction":[{"@type":"ReadAction","target":["https:\/\/empresas.infoempleo.com\/hrtrends\/un-plan-para-encontrar-trabajo-en-las-redes-sociales-iii\/"]}]},{"@type":"ImageObject","inLanguage":"es","@id":"https:\/\/empresas.infoempleo.com\/hrtrends\/un-plan-para-encontrar-trabajo-en-las-redes-sociales-iii\/#primaryimage","url":"https:\/\/empresas.infoempleo.com\/hrtrends\/media\/2011\/08\/PlanRedesSociales-150x150.jpg","contentUrl":"https:\/\/empresas.infoempleo.com\/hrtrends\/media\/2011\/08\/PlanRedesSociales-150x150.jpg","width":150,"height":150},{"@type":"BreadcrumbList","@id":"https:\/\/empresas.infoempleo.com\/hrtrends\/un-plan-para-encontrar-trabajo-en-las-redes-sociales-iii\/#breadcrumb","itemListElement":[{"@type":"ListItem","position":1,"name":"Portada","item":"https:\/\/empresas.infoempleo.com\/hrtrends\/"},{"@type":"ListItem","position":2,"name":"Un plan para encontrar trabajo en las redes sociales (III)"}]},{"@type":"WebSite","@id":"https:\/\/empresas.infoempleo.com\/hrtrends\/#website","url":"https:\/\/empresas.infoempleo.com\/hrtrends","name":"HRTrends by Infoempleo","description":"","publisher":{"@id":"https:\/\/empresas.infoempleo.com\/hrtrends\/#organization"},"potentialAction":{"@type":"SearchAction","target":"https:\/\/empresas.infoempleo.com\/hrtrends\/?s={search_term_string}","query-input":"required name=search_term_string"},"inLanguage":"es"},{"@type":"Organization","@id":"https:\/\/empresas.infoempleo.com\/hrtrends\/#organization","name":"Infoempleo","url":"https:\/\/www.infoempleo.com\/","logo":{"@type":"ImageObject","@id":"https:\/\/empresas.infoempleo.com\/hrtrends\/#logo","inLanguage":"es","url":"https:\/\/cdnazure.infoempleo.com\/infoempleo\/assets\/style\/gfx\/logo.svg","contentUrl":"https:\/\/cdnazure.infoempleo.com\/infoempleo\/assets\/style\/gfx\/logo.svg","width":150,"height":40,"caption":"Infoempleo"},"image":{"@id":"https:\/\/empresas.infoempleo.com\/hrtrends\/#logo"},"sameAs":["https:\/\/www.facebook.com\/Infoempleo","https:\/\/x.com\/infoempleo","http:\/\/instagram.com\/infoempleo\/","http:\/\/www.linkedin.com\/groups\/Empleo-Espa\u00f1a-Infoempleocom-111276","http:\/\/pinterest.com\/infoempleo\/"],"address":{"@type":"PostalAddress","addressLocality":"Madrid","postalCode":"28050","streetAddress":"Avenida de Burgos 114"},"brand":["Infoempleo"]},{"@type":"Person","@id":"https:\/\/empresas.infoempleo.com\/hrtrends\/#\/schema\/person\/9bc89e3819d56720c9fba63ae9d827f3","name":"antonio vallejo","image":{"@type":"ImageObject","inLanguage":"es","@id":"https:\/\/empresas.infoempleo.com\/hrtrends\/#\/schema\/person\/image\/","url":"https:\/\/secure.gravatar.com\/avatar\/882c28279ae4535d5a62c1e541f84d58ddfb96ce2c2119d0f109a2f3ce461806?s=96&d=mm&r=g","contentUrl":"https:\/\/secure.gravatar.com\/avatar\/882c28279ae4535d5a62c1e541f84d58ddfb96ce2c2119d0f109a2f3ce461806?s=96&d=mm&r=g","caption":"antonio vallejo"},"url":"https:\/\/empresas.infoempleo.com\/hrtrends\/author\/antonio-vallejo\/"}]}},"amp_enabled":true,"_links":{"self":[{"href":"https:\/\/empresas.infoempleo.com\/hrtrends\/wp-json\/wp\/v2\/posts\/14000","targetHints":{"allow":["GET"]}}],"collection":[{"href":"https:\/\/empresas.infoempleo.com\/hrtrends\/wp-json\/wp\/v2\/posts"}],"about":[{"href":"https:\/\/empresas.infoempleo.com\/hrtrends\/wp-json\/wp\/v2\/types\/post"}],"author":[{"embeddable":true,"href":"https:\/\/empresas.infoempleo.com\/hrtrends\/wp-json\/wp\/v2\/users\/49"}],"replies":[{"embeddable":true,"href":"https:\/\/empresas.infoempleo.com\/hrtrends\/wp-json\/wp\/v2\/comments?post=14000"}],"version-history":[{"count":3,"href":"https:\/\/empresas.infoempleo.com\/hrtrends\/wp-json\/wp\/v2\/posts\/14000\/revisions"}],"predecessor-version":[{"id":46139,"href":"https:\/\/empresas.infoempleo.com\/hrtrends\/wp-json\/wp\/v2\/posts\/14000\/revisions\/46139"}],"wp:featuredmedia":[{"embeddable":true,"href":"https:\/\/empresas.infoempleo.com\/hrtrends\/wp-json\/wp\/v2\/media\/14001"}],"wp:attachment":[{"href":"https:\/\/empresas.infoempleo.com\/hrtrends\/wp-json\/wp\/v2\/media?parent=14000"}],"wp:term":[{"taxonomy":"category","embeddable":true,"href":"https:\/\/empresas.infoempleo.com\/hrtrends\/wp-json\/wp\/v2\/categories?post=14000"},{"taxonomy":"post_tag","embeddable":true,"href":"https:\/\/empresas.infoempleo.com\/hrtrends\/wp-json\/wp\/v2\/tags?post=14000"}],"curies":[{"name":"wp","href":"https:\/\/api.w.org\/{rel}","templated":true}]}}