{"id":13978,"date":"2011-08-24T10:21:40","date_gmt":"2011-08-24T09:21:40","guid":{"rendered":"http:\/\/blog.infoempleo.com\/?p=13978"},"modified":"2024-11-28T18:15:03","modified_gmt":"2024-11-28T16:15:03","slug":"un-plan-para-encontrar-trabajo-en-las-redes-sociales-i","status":"publish","type":"post","link":"https:\/\/empresas.infoempleo.com\/hrtrends\/un-plan-para-encontrar-trabajo-en-las-redes-sociales-i\/","title":{"rendered":"Un plan para encontrar trabajo en las redes sociales (I)"},"content":{"rendered":"<p style=\"text-align: center;\"><img loading=\"lazy\" decoding=\"async\" class=\"alignnone size-full wp-image-13980\" title=\"Plan para encontrar trabajo\" src=\"https:\/\/empresas.infoempleo.com\/hrtrends\/media\/2011\/08\/Planparaencontrartrabajo.jpg\" alt=\"\" width=\"454\" height=\"206\" srcset=\"https:\/\/empresas.infoempleo.com\/hrtrends\/media\/2011\/08\/Planparaencontrartrabajo.jpg 568w, https:\/\/empresas.infoempleo.com\/hrtrends\/media\/2011\/08\/Planparaencontrartrabajo-300x136.jpg 300w\" sizes=\"auto, (max-width: 454px) 100vw, 454px\" \/><\/p>\n<p>Las cosas suceden, de una manera u otra. Pero no pasan porque s\u00ed. Si queremos que algo salga como esta previsto, hay que trabajar en la planificaci\u00f3n de toda una estrategia. Sin darnos cuenta, toda nuestra vida est\u00e1 parametrizada y organizada de una manera o de otra. Con las redes sociales sucede lo mismo. <strong>Adem\u00e1s de tener claro qu\u00e9 es lo que queremos conseguir, tambi\u00e9n es fundamental saber c\u00f3mo conseguirlo, y cu\u00e1l es el camino a seguir para el \u00e9xito.<\/strong><\/p>\n<p>En los pr\u00f3ximos tres art\u00edculos quiero profundizar en la estrategia de lo que se denomina el <em>Social Media<\/em>. Este t\u00e9rmino hace referencia a la planificaci\u00f3n que debe de hacerse de los instrumentos disponibles para una buena comunicaci\u00f3n social. Tiene que ver con c\u00f3mo manejar adecuadamente las redes sociales. Pero sobre todo, <strong>cu\u00e1les son las redes sociales que debemos de utilizar para nuestros, seg\u00fan qu\u00e9, prop\u00f3sitos.<\/strong><\/p>\n<p>Y es que buscar trabajo en Internet puede identificarse y compararse a buscar negocio en Internet, o ampliar nuestra red de contactos en Internet. De hecho, aunque el objetivo final sea encontrar un puesto de trabajo, <strong>quiz\u00e1s lo m\u00e1s importante no sea el resultado sino todo el proceso que se ha llevado a cabo para lograr encontrarlo<\/strong>. Y las recompensas que se han ido adquiriendo en el camino.<\/p>\n<p>La web 2.0 es una evoluci\u00f3n necesaria de la informaci\u00f3n generada en los albores de Internet. Hemos de tener en cuenta que cuando empez\u00f3 la profusi\u00f3n de contenidos en la web, todos ellos ofrec\u00edan datos con los que satisfacer nuestra necesidad de informaci\u00f3n b\u00e1sica. Los contenidos eran est\u00e1ticos en su mayor\u00eda. Se acced\u00eda a un portal, a una web, a una p\u00e1gina, y la informaci\u00f3n contenida en ella fundamentalmente informativa. Se llegaba, se le\u00eda, y uno se daba por satisfecho con lo que se encontraba.<\/p>\n<p>La proliferaci\u00f3n de los <strong>foros<\/strong>, en primer lugar, y de los sitios para <em><strong>bloggers<\/strong><\/em>, en segundo, propici\u00f3 un cambio en la estructura del pensamiento y de la concepci\u00f3n de c\u00f3mo ten\u00eda o pod\u00eda ofrecerse la informaci\u00f3n en la red.<\/p>\n<p>De hecho, el paso m\u00e1s interesante se produce cuando se descubre la capacidad que tiene la red como herramienta de <strong><em>comunicaci\u00f3n bidireccional:<\/em><\/strong> permitiendo la posibilidad de comunicarse en <a href=\"https:\/\/twitter.com\/\" target=\"_blank\" rel=\"noopener\">tiempo real<\/a>, y en un mismo lugar, a dos o m\u00e1s usuarios. Cuando se les ofrece la posibilidad de compartir informaci\u00f3n y de actualizarla, tambi\u00e9n.<\/p>\n<p>Antes, cuando quer\u00edamos buscar trabajo acced\u00edamos a un portal de empleo como <a href=\"https:\/\/www.infoempleo.com\/\" target=\"_blank\" rel=\"noopener\">Infoempleo<\/a>, d\u00e1bamos de alta nuestra informaci\u00f3n curricular, cumpliment\u00e1bamos una serie de datos, establec\u00edamos nuestras preferencias de empleo, y categoriz\u00e1bamos una serie de buscadores de ofertas, que se encargaban de hacernos llegar a nuestro correo aqu\u00e9llas que pod\u00edan adaptarse m\u00e1s y mejor a lo que busc\u00e1bamos. Luego s\u00f3lo nos quedaba tener actualizado el curr\u00edculo, apuntarnos a las ofertas que m\u00e1s nos interesaran, y esperar a que la empresa se pusiera en contacto con nosotros para cerrar una entrevista: la primera de muchas.<\/p>\n<p>Hoy en d\u00eda, tenemos una serie de herramientas que pueden ayudarnos a potenciar nuestra presencia en la red: <strong>las redes sociales.<\/strong> Y es que, de las m\u00e1s de 350 aplicaciones sociales que existen hoy en d\u00eda, con todas ellas podemos aumentar nuestra influencia y nuestra presencia en Internet. Y no s\u00f3lo restringido al \u00e1mbito de las redes sociales.<\/p>\n<p>La idea de escribir estos tres art\u00edculos surge para tratar de explicarle a una alumna de un curso de redes sociales el por qu\u00e9 de la necesidad de una planificaci\u00f3n previa a acometer cualquier tipo de proyecto. Y es que, es b\u00e1sico y fundamental <strong>tener claro qu\u00e9 queremos hacer<\/strong>. Y la mejor manera de poder saber si realmente estamos llevando a cabo correctamente nuestro plan, es describir en un papel lo que queremos hacer y c\u00f3mo queremos hacerlo, y anotar nuestros progresos, y comparar su evoluci\u00f3n con respecto a lo que inicialmente ten\u00edamos previsto sucediera.<\/p>\n<p>Y es que <strong>el hecho de tener una o varias redes sociales a nuestro nombre, no implica que vayamos a conseguir lo que queremos<\/strong>. Para lograrlo, hay que tener claros una serie de pasos, y tratar de seguirlos pies juntillas. Es la mejor referencia del \u00e9xito o del fracaso de nuestro plan.<\/p>\n<p>El plan de Social Media difiere bastante poco de cualquier otro tipo de plan, en esencia. Basta con tener claro los objetivos, los instrumentos, las herramientas y los tiempos en que deben de usarse todos ellos. Es b\u00e1sico tener claro que deberemos de cuantificar el tiempo que deberemos de dedicarles a las redes sociales. Y, adem\u00e1s, dotar de calidad los contenidos e informaci\u00f3n que queramos ofrecer.<\/p>\n<p><strong>Buscar empleo requiere de tiempo, esfuerzo, dedicaci\u00f3n, paciencia, ideas claras y optimismo.<\/strong> Pero sobre todo, y ahora m\u00e1s que nunca, de interacci\u00f3n y de informaci\u00f3n, de comunicaci\u00f3n y de divulgaci\u00f3n. Porque nuestro \u00e9xito no es otro que el conseguir que se nos conozca, que se nos repute y que se nos identifique, no como la persona que busca empleo y que llama a la puerta de una empresa que no conoce. Sino como <strong>al profesional cualificado y experimentado que busca ofrecer sus capacidades y ponerlas al servicio de un proyecto com\u00fan<\/strong>, que no es otro que el de obtener beneficios por un trabajo impecablemente realizado.<\/p>\n<p>Las claves, aqu\u00ed.<\/p>\n<p><a href=\"https:\/\/twitter.com\/#!\/AntoniovChanal\" target=\"_blank\" rel=\"noopener\">@AntonioVChanal<\/a><br \/>\n<strong>Coach y Formador en Redes Sociales<\/strong><\/p>\n","protected":false},"excerpt":{"rendered":"<p>Las cosas suceden, de una manera u otra. Pero no pasan porque s\u00ed. Si queremos que algo salga<a class=\"moretag\" href=\"https:\/\/empresas.infoempleo.com\/hrtrends\/un-plan-para-encontrar-trabajo-en-las-redes-sociales-i\/\"> Leer m\u00e1s<\/a><\/p>\n","protected":false},"author":49,"featured_media":13980,"comment_status":"closed","ping_status":"open","sticky":false,"template":"","format":"standard","meta":{"footnotes":""},"categories":[3],"tags":[162,2400,26],"class_list":["post-13978","post","type-post","status-publish","format-standard","has-post-thumbnail","hentry","category-actualidad","tag-empleo","tag-recruitment-2-0","tag-redes-sociales"],"yoast_head":"<!-- This site is optimized with the Yoast SEO plugin v26.1.1 - https:\/\/yoast.com\/wordpress\/plugins\/seo\/ -->\n<title>Un plan para encontrar trabajo en las redes sociales (I) | HRTRENDS<\/title>\n<meta name=\"robots\" content=\"index, follow, max-snippet:-1, max-image-preview:large, max-video-preview:-1\" \/>\n<link rel=\"canonical\" href=\"https:\/\/empresas.infoempleo.com\/hrtrends\/un-plan-para-encontrar-trabajo-en-las-redes-sociales-i\/\" \/>\n<meta property=\"og:locale\" content=\"es_ES\" \/>\n<meta property=\"og:type\" content=\"article\" \/>\n<meta property=\"og:title\" content=\"Un plan para encontrar trabajo en las redes sociales (I) | HRTRENDS\" \/>\n<meta property=\"og:description\" content=\"Las cosas suceden, de una manera u otra. Pero no pasan porque s\u00ed. Si queremos que algo salga Leer m\u00e1s\" \/>\n<meta property=\"og:url\" content=\"https:\/\/empresas.infoempleo.com\/hrtrends\/un-plan-para-encontrar-trabajo-en-las-redes-sociales-i\/\" \/>\n<meta property=\"og:site_name\" content=\"HRTRENDS\" \/>\n<meta property=\"article:publisher\" content=\"https:\/\/www.facebook.com\/Infoempleo\" \/>\n<meta property=\"article:published_time\" content=\"2011-08-24T09:21:40+00:00\" \/>\n<meta property=\"article:modified_time\" content=\"2024-11-28T16:15:03+00:00\" \/>\n<meta property=\"og:image\" content=\"https:\/\/empresas.infoempleo.com\/hrtrends\/media\/2011\/08\/Planparaencontrartrabajo.jpg\" \/>\n\t<meta property=\"og:image:width\" content=\"568\" \/>\n\t<meta property=\"og:image:height\" content=\"258\" \/>\n\t<meta property=\"og:image:type\" content=\"image\/jpeg\" \/>\n<meta name=\"author\" content=\"antonio vallejo\" \/>\n<meta name=\"twitter:card\" content=\"summary_large_image\" \/>\n<meta name=\"twitter:creator\" content=\"@infoempleo\" \/>\n<meta name=\"twitter:site\" content=\"@infoempleo\" \/>\n<meta name=\"twitter:label1\" content=\"Escrito por\" \/>\n\t<meta name=\"twitter:data1\" content=\"antonio vallejo\" \/>\n\t<meta name=\"twitter:label2\" content=\"Tiempo de lectura\" \/>\n\t<meta name=\"twitter:data2\" content=\"5 minutos\" \/>\n<script type=\"application\/ld+json\" class=\"yoast-schema-graph\">{\"@context\":\"https:\/\/schema.org\",\"@graph\":[{\"@type\":\"NewsArticle\",\"@id\":\"https:\/\/empresas.infoempleo.com\/hrtrends\/un-plan-para-encontrar-trabajo-en-las-redes-sociales-i\/#article\",\"isPartOf\":{\"@id\":\"https:\/\/empresas.infoempleo.com\/hrtrends\/un-plan-para-encontrar-trabajo-en-las-redes-sociales-i\/\"},\"author\":{\"name\":\"antonio vallejo\",\"@id\":\"https:\/\/empresas.infoempleo.com\/hrtrends\/#\/schema\/person\/9bc89e3819d56720c9fba63ae9d827f3\"},\"headline\":\"Un plan para encontrar trabajo en las redes sociales (I)\",\"datePublished\":\"2011-08-24T09:21:40+00:00\",\"dateModified\":\"2024-11-28T16:15:03+00:00\",\"mainEntityOfPage\":{\"@id\":\"https:\/\/empresas.infoempleo.com\/hrtrends\/un-plan-para-encontrar-trabajo-en-las-redes-sociales-i\/\"},\"wordCount\":950,\"publisher\":{\"@id\":\"https:\/\/empresas.infoempleo.com\/hrtrends\/#organization\"},\"image\":{\"@id\":\"https:\/\/empresas.infoempleo.com\/hrtrends\/un-plan-para-encontrar-trabajo-en-las-redes-sociales-i\/#primaryimage\"},\"thumbnailUrl\":\"https:\/\/empresas.infoempleo.com\/hrtrends\/media\/2011\/08\/Planparaencontrartrabajo.jpg\",\"keywords\":[\"Empleo\",\"recruitment 2.0\",\"redes sociales\"],\"articleSection\":[\"Actualidad\"],\"inLanguage\":\"es\",\"copyrightYear\":\"2011\",\"copyrightHolder\":{\"@id\":\"https:\/\/empresas.infoempleo.com\/hrtrends\/#organization\"}},{\"@type\":\"WebPage\",\"@id\":\"https:\/\/empresas.infoempleo.com\/hrtrends\/un-plan-para-encontrar-trabajo-en-las-redes-sociales-i\/\",\"url\":\"https:\/\/empresas.infoempleo.com\/hrtrends\/un-plan-para-encontrar-trabajo-en-las-redes-sociales-i\/\",\"name\":\"Un plan para encontrar trabajo en las redes sociales (I) | HRTRENDS\",\"isPartOf\":{\"@id\":\"https:\/\/empresas.infoempleo.com\/hrtrends\/#website\"},\"primaryImageOfPage\":{\"@id\":\"https:\/\/empresas.infoempleo.com\/hrtrends\/un-plan-para-encontrar-trabajo-en-las-redes-sociales-i\/#primaryimage\"},\"image\":{\"@id\":\"https:\/\/empresas.infoempleo.com\/hrtrends\/un-plan-para-encontrar-trabajo-en-las-redes-sociales-i\/#primaryimage\"},\"thumbnailUrl\":\"https:\/\/empresas.infoempleo.com\/hrtrends\/media\/2011\/08\/Planparaencontrartrabajo.jpg\",\"datePublished\":\"2011-08-24T09:21:40+00:00\",\"dateModified\":\"2024-11-28T16:15:03+00:00\",\"breadcrumb\":{\"@id\":\"https:\/\/empresas.infoempleo.com\/hrtrends\/un-plan-para-encontrar-trabajo-en-las-redes-sociales-i\/#breadcrumb\"},\"inLanguage\":\"es\",\"potentialAction\":[{\"@type\":\"ReadAction\",\"target\":[\"https:\/\/empresas.infoempleo.com\/hrtrends\/un-plan-para-encontrar-trabajo-en-las-redes-sociales-i\/\"]}]},{\"@type\":\"ImageObject\",\"inLanguage\":\"es\",\"@id\":\"https:\/\/empresas.infoempleo.com\/hrtrends\/un-plan-para-encontrar-trabajo-en-las-redes-sociales-i\/#primaryimage\",\"url\":\"https:\/\/empresas.infoempleo.com\/hrtrends\/media\/2011\/08\/Planparaencontrartrabajo-150x150.jpg\",\"contentUrl\":\"https:\/\/empresas.infoempleo.com\/hrtrends\/media\/2011\/08\/Planparaencontrartrabajo-150x150.jpg\",\"width\":150,\"height\":150},{\"@type\":\"BreadcrumbList\",\"@id\":\"https:\/\/empresas.infoempleo.com\/hrtrends\/un-plan-para-encontrar-trabajo-en-las-redes-sociales-i\/#breadcrumb\",\"itemListElement\":[{\"@type\":\"ListItem\",\"position\":1,\"name\":\"Portada\",\"item\":\"https:\/\/empresas.infoempleo.com\/hrtrends\/\"},{\"@type\":\"ListItem\",\"position\":2,\"name\":\"Un plan para encontrar trabajo en las redes sociales (I)\"}]},{\"@type\":\"WebSite\",\"@id\":\"https:\/\/empresas.infoempleo.com\/hrtrends\/#website\",\"url\":\"https:\/\/empresas.infoempleo.com\/hrtrends\",\"name\":\"HRTrends by Infoempleo\",\"description\":\"\",\"publisher\":{\"@id\":\"https:\/\/empresas.infoempleo.com\/hrtrends\/#organization\"},\"potentialAction\":{\"@type\":\"SearchAction\",\"target\":\"https:\/\/empresas.infoempleo.com\/hrtrends\/?s={search_term_string}\",\"query-input\":\"required name=search_term_string\"},\"inLanguage\":\"es\"},{\"@type\":\"Organization\",\"@id\":\"https:\/\/empresas.infoempleo.com\/hrtrends\/#organization\",\"name\":\"Infoempleo\",\"url\":\"https:\/\/www.infoempleo.com\/\",\"logo\":{\"@type\":\"ImageObject\",\"@id\":\"https:\/\/empresas.infoempleo.com\/hrtrends\/#logo\",\"inLanguage\":\"es\",\"url\":\"https:\/\/cdnazure.infoempleo.com\/infoempleo\/assets\/style\/gfx\/logo.svg\",\"contentUrl\":\"https:\/\/cdnazure.infoempleo.com\/infoempleo\/assets\/style\/gfx\/logo.svg\",\"width\":150,\"height\":40,\"caption\":\"Infoempleo\"},\"image\":{\"@id\":\"https:\/\/empresas.infoempleo.com\/hrtrends\/#logo\"},\"sameAs\":[\"https:\/\/www.facebook.com\/Infoempleo\",\"https:\/\/x.com\/infoempleo\",\"http:\/\/instagram.com\/infoempleo\/\",\"http:\/\/www.linkedin.com\/groups\/Empleo-Espa\u00f1a-Infoempleocom-111276\",\"http:\/\/pinterest.com\/infoempleo\/\"],\"address\":{\"@type\":\"PostalAddress\",\"addressLocality\":\"Madrid\",\"postalCode\":\"28050\",\"streetAddress\":\"Avenida de Burgos 114\"},\"brand\":[\"Infoempleo\"]},{\"@type\":\"Person\",\"@id\":\"https:\/\/empresas.infoempleo.com\/hrtrends\/#\/schema\/person\/9bc89e3819d56720c9fba63ae9d827f3\",\"name\":\"antonio vallejo\",\"image\":{\"@type\":\"ImageObject\",\"inLanguage\":\"es\",\"@id\":\"https:\/\/empresas.infoempleo.com\/hrtrends\/#\/schema\/person\/image\/\",\"url\":\"https:\/\/secure.gravatar.com\/avatar\/882c28279ae4535d5a62c1e541f84d58ddfb96ce2c2119d0f109a2f3ce461806?s=96&d=mm&r=g\",\"contentUrl\":\"https:\/\/secure.gravatar.com\/avatar\/882c28279ae4535d5a62c1e541f84d58ddfb96ce2c2119d0f109a2f3ce461806?s=96&d=mm&r=g\",\"caption\":\"antonio vallejo\"},\"url\":\"https:\/\/empresas.infoempleo.com\/hrtrends\/author\/antonio-vallejo\/\"}]}<\/script>\n<!-- \/ Yoast SEO plugin. -->","yoast_head_json":{"title":"Un plan para encontrar trabajo en las redes sociales (I) | HRTRENDS","robots":{"index":"index","follow":"follow","max-snippet":"max-snippet:-1","max-image-preview":"max-image-preview:large","max-video-preview":"max-video-preview:-1"},"canonical":"https:\/\/empresas.infoempleo.com\/hrtrends\/un-plan-para-encontrar-trabajo-en-las-redes-sociales-i\/","og_locale":"es_ES","og_type":"article","og_title":"Un plan para encontrar trabajo en las redes sociales (I) | HRTRENDS","og_description":"Las cosas suceden, de una manera u otra. Pero no pasan porque s\u00ed. Si queremos que algo salga Leer m\u00e1s","og_url":"https:\/\/empresas.infoempleo.com\/hrtrends\/un-plan-para-encontrar-trabajo-en-las-redes-sociales-i\/","og_site_name":"HRTRENDS","article_publisher":"https:\/\/www.facebook.com\/Infoempleo","article_published_time":"2011-08-24T09:21:40+00:00","article_modified_time":"2024-11-28T16:15:03+00:00","og_image":[{"width":568,"height":258,"url":"https:\/\/empresas.infoempleo.com\/hrtrends\/media\/2011\/08\/Planparaencontrartrabajo.jpg","type":"image\/jpeg"}],"author":"antonio vallejo","twitter_card":"summary_large_image","twitter_creator":"@infoempleo","twitter_site":"@infoempleo","twitter_misc":{"Escrito por":"antonio vallejo","Tiempo de lectura":"5 minutos"},"schema":{"@context":"https:\/\/schema.org","@graph":[{"@type":"NewsArticle","@id":"https:\/\/empresas.infoempleo.com\/hrtrends\/un-plan-para-encontrar-trabajo-en-las-redes-sociales-i\/#article","isPartOf":{"@id":"https:\/\/empresas.infoempleo.com\/hrtrends\/un-plan-para-encontrar-trabajo-en-las-redes-sociales-i\/"},"author":{"name":"antonio vallejo","@id":"https:\/\/empresas.infoempleo.com\/hrtrends\/#\/schema\/person\/9bc89e3819d56720c9fba63ae9d827f3"},"headline":"Un plan para encontrar trabajo en las redes sociales (I)","datePublished":"2011-08-24T09:21:40+00:00","dateModified":"2024-11-28T16:15:03+00:00","mainEntityOfPage":{"@id":"https:\/\/empresas.infoempleo.com\/hrtrends\/un-plan-para-encontrar-trabajo-en-las-redes-sociales-i\/"},"wordCount":950,"publisher":{"@id":"https:\/\/empresas.infoempleo.com\/hrtrends\/#organization"},"image":{"@id":"https:\/\/empresas.infoempleo.com\/hrtrends\/un-plan-para-encontrar-trabajo-en-las-redes-sociales-i\/#primaryimage"},"thumbnailUrl":"https:\/\/empresas.infoempleo.com\/hrtrends\/media\/2011\/08\/Planparaencontrartrabajo.jpg","keywords":["Empleo","recruitment 2.0","redes sociales"],"articleSection":["Actualidad"],"inLanguage":"es","copyrightYear":"2011","copyrightHolder":{"@id":"https:\/\/empresas.infoempleo.com\/hrtrends\/#organization"}},{"@type":"WebPage","@id":"https:\/\/empresas.infoempleo.com\/hrtrends\/un-plan-para-encontrar-trabajo-en-las-redes-sociales-i\/","url":"https:\/\/empresas.infoempleo.com\/hrtrends\/un-plan-para-encontrar-trabajo-en-las-redes-sociales-i\/","name":"Un plan para encontrar trabajo en las redes sociales (I) | HRTRENDS","isPartOf":{"@id":"https:\/\/empresas.infoempleo.com\/hrtrends\/#website"},"primaryImageOfPage":{"@id":"https:\/\/empresas.infoempleo.com\/hrtrends\/un-plan-para-encontrar-trabajo-en-las-redes-sociales-i\/#primaryimage"},"image":{"@id":"https:\/\/empresas.infoempleo.com\/hrtrends\/un-plan-para-encontrar-trabajo-en-las-redes-sociales-i\/#primaryimage"},"thumbnailUrl":"https:\/\/empresas.infoempleo.com\/hrtrends\/media\/2011\/08\/Planparaencontrartrabajo.jpg","datePublished":"2011-08-24T09:21:40+00:00","dateModified":"2024-11-28T16:15:03+00:00","breadcrumb":{"@id":"https:\/\/empresas.infoempleo.com\/hrtrends\/un-plan-para-encontrar-trabajo-en-las-redes-sociales-i\/#breadcrumb"},"inLanguage":"es","potentialAction":[{"@type":"ReadAction","target":["https:\/\/empresas.infoempleo.com\/hrtrends\/un-plan-para-encontrar-trabajo-en-las-redes-sociales-i\/"]}]},{"@type":"ImageObject","inLanguage":"es","@id":"https:\/\/empresas.infoempleo.com\/hrtrends\/un-plan-para-encontrar-trabajo-en-las-redes-sociales-i\/#primaryimage","url":"https:\/\/empresas.infoempleo.com\/hrtrends\/media\/2011\/08\/Planparaencontrartrabajo-150x150.jpg","contentUrl":"https:\/\/empresas.infoempleo.com\/hrtrends\/media\/2011\/08\/Planparaencontrartrabajo-150x150.jpg","width":150,"height":150},{"@type":"BreadcrumbList","@id":"https:\/\/empresas.infoempleo.com\/hrtrends\/un-plan-para-encontrar-trabajo-en-las-redes-sociales-i\/#breadcrumb","itemListElement":[{"@type":"ListItem","position":1,"name":"Portada","item":"https:\/\/empresas.infoempleo.com\/hrtrends\/"},{"@type":"ListItem","position":2,"name":"Un plan para encontrar trabajo en las redes sociales (I)"}]},{"@type":"WebSite","@id":"https:\/\/empresas.infoempleo.com\/hrtrends\/#website","url":"https:\/\/empresas.infoempleo.com\/hrtrends","name":"HRTrends by Infoempleo","description":"","publisher":{"@id":"https:\/\/empresas.infoempleo.com\/hrtrends\/#organization"},"potentialAction":{"@type":"SearchAction","target":"https:\/\/empresas.infoempleo.com\/hrtrends\/?s={search_term_string}","query-input":"required name=search_term_string"},"inLanguage":"es"},{"@type":"Organization","@id":"https:\/\/empresas.infoempleo.com\/hrtrends\/#organization","name":"Infoempleo","url":"https:\/\/www.infoempleo.com\/","logo":{"@type":"ImageObject","@id":"https:\/\/empresas.infoempleo.com\/hrtrends\/#logo","inLanguage":"es","url":"https:\/\/cdnazure.infoempleo.com\/infoempleo\/assets\/style\/gfx\/logo.svg","contentUrl":"https:\/\/cdnazure.infoempleo.com\/infoempleo\/assets\/style\/gfx\/logo.svg","width":150,"height":40,"caption":"Infoempleo"},"image":{"@id":"https:\/\/empresas.infoempleo.com\/hrtrends\/#logo"},"sameAs":["https:\/\/www.facebook.com\/Infoempleo","https:\/\/x.com\/infoempleo","http:\/\/instagram.com\/infoempleo\/","http:\/\/www.linkedin.com\/groups\/Empleo-Espa\u00f1a-Infoempleocom-111276","http:\/\/pinterest.com\/infoempleo\/"],"address":{"@type":"PostalAddress","addressLocality":"Madrid","postalCode":"28050","streetAddress":"Avenida de Burgos 114"},"brand":["Infoempleo"]},{"@type":"Person","@id":"https:\/\/empresas.infoempleo.com\/hrtrends\/#\/schema\/person\/9bc89e3819d56720c9fba63ae9d827f3","name":"antonio vallejo","image":{"@type":"ImageObject","inLanguage":"es","@id":"https:\/\/empresas.infoempleo.com\/hrtrends\/#\/schema\/person\/image\/","url":"https:\/\/secure.gravatar.com\/avatar\/882c28279ae4535d5a62c1e541f84d58ddfb96ce2c2119d0f109a2f3ce461806?s=96&d=mm&r=g","contentUrl":"https:\/\/secure.gravatar.com\/avatar\/882c28279ae4535d5a62c1e541f84d58ddfb96ce2c2119d0f109a2f3ce461806?s=96&d=mm&r=g","caption":"antonio vallejo"},"url":"https:\/\/empresas.infoempleo.com\/hrtrends\/author\/antonio-vallejo\/"}]}},"amp_enabled":true,"_links":{"self":[{"href":"https:\/\/empresas.infoempleo.com\/hrtrends\/wp-json\/wp\/v2\/posts\/13978","targetHints":{"allow":["GET"]}}],"collection":[{"href":"https:\/\/empresas.infoempleo.com\/hrtrends\/wp-json\/wp\/v2\/posts"}],"about":[{"href":"https:\/\/empresas.infoempleo.com\/hrtrends\/wp-json\/wp\/v2\/types\/post"}],"author":[{"embeddable":true,"href":"https:\/\/empresas.infoempleo.com\/hrtrends\/wp-json\/wp\/v2\/users\/49"}],"replies":[{"embeddable":true,"href":"https:\/\/empresas.infoempleo.com\/hrtrends\/wp-json\/wp\/v2\/comments?post=13978"}],"version-history":[{"count":1,"href":"https:\/\/empresas.infoempleo.com\/hrtrends\/wp-json\/wp\/v2\/posts\/13978\/revisions"}],"predecessor-version":[{"id":46042,"href":"https:\/\/empresas.infoempleo.com\/hrtrends\/wp-json\/wp\/v2\/posts\/13978\/revisions\/46042"}],"wp:featuredmedia":[{"embeddable":true,"href":"https:\/\/empresas.infoempleo.com\/hrtrends\/wp-json\/wp\/v2\/media\/13980"}],"wp:attachment":[{"href":"https:\/\/empresas.infoempleo.com\/hrtrends\/wp-json\/wp\/v2\/media?parent=13978"}],"wp:term":[{"taxonomy":"category","embeddable":true,"href":"https:\/\/empresas.infoempleo.com\/hrtrends\/wp-json\/wp\/v2\/categories?post=13978"},{"taxonomy":"post_tag","embeddable":true,"href":"https:\/\/empresas.infoempleo.com\/hrtrends\/wp-json\/wp\/v2\/tags?post=13978"}],"curies":[{"name":"wp","href":"https:\/\/api.w.org\/{rel}","templated":true}]}}