{"id":13948,"date":"2011-08-19T10:30:04","date_gmt":"2011-08-19T09:30:04","guid":{"rendered":"http:\/\/blog.infoempleo.com\/?p=13948"},"modified":"2018-05-23T17:23:02","modified_gmt":"2018-05-23T15:23:02","slug":"buscar-un-trabajo-o-buscar-desarrollar-una-profesion-ii","status":"publish","type":"post","link":"https:\/\/empresas.infoempleo.com\/hrtrends\/buscar-un-trabajo-o-buscar-desarrollar-una-profesion-ii\/","title":{"rendered":"Buscar un trabajo o buscar desarrollar una profesi\u00f3n (II)"},"content":{"rendered":"<p style=\"text-align: center;\"><img loading=\"lazy\" decoding=\"async\" class=\"alignnone size-full wp-image-13949\" title=\"Buscar un trabajo 2\" src=\"https:\/\/empresas.infoempleo.com\/hrtrends\/media\/2011\/08\/Actitud2.jpg\" alt=\"\" width=\"454\" height=\"206\" srcset=\"https:\/\/empresas.infoempleo.com\/hrtrends\/media\/2011\/08\/Actitud2.jpg 568w, https:\/\/empresas.infoempleo.com\/hrtrends\/media\/2011\/08\/Actitud2-300x136.jpg 300w\" sizes=\"auto, (max-width: 454px) 100vw, 454px\" \/><\/p>\n<p>Las cosas suceden, de una manera u otra. Si bien esto significa que no hay nada predestinado, s\u00ed que es cierto que nuestros actos conforman y definen nuestro devenir. Dec\u00edamos, en la primera parte de este art\u00edculo, que la <strong>actitud<\/strong> ante las cosas tiene que prevalecer sobre la <strong>aptitud<\/strong> que tengamos para hacerlas. Y con esto no me refiero a que se tenga que dejar de lado la capacitaci\u00f3n y la preparaci\u00f3n. Todo lo contrario. \u00danicamente hay que reforzar el sentimiento de querer conseguir una cosa. Pero no hacerlo porque s\u00ed. Hay que ser conscientes de qu\u00e9 buscamos, y sobre todo, si es posible obtenerlo.<\/p>\n<p>Las redes sociales son un elemento sustancial y fundamental de las nuevas relaciones sociales. Y esto es as\u00ed porque con ellas tenemos la oportunidad de poder establecer contacto con personas que nos son completos desconocidos, pero que pueden aportarnos muchas cosas de bien.<\/p>\n<p>En nuestro periplo por encontrar un empleo hay una serie de elementos que, desde siempre, hemos tenido muy en cuenta: la elaboraci\u00f3n de un curr\u00edculo y la redacci\u00f3n de una carta de presentaci\u00f3n.<\/p>\n<p>Por cuanto al <strong>curr\u00edculo<\/strong>, hemos de tener en cuenta que, como todo, las cosas cambian. La manera de relatar las cosas cambia, aunque la f\u00f3rmula en que se presentan suele ser la misma. Nuestro curr\u00edculum es la forma en que nos damos a conocer profesionalmente. Es una herramienta fundamental con la que le decimos al responsable de la selecci\u00f3n de una empresa en que somos buenos, y qu\u00e9 es lo que hemos estado haciendo laboralmente hasta ahora.<\/p>\n<p>Suele decirse que el mejor curr\u00edculo es aquel que es capaz de resumir en el menor espacio posible toda nuestra trayectoria profesional. Y que se valora m\u00e1s un curr\u00edculo de una p\u00e1gina de extensi\u00f3n, que uno de dos p\u00e1ginas. As\u00ed que\u2026 \u00bfQu\u00e9 podemos hacer para poder detallar lo que una \u00fanica l\u00ednea tiene que resumir?<\/p>\n<p>Aunque parezca parad\u00f3jico, las redes sociales pueden ayudarnos a ello. Una de las leyes escritas del <strong>SEO<\/strong> (Search Engine Optimization) viene a decir que para tener un buen posicionamiento en las redes sociales hay que contar con un <strong>blog, redes sociales<\/strong> y usar <strong>v\u00ednculos de referencia<\/strong>. Lo que quiere decir que hay que tener algo en donde contar una historia, algo que ayude a difundirla, y algo que nos permita dotarla de valor (externo) que la haga m\u00e1s consistente (la historia).<\/p>\n<p>En nuestro caso, la <em>historia<\/em>, no es otra que nuestra <em><strong>historia profesional,<\/strong><\/em> nuestro <strong>curr\u00edculo<\/strong>.<\/p>\n<p>Hace alg\u00fan tiempo le comentaba a uno de mis alumnos de redes sociales (que quer\u00eda reflotar un viejo blog que hab\u00eda publicado tiempo atr\u00e1s) que para poder tener \u00e9xito no hay que ser ni rebuscado ni complicado. <strong>La respuesta a todo se encuentra en la simplicidad de las cosas.<\/strong> Si uno (como \u00e9l) es especialista en el campo de la fotograf\u00eda, lo suyo es escribir sobre consejos de fotograf\u00eda a un nivel muy b\u00e1sico. Encuadres, la mejor opci\u00f3n de luz, trucos y consejos f\u00e1ciles para retocar una fotograf\u00eda o una imagen sin alterar la esencia de la composici\u00f3n\u2026<\/p>\n<p><strong>Peque\u00f1as cosas<\/strong> que demuestren que estamos capacitados, que tenemos conocimientos, pero sobre todo, que tenemos aptitudes para realizar ese trabajo.<\/p>\n<p>Groucho Marx (actor norteamericano, 1890- 1977) dec\u00eda que <strong>la felicidad est\u00e1 hecha de peque\u00f1as cosas:<\/strong> un peque\u00f1o yate, una peque\u00f1a mansi\u00f3n, una peque\u00f1a fortuna\u2026 Y no le faltaba raz\u00f3n. Son los peque\u00f1os detalles lo que hacen que las cosas destaquen. Y cuanto m\u00e1s complicado es hacerse notar, m\u00e1s fundamentales se hacen.<\/p>\n<p><strong>Las redes sociales<\/strong>, por contar, deben de ayudar a difundir ese conocimiento. Han de ser los <strong>mensajeros de fortuna<\/strong>, que divulguen con peque\u00f1as pinceladas, los \u00e9xitos que somos capaces de conseguir.<\/p>\n<p>Y en esto, todos quienes buscamos empleo y trabajo, tenemos algo que contar y algo que decir. No hay clases de parados, ni tipo de mano de obra. Desde un ingeniero a un escayolista, desde un periodista a un carpintero.<\/p>\n<p>Las actitudes son inherentes a la forma de ser de cada uno. Van impl\u00edcitas en nuestro car\u00e1cter, aunque tambi\u00e9n lo conforman y nos lo dotan de personalidad. Tiene que ver con las ganas con las que hacemos las cosas. Cuando nos ponemos en faena a hacer una cosa con verdadero inter\u00e9s.<\/p>\n<p>\u00c9sa es la actitud con la que debi\u00e9ramos de hacer siempre todo a lo que nos enfrentamos cada d\u00eda. Porque el \u00e9xito o el fracaso no depende de lo inteligente o listos que seamos. Depende del modo en que hacemos las cosas. Depende del inter\u00e9s con que la afrontamos.<\/p>\n<p>Es m\u00e1s, para sortear grandes desaf\u00edos lo importante no es contar con enormes recursos. Sino planificar peque\u00f1as estrategias que nos ayuden a sortearlos poco a poco. Para hacer un trabajo bien hecho, tan s\u00f3lo falta ponerle un poco de inter\u00e9s. Pero del de verdad.<\/p>\n<p><a href=\"https:\/\/twitter.com\/#!\/AntoniovChanal\" target=\"_blank\">@AntonioVChanal<\/a><br \/>\n<strong>Coach y Formador en Redes Sociales<\/strong><\/p>\n","protected":false},"excerpt":{"rendered":"<p>Las cosas suceden, de una manera u otra. Si bien esto significa que no hay nada predestinado, s\u00ed<a class=\"moretag\" href=\"https:\/\/empresas.infoempleo.com\/hrtrends\/buscar-un-trabajo-o-buscar-desarrollar-una-profesion-ii\/\"> Leer m\u00e1s<\/a><\/p>\n","protected":false},"author":49,"featured_media":13949,"comment_status":"closed","ping_status":"open","sticky":false,"template":"","format":"standard","meta":{"footnotes":""},"categories":[3],"tags":[162,2400,26,37],"class_list":["post-13948","post","type-post","status-publish","format-standard","has-post-thumbnail","hentry","category-actualidad","tag-empleo","tag-recruitment-2-0","tag-redes-sociales","tag-trabajo"],"yoast_head":"<!-- This site is optimized with the Yoast SEO plugin v26.1.1 - https:\/\/yoast.com\/wordpress\/plugins\/seo\/ -->\n<title>Buscar un trabajo o buscar desarrollar una profesi\u00f3n (II) | HRTRENDS<\/title>\n<meta name=\"robots\" content=\"index, follow, max-snippet:-1, max-image-preview:large, max-video-preview:-1\" \/>\n<link rel=\"canonical\" href=\"https:\/\/empresas.infoempleo.com\/hrtrends\/buscar-un-trabajo-o-buscar-desarrollar-una-profesion-ii\/\" \/>\n<meta property=\"og:locale\" content=\"es_ES\" \/>\n<meta property=\"og:type\" content=\"article\" \/>\n<meta property=\"og:title\" content=\"Buscar un trabajo o buscar desarrollar una profesi\u00f3n (II) | HRTRENDS\" \/>\n<meta property=\"og:description\" content=\"Las cosas suceden, de una manera u otra. Si bien esto significa que no hay nada predestinado, s\u00ed Leer m\u00e1s\" \/>\n<meta property=\"og:url\" content=\"https:\/\/empresas.infoempleo.com\/hrtrends\/buscar-un-trabajo-o-buscar-desarrollar-una-profesion-ii\/\" \/>\n<meta property=\"og:site_name\" content=\"HRTRENDS\" \/>\n<meta property=\"article:publisher\" content=\"https:\/\/www.facebook.com\/Infoempleo\" \/>\n<meta property=\"article:published_time\" content=\"2011-08-19T09:30:04+00:00\" \/>\n<meta property=\"article:modified_time\" content=\"2018-05-23T15:23:02+00:00\" \/>\n<meta property=\"og:image\" content=\"https:\/\/empresas.infoempleo.com\/hrtrends\/media\/2011\/08\/Actitud2.jpg\" \/>\n\t<meta property=\"og:image:width\" content=\"568\" \/>\n\t<meta property=\"og:image:height\" content=\"258\" \/>\n\t<meta property=\"og:image:type\" content=\"image\/jpeg\" \/>\n<meta name=\"author\" content=\"antonio vallejo\" \/>\n<meta name=\"twitter:card\" content=\"summary_large_image\" \/>\n<meta name=\"twitter:creator\" content=\"@infoempleo\" \/>\n<meta name=\"twitter:site\" content=\"@infoempleo\" \/>\n<meta name=\"twitter:label1\" content=\"Escrito por\" \/>\n\t<meta name=\"twitter:data1\" content=\"antonio vallejo\" \/>\n\t<meta name=\"twitter:label2\" content=\"Tiempo de lectura\" \/>\n\t<meta name=\"twitter:data2\" content=\"4 minutos\" \/>\n<script type=\"application\/ld+json\" class=\"yoast-schema-graph\">{\"@context\":\"https:\/\/schema.org\",\"@graph\":[{\"@type\":\"NewsArticle\",\"@id\":\"https:\/\/empresas.infoempleo.com\/hrtrends\/buscar-un-trabajo-o-buscar-desarrollar-una-profesion-ii\/#article\",\"isPartOf\":{\"@id\":\"https:\/\/empresas.infoempleo.com\/hrtrends\/buscar-un-trabajo-o-buscar-desarrollar-una-profesion-ii\/\"},\"author\":{\"name\":\"antonio vallejo\",\"@id\":\"https:\/\/empresas.infoempleo.com\/hrtrends\/#\/schema\/person\/9bc89e3819d56720c9fba63ae9d827f3\"},\"headline\":\"Buscar un trabajo o buscar desarrollar una profesi\u00f3n (II)\",\"datePublished\":\"2011-08-19T09:30:04+00:00\",\"dateModified\":\"2018-05-23T15:23:02+00:00\",\"mainEntityOfPage\":{\"@id\":\"https:\/\/empresas.infoempleo.com\/hrtrends\/buscar-un-trabajo-o-buscar-desarrollar-una-profesion-ii\/\"},\"wordCount\":866,\"publisher\":{\"@id\":\"https:\/\/empresas.infoempleo.com\/hrtrends\/#organization\"},\"image\":{\"@id\":\"https:\/\/empresas.infoempleo.com\/hrtrends\/buscar-un-trabajo-o-buscar-desarrollar-una-profesion-ii\/#primaryimage\"},\"thumbnailUrl\":\"https:\/\/empresas.infoempleo.com\/hrtrends\/media\/2011\/08\/Actitud2.jpg\",\"keywords\":[\"Empleo\",\"recruitment 2.0\",\"redes sociales\",\"trabajo\"],\"articleSection\":[\"Actualidad\"],\"inLanguage\":\"es\",\"copyrightYear\":\"2011\",\"copyrightHolder\":{\"@id\":\"https:\/\/empresas.infoempleo.com\/hrtrends\/#organization\"}},{\"@type\":\"WebPage\",\"@id\":\"https:\/\/empresas.infoempleo.com\/hrtrends\/buscar-un-trabajo-o-buscar-desarrollar-una-profesion-ii\/\",\"url\":\"https:\/\/empresas.infoempleo.com\/hrtrends\/buscar-un-trabajo-o-buscar-desarrollar-una-profesion-ii\/\",\"name\":\"Buscar un trabajo o buscar desarrollar una profesi\u00f3n (II) | HRTRENDS\",\"isPartOf\":{\"@id\":\"https:\/\/empresas.infoempleo.com\/hrtrends\/#website\"},\"primaryImageOfPage\":{\"@id\":\"https:\/\/empresas.infoempleo.com\/hrtrends\/buscar-un-trabajo-o-buscar-desarrollar-una-profesion-ii\/#primaryimage\"},\"image\":{\"@id\":\"https:\/\/empresas.infoempleo.com\/hrtrends\/buscar-un-trabajo-o-buscar-desarrollar-una-profesion-ii\/#primaryimage\"},\"thumbnailUrl\":\"https:\/\/empresas.infoempleo.com\/hrtrends\/media\/2011\/08\/Actitud2.jpg\",\"datePublished\":\"2011-08-19T09:30:04+00:00\",\"dateModified\":\"2018-05-23T15:23:02+00:00\",\"breadcrumb\":{\"@id\":\"https:\/\/empresas.infoempleo.com\/hrtrends\/buscar-un-trabajo-o-buscar-desarrollar-una-profesion-ii\/#breadcrumb\"},\"inLanguage\":\"es\",\"potentialAction\":[{\"@type\":\"ReadAction\",\"target\":[\"https:\/\/empresas.infoempleo.com\/hrtrends\/buscar-un-trabajo-o-buscar-desarrollar-una-profesion-ii\/\"]}]},{\"@type\":\"ImageObject\",\"inLanguage\":\"es\",\"@id\":\"https:\/\/empresas.infoempleo.com\/hrtrends\/buscar-un-trabajo-o-buscar-desarrollar-una-profesion-ii\/#primaryimage\",\"url\":\"https:\/\/empresas.infoempleo.com\/hrtrends\/media\/2011\/08\/Actitud2-150x150.jpg\",\"contentUrl\":\"https:\/\/empresas.infoempleo.com\/hrtrends\/media\/2011\/08\/Actitud2-150x150.jpg\",\"width\":150,\"height\":150},{\"@type\":\"BreadcrumbList\",\"@id\":\"https:\/\/empresas.infoempleo.com\/hrtrends\/buscar-un-trabajo-o-buscar-desarrollar-una-profesion-ii\/#breadcrumb\",\"itemListElement\":[{\"@type\":\"ListItem\",\"position\":1,\"name\":\"Portada\",\"item\":\"https:\/\/empresas.infoempleo.com\/hrtrends\/\"},{\"@type\":\"ListItem\",\"position\":2,\"name\":\"Buscar un trabajo o buscar desarrollar una profesi\u00f3n (II)\"}]},{\"@type\":\"WebSite\",\"@id\":\"https:\/\/empresas.infoempleo.com\/hrtrends\/#website\",\"url\":\"https:\/\/empresas.infoempleo.com\/hrtrends\",\"name\":\"HRTrends by Infoempleo\",\"description\":\"\",\"publisher\":{\"@id\":\"https:\/\/empresas.infoempleo.com\/hrtrends\/#organization\"},\"potentialAction\":{\"@type\":\"SearchAction\",\"target\":\"https:\/\/empresas.infoempleo.com\/hrtrends\/?s={search_term_string}\",\"query-input\":\"required name=search_term_string\"},\"inLanguage\":\"es\"},{\"@type\":\"Organization\",\"@id\":\"https:\/\/empresas.infoempleo.com\/hrtrends\/#organization\",\"name\":\"Infoempleo\",\"url\":\"https:\/\/www.infoempleo.com\/\",\"logo\":{\"@type\":\"ImageObject\",\"@id\":\"https:\/\/empresas.infoempleo.com\/hrtrends\/#logo\",\"inLanguage\":\"es\",\"url\":\"https:\/\/cdnazure.infoempleo.com\/infoempleo\/assets\/style\/gfx\/logo.svg\",\"contentUrl\":\"https:\/\/cdnazure.infoempleo.com\/infoempleo\/assets\/style\/gfx\/logo.svg\",\"width\":150,\"height\":40,\"caption\":\"Infoempleo\"},\"image\":{\"@id\":\"https:\/\/empresas.infoempleo.com\/hrtrends\/#logo\"},\"sameAs\":[\"https:\/\/www.facebook.com\/Infoempleo\",\"https:\/\/x.com\/infoempleo\",\"http:\/\/instagram.com\/infoempleo\/\",\"http:\/\/www.linkedin.com\/groups\/Empleo-Espa\u00f1a-Infoempleocom-111276\",\"http:\/\/pinterest.com\/infoempleo\/\"],\"address\":{\"@type\":\"PostalAddress\",\"addressLocality\":\"Madrid\",\"postalCode\":\"28050\",\"streetAddress\":\"Avenida de Burgos 114\"},\"brand\":[\"Infoempleo\"]},{\"@type\":\"Person\",\"@id\":\"https:\/\/empresas.infoempleo.com\/hrtrends\/#\/schema\/person\/9bc89e3819d56720c9fba63ae9d827f3\",\"name\":\"antonio vallejo\",\"image\":{\"@type\":\"ImageObject\",\"inLanguage\":\"es\",\"@id\":\"https:\/\/empresas.infoempleo.com\/hrtrends\/#\/schema\/person\/image\/\",\"url\":\"https:\/\/secure.gravatar.com\/avatar\/882c28279ae4535d5a62c1e541f84d58ddfb96ce2c2119d0f109a2f3ce461806?s=96&d=mm&r=g\",\"contentUrl\":\"https:\/\/secure.gravatar.com\/avatar\/882c28279ae4535d5a62c1e541f84d58ddfb96ce2c2119d0f109a2f3ce461806?s=96&d=mm&r=g\",\"caption\":\"antonio vallejo\"},\"url\":\"https:\/\/empresas.infoempleo.com\/hrtrends\/author\/antonio-vallejo\/\"}]}<\/script>\n<!-- \/ Yoast SEO plugin. -->","yoast_head_json":{"title":"Buscar un trabajo o buscar desarrollar una profesi\u00f3n (II) | HRTRENDS","robots":{"index":"index","follow":"follow","max-snippet":"max-snippet:-1","max-image-preview":"max-image-preview:large","max-video-preview":"max-video-preview:-1"},"canonical":"https:\/\/empresas.infoempleo.com\/hrtrends\/buscar-un-trabajo-o-buscar-desarrollar-una-profesion-ii\/","og_locale":"es_ES","og_type":"article","og_title":"Buscar un trabajo o buscar desarrollar una profesi\u00f3n (II) | HRTRENDS","og_description":"Las cosas suceden, de una manera u otra. Si bien esto significa que no hay nada predestinado, s\u00ed Leer m\u00e1s","og_url":"https:\/\/empresas.infoempleo.com\/hrtrends\/buscar-un-trabajo-o-buscar-desarrollar-una-profesion-ii\/","og_site_name":"HRTRENDS","article_publisher":"https:\/\/www.facebook.com\/Infoempleo","article_published_time":"2011-08-19T09:30:04+00:00","article_modified_time":"2018-05-23T15:23:02+00:00","og_image":[{"width":568,"height":258,"url":"https:\/\/empresas.infoempleo.com\/hrtrends\/media\/2011\/08\/Actitud2.jpg","type":"image\/jpeg"}],"author":"antonio vallejo","twitter_card":"summary_large_image","twitter_creator":"@infoempleo","twitter_site":"@infoempleo","twitter_misc":{"Escrito por":"antonio vallejo","Tiempo de lectura":"4 minutos"},"schema":{"@context":"https:\/\/schema.org","@graph":[{"@type":"NewsArticle","@id":"https:\/\/empresas.infoempleo.com\/hrtrends\/buscar-un-trabajo-o-buscar-desarrollar-una-profesion-ii\/#article","isPartOf":{"@id":"https:\/\/empresas.infoempleo.com\/hrtrends\/buscar-un-trabajo-o-buscar-desarrollar-una-profesion-ii\/"},"author":{"name":"antonio vallejo","@id":"https:\/\/empresas.infoempleo.com\/hrtrends\/#\/schema\/person\/9bc89e3819d56720c9fba63ae9d827f3"},"headline":"Buscar un trabajo o buscar desarrollar una profesi\u00f3n (II)","datePublished":"2011-08-19T09:30:04+00:00","dateModified":"2018-05-23T15:23:02+00:00","mainEntityOfPage":{"@id":"https:\/\/empresas.infoempleo.com\/hrtrends\/buscar-un-trabajo-o-buscar-desarrollar-una-profesion-ii\/"},"wordCount":866,"publisher":{"@id":"https:\/\/empresas.infoempleo.com\/hrtrends\/#organization"},"image":{"@id":"https:\/\/empresas.infoempleo.com\/hrtrends\/buscar-un-trabajo-o-buscar-desarrollar-una-profesion-ii\/#primaryimage"},"thumbnailUrl":"https:\/\/empresas.infoempleo.com\/hrtrends\/media\/2011\/08\/Actitud2.jpg","keywords":["Empleo","recruitment 2.0","redes sociales","trabajo"],"articleSection":["Actualidad"],"inLanguage":"es","copyrightYear":"2011","copyrightHolder":{"@id":"https:\/\/empresas.infoempleo.com\/hrtrends\/#organization"}},{"@type":"WebPage","@id":"https:\/\/empresas.infoempleo.com\/hrtrends\/buscar-un-trabajo-o-buscar-desarrollar-una-profesion-ii\/","url":"https:\/\/empresas.infoempleo.com\/hrtrends\/buscar-un-trabajo-o-buscar-desarrollar-una-profesion-ii\/","name":"Buscar un trabajo o buscar desarrollar una profesi\u00f3n (II) | HRTRENDS","isPartOf":{"@id":"https:\/\/empresas.infoempleo.com\/hrtrends\/#website"},"primaryImageOfPage":{"@id":"https:\/\/empresas.infoempleo.com\/hrtrends\/buscar-un-trabajo-o-buscar-desarrollar-una-profesion-ii\/#primaryimage"},"image":{"@id":"https:\/\/empresas.infoempleo.com\/hrtrends\/buscar-un-trabajo-o-buscar-desarrollar-una-profesion-ii\/#primaryimage"},"thumbnailUrl":"https:\/\/empresas.infoempleo.com\/hrtrends\/media\/2011\/08\/Actitud2.jpg","datePublished":"2011-08-19T09:30:04+00:00","dateModified":"2018-05-23T15:23:02+00:00","breadcrumb":{"@id":"https:\/\/empresas.infoempleo.com\/hrtrends\/buscar-un-trabajo-o-buscar-desarrollar-una-profesion-ii\/#breadcrumb"},"inLanguage":"es","potentialAction":[{"@type":"ReadAction","target":["https:\/\/empresas.infoempleo.com\/hrtrends\/buscar-un-trabajo-o-buscar-desarrollar-una-profesion-ii\/"]}]},{"@type":"ImageObject","inLanguage":"es","@id":"https:\/\/empresas.infoempleo.com\/hrtrends\/buscar-un-trabajo-o-buscar-desarrollar-una-profesion-ii\/#primaryimage","url":"https:\/\/empresas.infoempleo.com\/hrtrends\/media\/2011\/08\/Actitud2-150x150.jpg","contentUrl":"https:\/\/empresas.infoempleo.com\/hrtrends\/media\/2011\/08\/Actitud2-150x150.jpg","width":150,"height":150},{"@type":"BreadcrumbList","@id":"https:\/\/empresas.infoempleo.com\/hrtrends\/buscar-un-trabajo-o-buscar-desarrollar-una-profesion-ii\/#breadcrumb","itemListElement":[{"@type":"ListItem","position":1,"name":"Portada","item":"https:\/\/empresas.infoempleo.com\/hrtrends\/"},{"@type":"ListItem","position":2,"name":"Buscar un trabajo o buscar desarrollar una profesi\u00f3n (II)"}]},{"@type":"WebSite","@id":"https:\/\/empresas.infoempleo.com\/hrtrends\/#website","url":"https:\/\/empresas.infoempleo.com\/hrtrends","name":"HRTrends by Infoempleo","description":"","publisher":{"@id":"https:\/\/empresas.infoempleo.com\/hrtrends\/#organization"},"potentialAction":{"@type":"SearchAction","target":"https:\/\/empresas.infoempleo.com\/hrtrends\/?s={search_term_string}","query-input":"required name=search_term_string"},"inLanguage":"es"},{"@type":"Organization","@id":"https:\/\/empresas.infoempleo.com\/hrtrends\/#organization","name":"Infoempleo","url":"https:\/\/www.infoempleo.com\/","logo":{"@type":"ImageObject","@id":"https:\/\/empresas.infoempleo.com\/hrtrends\/#logo","inLanguage":"es","url":"https:\/\/cdnazure.infoempleo.com\/infoempleo\/assets\/style\/gfx\/logo.svg","contentUrl":"https:\/\/cdnazure.infoempleo.com\/infoempleo\/assets\/style\/gfx\/logo.svg","width":150,"height":40,"caption":"Infoempleo"},"image":{"@id":"https:\/\/empresas.infoempleo.com\/hrtrends\/#logo"},"sameAs":["https:\/\/www.facebook.com\/Infoempleo","https:\/\/x.com\/infoempleo","http:\/\/instagram.com\/infoempleo\/","http:\/\/www.linkedin.com\/groups\/Empleo-Espa\u00f1a-Infoempleocom-111276","http:\/\/pinterest.com\/infoempleo\/"],"address":{"@type":"PostalAddress","addressLocality":"Madrid","postalCode":"28050","streetAddress":"Avenida de Burgos 114"},"brand":["Infoempleo"]},{"@type":"Person","@id":"https:\/\/empresas.infoempleo.com\/hrtrends\/#\/schema\/person\/9bc89e3819d56720c9fba63ae9d827f3","name":"antonio vallejo","image":{"@type":"ImageObject","inLanguage":"es","@id":"https:\/\/empresas.infoempleo.com\/hrtrends\/#\/schema\/person\/image\/","url":"https:\/\/secure.gravatar.com\/avatar\/882c28279ae4535d5a62c1e541f84d58ddfb96ce2c2119d0f109a2f3ce461806?s=96&d=mm&r=g","contentUrl":"https:\/\/secure.gravatar.com\/avatar\/882c28279ae4535d5a62c1e541f84d58ddfb96ce2c2119d0f109a2f3ce461806?s=96&d=mm&r=g","caption":"antonio vallejo"},"url":"https:\/\/empresas.infoempleo.com\/hrtrends\/author\/antonio-vallejo\/"}]}},"amp_enabled":true,"_links":{"self":[{"href":"https:\/\/empresas.infoempleo.com\/hrtrends\/wp-json\/wp\/v2\/posts\/13948","targetHints":{"allow":["GET"]}}],"collection":[{"href":"https:\/\/empresas.infoempleo.com\/hrtrends\/wp-json\/wp\/v2\/posts"}],"about":[{"href":"https:\/\/empresas.infoempleo.com\/hrtrends\/wp-json\/wp\/v2\/types\/post"}],"author":[{"embeddable":true,"href":"https:\/\/empresas.infoempleo.com\/hrtrends\/wp-json\/wp\/v2\/users\/49"}],"replies":[{"embeddable":true,"href":"https:\/\/empresas.infoempleo.com\/hrtrends\/wp-json\/wp\/v2\/comments?post=13948"}],"version-history":[{"count":0,"href":"https:\/\/empresas.infoempleo.com\/hrtrends\/wp-json\/wp\/v2\/posts\/13948\/revisions"}],"wp:featuredmedia":[{"embeddable":true,"href":"https:\/\/empresas.infoempleo.com\/hrtrends\/wp-json\/wp\/v2\/media\/13949"}],"wp:attachment":[{"href":"https:\/\/empresas.infoempleo.com\/hrtrends\/wp-json\/wp\/v2\/media?parent=13948"}],"wp:term":[{"taxonomy":"category","embeddable":true,"href":"https:\/\/empresas.infoempleo.com\/hrtrends\/wp-json\/wp\/v2\/categories?post=13948"},{"taxonomy":"post_tag","embeddable":true,"href":"https:\/\/empresas.infoempleo.com\/hrtrends\/wp-json\/wp\/v2\/tags?post=13948"}],"curies":[{"name":"wp","href":"https:\/\/api.w.org\/{rel}","templated":true}]}}