{"id":13944,"date":"2011-08-17T09:37:43","date_gmt":"2011-08-17T08:37:43","guid":{"rendered":"http:\/\/blog.infoempleo.com\/?p=13944"},"modified":"2024-12-09T13:10:16","modified_gmt":"2024-12-09T11:10:16","slug":"buscar-un-trabajo-o-buscar-desarrollar-una-profesion-i","status":"publish","type":"post","link":"https:\/\/empresas.infoempleo.com\/hrtrends\/buscar-un-trabajo-o-buscar-desarrollar-una-profesion-i\/","title":{"rendered":"Buscar un trabajo o buscar desarrollar una profesi\u00f3n (I)"},"content":{"rendered":"<p style=\"text-align: center;\"><img loading=\"lazy\" decoding=\"async\" class=\"alignnone size-full wp-image-13945\" title=\"Actitud\" src=\"https:\/\/empresas.infoempleo.com\/hrtrends\/media\/2011\/08\/Actitud.jpg\" alt=\"\" width=\"454\" height=\"206\" srcset=\"https:\/\/empresas.infoempleo.com\/hrtrends\/media\/2011\/08\/Actitud.jpg 568w, https:\/\/empresas.infoempleo.com\/hrtrends\/media\/2011\/08\/Actitud-300x136.jpg 300w\" sizes=\"auto, (max-width: 454px) 100vw, 454px\" \/><\/p>\n<p>Las cosas suceden, de una manera u otra. Encontrar un trabajo puede convertirse en una tarea dif\u00edcil en momentos en los que la demanda supera la oferta. La capacitaci\u00f3n del individuo debe de prevalecer y hacerse notar siempre sobre la de los dem\u00e1s. Una clave para el \u00e9xito que muy pocas veces es aprovechada, por el conformismo que demostramos para hacernos con una vacante. Cuando lo que debi\u00e9ramos de hacer es transmitir positivamente actitudes que reflejen las ganas de incorporarnos a la empresa y de hacer cosas de provecho para ella.<\/p>\n<p>Las actitudes siempre son m\u00e1s importantes que las aptitudes. A lo largo de nuestra vida somos protagonistas de acontecimientos cotidianos que van marcando y forjando tanto nuestro car\u00e1cter como nuestra forma de relacionarnos con los dem\u00e1s. Terminamos siendo lo que hacemos, no lo que decimos. Porque as\u00ed es como nos ven los dem\u00e1s, y con nuestros actos nos definimos en nuestras relaciones sociales y en la forma en que interactuamos en la sociedad como individuos.<\/p>\n<p>La formaci\u00f3n y la educaci\u00f3n reivindican un papel muy importante, y nuestra actitud ante las cosas es la que forja, con el tiempo, el car\u00e1cter de cada uno de nosotros. No nos damos cuenta de ello, pero <strong>la predisposici\u00f3n para hacer las cosas es la que consigue que seamos mejores en muchas de las tareas que debemos de afrontar ante la vida.<\/strong><\/p>\n<p>La mayor parte de las veces, sobre todo cuando llevamos mucho tiempo buscando un empleo, no nos damos cuenta de que nuestra actitud en cada una de las fases de la b\u00fasqueda puede marcar la diferencia entre ser elegido o ser descartado para el puesto. Y soy consciente de que, la gran mayor\u00eda de las veces, es muy dif\u00edcil desvincularse del tremendo peso moral y de la enorme carga an\u00edmica que supone ser consciente de ser un parado de media o de larga duraci\u00f3n. Sobre todo porque muchas veces no somos due\u00f1os de nuestro destino. O eso es lo que parece.<\/p>\n<p>Sin embargo, podemos tratar de hacer que las cosas cambien o se ti\u00f1an de un color menos ocre y oscuro.<\/p>\n<p>A la hora de buscar un empleo todo afecta. Influye la forma en que nos sentemos ante nuestro ordenador para revisar el correo o para buscar las ofertas en nuestro <a href=\"https:\/\/www.infoempleo.com\/\" target=\"_blank\" rel=\"noopener\">portal de empleo<\/a> favorito. Influye c\u00f3mo leamos y busquemos diferentes <a href=\"https:\/\/twitter.com\/\" target=\"_blank\" rel=\"noopener\">twits<\/a> o publicaciones en el muro. Influye todo en muchas y variadas formas y colores. Y es que todo es cuesti\u00f3n de actitud. Ya que con ella nos terminaremos presentando ante nuestros contactos: en las redes sociales y en la vida real.<\/p>\n<p>Nos afecta porque cuando creamos haber encontrado un puesto de trabajo acorde con lo que queremos hacer, o que se pueda adaptar a nuestras capacitaciones, incluir\u00e1 la forma en que queremos optar a \u00e9l.<\/p>\n<p>El primer paso ser\u00e1 confeccionar y redactar una carta de presentaci\u00f3n. Breve, sucinta, intensa, atractiva\u2026 Nuestra predisposici\u00f3n para ello debe de ser total. Tenemos que conseguir (no tratar de hacerlo, sino darlo por hecho) que de verdad queremos ese puesto de trabajo. Que estamos hechos para \u00e9l.<\/p>\n<p>Hemos de redactar cada palabra de la carta pensando en qu\u00e9 es lo que har\u00edamos si estuvi\u00e9ramos desempe\u00f1\u00e1ndolo. Porque tenemos que estar convencidos de que ese puesto de trabajo est\u00e1 hecho para nosotros.<\/p>\n<p>As\u00ed, la visi\u00f3n que debemos de transmitir tiene que ser la de que no estamos buscando un trabajo, sino que queremos desarrollar una profesi\u00f3n. Y que el puesto al que estamos optando es el paso necesario para ello. La confianza en nosotros mismos es fundamental. Pero tambi\u00e9n lo es la seguridad que demostremos para transmitir cada una de nuestras aptitudes desde el principio.<\/p>\n<p>Hay que tener en cuenta que cuando optamos a un puesto de trabajo, quien va a leer nuestra carta de presentaci\u00f3n o nuestro curr\u00edculo, no nos conoce de nada. Podemos enga\u00f1arle, mentirle, contarle cuentos chinos. Todo lo que le digamos ser\u00e1 lo que se crea de nosotros.<\/p>\n<p>Con esto no quiero decir que tengamos que hacerlo. Lo que os trato de hacer ver es que un completo desconocido tiene que confiar en otro completo desconocido. Y lo que digamos de nosotros, pero sobre todo c\u00f3mo lo digamos, va a ser lo que marque la diferencia entre que nos llamen para una entrevista de trabajo, y que no lo hagan.<\/p>\n<p>Todo en esta vida es m\u00e1s cuesti\u00f3n de actitud, que de aptitud. Y no es tanto cuesti\u00f3n de hacer creer a los dem\u00e1s algo que no seremos nunca, y frivolizar sobre ello, como <strong>demostrar a los dem\u00e1s de lo que somos capaces transmitiendo nuestras cualidades de una forma sincera, apasionada y veraz.<\/strong><\/p>\n<p>Pero sobre todo, con el convencimiento de que todo lo que estamos haciendo, desde el momento en que estamos buscando un empleo, va a servirnos para forjarnos como profesionales, y sobre todo como personas. Porque el mejor profesional, siempre ha de ser una persona excepcional.<\/p>\n<p>Y todos sois capaces de ello.<\/p>\n<p><a href=\"https:\/\/twitter.com\/#!\/AntoniovChanal\" target=\"_blank\" rel=\"noopener\">@AntonioVChanal<br \/>\n<\/a><strong>Coach y Formador en Redes Sociales<\/strong><\/p>\n","protected":false},"excerpt":{"rendered":"<p>Las cosas suceden, de una manera u otra. Encontrar un trabajo puede convertirse en una tarea dif\u00edcil en<a class=\"moretag\" href=\"https:\/\/empresas.infoempleo.com\/hrtrends\/buscar-un-trabajo-o-buscar-desarrollar-una-profesion-i\/\"> Leer m\u00e1s<\/a><\/p>\n","protected":false},"author":49,"featured_media":13945,"comment_status":"closed","ping_status":"open","sticky":false,"template":"","format":"standard","meta":{"footnotes":""},"categories":[3],"tags":[2412,2262,162,2382,26],"class_list":["post-13944","post","type-post","status-publish","format-standard","has-post-thumbnail","hentry","category-actualidad","tag-actitud","tag-busqueda-de-empleo","tag-empleo","tag-reclutamiento-2-0","tag-redes-sociales"],"yoast_head":"<!-- This site is optimized with the Yoast SEO plugin v26.1.1 - https:\/\/yoast.com\/wordpress\/plugins\/seo\/ -->\n<title>Buscar un trabajo o buscar desarrollar una profesi\u00f3n (I) | HRTRENDS<\/title>\n<meta name=\"robots\" content=\"index, follow, max-snippet:-1, max-image-preview:large, max-video-preview:-1\" \/>\n<link rel=\"canonical\" href=\"https:\/\/empresas.infoempleo.com\/hrtrends\/buscar-un-trabajo-o-buscar-desarrollar-una-profesion-i\/\" \/>\n<meta property=\"og:locale\" content=\"es_ES\" \/>\n<meta property=\"og:type\" content=\"article\" \/>\n<meta property=\"og:title\" content=\"Buscar un trabajo o buscar desarrollar una profesi\u00f3n (I) | HRTRENDS\" \/>\n<meta property=\"og:description\" content=\"Las cosas suceden, de una manera u otra. Encontrar un trabajo puede convertirse en una tarea dif\u00edcil en Leer m\u00e1s\" \/>\n<meta property=\"og:url\" content=\"https:\/\/empresas.infoempleo.com\/hrtrends\/buscar-un-trabajo-o-buscar-desarrollar-una-profesion-i\/\" \/>\n<meta property=\"og:site_name\" content=\"HRTRENDS\" \/>\n<meta property=\"article:publisher\" content=\"https:\/\/www.facebook.com\/Infoempleo\" \/>\n<meta property=\"article:published_time\" content=\"2011-08-17T08:37:43+00:00\" \/>\n<meta property=\"article:modified_time\" content=\"2024-12-09T11:10:16+00:00\" \/>\n<meta property=\"og:image\" content=\"https:\/\/empresas.infoempleo.com\/hrtrends\/media\/2011\/08\/Actitud.jpg\" \/>\n\t<meta property=\"og:image:width\" content=\"568\" \/>\n\t<meta property=\"og:image:height\" content=\"258\" \/>\n\t<meta property=\"og:image:type\" content=\"image\/jpeg\" \/>\n<meta name=\"author\" content=\"antonio vallejo\" \/>\n<meta name=\"twitter:card\" content=\"summary_large_image\" \/>\n<meta name=\"twitter:creator\" content=\"@infoempleo\" \/>\n<meta name=\"twitter:site\" content=\"@infoempleo\" \/>\n<meta name=\"twitter:label1\" content=\"Escrito por\" \/>\n\t<meta name=\"twitter:data1\" content=\"antonio vallejo\" \/>\n\t<meta name=\"twitter:label2\" content=\"Tiempo de lectura\" \/>\n\t<meta name=\"twitter:data2\" content=\"4 minutos\" \/>\n<script type=\"application\/ld+json\" class=\"yoast-schema-graph\">{\"@context\":\"https:\/\/schema.org\",\"@graph\":[{\"@type\":\"NewsArticle\",\"@id\":\"https:\/\/empresas.infoempleo.com\/hrtrends\/buscar-un-trabajo-o-buscar-desarrollar-una-profesion-i\/#article\",\"isPartOf\":{\"@id\":\"https:\/\/empresas.infoempleo.com\/hrtrends\/buscar-un-trabajo-o-buscar-desarrollar-una-profesion-i\/\"},\"author\":{\"name\":\"antonio vallejo\",\"@id\":\"https:\/\/empresas.infoempleo.com\/hrtrends\/#\/schema\/person\/9bc89e3819d56720c9fba63ae9d827f3\"},\"headline\":\"Buscar un trabajo o buscar desarrollar una profesi\u00f3n (I)\",\"datePublished\":\"2011-08-17T08:37:43+00:00\",\"dateModified\":\"2024-12-09T11:10:16+00:00\",\"mainEntityOfPage\":{\"@id\":\"https:\/\/empresas.infoempleo.com\/hrtrends\/buscar-un-trabajo-o-buscar-desarrollar-una-profesion-i\/\"},\"wordCount\":875,\"publisher\":{\"@id\":\"https:\/\/empresas.infoempleo.com\/hrtrends\/#organization\"},\"image\":{\"@id\":\"https:\/\/empresas.infoempleo.com\/hrtrends\/buscar-un-trabajo-o-buscar-desarrollar-una-profesion-i\/#primaryimage\"},\"thumbnailUrl\":\"https:\/\/empresas.infoempleo.com\/hrtrends\/media\/2011\/08\/Actitud.jpg\",\"keywords\":[\"actitud\",\"b\u00fasqueda de empleo\",\"Empleo\",\"reclutamiento 2.0\",\"redes sociales\"],\"articleSection\":[\"Actualidad\"],\"inLanguage\":\"es\",\"copyrightYear\":\"2011\",\"copyrightHolder\":{\"@id\":\"https:\/\/empresas.infoempleo.com\/hrtrends\/#organization\"}},{\"@type\":\"WebPage\",\"@id\":\"https:\/\/empresas.infoempleo.com\/hrtrends\/buscar-un-trabajo-o-buscar-desarrollar-una-profesion-i\/\",\"url\":\"https:\/\/empresas.infoempleo.com\/hrtrends\/buscar-un-trabajo-o-buscar-desarrollar-una-profesion-i\/\",\"name\":\"Buscar un trabajo o buscar desarrollar una profesi\u00f3n (I) | HRTRENDS\",\"isPartOf\":{\"@id\":\"https:\/\/empresas.infoempleo.com\/hrtrends\/#website\"},\"primaryImageOfPage\":{\"@id\":\"https:\/\/empresas.infoempleo.com\/hrtrends\/buscar-un-trabajo-o-buscar-desarrollar-una-profesion-i\/#primaryimage\"},\"image\":{\"@id\":\"https:\/\/empresas.infoempleo.com\/hrtrends\/buscar-un-trabajo-o-buscar-desarrollar-una-profesion-i\/#primaryimage\"},\"thumbnailUrl\":\"https:\/\/empresas.infoempleo.com\/hrtrends\/media\/2011\/08\/Actitud.jpg\",\"datePublished\":\"2011-08-17T08:37:43+00:00\",\"dateModified\":\"2024-12-09T11:10:16+00:00\",\"breadcrumb\":{\"@id\":\"https:\/\/empresas.infoempleo.com\/hrtrends\/buscar-un-trabajo-o-buscar-desarrollar-una-profesion-i\/#breadcrumb\"},\"inLanguage\":\"es\",\"potentialAction\":[{\"@type\":\"ReadAction\",\"target\":[\"https:\/\/empresas.infoempleo.com\/hrtrends\/buscar-un-trabajo-o-buscar-desarrollar-una-profesion-i\/\"]}]},{\"@type\":\"ImageObject\",\"inLanguage\":\"es\",\"@id\":\"https:\/\/empresas.infoempleo.com\/hrtrends\/buscar-un-trabajo-o-buscar-desarrollar-una-profesion-i\/#primaryimage\",\"url\":\"https:\/\/empresas.infoempleo.com\/hrtrends\/media\/2011\/08\/Actitud-150x150.jpg\",\"contentUrl\":\"https:\/\/empresas.infoempleo.com\/hrtrends\/media\/2011\/08\/Actitud-150x150.jpg\",\"width\":150,\"height\":150},{\"@type\":\"BreadcrumbList\",\"@id\":\"https:\/\/empresas.infoempleo.com\/hrtrends\/buscar-un-trabajo-o-buscar-desarrollar-una-profesion-i\/#breadcrumb\",\"itemListElement\":[{\"@type\":\"ListItem\",\"position\":1,\"name\":\"Portada\",\"item\":\"https:\/\/empresas.infoempleo.com\/hrtrends\/\"},{\"@type\":\"ListItem\",\"position\":2,\"name\":\"Buscar un trabajo o buscar desarrollar una profesi\u00f3n (I)\"}]},{\"@type\":\"WebSite\",\"@id\":\"https:\/\/empresas.infoempleo.com\/hrtrends\/#website\",\"url\":\"https:\/\/empresas.infoempleo.com\/hrtrends\",\"name\":\"HRTrends by Infoempleo\",\"description\":\"\",\"publisher\":{\"@id\":\"https:\/\/empresas.infoempleo.com\/hrtrends\/#organization\"},\"potentialAction\":{\"@type\":\"SearchAction\",\"target\":\"https:\/\/empresas.infoempleo.com\/hrtrends\/?s={search_term_string}\",\"query-input\":\"required name=search_term_string\"},\"inLanguage\":\"es\"},{\"@type\":\"Organization\",\"@id\":\"https:\/\/empresas.infoempleo.com\/hrtrends\/#organization\",\"name\":\"Infoempleo\",\"url\":\"https:\/\/www.infoempleo.com\/\",\"logo\":{\"@type\":\"ImageObject\",\"@id\":\"https:\/\/empresas.infoempleo.com\/hrtrends\/#logo\",\"inLanguage\":\"es\",\"url\":\"https:\/\/cdnazure.infoempleo.com\/infoempleo\/assets\/style\/gfx\/logo.svg\",\"contentUrl\":\"https:\/\/cdnazure.infoempleo.com\/infoempleo\/assets\/style\/gfx\/logo.svg\",\"width\":150,\"height\":40,\"caption\":\"Infoempleo\"},\"image\":{\"@id\":\"https:\/\/empresas.infoempleo.com\/hrtrends\/#logo\"},\"sameAs\":[\"https:\/\/www.facebook.com\/Infoempleo\",\"https:\/\/x.com\/infoempleo\",\"http:\/\/instagram.com\/infoempleo\/\",\"http:\/\/www.linkedin.com\/groups\/Empleo-Espa\u00f1a-Infoempleocom-111276\",\"http:\/\/pinterest.com\/infoempleo\/\"],\"address\":{\"@type\":\"PostalAddress\",\"addressLocality\":\"Madrid\",\"postalCode\":\"28050\",\"streetAddress\":\"Avenida de Burgos 114\"},\"brand\":[\"Infoempleo\"]},{\"@type\":\"Person\",\"@id\":\"https:\/\/empresas.infoempleo.com\/hrtrends\/#\/schema\/person\/9bc89e3819d56720c9fba63ae9d827f3\",\"name\":\"antonio vallejo\",\"image\":{\"@type\":\"ImageObject\",\"inLanguage\":\"es\",\"@id\":\"https:\/\/empresas.infoempleo.com\/hrtrends\/#\/schema\/person\/image\/\",\"url\":\"https:\/\/secure.gravatar.com\/avatar\/882c28279ae4535d5a62c1e541f84d58ddfb96ce2c2119d0f109a2f3ce461806?s=96&d=mm&r=g\",\"contentUrl\":\"https:\/\/secure.gravatar.com\/avatar\/882c28279ae4535d5a62c1e541f84d58ddfb96ce2c2119d0f109a2f3ce461806?s=96&d=mm&r=g\",\"caption\":\"antonio vallejo\"},\"url\":\"https:\/\/empresas.infoempleo.com\/hrtrends\/author\/antonio-vallejo\/\"}]}<\/script>\n<!-- \/ Yoast SEO plugin. -->","yoast_head_json":{"title":"Buscar un trabajo o buscar desarrollar una profesi\u00f3n (I) | HRTRENDS","robots":{"index":"index","follow":"follow","max-snippet":"max-snippet:-1","max-image-preview":"max-image-preview:large","max-video-preview":"max-video-preview:-1"},"canonical":"https:\/\/empresas.infoempleo.com\/hrtrends\/buscar-un-trabajo-o-buscar-desarrollar-una-profesion-i\/","og_locale":"es_ES","og_type":"article","og_title":"Buscar un trabajo o buscar desarrollar una profesi\u00f3n (I) | HRTRENDS","og_description":"Las cosas suceden, de una manera u otra. Encontrar un trabajo puede convertirse en una tarea dif\u00edcil en Leer m\u00e1s","og_url":"https:\/\/empresas.infoempleo.com\/hrtrends\/buscar-un-trabajo-o-buscar-desarrollar-una-profesion-i\/","og_site_name":"HRTRENDS","article_publisher":"https:\/\/www.facebook.com\/Infoempleo","article_published_time":"2011-08-17T08:37:43+00:00","article_modified_time":"2024-12-09T11:10:16+00:00","og_image":[{"width":568,"height":258,"url":"https:\/\/empresas.infoempleo.com\/hrtrends\/media\/2011\/08\/Actitud.jpg","type":"image\/jpeg"}],"author":"antonio vallejo","twitter_card":"summary_large_image","twitter_creator":"@infoempleo","twitter_site":"@infoempleo","twitter_misc":{"Escrito por":"antonio vallejo","Tiempo de lectura":"4 minutos"},"schema":{"@context":"https:\/\/schema.org","@graph":[{"@type":"NewsArticle","@id":"https:\/\/empresas.infoempleo.com\/hrtrends\/buscar-un-trabajo-o-buscar-desarrollar-una-profesion-i\/#article","isPartOf":{"@id":"https:\/\/empresas.infoempleo.com\/hrtrends\/buscar-un-trabajo-o-buscar-desarrollar-una-profesion-i\/"},"author":{"name":"antonio vallejo","@id":"https:\/\/empresas.infoempleo.com\/hrtrends\/#\/schema\/person\/9bc89e3819d56720c9fba63ae9d827f3"},"headline":"Buscar un trabajo o buscar desarrollar una profesi\u00f3n (I)","datePublished":"2011-08-17T08:37:43+00:00","dateModified":"2024-12-09T11:10:16+00:00","mainEntityOfPage":{"@id":"https:\/\/empresas.infoempleo.com\/hrtrends\/buscar-un-trabajo-o-buscar-desarrollar-una-profesion-i\/"},"wordCount":875,"publisher":{"@id":"https:\/\/empresas.infoempleo.com\/hrtrends\/#organization"},"image":{"@id":"https:\/\/empresas.infoempleo.com\/hrtrends\/buscar-un-trabajo-o-buscar-desarrollar-una-profesion-i\/#primaryimage"},"thumbnailUrl":"https:\/\/empresas.infoempleo.com\/hrtrends\/media\/2011\/08\/Actitud.jpg","keywords":["actitud","b\u00fasqueda de empleo","Empleo","reclutamiento 2.0","redes sociales"],"articleSection":["Actualidad"],"inLanguage":"es","copyrightYear":"2011","copyrightHolder":{"@id":"https:\/\/empresas.infoempleo.com\/hrtrends\/#organization"}},{"@type":"WebPage","@id":"https:\/\/empresas.infoempleo.com\/hrtrends\/buscar-un-trabajo-o-buscar-desarrollar-una-profesion-i\/","url":"https:\/\/empresas.infoempleo.com\/hrtrends\/buscar-un-trabajo-o-buscar-desarrollar-una-profesion-i\/","name":"Buscar un trabajo o buscar desarrollar una profesi\u00f3n (I) | HRTRENDS","isPartOf":{"@id":"https:\/\/empresas.infoempleo.com\/hrtrends\/#website"},"primaryImageOfPage":{"@id":"https:\/\/empresas.infoempleo.com\/hrtrends\/buscar-un-trabajo-o-buscar-desarrollar-una-profesion-i\/#primaryimage"},"image":{"@id":"https:\/\/empresas.infoempleo.com\/hrtrends\/buscar-un-trabajo-o-buscar-desarrollar-una-profesion-i\/#primaryimage"},"thumbnailUrl":"https:\/\/empresas.infoempleo.com\/hrtrends\/media\/2011\/08\/Actitud.jpg","datePublished":"2011-08-17T08:37:43+00:00","dateModified":"2024-12-09T11:10:16+00:00","breadcrumb":{"@id":"https:\/\/empresas.infoempleo.com\/hrtrends\/buscar-un-trabajo-o-buscar-desarrollar-una-profesion-i\/#breadcrumb"},"inLanguage":"es","potentialAction":[{"@type":"ReadAction","target":["https:\/\/empresas.infoempleo.com\/hrtrends\/buscar-un-trabajo-o-buscar-desarrollar-una-profesion-i\/"]}]},{"@type":"ImageObject","inLanguage":"es","@id":"https:\/\/empresas.infoempleo.com\/hrtrends\/buscar-un-trabajo-o-buscar-desarrollar-una-profesion-i\/#primaryimage","url":"https:\/\/empresas.infoempleo.com\/hrtrends\/media\/2011\/08\/Actitud-150x150.jpg","contentUrl":"https:\/\/empresas.infoempleo.com\/hrtrends\/media\/2011\/08\/Actitud-150x150.jpg","width":150,"height":150},{"@type":"BreadcrumbList","@id":"https:\/\/empresas.infoempleo.com\/hrtrends\/buscar-un-trabajo-o-buscar-desarrollar-una-profesion-i\/#breadcrumb","itemListElement":[{"@type":"ListItem","position":1,"name":"Portada","item":"https:\/\/empresas.infoempleo.com\/hrtrends\/"},{"@type":"ListItem","position":2,"name":"Buscar un trabajo o buscar desarrollar una profesi\u00f3n (I)"}]},{"@type":"WebSite","@id":"https:\/\/empresas.infoempleo.com\/hrtrends\/#website","url":"https:\/\/empresas.infoempleo.com\/hrtrends","name":"HRTrends by Infoempleo","description":"","publisher":{"@id":"https:\/\/empresas.infoempleo.com\/hrtrends\/#organization"},"potentialAction":{"@type":"SearchAction","target":"https:\/\/empresas.infoempleo.com\/hrtrends\/?s={search_term_string}","query-input":"required name=search_term_string"},"inLanguage":"es"},{"@type":"Organization","@id":"https:\/\/empresas.infoempleo.com\/hrtrends\/#organization","name":"Infoempleo","url":"https:\/\/www.infoempleo.com\/","logo":{"@type":"ImageObject","@id":"https:\/\/empresas.infoempleo.com\/hrtrends\/#logo","inLanguage":"es","url":"https:\/\/cdnazure.infoempleo.com\/infoempleo\/assets\/style\/gfx\/logo.svg","contentUrl":"https:\/\/cdnazure.infoempleo.com\/infoempleo\/assets\/style\/gfx\/logo.svg","width":150,"height":40,"caption":"Infoempleo"},"image":{"@id":"https:\/\/empresas.infoempleo.com\/hrtrends\/#logo"},"sameAs":["https:\/\/www.facebook.com\/Infoempleo","https:\/\/x.com\/infoempleo","http:\/\/instagram.com\/infoempleo\/","http:\/\/www.linkedin.com\/groups\/Empleo-Espa\u00f1a-Infoempleocom-111276","http:\/\/pinterest.com\/infoempleo\/"],"address":{"@type":"PostalAddress","addressLocality":"Madrid","postalCode":"28050","streetAddress":"Avenida de Burgos 114"},"brand":["Infoempleo"]},{"@type":"Person","@id":"https:\/\/empresas.infoempleo.com\/hrtrends\/#\/schema\/person\/9bc89e3819d56720c9fba63ae9d827f3","name":"antonio vallejo","image":{"@type":"ImageObject","inLanguage":"es","@id":"https:\/\/empresas.infoempleo.com\/hrtrends\/#\/schema\/person\/image\/","url":"https:\/\/secure.gravatar.com\/avatar\/882c28279ae4535d5a62c1e541f84d58ddfb96ce2c2119d0f109a2f3ce461806?s=96&d=mm&r=g","contentUrl":"https:\/\/secure.gravatar.com\/avatar\/882c28279ae4535d5a62c1e541f84d58ddfb96ce2c2119d0f109a2f3ce461806?s=96&d=mm&r=g","caption":"antonio vallejo"},"url":"https:\/\/empresas.infoempleo.com\/hrtrends\/author\/antonio-vallejo\/"}]}},"amp_enabled":true,"_links":{"self":[{"href":"https:\/\/empresas.infoempleo.com\/hrtrends\/wp-json\/wp\/v2\/posts\/13944","targetHints":{"allow":["GET"]}}],"collection":[{"href":"https:\/\/empresas.infoempleo.com\/hrtrends\/wp-json\/wp\/v2\/posts"}],"about":[{"href":"https:\/\/empresas.infoempleo.com\/hrtrends\/wp-json\/wp\/v2\/types\/post"}],"author":[{"embeddable":true,"href":"https:\/\/empresas.infoempleo.com\/hrtrends\/wp-json\/wp\/v2\/users\/49"}],"replies":[{"embeddable":true,"href":"https:\/\/empresas.infoempleo.com\/hrtrends\/wp-json\/wp\/v2\/comments?post=13944"}],"version-history":[{"count":1,"href":"https:\/\/empresas.infoempleo.com\/hrtrends\/wp-json\/wp\/v2\/posts\/13944\/revisions"}],"predecessor-version":[{"id":46115,"href":"https:\/\/empresas.infoempleo.com\/hrtrends\/wp-json\/wp\/v2\/posts\/13944\/revisions\/46115"}],"wp:featuredmedia":[{"embeddable":true,"href":"https:\/\/empresas.infoempleo.com\/hrtrends\/wp-json\/wp\/v2\/media\/13945"}],"wp:attachment":[{"href":"https:\/\/empresas.infoempleo.com\/hrtrends\/wp-json\/wp\/v2\/media?parent=13944"}],"wp:term":[{"taxonomy":"category","embeddable":true,"href":"https:\/\/empresas.infoempleo.com\/hrtrends\/wp-json\/wp\/v2\/categories?post=13944"},{"taxonomy":"post_tag","embeddable":true,"href":"https:\/\/empresas.infoempleo.com\/hrtrends\/wp-json\/wp\/v2\/tags?post=13944"}],"curies":[{"name":"wp","href":"https:\/\/api.w.org\/{rel}","templated":true}]}}