{"id":13919,"date":"2011-08-04T10:34:58","date_gmt":"2011-08-04T09:34:58","guid":{"rendered":"http:\/\/blog.infoempleo.com\/?p=13919"},"modified":"2024-12-09T13:10:24","modified_gmt":"2024-12-09T11:10:24","slug":"tiempo-de-google","status":"publish","type":"post","link":"https:\/\/empresas.infoempleo.com\/hrtrends\/tiempo-de-google\/","title":{"rendered":"Tiempo de Google+"},"content":{"rendered":"<p style=\"text-align: center;\">\n<p>Las cosas suceden, de una manera u otra. Las redes sociales se presentan en constante evoluci\u00f3n. En una verdadera carrera contrarreloj para tratar de ser el primero en algo. Que no tiene por qu\u00e9 ser bueno, aunque s\u00ed novedoso. Porque de lo que se trata es ser pionero, visionario, gu\u00eda. Se trata de reunir el mayor n\u00famero de herramientas posibles en un mismo lugar. Y facilitar (que no fagocitar) las relaciones de los usuarios en la red.<\/p>\n<p>Ya era hora de que en <a href=\"https:\/\/www.infoempleo.com\/\" target=\"_blank\" rel=\"noopener\">infoempleo<\/a> tocara y hablara de la red social <a href=\"https:\/\/accounts.google.com\/v3\/signin\/identifier?dsh=S-1342109946%3A1667242237062579&#038;continue=https%3A%2F%2Fplus.google.com%2F&#038;followup=https%3A%2F%2Fplus.google.com%2F&#038;osid=1&#038;passive=1209600&#038;flowName=GlifWebSignIn&#038;flowEntry=ServiceLogin&#038;ifkv=AQDHYWpT5v6oro7t--6GmEAqp0QsyEbwCCcc-qK1mHSgwlsH7lehL1lbpndh1YthZQz1UDzH7urv\/up\/start\/?continue=https:\/\/accounts.google.com\/v3\/signin\/identifier?dsh=S-1342109946%3A1667242237062579&#038;continue=https%3A%2F%2Fplus.google.com%2F&#038;followup=https%3A%2F%2Fplus.google.com%2F&#038;osid=1&#038;passive=1209600&#038;flowName=GlifWebSignIn&#038;flowEntry=ServiceLogin&#038;ifkv=AQDHYWpT5v6oro7t--6GmEAqp0QsyEbwCCcc-qK1mHSgwlsH7lehL1lbpndh1YthZQz1UDzH7urv\/&amp;type=st&amp;gpcaz=43384705\" target=\"_blank\" rel=\"noopener\">Google+<\/a>. Siempre he sido reacio a probar nuevas cosas. Sobre todo cuando de lejos parecen complejas, y su rendimiento o provecho se intuye escaso o vano. Con esta red social me pasaba un poco eso. Primero porque para poder acceder a ella era necesario contar con invitaci\u00f3n. Y esto molesta un poco cuando eres usuario de Gmail.com desde que iniciara su andadura en pa\u00f1ales all\u00e1 por\u2026<\/p>\n<p>Pero me invitaron. Fue gracias a uno de los grupos de discusi\u00f3n de LinkedIn, red social de la que ya he hablado, largo y tendido, sobre su utilidad para encontrar empleo, fortaleces buenas y estrechas alianzas, y afianzar contactos profesionales por doquier. As\u00ed que tuve la oportunidad de poder evaluar en primera persona (hace ya algunos meses) de qu\u00e9 iba esta red social.<\/p>\n<p>Su utilidad puede resumirse en el t\u00e9rmino<strong> integradora<\/strong>. Y sus novedades\u2026 la verdad es que apenas s\u00ed he percibido alguna de ellas, porque he estado rodeada de ellas en todo momento sin darme apenas cuenta. La raz\u00f3n es que todo el sistema de Google+ se encuentra interrelacionado con todas y cada una de las cuentas del condominio <em><strong>Google<\/strong><\/em>: Gmail (para el correo), Picasa (para las fotos), Youtube (para los v\u00eddeos), Google (como buscador inteligente), Buzz (como sistema de microblogging tipo Twitter), Maps (como sistema de geolocalizaci\u00f3n)\u2026 Y m\u00e1s, mucho m\u00e1s.<\/p>\n<p>Una obra de ingenier\u00eda inform\u00e1tica que se abre camino a pasos agigantados. Un paisaje virgen en el que las oportunidades de relacionarse son m\u00e1s f\u00e1ciles que en otras redes sociales, porque es virtualmente nueva, inteligentemente reservada, y pr\u00e1cticamente en modo de pruebas.<\/p>\n<p>Desde el punto de vista del empleo, es un lugar \u00fanico para establecer nuevas alianzas. Sobre todo ahora que el volumen de usuarios nuevos cada d\u00eda, apenas llega al medio mill\u00f3n (diario, s\u00ed). Y todos con invitaci\u00f3n (<a href=\"mailto:avallejoc@gmail.com\" target=\"_blank\" rel=\"noopener\">p\u00eddeme una si quieres<\/a>, es gratis). Y para colmo, de sencillo manejo.<\/p>\n<p>Tiene un aire a Facebook. Pero al que estaba en pa\u00f1ales hace ya eras. Imagino que ha de mejorar su interfaz. Pero es un comienzo.<\/p>\n<p>Como red social, tiene un aspecto inteligente. Es sencilla, intuitiva y manejable hasta para quien no ha utilizado nunca una red social. Consta de cuatro aspectos b\u00e1sicos:<\/p>\n<p>&#8211; La pesta\u00f1a de <em><strong>novedades<\/strong><\/em>, que viene a ser el muro de Twitter o de Facebook en el que leemos nuestras actualizaciones de estado, y las de quienes tenemos como amigos.<\/p>\n<p>&#8211; Las<em><strong> fotos<\/strong><\/em>, que ya no son s\u00f3lo nuestras, sino que integran a las de todas nuestras amistades, agrupadas por c\u00edrculos. Y que directamente las importa de nuestra cuenta de <strong>Picasa<\/strong>, que es el \u00e1lbum de fotos online de Google corp.<\/p>\n<p>&#8211; Nuestro <em><strong>perfil<\/strong><\/em>, donde queda reunida toda nuestra informaci\u00f3n personal, importada de nuestro perfil de iGoogle, Google o Gmail. Y que incluye los buzz que hayamos generado (si se dispone de una cuenta de correo de Gmail, basta con activarlo en las opciones), y los <strong>+1s<\/strong>, que son los favoritos que agregamos desde el buscador de Google, cuando un resultado nos parece el m\u00e1s adecuado para nuestras b\u00fasquedas.<\/p>\n<p>&#8211; Y finalmente, los <strong>c\u00edrculos<\/strong>, que no es otra cosa m\u00e1s que los grupos en los que organizamos a nuestras amistades y contactos, por preferencias, afinidades, y que est\u00e1 por ver la forma en que pueden interactuar, cuando converjan en uno o m\u00e1s c\u00edrculos varios usuarios.<\/p>\n<p>La ventaja de esta red social, creo que estriba en la simplicidad a la hora de manejarse por ella. Y por el hecho de que se erige como la red social de las redes sociales. Quiero decir que integra en una misma red global total, varias redes sociales que por s\u00ed mismas ya lo eran (Youtube, Buzz, Google chat, Picasa, Maps (en contraposici\u00f3n a Foursquare)\u2026<\/p>\n<p>Realmente es una oportunidad el poder empezar a trabajar en esta red social. Sobre todo porque todas las herramientas de iGoogle est\u00e1n disponibles desde una s\u00f3la interfaz. Y si se ejecuta desde un navegador <strong>Chrome<\/strong> (de Google), y desde un sistema operativo <strong>Android<\/strong> (tambi\u00e9n de Google), la integraci\u00f3n es ya completa.<\/p>\n<p>No es una red social donde ponerse a buscar trabajo. No por ahora. Es demasiado virgen. Pero tiene mucho potencial. Y su \u00e9xito reside en que hay mucho que explorar, en que las relaciones personales y profesionales las podemos empezar desde cero, paso a paso, y midiendo cada una de las alternativas que tenemos a la hora de relacionarnos con determinados perfiles. Y, sobre todo, de conocer a que otras personas de inter\u00e9s, conocen aquellos a los que tenemos como contactos directos. \u00bfNo os suena esto un poco a los contactos de LinkedIn?<\/p>\n<p>Intuyo que a lo largo de este mes de agosto hablar\u00e9 m\u00e1s de Google+. No debemos de dejar pasar la oportunidad de ser + en las redes sociales.<\/p>\n<p>Porque todo lo que suma, siempre va a favorecernos de camino al empleo.<\/p>\n<p><a href=\"https:\/\/twitter.com\/#!\/AntoniovChanal\" target=\"_blank\" rel=\"noopener\">@AntonioVChanal<br \/>\n<\/a><strong>Coach y Formador en Redes Sociales<\/strong><\/p>\n","protected":false},"excerpt":{"rendered":"<p>Las cosas suceden, de una manera u otra. Las redes sociales se presentan en constante evoluci\u00f3n. En una<a class=\"moretag\" href=\"https:\/\/empresas.infoempleo.com\/hrtrends\/tiempo-de-google\/\"> Leer m\u00e1s<\/a><\/p>\n","protected":false},"author":49,"featured_media":13920,"comment_status":"closed","ping_status":"open","sticky":false,"template":"","format":"standard","meta":{"footnotes":""},"categories":[3],"tags":[2262,162,25,26],"class_list":["post-13919","post","type-post","status-publish","format-standard","has-post-thumbnail","hentry","category-actualidad","tag-busqueda-de-empleo","tag-empleo","tag-google","tag-redes-sociales"],"yoast_head":"<!-- This site is optimized with the Yoast SEO plugin v26.1.1 - https:\/\/yoast.com\/wordpress\/plugins\/seo\/ -->\n<title>Tiempo de Google+ | HRTRENDS<\/title>\n<meta name=\"robots\" content=\"index, follow, max-snippet:-1, max-image-preview:large, max-video-preview:-1\" \/>\n<link rel=\"canonical\" href=\"https:\/\/empresas.infoempleo.com\/hrtrends\/tiempo-de-google\/\" \/>\n<meta property=\"og:locale\" content=\"es_ES\" \/>\n<meta property=\"og:type\" content=\"article\" \/>\n<meta property=\"og:title\" content=\"Tiempo de Google+ | HRTRENDS\" \/>\n<meta property=\"og:description\" content=\"Las cosas suceden, de una manera u otra. Las redes sociales se presentan en constante evoluci\u00f3n. En una Leer m\u00e1s\" \/>\n<meta property=\"og:url\" content=\"https:\/\/empresas.infoempleo.com\/hrtrends\/tiempo-de-google\/\" \/>\n<meta property=\"og:site_name\" content=\"HRTRENDS\" \/>\n<meta property=\"article:publisher\" content=\"https:\/\/www.facebook.com\/Infoempleo\" \/>\n<meta property=\"article:published_time\" content=\"2011-08-04T09:34:58+00:00\" \/>\n<meta property=\"article:modified_time\" content=\"2024-12-09T11:10:24+00:00\" \/>\n<meta property=\"og:image\" content=\"https:\/\/empresas.infoempleo.com\/hrtrends\/media\/2011\/08\/Google-.jpg\" \/>\n\t<meta property=\"og:image:width\" content=\"568\" \/>\n\t<meta property=\"og:image:height\" content=\"258\" \/>\n\t<meta property=\"og:image:type\" content=\"image\/jpeg\" \/>\n<meta name=\"author\" content=\"antonio vallejo\" \/>\n<meta name=\"twitter:card\" content=\"summary_large_image\" \/>\n<meta name=\"twitter:creator\" content=\"@infoempleo\" \/>\n<meta name=\"twitter:site\" content=\"@infoempleo\" \/>\n<meta name=\"twitter:label1\" content=\"Escrito por\" \/>\n\t<meta name=\"twitter:data1\" content=\"antonio vallejo\" \/>\n\t<meta name=\"twitter:label2\" content=\"Tiempo de lectura\" \/>\n\t<meta name=\"twitter:data2\" content=\"5 minutos\" \/>\n<script type=\"application\/ld+json\" class=\"yoast-schema-graph\">{\"@context\":\"https:\/\/schema.org\",\"@graph\":[{\"@type\":\"NewsArticle\",\"@id\":\"https:\/\/empresas.infoempleo.com\/hrtrends\/tiempo-de-google\/#article\",\"isPartOf\":{\"@id\":\"https:\/\/empresas.infoempleo.com\/hrtrends\/tiempo-de-google\/\"},\"author\":{\"name\":\"antonio vallejo\",\"@id\":\"https:\/\/empresas.infoempleo.com\/hrtrends\/#\/schema\/person\/9bc89e3819d56720c9fba63ae9d827f3\"},\"headline\":\"Tiempo de Google+\",\"datePublished\":\"2011-08-04T09:34:58+00:00\",\"dateModified\":\"2024-12-09T11:10:24+00:00\",\"mainEntityOfPage\":{\"@id\":\"https:\/\/empresas.infoempleo.com\/hrtrends\/tiempo-de-google\/\"},\"wordCount\":939,\"publisher\":{\"@id\":\"https:\/\/empresas.infoempleo.com\/hrtrends\/#organization\"},\"image\":{\"@id\":\"https:\/\/empresas.infoempleo.com\/hrtrends\/tiempo-de-google\/#primaryimage\"},\"thumbnailUrl\":\"https:\/\/empresas.infoempleo.com\/hrtrends\/media\/2011\/08\/Google-.jpg\",\"keywords\":[\"b\u00fasqueda de empleo\",\"Empleo\",\"Google\",\"redes sociales\"],\"articleSection\":[\"Actualidad\"],\"inLanguage\":\"es\",\"copyrightYear\":\"2011\",\"copyrightHolder\":{\"@id\":\"https:\/\/empresas.infoempleo.com\/hrtrends\/#organization\"}},{\"@type\":\"WebPage\",\"@id\":\"https:\/\/empresas.infoempleo.com\/hrtrends\/tiempo-de-google\/\",\"url\":\"https:\/\/empresas.infoempleo.com\/hrtrends\/tiempo-de-google\/\",\"name\":\"Tiempo de Google+ | HRTRENDS\",\"isPartOf\":{\"@id\":\"https:\/\/empresas.infoempleo.com\/hrtrends\/#website\"},\"primaryImageOfPage\":{\"@id\":\"https:\/\/empresas.infoempleo.com\/hrtrends\/tiempo-de-google\/#primaryimage\"},\"image\":{\"@id\":\"https:\/\/empresas.infoempleo.com\/hrtrends\/tiempo-de-google\/#primaryimage\"},\"thumbnailUrl\":\"https:\/\/empresas.infoempleo.com\/hrtrends\/media\/2011\/08\/Google-.jpg\",\"datePublished\":\"2011-08-04T09:34:58+00:00\",\"dateModified\":\"2024-12-09T11:10:24+00:00\",\"breadcrumb\":{\"@id\":\"https:\/\/empresas.infoempleo.com\/hrtrends\/tiempo-de-google\/#breadcrumb\"},\"inLanguage\":\"es\",\"potentialAction\":[{\"@type\":\"ReadAction\",\"target\":[\"https:\/\/empresas.infoempleo.com\/hrtrends\/tiempo-de-google\/\"]}]},{\"@type\":\"ImageObject\",\"inLanguage\":\"es\",\"@id\":\"https:\/\/empresas.infoempleo.com\/hrtrends\/tiempo-de-google\/#primaryimage\",\"url\":\"https:\/\/empresas.infoempleo.com\/hrtrends\/media\/2011\/08\/Google--150x150.jpg\",\"contentUrl\":\"https:\/\/empresas.infoempleo.com\/hrtrends\/media\/2011\/08\/Google--150x150.jpg\",\"width\":150,\"height\":150},{\"@type\":\"BreadcrumbList\",\"@id\":\"https:\/\/empresas.infoempleo.com\/hrtrends\/tiempo-de-google\/#breadcrumb\",\"itemListElement\":[{\"@type\":\"ListItem\",\"position\":1,\"name\":\"Portada\",\"item\":\"https:\/\/empresas.infoempleo.com\/hrtrends\/\"},{\"@type\":\"ListItem\",\"position\":2,\"name\":\"Tiempo de Google+\"}]},{\"@type\":\"WebSite\",\"@id\":\"https:\/\/empresas.infoempleo.com\/hrtrends\/#website\",\"url\":\"https:\/\/empresas.infoempleo.com\/hrtrends\",\"name\":\"HRTrends by Infoempleo\",\"description\":\"\",\"publisher\":{\"@id\":\"https:\/\/empresas.infoempleo.com\/hrtrends\/#organization\"},\"potentialAction\":{\"@type\":\"SearchAction\",\"target\":\"https:\/\/empresas.infoempleo.com\/hrtrends\/?s={search_term_string}\",\"query-input\":\"required name=search_term_string\"},\"inLanguage\":\"es\"},{\"@type\":\"Organization\",\"@id\":\"https:\/\/empresas.infoempleo.com\/hrtrends\/#organization\",\"name\":\"Infoempleo\",\"url\":\"https:\/\/www.infoempleo.com\/\",\"logo\":{\"@type\":\"ImageObject\",\"@id\":\"https:\/\/empresas.infoempleo.com\/hrtrends\/#logo\",\"inLanguage\":\"es\",\"url\":\"https:\/\/cdnazure.infoempleo.com\/infoempleo\/assets\/style\/gfx\/logo.svg\",\"contentUrl\":\"https:\/\/cdnazure.infoempleo.com\/infoempleo\/assets\/style\/gfx\/logo.svg\",\"width\":150,\"height\":40,\"caption\":\"Infoempleo\"},\"image\":{\"@id\":\"https:\/\/empresas.infoempleo.com\/hrtrends\/#logo\"},\"sameAs\":[\"https:\/\/www.facebook.com\/Infoempleo\",\"https:\/\/x.com\/infoempleo\",\"http:\/\/instagram.com\/infoempleo\/\",\"http:\/\/www.linkedin.com\/groups\/Empleo-Espa\u00f1a-Infoempleocom-111276\",\"http:\/\/pinterest.com\/infoempleo\/\"],\"address\":{\"@type\":\"PostalAddress\",\"addressLocality\":\"Madrid\",\"postalCode\":\"28050\",\"streetAddress\":\"Avenida de Burgos 114\"},\"brand\":[\"Infoempleo\"]},{\"@type\":\"Person\",\"@id\":\"https:\/\/empresas.infoempleo.com\/hrtrends\/#\/schema\/person\/9bc89e3819d56720c9fba63ae9d827f3\",\"name\":\"antonio vallejo\",\"image\":{\"@type\":\"ImageObject\",\"inLanguage\":\"es\",\"@id\":\"https:\/\/empresas.infoempleo.com\/hrtrends\/#\/schema\/person\/image\/\",\"url\":\"https:\/\/secure.gravatar.com\/avatar\/882c28279ae4535d5a62c1e541f84d58ddfb96ce2c2119d0f109a2f3ce461806?s=96&d=mm&r=g\",\"contentUrl\":\"https:\/\/secure.gravatar.com\/avatar\/882c28279ae4535d5a62c1e541f84d58ddfb96ce2c2119d0f109a2f3ce461806?s=96&d=mm&r=g\",\"caption\":\"antonio vallejo\"},\"url\":\"https:\/\/empresas.infoempleo.com\/hrtrends\/author\/antonio-vallejo\/\"}]}<\/script>\n<!-- \/ Yoast SEO plugin. -->","yoast_head_json":{"title":"Tiempo de Google+ | HRTRENDS","robots":{"index":"index","follow":"follow","max-snippet":"max-snippet:-1","max-image-preview":"max-image-preview:large","max-video-preview":"max-video-preview:-1"},"canonical":"https:\/\/empresas.infoempleo.com\/hrtrends\/tiempo-de-google\/","og_locale":"es_ES","og_type":"article","og_title":"Tiempo de Google+ | HRTRENDS","og_description":"Las cosas suceden, de una manera u otra. Las redes sociales se presentan en constante evoluci\u00f3n. En una Leer m\u00e1s","og_url":"https:\/\/empresas.infoempleo.com\/hrtrends\/tiempo-de-google\/","og_site_name":"HRTRENDS","article_publisher":"https:\/\/www.facebook.com\/Infoempleo","article_published_time":"2011-08-04T09:34:58+00:00","article_modified_time":"2024-12-09T11:10:24+00:00","og_image":[{"width":568,"height":258,"url":"https:\/\/empresas.infoempleo.com\/hrtrends\/media\/2011\/08\/Google-.jpg","type":"image\/jpeg"}],"author":"antonio vallejo","twitter_card":"summary_large_image","twitter_creator":"@infoempleo","twitter_site":"@infoempleo","twitter_misc":{"Escrito por":"antonio vallejo","Tiempo de lectura":"5 minutos"},"schema":{"@context":"https:\/\/schema.org","@graph":[{"@type":"NewsArticle","@id":"https:\/\/empresas.infoempleo.com\/hrtrends\/tiempo-de-google\/#article","isPartOf":{"@id":"https:\/\/empresas.infoempleo.com\/hrtrends\/tiempo-de-google\/"},"author":{"name":"antonio vallejo","@id":"https:\/\/empresas.infoempleo.com\/hrtrends\/#\/schema\/person\/9bc89e3819d56720c9fba63ae9d827f3"},"headline":"Tiempo de Google+","datePublished":"2011-08-04T09:34:58+00:00","dateModified":"2024-12-09T11:10:24+00:00","mainEntityOfPage":{"@id":"https:\/\/empresas.infoempleo.com\/hrtrends\/tiempo-de-google\/"},"wordCount":939,"publisher":{"@id":"https:\/\/empresas.infoempleo.com\/hrtrends\/#organization"},"image":{"@id":"https:\/\/empresas.infoempleo.com\/hrtrends\/tiempo-de-google\/#primaryimage"},"thumbnailUrl":"https:\/\/empresas.infoempleo.com\/hrtrends\/media\/2011\/08\/Google-.jpg","keywords":["b\u00fasqueda de empleo","Empleo","Google","redes sociales"],"articleSection":["Actualidad"],"inLanguage":"es","copyrightYear":"2011","copyrightHolder":{"@id":"https:\/\/empresas.infoempleo.com\/hrtrends\/#organization"}},{"@type":"WebPage","@id":"https:\/\/empresas.infoempleo.com\/hrtrends\/tiempo-de-google\/","url":"https:\/\/empresas.infoempleo.com\/hrtrends\/tiempo-de-google\/","name":"Tiempo de Google+ | HRTRENDS","isPartOf":{"@id":"https:\/\/empresas.infoempleo.com\/hrtrends\/#website"},"primaryImageOfPage":{"@id":"https:\/\/empresas.infoempleo.com\/hrtrends\/tiempo-de-google\/#primaryimage"},"image":{"@id":"https:\/\/empresas.infoempleo.com\/hrtrends\/tiempo-de-google\/#primaryimage"},"thumbnailUrl":"https:\/\/empresas.infoempleo.com\/hrtrends\/media\/2011\/08\/Google-.jpg","datePublished":"2011-08-04T09:34:58+00:00","dateModified":"2024-12-09T11:10:24+00:00","breadcrumb":{"@id":"https:\/\/empresas.infoempleo.com\/hrtrends\/tiempo-de-google\/#breadcrumb"},"inLanguage":"es","potentialAction":[{"@type":"ReadAction","target":["https:\/\/empresas.infoempleo.com\/hrtrends\/tiempo-de-google\/"]}]},{"@type":"ImageObject","inLanguage":"es","@id":"https:\/\/empresas.infoempleo.com\/hrtrends\/tiempo-de-google\/#primaryimage","url":"https:\/\/empresas.infoempleo.com\/hrtrends\/media\/2011\/08\/Google--150x150.jpg","contentUrl":"https:\/\/empresas.infoempleo.com\/hrtrends\/media\/2011\/08\/Google--150x150.jpg","width":150,"height":150},{"@type":"BreadcrumbList","@id":"https:\/\/empresas.infoempleo.com\/hrtrends\/tiempo-de-google\/#breadcrumb","itemListElement":[{"@type":"ListItem","position":1,"name":"Portada","item":"https:\/\/empresas.infoempleo.com\/hrtrends\/"},{"@type":"ListItem","position":2,"name":"Tiempo de Google+"}]},{"@type":"WebSite","@id":"https:\/\/empresas.infoempleo.com\/hrtrends\/#website","url":"https:\/\/empresas.infoempleo.com\/hrtrends","name":"HRTrends by Infoempleo","description":"","publisher":{"@id":"https:\/\/empresas.infoempleo.com\/hrtrends\/#organization"},"potentialAction":{"@type":"SearchAction","target":"https:\/\/empresas.infoempleo.com\/hrtrends\/?s={search_term_string}","query-input":"required name=search_term_string"},"inLanguage":"es"},{"@type":"Organization","@id":"https:\/\/empresas.infoempleo.com\/hrtrends\/#organization","name":"Infoempleo","url":"https:\/\/www.infoempleo.com\/","logo":{"@type":"ImageObject","@id":"https:\/\/empresas.infoempleo.com\/hrtrends\/#logo","inLanguage":"es","url":"https:\/\/cdnazure.infoempleo.com\/infoempleo\/assets\/style\/gfx\/logo.svg","contentUrl":"https:\/\/cdnazure.infoempleo.com\/infoempleo\/assets\/style\/gfx\/logo.svg","width":150,"height":40,"caption":"Infoempleo"},"image":{"@id":"https:\/\/empresas.infoempleo.com\/hrtrends\/#logo"},"sameAs":["https:\/\/www.facebook.com\/Infoempleo","https:\/\/x.com\/infoempleo","http:\/\/instagram.com\/infoempleo\/","http:\/\/www.linkedin.com\/groups\/Empleo-Espa\u00f1a-Infoempleocom-111276","http:\/\/pinterest.com\/infoempleo\/"],"address":{"@type":"PostalAddress","addressLocality":"Madrid","postalCode":"28050","streetAddress":"Avenida de Burgos 114"},"brand":["Infoempleo"]},{"@type":"Person","@id":"https:\/\/empresas.infoempleo.com\/hrtrends\/#\/schema\/person\/9bc89e3819d56720c9fba63ae9d827f3","name":"antonio vallejo","image":{"@type":"ImageObject","inLanguage":"es","@id":"https:\/\/empresas.infoempleo.com\/hrtrends\/#\/schema\/person\/image\/","url":"https:\/\/secure.gravatar.com\/avatar\/882c28279ae4535d5a62c1e541f84d58ddfb96ce2c2119d0f109a2f3ce461806?s=96&d=mm&r=g","contentUrl":"https:\/\/secure.gravatar.com\/avatar\/882c28279ae4535d5a62c1e541f84d58ddfb96ce2c2119d0f109a2f3ce461806?s=96&d=mm&r=g","caption":"antonio vallejo"},"url":"https:\/\/empresas.infoempleo.com\/hrtrends\/author\/antonio-vallejo\/"}]}},"amp_enabled":true,"_links":{"self":[{"href":"https:\/\/empresas.infoempleo.com\/hrtrends\/wp-json\/wp\/v2\/posts\/13919","targetHints":{"allow":["GET"]}}],"collection":[{"href":"https:\/\/empresas.infoempleo.com\/hrtrends\/wp-json\/wp\/v2\/posts"}],"about":[{"href":"https:\/\/empresas.infoempleo.com\/hrtrends\/wp-json\/wp\/v2\/types\/post"}],"author":[{"embeddable":true,"href":"https:\/\/empresas.infoempleo.com\/hrtrends\/wp-json\/wp\/v2\/users\/49"}],"replies":[{"embeddable":true,"href":"https:\/\/empresas.infoempleo.com\/hrtrends\/wp-json\/wp\/v2\/comments?post=13919"}],"version-history":[{"count":4,"href":"https:\/\/empresas.infoempleo.com\/hrtrends\/wp-json\/wp\/v2\/posts\/13919\/revisions"}],"predecessor-version":[{"id":46131,"href":"https:\/\/empresas.infoempleo.com\/hrtrends\/wp-json\/wp\/v2\/posts\/13919\/revisions\/46131"}],"wp:featuredmedia":[{"embeddable":true,"href":"https:\/\/empresas.infoempleo.com\/hrtrends\/wp-json\/wp\/v2\/media\/13920"}],"wp:attachment":[{"href":"https:\/\/empresas.infoempleo.com\/hrtrends\/wp-json\/wp\/v2\/media?parent=13919"}],"wp:term":[{"taxonomy":"category","embeddable":true,"href":"https:\/\/empresas.infoempleo.com\/hrtrends\/wp-json\/wp\/v2\/categories?post=13919"},{"taxonomy":"post_tag","embeddable":true,"href":"https:\/\/empresas.infoempleo.com\/hrtrends\/wp-json\/wp\/v2\/tags?post=13919"}],"curies":[{"name":"wp","href":"https:\/\/api.w.org\/{rel}","templated":true}]}}