{"id":13887,"date":"2011-07-26T13:17:57","date_gmt":"2011-07-26T12:17:57","guid":{"rendered":"http:\/\/blog.infoempleo.com\/?p=13887"},"modified":"2018-05-23T17:23:44","modified_gmt":"2018-05-23T15:23:44","slug":"el-talento-como-proceso","status":"publish","type":"post","link":"https:\/\/empresas.infoempleo.com\/hrtrends\/el-talento-como-proceso\/","title":{"rendered":"El talento como proceso"},"content":{"rendered":"<p style=\"text-align: left\"><img loading=\"lazy\" decoding=\"async\" class=\"alignnone size-full wp-image-13890\" src=\"https:\/\/empresas.infoempleo.com\/hrtrends\/media\/2011\/07\/MiguelLabrador1.jpg\" alt=\"\" width=\"181\" height=\"158\" \/><\/p>\n<h3>Miguel Labrador, director del \u00e1rea de desarrollo de Atesora<\/h3>\n<p>Habitualmente, cuando pensamos en talento pensamos en ello como algo aislado, algo que podemos o no poseer. No quiero entrar en la pol\u00e9mica de si el talento nace o se hace, o si venimos de \u00abserie\u00bb con talentos m\u00e1s o menos innatos y que solo se trata de una cuesti\u00f3n de \u00abdescubrirlos\u00bb. A veces el talento lo pensamos como algo estandarizado, que podemos encontrar,\u00a0 retener, perder&#8230; El problema de pensar el talento de esa forma es que muchas veces generar\u00e1 un pensamiento no muy certero del tipo \u00abtengo talento o no tengo talento\u00bb. Lo convertimos en un recurso escaso que hay que buscar en alg\u00fan lugar por ah\u00ed fuera. <strong>Pensamos as\u00ed en el talento como un producto.<\/strong><\/p>\n<p><strong>Lo que no solemos hacer es pensar el talento como un proceso o, mejor dicho, como un conjunto de procesos relacionados entre s\u00ed y necesarios para nuestra vida<\/strong>, ya que muchos de ellos se encuentran presentes en nuestro desempe\u00f1o cotidiano.<\/p>\n<p>Qu\u00e9 cosas hacemos o no talentosamente vendr\u00e1n definidas por una triple relaci\u00f3n entre nuestra confianza para hacer algo, la motivaci\u00f3n para hacerlo y la competencia con la que desempe\u00f1emos una particular actuaci\u00f3n.<\/p>\n<p style=\"text-align: center\"><img loading=\"lazy\" decoding=\"async\" class=\"size-full wp-image-13891 aligncenter\" src=\"https:\/\/empresas.infoempleo.com\/hrtrends\/media\/2011\/07\/Talento.jpg\" alt=\"\" width=\"397\" height=\"181\" srcset=\"https:\/\/empresas.infoempleo.com\/hrtrends\/media\/2011\/07\/Talento.jpg 567w, https:\/\/empresas.infoempleo.com\/hrtrends\/media\/2011\/07\/Talento-300x137.jpg 300w\" sizes=\"auto, (max-width: 397px) 100vw, 397px\" \/><\/p>\n<p>A veces se dise\u00f1an cursos para entrenar una determinada habilidad a expensas de activar la motivaci\u00f3n necesaria para ello, o cursos para desarrollar nuestra motivaci\u00f3n y confianza de forma aislada. Las personas que carecen de confianza porque no han desarrollado a\u00fan una habilidad piensan que una mayor motivaci\u00f3n les ayudar\u00eda a tener m\u00e1s \u00e9xito.<\/p>\n<p>Tristemente esto suele ser una p\u00e9rdida de tiempo. Lo ideal ser\u00eda que la motivaci\u00f3n se construyera sobre la competencia y no se administrara como un estimulante artificial. Es como intentar mejorar la marca de un corredor haciendo \u00fanicamente que se sienta confiado a expensas de cualquier entrenamiento f\u00edsico.<\/p>\n<p>Pensar en el talento como \u00abproducto\u00bb nos aleja de la posibilidad de desarrollarlo y, sobre todo, de gestionarlo de forma efectiva. Desde luego no tiene sentido preocuparnos por incorporar a los mejores en t\u00e9rminos de competencias, habilidades, experiencia o cualquier otro requisito de partida si no sabemos hacer uso de ello posteriormente.<\/p>\n<p>\u00c9ste trinomio \u2013confianza, motivaci\u00f3n y competencia\u2013 nos abre a cuestiones como \u00ab\u00bfqu\u00e9 habilidades soy capaz de ejercer con competencia?, \u00bfen qu\u00e9 contextos o situaciones consigo esto y en cu\u00e1les no?, \u00bfc\u00f3mo me activo yo mismo para lograrlo?\u00bb. Estas y otras cuestiones empiezan a abrirnos al talento como algo din\u00e1mico, moldeable y, por ende, desarrollable. En definitiva, como un proceso.<\/p>\n","protected":false},"excerpt":{"rendered":"<p>Miguel Labrador, director del \u00e1rea de desarrollo de Atesora Habitualmente, cuando pensamos en talento pensamos en ello como<a class=\"moretag\" href=\"https:\/\/empresas.infoempleo.com\/hrtrends\/el-talento-como-proceso\/\"> Leer m\u00e1s<\/a><\/p>\n","protected":false},"author":72,"featured_media":13891,"comment_status":"closed","ping_status":"open","sticky":false,"template":"","format":"standard","meta":{"footnotes":""},"categories":[3],"tags":[89],"class_list":["post-13887","post","type-post","status-publish","format-standard","has-post-thumbnail","hentry","category-actualidad","tag-talento"],"yoast_head":"<!-- This site is optimized with the Yoast SEO plugin v26.1.1 - https:\/\/yoast.com\/wordpress\/plugins\/seo\/ -->\n<title>El talento como proceso | HRTRENDS<\/title>\n<meta name=\"robots\" content=\"index, follow, max-snippet:-1, max-image-preview:large, max-video-preview:-1\" \/>\n<link rel=\"canonical\" href=\"https:\/\/empresas.infoempleo.com\/hrtrends\/el-talento-como-proceso\/\" \/>\n<meta property=\"og:locale\" content=\"es_ES\" \/>\n<meta property=\"og:type\" content=\"article\" \/>\n<meta property=\"og:title\" content=\"El talento como proceso | HRTRENDS\" \/>\n<meta property=\"og:description\" content=\"Miguel Labrador, director del \u00e1rea de desarrollo de Atesora Habitualmente, cuando pensamos en talento pensamos en ello como Leer m\u00e1s\" \/>\n<meta property=\"og:url\" content=\"https:\/\/empresas.infoempleo.com\/hrtrends\/el-talento-como-proceso\/\" \/>\n<meta property=\"og:site_name\" content=\"HRTRENDS\" \/>\n<meta property=\"article:publisher\" content=\"https:\/\/www.facebook.com\/Infoempleo\" \/>\n<meta property=\"article:published_time\" content=\"2011-07-26T12:17:57+00:00\" \/>\n<meta property=\"article:modified_time\" content=\"2018-05-23T15:23:44+00:00\" \/>\n<meta property=\"og:image\" content=\"https:\/\/empresas.infoempleo.com\/hrtrends\/media\/2011\/07\/Talento.jpg\" \/>\n\t<meta property=\"og:image:width\" content=\"567\" \/>\n\t<meta property=\"og:image:height\" content=\"258\" \/>\n\t<meta property=\"og:image:type\" content=\"image\/jpeg\" \/>\n<meta name=\"author\" content=\"infoempleo\" \/>\n<meta name=\"twitter:card\" content=\"summary_large_image\" \/>\n<meta name=\"twitter:creator\" content=\"@infoempleo\" \/>\n<meta name=\"twitter:site\" content=\"@infoempleo\" \/>\n<meta name=\"twitter:label1\" content=\"Escrito por\" \/>\n\t<meta name=\"twitter:data1\" content=\"infoempleo\" \/>\n\t<meta name=\"twitter:label2\" content=\"Tiempo de lectura\" \/>\n\t<meta name=\"twitter:data2\" content=\"2 minutos\" \/>\n<script type=\"application\/ld+json\" class=\"yoast-schema-graph\">{\"@context\":\"https:\/\/schema.org\",\"@graph\":[{\"@type\":\"NewsArticle\",\"@id\":\"https:\/\/empresas.infoempleo.com\/hrtrends\/el-talento-como-proceso\/#article\",\"isPartOf\":{\"@id\":\"https:\/\/empresas.infoempleo.com\/hrtrends\/el-talento-como-proceso\/\"},\"author\":{\"name\":\"infoempleo\",\"@id\":\"https:\/\/empresas.infoempleo.com\/hrtrends\/#\/schema\/person\/67d3e276ffcc8b3ae0ebec816daf775a\"},\"headline\":\"El talento como proceso\",\"datePublished\":\"2011-07-26T12:17:57+00:00\",\"dateModified\":\"2018-05-23T15:23:44+00:00\",\"mainEntityOfPage\":{\"@id\":\"https:\/\/empresas.infoempleo.com\/hrtrends\/el-talento-como-proceso\/\"},\"wordCount\":441,\"publisher\":{\"@id\":\"https:\/\/empresas.infoempleo.com\/hrtrends\/#organization\"},\"image\":{\"@id\":\"https:\/\/empresas.infoempleo.com\/hrtrends\/el-talento-como-proceso\/#primaryimage\"},\"thumbnailUrl\":\"https:\/\/empresas.infoempleo.com\/hrtrends\/media\/2011\/07\/Talento.jpg\",\"keywords\":[\"talento\"],\"articleSection\":[\"Actualidad\"],\"inLanguage\":\"es\",\"copyrightYear\":\"2011\",\"copyrightHolder\":{\"@id\":\"https:\/\/empresas.infoempleo.com\/hrtrends\/#organization\"}},{\"@type\":\"WebPage\",\"@id\":\"https:\/\/empresas.infoempleo.com\/hrtrends\/el-talento-como-proceso\/\",\"url\":\"https:\/\/empresas.infoempleo.com\/hrtrends\/el-talento-como-proceso\/\",\"name\":\"El talento como proceso | HRTRENDS\",\"isPartOf\":{\"@id\":\"https:\/\/empresas.infoempleo.com\/hrtrends\/#website\"},\"primaryImageOfPage\":{\"@id\":\"https:\/\/empresas.infoempleo.com\/hrtrends\/el-talento-como-proceso\/#primaryimage\"},\"image\":{\"@id\":\"https:\/\/empresas.infoempleo.com\/hrtrends\/el-talento-como-proceso\/#primaryimage\"},\"thumbnailUrl\":\"https:\/\/empresas.infoempleo.com\/hrtrends\/media\/2011\/07\/Talento.jpg\",\"datePublished\":\"2011-07-26T12:17:57+00:00\",\"dateModified\":\"2018-05-23T15:23:44+00:00\",\"breadcrumb\":{\"@id\":\"https:\/\/empresas.infoempleo.com\/hrtrends\/el-talento-como-proceso\/#breadcrumb\"},\"inLanguage\":\"es\",\"potentialAction\":[{\"@type\":\"ReadAction\",\"target\":[\"https:\/\/empresas.infoempleo.com\/hrtrends\/el-talento-como-proceso\/\"]}]},{\"@type\":\"ImageObject\",\"inLanguage\":\"es\",\"@id\":\"https:\/\/empresas.infoempleo.com\/hrtrends\/el-talento-como-proceso\/#primaryimage\",\"url\":\"https:\/\/empresas.infoempleo.com\/hrtrends\/media\/2011\/07\/Talento-150x150.jpg\",\"contentUrl\":\"https:\/\/empresas.infoempleo.com\/hrtrends\/media\/2011\/07\/Talento-150x150.jpg\",\"width\":150,\"height\":150},{\"@type\":\"BreadcrumbList\",\"@id\":\"https:\/\/empresas.infoempleo.com\/hrtrends\/el-talento-como-proceso\/#breadcrumb\",\"itemListElement\":[{\"@type\":\"ListItem\",\"position\":1,\"name\":\"Portada\",\"item\":\"https:\/\/empresas.infoempleo.com\/hrtrends\/\"},{\"@type\":\"ListItem\",\"position\":2,\"name\":\"El talento como proceso\"}]},{\"@type\":\"WebSite\",\"@id\":\"https:\/\/empresas.infoempleo.com\/hrtrends\/#website\",\"url\":\"https:\/\/empresas.infoempleo.com\/hrtrends\",\"name\":\"HRTrends by Infoempleo\",\"description\":\"\",\"publisher\":{\"@id\":\"https:\/\/empresas.infoempleo.com\/hrtrends\/#organization\"},\"potentialAction\":{\"@type\":\"SearchAction\",\"target\":\"https:\/\/empresas.infoempleo.com\/hrtrends\/?s={search_term_string}\",\"query-input\":\"required name=search_term_string\"},\"inLanguage\":\"es\"},{\"@type\":\"Organization\",\"@id\":\"https:\/\/empresas.infoempleo.com\/hrtrends\/#organization\",\"name\":\"Infoempleo\",\"url\":\"https:\/\/www.infoempleo.com\/\",\"logo\":{\"@type\":\"ImageObject\",\"@id\":\"https:\/\/empresas.infoempleo.com\/hrtrends\/#logo\",\"inLanguage\":\"es\",\"url\":\"https:\/\/cdnazure.infoempleo.com\/infoempleo\/assets\/style\/gfx\/logo.svg\",\"contentUrl\":\"https:\/\/cdnazure.infoempleo.com\/infoempleo\/assets\/style\/gfx\/logo.svg\",\"width\":150,\"height\":40,\"caption\":\"Infoempleo\"},\"image\":{\"@id\":\"https:\/\/empresas.infoempleo.com\/hrtrends\/#logo\"},\"sameAs\":[\"https:\/\/www.facebook.com\/Infoempleo\",\"https:\/\/x.com\/infoempleo\",\"http:\/\/instagram.com\/infoempleo\/\",\"http:\/\/www.linkedin.com\/groups\/Empleo-Espa\u00f1a-Infoempleocom-111276\",\"http:\/\/pinterest.com\/infoempleo\/\"],\"address\":{\"@type\":\"PostalAddress\",\"addressLocality\":\"Madrid\",\"postalCode\":\"28050\",\"streetAddress\":\"Avenida de Burgos 114\"},\"brand\":[\"Infoempleo\"]},{\"@type\":\"Person\",\"@id\":\"https:\/\/empresas.infoempleo.com\/hrtrends\/#\/schema\/person\/67d3e276ffcc8b3ae0ebec816daf775a\",\"name\":\"infoempleo\",\"image\":{\"@type\":\"ImageObject\",\"inLanguage\":\"es\",\"@id\":\"https:\/\/empresas.infoempleo.com\/hrtrends\/#\/schema\/person\/image\/\",\"url\":\"https:\/\/secure.gravatar.com\/avatar\/7b437777242fe67d2473c2a818da2344692d1ee91e91080ccffbd97bcd4a0975?s=96&d=mm&r=g\",\"contentUrl\":\"https:\/\/secure.gravatar.com\/avatar\/7b437777242fe67d2473c2a818da2344692d1ee91e91080ccffbd97bcd4a0975?s=96&d=mm&r=g\",\"caption\":\"infoempleo\"},\"url\":\"https:\/\/empresas.infoempleo.com\/hrtrends\/author\/infoempleo\/\"}]}<\/script>\n<!-- \/ Yoast SEO plugin. -->","yoast_head_json":{"title":"El talento como proceso | HRTRENDS","robots":{"index":"index","follow":"follow","max-snippet":"max-snippet:-1","max-image-preview":"max-image-preview:large","max-video-preview":"max-video-preview:-1"},"canonical":"https:\/\/empresas.infoempleo.com\/hrtrends\/el-talento-como-proceso\/","og_locale":"es_ES","og_type":"article","og_title":"El talento como proceso | HRTRENDS","og_description":"Miguel Labrador, director del \u00e1rea de desarrollo de Atesora Habitualmente, cuando pensamos en talento pensamos en ello como Leer m\u00e1s","og_url":"https:\/\/empresas.infoempleo.com\/hrtrends\/el-talento-como-proceso\/","og_site_name":"HRTRENDS","article_publisher":"https:\/\/www.facebook.com\/Infoempleo","article_published_time":"2011-07-26T12:17:57+00:00","article_modified_time":"2018-05-23T15:23:44+00:00","og_image":[{"width":567,"height":258,"url":"https:\/\/empresas.infoempleo.com\/hrtrends\/media\/2011\/07\/Talento.jpg","type":"image\/jpeg"}],"author":"infoempleo","twitter_card":"summary_large_image","twitter_creator":"@infoempleo","twitter_site":"@infoempleo","twitter_misc":{"Escrito por":"infoempleo","Tiempo de lectura":"2 minutos"},"schema":{"@context":"https:\/\/schema.org","@graph":[{"@type":"NewsArticle","@id":"https:\/\/empresas.infoempleo.com\/hrtrends\/el-talento-como-proceso\/#article","isPartOf":{"@id":"https:\/\/empresas.infoempleo.com\/hrtrends\/el-talento-como-proceso\/"},"author":{"name":"infoempleo","@id":"https:\/\/empresas.infoempleo.com\/hrtrends\/#\/schema\/person\/67d3e276ffcc8b3ae0ebec816daf775a"},"headline":"El talento como proceso","datePublished":"2011-07-26T12:17:57+00:00","dateModified":"2018-05-23T15:23:44+00:00","mainEntityOfPage":{"@id":"https:\/\/empresas.infoempleo.com\/hrtrends\/el-talento-como-proceso\/"},"wordCount":441,"publisher":{"@id":"https:\/\/empresas.infoempleo.com\/hrtrends\/#organization"},"image":{"@id":"https:\/\/empresas.infoempleo.com\/hrtrends\/el-talento-como-proceso\/#primaryimage"},"thumbnailUrl":"https:\/\/empresas.infoempleo.com\/hrtrends\/media\/2011\/07\/Talento.jpg","keywords":["talento"],"articleSection":["Actualidad"],"inLanguage":"es","copyrightYear":"2011","copyrightHolder":{"@id":"https:\/\/empresas.infoempleo.com\/hrtrends\/#organization"}},{"@type":"WebPage","@id":"https:\/\/empresas.infoempleo.com\/hrtrends\/el-talento-como-proceso\/","url":"https:\/\/empresas.infoempleo.com\/hrtrends\/el-talento-como-proceso\/","name":"El talento como proceso | HRTRENDS","isPartOf":{"@id":"https:\/\/empresas.infoempleo.com\/hrtrends\/#website"},"primaryImageOfPage":{"@id":"https:\/\/empresas.infoempleo.com\/hrtrends\/el-talento-como-proceso\/#primaryimage"},"image":{"@id":"https:\/\/empresas.infoempleo.com\/hrtrends\/el-talento-como-proceso\/#primaryimage"},"thumbnailUrl":"https:\/\/empresas.infoempleo.com\/hrtrends\/media\/2011\/07\/Talento.jpg","datePublished":"2011-07-26T12:17:57+00:00","dateModified":"2018-05-23T15:23:44+00:00","breadcrumb":{"@id":"https:\/\/empresas.infoempleo.com\/hrtrends\/el-talento-como-proceso\/#breadcrumb"},"inLanguage":"es","potentialAction":[{"@type":"ReadAction","target":["https:\/\/empresas.infoempleo.com\/hrtrends\/el-talento-como-proceso\/"]}]},{"@type":"ImageObject","inLanguage":"es","@id":"https:\/\/empresas.infoempleo.com\/hrtrends\/el-talento-como-proceso\/#primaryimage","url":"https:\/\/empresas.infoempleo.com\/hrtrends\/media\/2011\/07\/Talento-150x150.jpg","contentUrl":"https:\/\/empresas.infoempleo.com\/hrtrends\/media\/2011\/07\/Talento-150x150.jpg","width":150,"height":150},{"@type":"BreadcrumbList","@id":"https:\/\/empresas.infoempleo.com\/hrtrends\/el-talento-como-proceso\/#breadcrumb","itemListElement":[{"@type":"ListItem","position":1,"name":"Portada","item":"https:\/\/empresas.infoempleo.com\/hrtrends\/"},{"@type":"ListItem","position":2,"name":"El talento como proceso"}]},{"@type":"WebSite","@id":"https:\/\/empresas.infoempleo.com\/hrtrends\/#website","url":"https:\/\/empresas.infoempleo.com\/hrtrends","name":"HRTrends by Infoempleo","description":"","publisher":{"@id":"https:\/\/empresas.infoempleo.com\/hrtrends\/#organization"},"potentialAction":{"@type":"SearchAction","target":"https:\/\/empresas.infoempleo.com\/hrtrends\/?s={search_term_string}","query-input":"required name=search_term_string"},"inLanguage":"es"},{"@type":"Organization","@id":"https:\/\/empresas.infoempleo.com\/hrtrends\/#organization","name":"Infoempleo","url":"https:\/\/www.infoempleo.com\/","logo":{"@type":"ImageObject","@id":"https:\/\/empresas.infoempleo.com\/hrtrends\/#logo","inLanguage":"es","url":"https:\/\/cdnazure.infoempleo.com\/infoempleo\/assets\/style\/gfx\/logo.svg","contentUrl":"https:\/\/cdnazure.infoempleo.com\/infoempleo\/assets\/style\/gfx\/logo.svg","width":150,"height":40,"caption":"Infoempleo"},"image":{"@id":"https:\/\/empresas.infoempleo.com\/hrtrends\/#logo"},"sameAs":["https:\/\/www.facebook.com\/Infoempleo","https:\/\/x.com\/infoempleo","http:\/\/instagram.com\/infoempleo\/","http:\/\/www.linkedin.com\/groups\/Empleo-Espa\u00f1a-Infoempleocom-111276","http:\/\/pinterest.com\/infoempleo\/"],"address":{"@type":"PostalAddress","addressLocality":"Madrid","postalCode":"28050","streetAddress":"Avenida de Burgos 114"},"brand":["Infoempleo"]},{"@type":"Person","@id":"https:\/\/empresas.infoempleo.com\/hrtrends\/#\/schema\/person\/67d3e276ffcc8b3ae0ebec816daf775a","name":"infoempleo","image":{"@type":"ImageObject","inLanguage":"es","@id":"https:\/\/empresas.infoempleo.com\/hrtrends\/#\/schema\/person\/image\/","url":"https:\/\/secure.gravatar.com\/avatar\/7b437777242fe67d2473c2a818da2344692d1ee91e91080ccffbd97bcd4a0975?s=96&d=mm&r=g","contentUrl":"https:\/\/secure.gravatar.com\/avatar\/7b437777242fe67d2473c2a818da2344692d1ee91e91080ccffbd97bcd4a0975?s=96&d=mm&r=g","caption":"infoempleo"},"url":"https:\/\/empresas.infoempleo.com\/hrtrends\/author\/infoempleo\/"}]}},"amp_enabled":true,"_links":{"self":[{"href":"https:\/\/empresas.infoempleo.com\/hrtrends\/wp-json\/wp\/v2\/posts\/13887","targetHints":{"allow":["GET"]}}],"collection":[{"href":"https:\/\/empresas.infoempleo.com\/hrtrends\/wp-json\/wp\/v2\/posts"}],"about":[{"href":"https:\/\/empresas.infoempleo.com\/hrtrends\/wp-json\/wp\/v2\/types\/post"}],"author":[{"embeddable":true,"href":"https:\/\/empresas.infoempleo.com\/hrtrends\/wp-json\/wp\/v2\/users\/72"}],"replies":[{"embeddable":true,"href":"https:\/\/empresas.infoempleo.com\/hrtrends\/wp-json\/wp\/v2\/comments?post=13887"}],"version-history":[{"count":0,"href":"https:\/\/empresas.infoempleo.com\/hrtrends\/wp-json\/wp\/v2\/posts\/13887\/revisions"}],"wp:featuredmedia":[{"embeddable":true,"href":"https:\/\/empresas.infoempleo.com\/hrtrends\/wp-json\/wp\/v2\/media\/13891"}],"wp:attachment":[{"href":"https:\/\/empresas.infoempleo.com\/hrtrends\/wp-json\/wp\/v2\/media?parent=13887"}],"wp:term":[{"taxonomy":"category","embeddable":true,"href":"https:\/\/empresas.infoempleo.com\/hrtrends\/wp-json\/wp\/v2\/categories?post=13887"},{"taxonomy":"post_tag","embeddable":true,"href":"https:\/\/empresas.infoempleo.com\/hrtrends\/wp-json\/wp\/v2\/tags?post=13887"}],"curies":[{"name":"wp","href":"https:\/\/api.w.org\/{rel}","templated":true}]}}