{"id":13652,"date":"2011-06-27T10:41:57","date_gmt":"2011-06-27T09:41:57","guid":{"rendered":"http:\/\/blog.infoempleo.com\/?p=13652"},"modified":"2025-03-04T18:45:51","modified_gmt":"2025-03-04T16:45:51","slug":"renovacion-en-el-mundo-del-marketing","status":"publish","type":"post","link":"https:\/\/empresas.infoempleo.com\/hrtrends\/renovacion-en-el-mundo-del-marketing\/","title":{"rendered":"Renovaci\u00f3n en el mundo del marketing"},"content":{"rendered":"<p style=\"text-align: center;\"><img loading=\"lazy\" decoding=\"async\" class=\"alignnone size-full wp-image-13653\" title=\"renovaci\u00f3n en el mundo del marketing\" src=\"https:\/\/empresas.infoempleo.com\/hrtrends\/media\/2011\/06\/renovacionenelmundodelmarketing.jpg\" alt=\"\" width=\"454\" height=\"206\" srcset=\"https:\/\/empresas.infoempleo.com\/hrtrends\/media\/2011\/06\/renovacionenelmundodelmarketing.jpg 568w, https:\/\/empresas.infoempleo.com\/hrtrends\/media\/2011\/06\/renovacionenelmundodelmarketing-300x136.jpg 300w\" sizes=\"auto, (max-width: 454px) 100vw, 454px\" \/><\/p>\n<p>Un aprobado holgado, concretamente un 6,6 sobre 10. Esa es la nota media que se ponen los profesionales dedicados al marketing seg\u00fan\u00a0la segunda oleada del \u00ab<strong>Observatorio del mercado laboral de los profesionales del marketing, la comunicaci\u00f3n y la publicidad digital<\/strong>\u00bb. Este estudio, elaborado por<a href=\"https:\/\/www.iabspain.net\/\" target=\"_blank\" rel=\"noopener\"> Interactive Advertising Bureau<\/a>, analiza varios aspectos laborales del sector y la actitud de sus profesionales frente a ellos.<\/p>\n<p>Lo cierto es que esta profesi\u00f3n est\u00e1 en reciclaje continuo.\u00abDe la mano de las\u00a0 nuevas tecnolog\u00edas, ahora podemos realizar acciones en nuevos formatos digitales interactuando con los consumidores, colaborar con nuestros clientes en las redes sociales, automatizar la fuerza de ventas, predecir el\u00a0 comportamiento del consumidor, segmentar adecuadamente, realizar campa\u00f1as on off, medir el ROI\u2026 El potencial de las nuevas herramientas es incre\u00edble\u00bb, argumenta <strong>Natividad Buceta, Directoral General de la <a href=\"https:\/\/www.asociacionmkt.es\/ \" target=\"_blank\" rel=\"noopener\">Asociaci\u00f3n de Marketing en Espa\u00f1a.<\/a><\/strong><\/p>\n<p>Esta tendencia hacia una reformulaci\u00f3n es una opini\u00f3n que comparte <strong>Diego Olmedilla, Director General de Aplus Field Marketing\u00a0 y profesor del<a href=\"https:\/\/www.cef.es\/\" target=\"_blank\" rel=\"noopener\"> CEF<\/a><\/strong>. Para \u00e9l, las crisis se convierten en una oportunidad para poder cambiar las cosas que no funcionan por otras nuevas: \u00abLas marcas se est\u00e1n cuestionando la eficacia de las campa\u00f1as masivas y se est\u00e1n dando cuenta de que hace falta ser m\u00e1s precisos, casi quir\u00fargicos, a la hora de buscar p\u00fablicos objetivos\u00bb ,matiza. En la misma l\u00ednea se manifiesta <strong>Isabel S\u00e1nchez, directora del grado de Administraci\u00f3n de Empresas de <a href=\"https:\/\/www.ie.edu\/\/es\/universidad\/\" target=\"_blank\" rel=\"noopener\">IE University<\/a><\/strong>: \u00abEl marketing est\u00e1 evolucionando r\u00e1pidamente hacia un modelo integral que favorece la conjunci\u00f3n de din\u00e1micas de mercado, gesti\u00f3n de la imagen de marca y un\u00a0\u00a0profundo conocimiento del consumidor\u00bb.<\/p>\n<h3>M\u00e1s interacci\u00f3n<\/h3>\n<p>Y es que parece que esas nuevas herramientas y medios de los que disponen ambas partes ha hecho que el consumidor ya no espere sentado a que le lleguen esas propuestas comerciales. \u00abHay que dominar las herramientas actuales que les permitan gestionar con eficacia las pol\u00edticas de marketing, tanto las tradicionales como las m\u00e1s punteras. As\u00ed, hay que manejar la relaci\u00f3n entre marketing y \u2018e-business\u2019, \u2018mobile-marketing\u2019, CRM aplicado al \u2018trade\u2019 y al consumidor\u2026\u00bb, asegura el <strong>Director Acad\u00e9mico de CESMA, Francisco Ubierna. <\/strong>De hecho, esta situaci\u00f3n tendr\u00e1 una clara repercusi\u00f3n en el mundo laboral.<\/p>\n<p>De cara a un futuro inmediato, el estudio de Interactive Advertising Bureau prev\u00e9 que <strong>en los pr\u00f3ximos meses los perfiles m\u00e1s demandados sean los relacionados con los medios sociales: un 43% de la oferta ir\u00e1 dirigida a gestores de comunidades online.<\/strong> Por tanto, la interacci\u00f3n directa con el consumidor y una comunicaci\u00f3n bidireccional son conceptos fundamentales que el profesional del marketing tiene que tener\u00a0 m\u00e1s que asumidos. A estos cambios hay que sumar, seg\u00fan Olmedilla, la \u00abdemocratizaci\u00f3n del marketing y la comunicaci\u00f3n\u00bb que se ha vivido en los \u00faltimos a\u00f1os. Y todo ello, sin olvidar la internacionalizaci\u00f3n o, mejor dicho, la globalizaci\u00f3n que se est\u00e1n viviendo en muchos sectores econ\u00f3micos.<\/p>\n<p><strong>Jos\u00e9 Ramos, decano de la Facultad de Ciencias Sociales de la\u00a0 universidad Europea de Madrid<\/strong> \u00a0cree que este entorno globalizado en el que se desarrolla el marketing hace que la internacionalidad y la multiculturalidad sean, junto al dominio de idiomas, algunas de las cualidades m\u00e1s demandadas para estos trabajadores.<\/p>\n<h3>Nuevos retos<\/h3>\n<p>Esos prop\u00f3sitos deben hacerse reales en unas habilidades concretas del profesional del marketing que le hagan competente de cara a los retos actuales y a los que puedan presentarse en un medio plazo.<\/p>\n<p><strong>Esther \u00c1lvarez,Directora de Estudios de IDE-CESEM<\/strong>, cree que la capacidad de an\u00e1lisis, estar orientado a los resultados, ser innovador, proactivo, con capacidad de liderazgo y conocedor del marketing m\u00f3vil y digital son cualidades imprescindibles para aquellos que se quieran dedicar a ello. <strong>Juan Antonio Carrasco,Director de Carreras Profesionales de <a href=\"https:\/\/www.esic.edu\/ \" target=\"_blank\" rel=\"noopener\">ESIC,<\/a><\/strong> comparte este punto de vista y a\u00f1ade que es imprescindible tener \u00abuna visi\u00f3n global que permita interpretar estructuras, actividades y relaciones empresariales\u00bb, y siempre enfocando su trabajo al cliente. Por mucho que se busque la especializaci\u00f3n y el conocimiento de las nuevas herramientas tecnol\u00f3gicas el objetivo final sigue siendo reportar resultados en el \u00e1mbito econ\u00f3mico.<\/p>\n<h3>Una formaci\u00f3n oficial<\/h3>\n<p>Lograr esa especializaci\u00f3n se hace factible con una buena formaci\u00f3n. Esta posibilidad es m\u00e1s real ahora que nunca, ya que, por primera vez, existen en Espa\u00f1a estudios oficiales de grado en Marketing, que se suman al sin f\u00edn de m\u00e1ster y postgrado especializados que ofrecen las escuelas de negocios. Adem\u00e1s, desde la Asociaci\u00f3n del Marketing de Espa\u00f1a han desarrollado un Certificado Europeo del Profesional de Marketing que, en palabras de su Directora General, \u00abavala y certifica la cualificaci\u00f3n y\u00a0 experiencia del profesional del marketing\u00bb. Ya est\u00e1 en marcha y esperan lanzarlo pr\u00f3ximamente al mercado.<\/p>\n<p>El estudio de Interactive \u00a0Advertising Bureau tambi\u00e9n se centra en la preparaci\u00f3n acad\u00e9mica del sector y se\u00f1ala que la mayor proporci\u00f3n de estos profesionales, un 23%, cursaron Publicidad y Relaciones P\u00fablicas. De los licenciados dedicados a este sector, la mitad estudiaron carreras\u00a0 0rientadas al mismo, y m\u00e1s del 90% de los que cuentan con un postgrado cursaron una carrera relacionada con su trabajo actual. Se\u00a0 espera que el\u00a0 cambio de tendencia en las aulas y la especializaci\u00f3n haga que esos\u00a0 porcentajes suban.<\/p>\n<p><strong>Compatibilizar visi\u00f3n general y conocimientos espec\u00edficos<\/strong>. Esa parece ser la\u00a0 clave para este tipo de profesional que, <strong>Henar Alonso, profesora de Marketing e Investigaci\u00f3n de mercados de la <a href=\"https:\/\/www.ceu.es\/\" target=\"_blank\" rel=\"noopener\">Universidad San Pablo CEU<\/a><\/strong>, califica de \u00abtodoterreno\u00bb. \u00bfY esto c\u00f3mo se consigue? Para esta profesora no hay que dejar de formarse nunca y estar pendiente de toda novedad en el sector. La capacidad de adaptaci\u00f3n a nuevas herramientas o nuevos perfiles de p\u00fablico con los que relacionarse. De hecho, en el Observatorio del Mercado Laboral se plantea la escasa formaci\u00f3n interna como una de las mayores quejas del sector que ya est\u00e1 desarrollando su labor.<\/p>\n","protected":false},"excerpt":{"rendered":"<p>Un aprobado holgado, concretamente un 6,6 sobre 10. Esa es la nota media que se ponen los profesionales<a class=\"moretag\" href=\"https:\/\/empresas.infoempleo.com\/hrtrends\/renovacion-en-el-mundo-del-marketing\/\"> Leer m\u00e1s<\/a><\/p>\n","protected":false},"author":62,"featured_media":13653,"comment_status":"closed","ping_status":"open","sticky":false,"template":"","format":"standard","meta":{"footnotes":""},"categories":[3],"tags":[162,227,169],"class_list":["post-13652","post","type-post","status-publish","format-standard","has-post-thumbnail","hentry","category-actualidad","tag-empleo","tag-marketing","tag-mercado-laboral"],"yoast_head":"<!-- This site is optimized with the Yoast SEO plugin v26.1.1 - https:\/\/yoast.com\/wordpress\/plugins\/seo\/ -->\n<title>Renovaci\u00f3n en el mundo del marketing | HRTRENDS<\/title>\n<meta name=\"robots\" content=\"index, follow, max-snippet:-1, max-image-preview:large, max-video-preview:-1\" \/>\n<link rel=\"canonical\" href=\"https:\/\/empresas.infoempleo.com\/hrtrends\/renovacion-en-el-mundo-del-marketing\/\" \/>\n<meta property=\"og:locale\" content=\"es_ES\" \/>\n<meta property=\"og:type\" content=\"article\" \/>\n<meta property=\"og:title\" content=\"Renovaci\u00f3n en el mundo del marketing | HRTRENDS\" \/>\n<meta property=\"og:description\" content=\"Un aprobado holgado, concretamente un 6,6 sobre 10. Esa es la nota media que se ponen los profesionales Leer m\u00e1s\" \/>\n<meta property=\"og:url\" content=\"https:\/\/empresas.infoempleo.com\/hrtrends\/renovacion-en-el-mundo-del-marketing\/\" \/>\n<meta property=\"og:site_name\" content=\"HRTRENDS\" \/>\n<meta property=\"article:publisher\" content=\"https:\/\/www.facebook.com\/Infoempleo\" \/>\n<meta property=\"article:published_time\" content=\"2011-06-27T09:41:57+00:00\" \/>\n<meta property=\"article:modified_time\" content=\"2025-03-04T16:45:51+00:00\" \/>\n<meta property=\"og:image\" content=\"https:\/\/empresas.infoempleo.com\/hrtrends\/media\/2011\/06\/renovacionenelmundodelmarketing.jpg\" \/>\n\t<meta property=\"og:image:width\" content=\"568\" \/>\n\t<meta property=\"og:image:height\" content=\"258\" \/>\n\t<meta property=\"og:image:type\" content=\"image\/jpeg\" \/>\n<meta name=\"author\" content=\"elena arranz\" \/>\n<meta name=\"twitter:card\" content=\"summary_large_image\" \/>\n<meta name=\"twitter:creator\" content=\"@infoempleo\" \/>\n<meta name=\"twitter:site\" content=\"@infoempleo\" \/>\n<meta name=\"twitter:label1\" content=\"Escrito por\" \/>\n\t<meta name=\"twitter:data1\" content=\"elena arranz\" \/>\n\t<meta name=\"twitter:label2\" content=\"Tiempo de lectura\" \/>\n\t<meta name=\"twitter:data2\" content=\"5 minutos\" \/>\n<script type=\"application\/ld+json\" class=\"yoast-schema-graph\">{\"@context\":\"https:\/\/schema.org\",\"@graph\":[{\"@type\":\"NewsArticle\",\"@id\":\"https:\/\/empresas.infoempleo.com\/hrtrends\/renovacion-en-el-mundo-del-marketing\/#article\",\"isPartOf\":{\"@id\":\"https:\/\/empresas.infoempleo.com\/hrtrends\/renovacion-en-el-mundo-del-marketing\/\"},\"author\":{\"name\":\"elena arranz\",\"@id\":\"https:\/\/empresas.infoempleo.com\/hrtrends\/#\/schema\/person\/f3484d3cdf45b2f3846af4f705ec9730\"},\"headline\":\"Renovaci\u00f3n en el mundo del marketing\",\"datePublished\":\"2011-06-27T09:41:57+00:00\",\"dateModified\":\"2025-03-04T16:45:51+00:00\",\"mainEntityOfPage\":{\"@id\":\"https:\/\/empresas.infoempleo.com\/hrtrends\/renovacion-en-el-mundo-del-marketing\/\"},\"wordCount\":1021,\"publisher\":{\"@id\":\"https:\/\/empresas.infoempleo.com\/hrtrends\/#organization\"},\"image\":{\"@id\":\"https:\/\/empresas.infoempleo.com\/hrtrends\/renovacion-en-el-mundo-del-marketing\/#primaryimage\"},\"thumbnailUrl\":\"https:\/\/empresas.infoempleo.com\/hrtrends\/media\/2011\/06\/renovacionenelmundodelmarketing.jpg\",\"keywords\":[\"Empleo\",\"marketing\",\"mercado laboral\"],\"articleSection\":[\"Actualidad\"],\"inLanguage\":\"es\",\"copyrightYear\":\"2011\",\"copyrightHolder\":{\"@id\":\"https:\/\/empresas.infoempleo.com\/hrtrends\/#organization\"}},{\"@type\":\"WebPage\",\"@id\":\"https:\/\/empresas.infoempleo.com\/hrtrends\/renovacion-en-el-mundo-del-marketing\/\",\"url\":\"https:\/\/empresas.infoempleo.com\/hrtrends\/renovacion-en-el-mundo-del-marketing\/\",\"name\":\"Renovaci\u00f3n en el mundo del marketing | HRTRENDS\",\"isPartOf\":{\"@id\":\"https:\/\/empresas.infoempleo.com\/hrtrends\/#website\"},\"primaryImageOfPage\":{\"@id\":\"https:\/\/empresas.infoempleo.com\/hrtrends\/renovacion-en-el-mundo-del-marketing\/#primaryimage\"},\"image\":{\"@id\":\"https:\/\/empresas.infoempleo.com\/hrtrends\/renovacion-en-el-mundo-del-marketing\/#primaryimage\"},\"thumbnailUrl\":\"https:\/\/empresas.infoempleo.com\/hrtrends\/media\/2011\/06\/renovacionenelmundodelmarketing.jpg\",\"datePublished\":\"2011-06-27T09:41:57+00:00\",\"dateModified\":\"2025-03-04T16:45:51+00:00\",\"breadcrumb\":{\"@id\":\"https:\/\/empresas.infoempleo.com\/hrtrends\/renovacion-en-el-mundo-del-marketing\/#breadcrumb\"},\"inLanguage\":\"es\",\"potentialAction\":[{\"@type\":\"ReadAction\",\"target\":[\"https:\/\/empresas.infoempleo.com\/hrtrends\/renovacion-en-el-mundo-del-marketing\/\"]}]},{\"@type\":\"ImageObject\",\"inLanguage\":\"es\",\"@id\":\"https:\/\/empresas.infoempleo.com\/hrtrends\/renovacion-en-el-mundo-del-marketing\/#primaryimage\",\"url\":\"https:\/\/empresas.infoempleo.com\/hrtrends\/media\/2011\/06\/renovacionenelmundodelmarketing-150x150.jpg\",\"contentUrl\":\"https:\/\/empresas.infoempleo.com\/hrtrends\/media\/2011\/06\/renovacionenelmundodelmarketing-150x150.jpg\",\"width\":150,\"height\":150},{\"@type\":\"BreadcrumbList\",\"@id\":\"https:\/\/empresas.infoempleo.com\/hrtrends\/renovacion-en-el-mundo-del-marketing\/#breadcrumb\",\"itemListElement\":[{\"@type\":\"ListItem\",\"position\":1,\"name\":\"Portada\",\"item\":\"https:\/\/empresas.infoempleo.com\/hrtrends\/\"},{\"@type\":\"ListItem\",\"position\":2,\"name\":\"Renovaci\u00f3n en el mundo del marketing\"}]},{\"@type\":\"WebSite\",\"@id\":\"https:\/\/empresas.infoempleo.com\/hrtrends\/#website\",\"url\":\"https:\/\/empresas.infoempleo.com\/hrtrends\",\"name\":\"HRTrends by Infoempleo\",\"description\":\"\",\"publisher\":{\"@id\":\"https:\/\/empresas.infoempleo.com\/hrtrends\/#organization\"},\"potentialAction\":{\"@type\":\"SearchAction\",\"target\":\"https:\/\/empresas.infoempleo.com\/hrtrends\/?s={search_term_string}\",\"query-input\":\"required name=search_term_string\"},\"inLanguage\":\"es\"},{\"@type\":\"Organization\",\"@id\":\"https:\/\/empresas.infoempleo.com\/hrtrends\/#organization\",\"name\":\"Infoempleo\",\"url\":\"https:\/\/www.infoempleo.com\/\",\"logo\":{\"@type\":\"ImageObject\",\"@id\":\"https:\/\/empresas.infoempleo.com\/hrtrends\/#logo\",\"inLanguage\":\"es\",\"url\":\"https:\/\/cdnazure.infoempleo.com\/infoempleo\/assets\/style\/gfx\/logo.svg\",\"contentUrl\":\"https:\/\/cdnazure.infoempleo.com\/infoempleo\/assets\/style\/gfx\/logo.svg\",\"width\":150,\"height\":40,\"caption\":\"Infoempleo\"},\"image\":{\"@id\":\"https:\/\/empresas.infoempleo.com\/hrtrends\/#logo\"},\"sameAs\":[\"https:\/\/www.facebook.com\/Infoempleo\",\"https:\/\/x.com\/infoempleo\",\"http:\/\/instagram.com\/infoempleo\/\",\"http:\/\/www.linkedin.com\/groups\/Empleo-Espa\u00f1a-Infoempleocom-111276\",\"http:\/\/pinterest.com\/infoempleo\/\"],\"address\":{\"@type\":\"PostalAddress\",\"addressLocality\":\"Madrid\",\"postalCode\":\"28050\",\"streetAddress\":\"Avenida de Burgos 114\"},\"brand\":[\"Infoempleo\"]},{\"@type\":\"Person\",\"@id\":\"https:\/\/empresas.infoempleo.com\/hrtrends\/#\/schema\/person\/f3484d3cdf45b2f3846af4f705ec9730\",\"name\":\"elena arranz\",\"image\":{\"@type\":\"ImageObject\",\"inLanguage\":\"es\",\"@id\":\"https:\/\/empresas.infoempleo.com\/hrtrends\/#\/schema\/person\/image\/\",\"url\":\"https:\/\/secure.gravatar.com\/avatar\/e3e36e17cc9a2ddafb4e051357b391a9c939bebb4f2f7cbb2c456f5fa56ade52?s=96&d=mm&r=g\",\"contentUrl\":\"https:\/\/secure.gravatar.com\/avatar\/e3e36e17cc9a2ddafb4e051357b391a9c939bebb4f2f7cbb2c456f5fa56ade52?s=96&d=mm&r=g\",\"caption\":\"elena arranz\"},\"url\":\"https:\/\/empresas.infoempleo.com\/hrtrends\/author\/elena-arranz\/\"}]}<\/script>\n<!-- \/ Yoast SEO plugin. -->","yoast_head_json":{"title":"Renovaci\u00f3n en el mundo del marketing | HRTRENDS","robots":{"index":"index","follow":"follow","max-snippet":"max-snippet:-1","max-image-preview":"max-image-preview:large","max-video-preview":"max-video-preview:-1"},"canonical":"https:\/\/empresas.infoempleo.com\/hrtrends\/renovacion-en-el-mundo-del-marketing\/","og_locale":"es_ES","og_type":"article","og_title":"Renovaci\u00f3n en el mundo del marketing | HRTRENDS","og_description":"Un aprobado holgado, concretamente un 6,6 sobre 10. Esa es la nota media que se ponen los profesionales Leer m\u00e1s","og_url":"https:\/\/empresas.infoempleo.com\/hrtrends\/renovacion-en-el-mundo-del-marketing\/","og_site_name":"HRTRENDS","article_publisher":"https:\/\/www.facebook.com\/Infoempleo","article_published_time":"2011-06-27T09:41:57+00:00","article_modified_time":"2025-03-04T16:45:51+00:00","og_image":[{"width":568,"height":258,"url":"https:\/\/empresas.infoempleo.com\/hrtrends\/media\/2011\/06\/renovacionenelmundodelmarketing.jpg","type":"image\/jpeg"}],"author":"elena arranz","twitter_card":"summary_large_image","twitter_creator":"@infoempleo","twitter_site":"@infoempleo","twitter_misc":{"Escrito por":"elena arranz","Tiempo de lectura":"5 minutos"},"schema":{"@context":"https:\/\/schema.org","@graph":[{"@type":"NewsArticle","@id":"https:\/\/empresas.infoempleo.com\/hrtrends\/renovacion-en-el-mundo-del-marketing\/#article","isPartOf":{"@id":"https:\/\/empresas.infoempleo.com\/hrtrends\/renovacion-en-el-mundo-del-marketing\/"},"author":{"name":"elena arranz","@id":"https:\/\/empresas.infoempleo.com\/hrtrends\/#\/schema\/person\/f3484d3cdf45b2f3846af4f705ec9730"},"headline":"Renovaci\u00f3n en el mundo del marketing","datePublished":"2011-06-27T09:41:57+00:00","dateModified":"2025-03-04T16:45:51+00:00","mainEntityOfPage":{"@id":"https:\/\/empresas.infoempleo.com\/hrtrends\/renovacion-en-el-mundo-del-marketing\/"},"wordCount":1021,"publisher":{"@id":"https:\/\/empresas.infoempleo.com\/hrtrends\/#organization"},"image":{"@id":"https:\/\/empresas.infoempleo.com\/hrtrends\/renovacion-en-el-mundo-del-marketing\/#primaryimage"},"thumbnailUrl":"https:\/\/empresas.infoempleo.com\/hrtrends\/media\/2011\/06\/renovacionenelmundodelmarketing.jpg","keywords":["Empleo","marketing","mercado laboral"],"articleSection":["Actualidad"],"inLanguage":"es","copyrightYear":"2011","copyrightHolder":{"@id":"https:\/\/empresas.infoempleo.com\/hrtrends\/#organization"}},{"@type":"WebPage","@id":"https:\/\/empresas.infoempleo.com\/hrtrends\/renovacion-en-el-mundo-del-marketing\/","url":"https:\/\/empresas.infoempleo.com\/hrtrends\/renovacion-en-el-mundo-del-marketing\/","name":"Renovaci\u00f3n en el mundo del marketing | HRTRENDS","isPartOf":{"@id":"https:\/\/empresas.infoempleo.com\/hrtrends\/#website"},"primaryImageOfPage":{"@id":"https:\/\/empresas.infoempleo.com\/hrtrends\/renovacion-en-el-mundo-del-marketing\/#primaryimage"},"image":{"@id":"https:\/\/empresas.infoempleo.com\/hrtrends\/renovacion-en-el-mundo-del-marketing\/#primaryimage"},"thumbnailUrl":"https:\/\/empresas.infoempleo.com\/hrtrends\/media\/2011\/06\/renovacionenelmundodelmarketing.jpg","datePublished":"2011-06-27T09:41:57+00:00","dateModified":"2025-03-04T16:45:51+00:00","breadcrumb":{"@id":"https:\/\/empresas.infoempleo.com\/hrtrends\/renovacion-en-el-mundo-del-marketing\/#breadcrumb"},"inLanguage":"es","potentialAction":[{"@type":"ReadAction","target":["https:\/\/empresas.infoempleo.com\/hrtrends\/renovacion-en-el-mundo-del-marketing\/"]}]},{"@type":"ImageObject","inLanguage":"es","@id":"https:\/\/empresas.infoempleo.com\/hrtrends\/renovacion-en-el-mundo-del-marketing\/#primaryimage","url":"https:\/\/empresas.infoempleo.com\/hrtrends\/media\/2011\/06\/renovacionenelmundodelmarketing-150x150.jpg","contentUrl":"https:\/\/empresas.infoempleo.com\/hrtrends\/media\/2011\/06\/renovacionenelmundodelmarketing-150x150.jpg","width":150,"height":150},{"@type":"BreadcrumbList","@id":"https:\/\/empresas.infoempleo.com\/hrtrends\/renovacion-en-el-mundo-del-marketing\/#breadcrumb","itemListElement":[{"@type":"ListItem","position":1,"name":"Portada","item":"https:\/\/empresas.infoempleo.com\/hrtrends\/"},{"@type":"ListItem","position":2,"name":"Renovaci\u00f3n en el mundo del marketing"}]},{"@type":"WebSite","@id":"https:\/\/empresas.infoempleo.com\/hrtrends\/#website","url":"https:\/\/empresas.infoempleo.com\/hrtrends","name":"HRTrends by Infoempleo","description":"","publisher":{"@id":"https:\/\/empresas.infoempleo.com\/hrtrends\/#organization"},"potentialAction":{"@type":"SearchAction","target":"https:\/\/empresas.infoempleo.com\/hrtrends\/?s={search_term_string}","query-input":"required name=search_term_string"},"inLanguage":"es"},{"@type":"Organization","@id":"https:\/\/empresas.infoempleo.com\/hrtrends\/#organization","name":"Infoempleo","url":"https:\/\/www.infoempleo.com\/","logo":{"@type":"ImageObject","@id":"https:\/\/empresas.infoempleo.com\/hrtrends\/#logo","inLanguage":"es","url":"https:\/\/cdnazure.infoempleo.com\/infoempleo\/assets\/style\/gfx\/logo.svg","contentUrl":"https:\/\/cdnazure.infoempleo.com\/infoempleo\/assets\/style\/gfx\/logo.svg","width":150,"height":40,"caption":"Infoempleo"},"image":{"@id":"https:\/\/empresas.infoempleo.com\/hrtrends\/#logo"},"sameAs":["https:\/\/www.facebook.com\/Infoempleo","https:\/\/x.com\/infoempleo","http:\/\/instagram.com\/infoempleo\/","http:\/\/www.linkedin.com\/groups\/Empleo-Espa\u00f1a-Infoempleocom-111276","http:\/\/pinterest.com\/infoempleo\/"],"address":{"@type":"PostalAddress","addressLocality":"Madrid","postalCode":"28050","streetAddress":"Avenida de Burgos 114"},"brand":["Infoempleo"]},{"@type":"Person","@id":"https:\/\/empresas.infoempleo.com\/hrtrends\/#\/schema\/person\/f3484d3cdf45b2f3846af4f705ec9730","name":"elena arranz","image":{"@type":"ImageObject","inLanguage":"es","@id":"https:\/\/empresas.infoempleo.com\/hrtrends\/#\/schema\/person\/image\/","url":"https:\/\/secure.gravatar.com\/avatar\/e3e36e17cc9a2ddafb4e051357b391a9c939bebb4f2f7cbb2c456f5fa56ade52?s=96&d=mm&r=g","contentUrl":"https:\/\/secure.gravatar.com\/avatar\/e3e36e17cc9a2ddafb4e051357b391a9c939bebb4f2f7cbb2c456f5fa56ade52?s=96&d=mm&r=g","caption":"elena arranz"},"url":"https:\/\/empresas.infoempleo.com\/hrtrends\/author\/elena-arranz\/"}]}},"amp_enabled":true,"_links":{"self":[{"href":"https:\/\/empresas.infoempleo.com\/hrtrends\/wp-json\/wp\/v2\/posts\/13652","targetHints":{"allow":["GET"]}}],"collection":[{"href":"https:\/\/empresas.infoempleo.com\/hrtrends\/wp-json\/wp\/v2\/posts"}],"about":[{"href":"https:\/\/empresas.infoempleo.com\/hrtrends\/wp-json\/wp\/v2\/types\/post"}],"author":[{"embeddable":true,"href":"https:\/\/empresas.infoempleo.com\/hrtrends\/wp-json\/wp\/v2\/users\/62"}],"replies":[{"embeddable":true,"href":"https:\/\/empresas.infoempleo.com\/hrtrends\/wp-json\/wp\/v2\/comments?post=13652"}],"version-history":[{"count":4,"href":"https:\/\/empresas.infoempleo.com\/hrtrends\/wp-json\/wp\/v2\/posts\/13652\/revisions"}],"predecessor-version":[{"id":46497,"href":"https:\/\/empresas.infoempleo.com\/hrtrends\/wp-json\/wp\/v2\/posts\/13652\/revisions\/46497"}],"wp:featuredmedia":[{"embeddable":true,"href":"https:\/\/empresas.infoempleo.com\/hrtrends\/wp-json\/wp\/v2\/media\/13653"}],"wp:attachment":[{"href":"https:\/\/empresas.infoempleo.com\/hrtrends\/wp-json\/wp\/v2\/media?parent=13652"}],"wp:term":[{"taxonomy":"category","embeddable":true,"href":"https:\/\/empresas.infoempleo.com\/hrtrends\/wp-json\/wp\/v2\/categories?post=13652"},{"taxonomy":"post_tag","embeddable":true,"href":"https:\/\/empresas.infoempleo.com\/hrtrends\/wp-json\/wp\/v2\/tags?post=13652"}],"curies":[{"name":"wp","href":"https:\/\/api.w.org\/{rel}","templated":true}]}}