{"id":13522,"date":"2011-06-13T16:57:23","date_gmt":"2011-06-13T15:57:23","guid":{"rendered":"http:\/\/blog.infoempleo.com\/?p=13522"},"modified":"2018-05-23T17:26:51","modified_gmt":"2018-05-23T15:26:51","slug":"una-alternativa-a-la-busqueda-de-empleo-capitalizar-el-paro","status":"publish","type":"post","link":"https:\/\/empresas.infoempleo.com\/hrtrends\/una-alternativa-a-la-busqueda-de-empleo-capitalizar-el-paro\/","title":{"rendered":"Una alternativa a la b\u00fasqueda de empleo: capitalizar el paro"},"content":{"rendered":"<p style=\"text-align: center;\"><img loading=\"lazy\" decoding=\"async\" class=\"alignnone size-full wp-image-13523\" title=\"Capitalizar el paro\" src=\"https:\/\/empresas.infoempleo.com\/hrtrends\/media\/2011\/06\/Capitalizarelparo.jpg\" alt=\"\" width=\"454\" height=\"206\" srcset=\"https:\/\/empresas.infoempleo.com\/hrtrends\/media\/2011\/06\/Capitalizarelparo.jpg 568w, https:\/\/empresas.infoempleo.com\/hrtrends\/media\/2011\/06\/Capitalizarelparo-300x136.jpg 300w\" sizes=\"auto, (max-width: 454px) 100vw, 454px\" \/><\/p>\n<p>\u00bfSe puede cobrar la prestaci\u00f3n del paro en un pago \u00fanico? S\u00ed, siempre que se cumplan una serie de requisitos y se utilice ese dinero con fines empresariales. Esto es lo que se conoce como capitalizaci\u00f3n del paro: <strong>un adelanto de la prestaci\u00f3n por desempleo para quienes decidan hacerse aut\u00f3nomos o probar el autoempleo.<\/strong><\/p>\n<p>En estos tiempos en los que la tasa de paro espa\u00f1ola supera el 20% de la poblaci\u00f3n puede ser un buen momento para desarrollar una nueva actividad como trabajadores aut\u00f3nomos, o para que, aquellos que tienen una idea viable de negocio, se conviertan en sus propios jefes. Sin embargo, <strong>\u00bfhay recursos econ\u00f3micos suficientes?<\/strong><\/p>\n<p>En 2010, 40.265 personas optaron por beneficiarse del pago \u00fanico para montar una empresa, seg\u00fan datos del Servicio P\u00fablico de Empleo Estatal. <strong>\u00abEn los \u00faltimos a\u00f1os ha habido un descenso considerable en el n\u00famero de personas que solicitaron la capitalizaci\u00f3n del paro, y es que parece que, con la crisis, la gente no se decide a emprender un negocio\u00bb,<\/strong> se\u00f1ala <strong>Eugenio Rueda, director de la oficina del Servicio P\u00fablico de Empleo Estatal de Legan\u00e9s<\/strong>. Sin embargo, a\u00f1ade Rueda, \u00abesta primavera est\u00e1 empezando a remontar\u00bb.<\/p>\n<p><strong>Pueden optar por capitalizar su prestaci\u00f3n por desempleo todos aquellos que est\u00e9n en situaci\u00f3n de desempleo y quieran trabajar por cuenta propia o como aut\u00f3nomos, as\u00ed como aquellos que quieran incorporarse como socio trabajador estable de una cooperativa o sociedad laboral de nueva creaci\u00f3n.<\/strong><\/p>\n<p>Para emprender con poco dinero, hay dos sectores que, seg\u00fan Eugenio Rueda, <strong>parecen m\u00e1s seguros: \u00abEl de los cooperativistas de ense\u00f1anza y el de los profesionales de reparaciones<\/strong> \u2013fontaneros, electricistas&#8230;\u2013\u00bb. No obstante, subraya que \u00abinteresa pedirlo en todos los casos, salvo que se vaya a permanecer tan poco tiempo como aut\u00f3nomo que no merezca la pena realizar los tr\u00e1mites\u00bb.<\/p>\n<p>Y es que hay que mantener la afiliaci\u00f3n como aut\u00f3nomo o como socio trabajador de una cooperativa o sociedad laboral durante, al menos, el tiempo que hubiera estado cobrando el paro. <strong>En el caso de darse de baja antes de ese periodo, hay que devolver el dinero adelantado; de ah\u00ed la importancia de estudiar bien la viabilidad de un proyecto.<\/strong><\/p>\n<p>Asimismo, se\u00f1ala Eugenio Rueda con respecto al perfil del solicitante, \u00abhay mucho perfil comercial, poco en el sector industrial y nulo en el sector primario\u00bb.<\/p>\n<h3>Paso a paso<\/h3>\n<p>Para solicitar el pago \u00fanico, es indispensable solicitar la prestaci\u00f3n por desempleo e inscribirse como demandante; despu\u00e9s, rellenar el impreso de solicitud y justificar con una memoria la finalidad de la inversi\u00f3n, ya que se trata de una medida para fomentar y facilitar iniciativas de empleo aut\u00f3nomo. Adem\u00e1s, el solicitante debe tener tres meses de paro por cobrar, no haber recibido un pago \u00fanico del paro en los \u00faltimos cuatro a\u00f1os y deber\u00e1 iniciar la actividad en el plazo de un mes.<\/p>\n<p>En el caso de que se solicite el pago \u00fanico para incorporarse a una cooperativa o sociedad laboral, es preciso presentar tambi\u00e9n el proyecto de Estatutos de la empresa o el certificado de admisi\u00f3n a la misma, si no es de nueva creaci\u00f3n. Y finalmente, y con posterioridad al inicio de la actividad, se requiere al interesado que aporte documentaci\u00f3n que justifique que se ha dado de alta de aut\u00f3nomo en la Seguridad Social, y de haber invertido el importe capitalizado en el negocio.<\/p>\n<p><strong>La cantidad a la que se tiene derecho var\u00eda en funci\u00f3n de la situaci\u00f3n particular del solicitante:<\/strong> si quiere trabajar por cuenta ajena o como aut\u00f3nomo, la cantidad que se puede cobrar en un pago \u00fanicos del 60%, porcentaje que alcanza el 80% en el caso de los hombres menores de 30 a\u00f1os y las mujeres menores de 35, destin\u00e1ndose el resto del dinero a compensar las cuotas de la Seguridad Social.<\/p>\n<p>En el caso de que el solicitante tenga un grado de discapacidad superior al 33%, podr\u00e1 solicitar el 100% del capital pendiente de cobrar. En el caso de que el solicitante quiera incorporarse como socio trabajador estable de una cooperativa o una sociedad laboral de nueva creaci\u00f3n, cabe la posibilidad de solicitar el 100% del paro, siempre y cuando esa sea la cantidad necesaria para aportar como capital social de la organizaci\u00f3n.<\/p>\n<p>El caso de Bonifacio Jim\u00e9nez es el primero. La empresa donde hab\u00eda estado trabajando los \u00faltimos 37 a\u00f1os quebr\u00f3, y fue entonces cuando decidi\u00f3 capitalizar en pago \u00fanico las prestaciones por desempleo para crear su propia empresa, Cazuelas y tapas, situada en la localidad madrile\u00f1a de Fuenlabrada. \u00abLa idea de montar un negocio surgi\u00f3 de la dificultad para encontrar trabajo cuando cerr\u00f3 la empresa en la que llevaba trabajando toda la vida; el due\u00f1o falleci\u00f3, y la persona que se qued\u00f3 encargada del negocio no supo sacarlo adelante\u00bb.<\/p>\n<p>As\u00ed, a sus 58 a\u00f1os, Bonifacio se qued\u00f3 en la calle. \u00abCuando solicit\u00e9 el cobro \u00fanico no me pusieron ninguna pega, fue una vez que me hube dado de alta como aut\u00f3nomo cuando me dijeron que no pod\u00eda recibir el paro en pago \u00fanico por estar en medio de un proceso judicial derivado de las mensualidades que me deb\u00eda la empresa\u00bb. De ese modo, no solo se paraliz\u00f3 el proceso de capitalizaci\u00f3n, sino que, adem\u00e1s, se cancel\u00f3 por haberse hecho aut\u00f3nomo y haber abierto el negocio. \u00abYo abr\u00ed el bar contando con ese dinero, y si sigo dado de alta como aut\u00f3nomo, en dos a\u00f1os pierdo el paro que llevo acumulado durante m\u00e1s de 40 a\u00f1os\u00bb.<\/p>\n","protected":false},"excerpt":{"rendered":"<p>\u00bfSe puede cobrar la prestaci\u00f3n del paro en un pago \u00fanico? S\u00ed, siempre que se cumplan una serie<a class=\"moretag\" href=\"https:\/\/empresas.infoempleo.com\/hrtrends\/una-alternativa-a-la-busqueda-de-empleo-capitalizar-el-paro\/\"> Leer m\u00e1s<\/a><\/p>\n","protected":false},"author":61,"featured_media":13523,"comment_status":"closed","ping_status":"open","sticky":false,"template":"","format":"standard","meta":{"footnotes":""},"categories":[3],"tags":[33,16],"class_list":["post-13522","post","type-post","status-publish","format-standard","has-post-thumbnail","hentry","category-actualidad","tag-desempleo","tag-paro"],"yoast_head":"<!-- This site is optimized with the Yoast SEO plugin v26.1.1 - https:\/\/yoast.com\/wordpress\/plugins\/seo\/ -->\n<title>Una alternativa a la b\u00fasqueda de empleo: capitalizar el paro | HRTRENDS<\/title>\n<meta name=\"robots\" content=\"index, follow, max-snippet:-1, max-image-preview:large, max-video-preview:-1\" \/>\n<link rel=\"canonical\" href=\"https:\/\/empresas.infoempleo.com\/hrtrends\/una-alternativa-a-la-busqueda-de-empleo-capitalizar-el-paro\/\" \/>\n<meta property=\"og:locale\" content=\"es_ES\" \/>\n<meta property=\"og:type\" content=\"article\" \/>\n<meta property=\"og:title\" content=\"Una alternativa a la b\u00fasqueda de empleo: capitalizar el paro | HRTRENDS\" \/>\n<meta property=\"og:description\" content=\"\u00bfSe puede cobrar la prestaci\u00f3n del paro en un pago \u00fanico? S\u00ed, siempre que se cumplan una serie Leer m\u00e1s\" \/>\n<meta property=\"og:url\" content=\"https:\/\/empresas.infoempleo.com\/hrtrends\/una-alternativa-a-la-busqueda-de-empleo-capitalizar-el-paro\/\" \/>\n<meta property=\"og:site_name\" content=\"HRTRENDS\" \/>\n<meta property=\"article:publisher\" content=\"https:\/\/www.facebook.com\/Infoempleo\" \/>\n<meta property=\"article:published_time\" content=\"2011-06-13T15:57:23+00:00\" \/>\n<meta property=\"article:modified_time\" content=\"2018-05-23T15:26:51+00:00\" \/>\n<meta property=\"og:image\" content=\"https:\/\/empresas.infoempleo.com\/hrtrends\/media\/2011\/06\/Capitalizarelparo.jpg\" \/>\n\t<meta property=\"og:image:width\" content=\"568\" \/>\n\t<meta property=\"og:image:height\" content=\"258\" \/>\n\t<meta property=\"og:image:type\" content=\"image\/jpeg\" \/>\n<meta name=\"author\" content=\"marta fernandez\" \/>\n<meta name=\"twitter:card\" content=\"summary_large_image\" \/>\n<meta name=\"twitter:creator\" content=\"@infoempleo\" \/>\n<meta name=\"twitter:site\" content=\"@infoempleo\" \/>\n<meta name=\"twitter:label1\" content=\"Escrito por\" \/>\n\t<meta name=\"twitter:data1\" content=\"marta fernandez\" \/>\n\t<meta name=\"twitter:label2\" content=\"Tiempo de lectura\" \/>\n\t<meta name=\"twitter:data2\" content=\"5 minutos\" \/>\n<script type=\"application\/ld+json\" class=\"yoast-schema-graph\">{\"@context\":\"https:\/\/schema.org\",\"@graph\":[{\"@type\":\"NewsArticle\",\"@id\":\"https:\/\/empresas.infoempleo.com\/hrtrends\/una-alternativa-a-la-busqueda-de-empleo-capitalizar-el-paro\/#article\",\"isPartOf\":{\"@id\":\"https:\/\/empresas.infoempleo.com\/hrtrends\/una-alternativa-a-la-busqueda-de-empleo-capitalizar-el-paro\/\"},\"author\":{\"name\":\"marta fernandez\",\"@id\":\"https:\/\/empresas.infoempleo.com\/hrtrends\/#\/schema\/person\/40508573851b73619e76da9359b71c06\"},\"headline\":\"Una alternativa a la b\u00fasqueda de empleo: capitalizar el paro\",\"datePublished\":\"2011-06-13T15:57:23+00:00\",\"dateModified\":\"2018-05-23T15:26:51+00:00\",\"mainEntityOfPage\":{\"@id\":\"https:\/\/empresas.infoempleo.com\/hrtrends\/una-alternativa-a-la-busqueda-de-empleo-capitalizar-el-paro\/\"},\"wordCount\":959,\"publisher\":{\"@id\":\"https:\/\/empresas.infoempleo.com\/hrtrends\/#organization\"},\"image\":{\"@id\":\"https:\/\/empresas.infoempleo.com\/hrtrends\/una-alternativa-a-la-busqueda-de-empleo-capitalizar-el-paro\/#primaryimage\"},\"thumbnailUrl\":\"https:\/\/empresas.infoempleo.com\/hrtrends\/media\/2011\/06\/Capitalizarelparo.jpg\",\"keywords\":[\"desempleo\",\"paro\"],\"articleSection\":[\"Actualidad\"],\"inLanguage\":\"es\",\"copyrightYear\":\"2011\",\"copyrightHolder\":{\"@id\":\"https:\/\/empresas.infoempleo.com\/hrtrends\/#organization\"}},{\"@type\":\"WebPage\",\"@id\":\"https:\/\/empresas.infoempleo.com\/hrtrends\/una-alternativa-a-la-busqueda-de-empleo-capitalizar-el-paro\/\",\"url\":\"https:\/\/empresas.infoempleo.com\/hrtrends\/una-alternativa-a-la-busqueda-de-empleo-capitalizar-el-paro\/\",\"name\":\"Una alternativa a la b\u00fasqueda de empleo: capitalizar el paro | HRTRENDS\",\"isPartOf\":{\"@id\":\"https:\/\/empresas.infoempleo.com\/hrtrends\/#website\"},\"primaryImageOfPage\":{\"@id\":\"https:\/\/empresas.infoempleo.com\/hrtrends\/una-alternativa-a-la-busqueda-de-empleo-capitalizar-el-paro\/#primaryimage\"},\"image\":{\"@id\":\"https:\/\/empresas.infoempleo.com\/hrtrends\/una-alternativa-a-la-busqueda-de-empleo-capitalizar-el-paro\/#primaryimage\"},\"thumbnailUrl\":\"https:\/\/empresas.infoempleo.com\/hrtrends\/media\/2011\/06\/Capitalizarelparo.jpg\",\"datePublished\":\"2011-06-13T15:57:23+00:00\",\"dateModified\":\"2018-05-23T15:26:51+00:00\",\"breadcrumb\":{\"@id\":\"https:\/\/empresas.infoempleo.com\/hrtrends\/una-alternativa-a-la-busqueda-de-empleo-capitalizar-el-paro\/#breadcrumb\"},\"inLanguage\":\"es\",\"potentialAction\":[{\"@type\":\"ReadAction\",\"target\":[\"https:\/\/empresas.infoempleo.com\/hrtrends\/una-alternativa-a-la-busqueda-de-empleo-capitalizar-el-paro\/\"]}]},{\"@type\":\"ImageObject\",\"inLanguage\":\"es\",\"@id\":\"https:\/\/empresas.infoempleo.com\/hrtrends\/una-alternativa-a-la-busqueda-de-empleo-capitalizar-el-paro\/#primaryimage\",\"url\":\"https:\/\/empresas.infoempleo.com\/hrtrends\/media\/2011\/06\/Capitalizarelparo-150x150.jpg\",\"contentUrl\":\"https:\/\/empresas.infoempleo.com\/hrtrends\/media\/2011\/06\/Capitalizarelparo-150x150.jpg\",\"width\":150,\"height\":150},{\"@type\":\"BreadcrumbList\",\"@id\":\"https:\/\/empresas.infoempleo.com\/hrtrends\/una-alternativa-a-la-busqueda-de-empleo-capitalizar-el-paro\/#breadcrumb\",\"itemListElement\":[{\"@type\":\"ListItem\",\"position\":1,\"name\":\"Portada\",\"item\":\"https:\/\/empresas.infoempleo.com\/hrtrends\/\"},{\"@type\":\"ListItem\",\"position\":2,\"name\":\"Una alternativa a la b\u00fasqueda de empleo: capitalizar el paro\"}]},{\"@type\":\"WebSite\",\"@id\":\"https:\/\/empresas.infoempleo.com\/hrtrends\/#website\",\"url\":\"https:\/\/empresas.infoempleo.com\/hrtrends\",\"name\":\"HRTrends by Infoempleo\",\"description\":\"\",\"publisher\":{\"@id\":\"https:\/\/empresas.infoempleo.com\/hrtrends\/#organization\"},\"potentialAction\":{\"@type\":\"SearchAction\",\"target\":\"https:\/\/empresas.infoempleo.com\/hrtrends\/?s={search_term_string}\",\"query-input\":\"required name=search_term_string\"},\"inLanguage\":\"es\"},{\"@type\":\"Organization\",\"@id\":\"https:\/\/empresas.infoempleo.com\/hrtrends\/#organization\",\"name\":\"Infoempleo\",\"url\":\"https:\/\/www.infoempleo.com\/\",\"logo\":{\"@type\":\"ImageObject\",\"@id\":\"https:\/\/empresas.infoempleo.com\/hrtrends\/#logo\",\"inLanguage\":\"es\",\"url\":\"https:\/\/cdnazure.infoempleo.com\/infoempleo\/assets\/style\/gfx\/logo.svg\",\"contentUrl\":\"https:\/\/cdnazure.infoempleo.com\/infoempleo\/assets\/style\/gfx\/logo.svg\",\"width\":150,\"height\":40,\"caption\":\"Infoempleo\"},\"image\":{\"@id\":\"https:\/\/empresas.infoempleo.com\/hrtrends\/#logo\"},\"sameAs\":[\"https:\/\/www.facebook.com\/Infoempleo\",\"https:\/\/x.com\/infoempleo\",\"http:\/\/instagram.com\/infoempleo\/\",\"http:\/\/www.linkedin.com\/groups\/Empleo-Espa\u00f1a-Infoempleocom-111276\",\"http:\/\/pinterest.com\/infoempleo\/\"],\"address\":{\"@type\":\"PostalAddress\",\"addressLocality\":\"Madrid\",\"postalCode\":\"28050\",\"streetAddress\":\"Avenida de Burgos 114\"},\"brand\":[\"Infoempleo\"]},{\"@type\":\"Person\",\"@id\":\"https:\/\/empresas.infoempleo.com\/hrtrends\/#\/schema\/person\/40508573851b73619e76da9359b71c06\",\"name\":\"marta fernandez\",\"image\":{\"@type\":\"ImageObject\",\"inLanguage\":\"es\",\"@id\":\"https:\/\/empresas.infoempleo.com\/hrtrends\/#\/schema\/person\/image\/\",\"url\":\"https:\/\/secure.gravatar.com\/avatar\/f745ea02f31d77222734e552edc41e13d677cfdb829c6a5f23e6b48b6d5ebc74?s=96&d=mm&r=g\",\"contentUrl\":\"https:\/\/secure.gravatar.com\/avatar\/f745ea02f31d77222734e552edc41e13d677cfdb829c6a5f23e6b48b6d5ebc74?s=96&d=mm&r=g\",\"caption\":\"marta fernandez\"},\"url\":\"https:\/\/empresas.infoempleo.com\/hrtrends\/author\/marta-fernandez\/\"}]}<\/script>\n<!-- \/ Yoast SEO plugin. -->","yoast_head_json":{"title":"Una alternativa a la b\u00fasqueda de empleo: capitalizar el paro | HRTRENDS","robots":{"index":"index","follow":"follow","max-snippet":"max-snippet:-1","max-image-preview":"max-image-preview:large","max-video-preview":"max-video-preview:-1"},"canonical":"https:\/\/empresas.infoempleo.com\/hrtrends\/una-alternativa-a-la-busqueda-de-empleo-capitalizar-el-paro\/","og_locale":"es_ES","og_type":"article","og_title":"Una alternativa a la b\u00fasqueda de empleo: capitalizar el paro | HRTRENDS","og_description":"\u00bfSe puede cobrar la prestaci\u00f3n del paro en un pago \u00fanico? S\u00ed, siempre que se cumplan una serie Leer m\u00e1s","og_url":"https:\/\/empresas.infoempleo.com\/hrtrends\/una-alternativa-a-la-busqueda-de-empleo-capitalizar-el-paro\/","og_site_name":"HRTRENDS","article_publisher":"https:\/\/www.facebook.com\/Infoempleo","article_published_time":"2011-06-13T15:57:23+00:00","article_modified_time":"2018-05-23T15:26:51+00:00","og_image":[{"width":568,"height":258,"url":"https:\/\/empresas.infoempleo.com\/hrtrends\/media\/2011\/06\/Capitalizarelparo.jpg","type":"image\/jpeg"}],"author":"marta fernandez","twitter_card":"summary_large_image","twitter_creator":"@infoempleo","twitter_site":"@infoempleo","twitter_misc":{"Escrito por":"marta fernandez","Tiempo de lectura":"5 minutos"},"schema":{"@context":"https:\/\/schema.org","@graph":[{"@type":"NewsArticle","@id":"https:\/\/empresas.infoempleo.com\/hrtrends\/una-alternativa-a-la-busqueda-de-empleo-capitalizar-el-paro\/#article","isPartOf":{"@id":"https:\/\/empresas.infoempleo.com\/hrtrends\/una-alternativa-a-la-busqueda-de-empleo-capitalizar-el-paro\/"},"author":{"name":"marta fernandez","@id":"https:\/\/empresas.infoempleo.com\/hrtrends\/#\/schema\/person\/40508573851b73619e76da9359b71c06"},"headline":"Una alternativa a la b\u00fasqueda de empleo: capitalizar el paro","datePublished":"2011-06-13T15:57:23+00:00","dateModified":"2018-05-23T15:26:51+00:00","mainEntityOfPage":{"@id":"https:\/\/empresas.infoempleo.com\/hrtrends\/una-alternativa-a-la-busqueda-de-empleo-capitalizar-el-paro\/"},"wordCount":959,"publisher":{"@id":"https:\/\/empresas.infoempleo.com\/hrtrends\/#organization"},"image":{"@id":"https:\/\/empresas.infoempleo.com\/hrtrends\/una-alternativa-a-la-busqueda-de-empleo-capitalizar-el-paro\/#primaryimage"},"thumbnailUrl":"https:\/\/empresas.infoempleo.com\/hrtrends\/media\/2011\/06\/Capitalizarelparo.jpg","keywords":["desempleo","paro"],"articleSection":["Actualidad"],"inLanguage":"es","copyrightYear":"2011","copyrightHolder":{"@id":"https:\/\/empresas.infoempleo.com\/hrtrends\/#organization"}},{"@type":"WebPage","@id":"https:\/\/empresas.infoempleo.com\/hrtrends\/una-alternativa-a-la-busqueda-de-empleo-capitalizar-el-paro\/","url":"https:\/\/empresas.infoempleo.com\/hrtrends\/una-alternativa-a-la-busqueda-de-empleo-capitalizar-el-paro\/","name":"Una alternativa a la b\u00fasqueda de empleo: capitalizar el paro | HRTRENDS","isPartOf":{"@id":"https:\/\/empresas.infoempleo.com\/hrtrends\/#website"},"primaryImageOfPage":{"@id":"https:\/\/empresas.infoempleo.com\/hrtrends\/una-alternativa-a-la-busqueda-de-empleo-capitalizar-el-paro\/#primaryimage"},"image":{"@id":"https:\/\/empresas.infoempleo.com\/hrtrends\/una-alternativa-a-la-busqueda-de-empleo-capitalizar-el-paro\/#primaryimage"},"thumbnailUrl":"https:\/\/empresas.infoempleo.com\/hrtrends\/media\/2011\/06\/Capitalizarelparo.jpg","datePublished":"2011-06-13T15:57:23+00:00","dateModified":"2018-05-23T15:26:51+00:00","breadcrumb":{"@id":"https:\/\/empresas.infoempleo.com\/hrtrends\/una-alternativa-a-la-busqueda-de-empleo-capitalizar-el-paro\/#breadcrumb"},"inLanguage":"es","potentialAction":[{"@type":"ReadAction","target":["https:\/\/empresas.infoempleo.com\/hrtrends\/una-alternativa-a-la-busqueda-de-empleo-capitalizar-el-paro\/"]}]},{"@type":"ImageObject","inLanguage":"es","@id":"https:\/\/empresas.infoempleo.com\/hrtrends\/una-alternativa-a-la-busqueda-de-empleo-capitalizar-el-paro\/#primaryimage","url":"https:\/\/empresas.infoempleo.com\/hrtrends\/media\/2011\/06\/Capitalizarelparo-150x150.jpg","contentUrl":"https:\/\/empresas.infoempleo.com\/hrtrends\/media\/2011\/06\/Capitalizarelparo-150x150.jpg","width":150,"height":150},{"@type":"BreadcrumbList","@id":"https:\/\/empresas.infoempleo.com\/hrtrends\/una-alternativa-a-la-busqueda-de-empleo-capitalizar-el-paro\/#breadcrumb","itemListElement":[{"@type":"ListItem","position":1,"name":"Portada","item":"https:\/\/empresas.infoempleo.com\/hrtrends\/"},{"@type":"ListItem","position":2,"name":"Una alternativa a la b\u00fasqueda de empleo: capitalizar el paro"}]},{"@type":"WebSite","@id":"https:\/\/empresas.infoempleo.com\/hrtrends\/#website","url":"https:\/\/empresas.infoempleo.com\/hrtrends","name":"HRTrends by Infoempleo","description":"","publisher":{"@id":"https:\/\/empresas.infoempleo.com\/hrtrends\/#organization"},"potentialAction":{"@type":"SearchAction","target":"https:\/\/empresas.infoempleo.com\/hrtrends\/?s={search_term_string}","query-input":"required name=search_term_string"},"inLanguage":"es"},{"@type":"Organization","@id":"https:\/\/empresas.infoempleo.com\/hrtrends\/#organization","name":"Infoempleo","url":"https:\/\/www.infoempleo.com\/","logo":{"@type":"ImageObject","@id":"https:\/\/empresas.infoempleo.com\/hrtrends\/#logo","inLanguage":"es","url":"https:\/\/cdnazure.infoempleo.com\/infoempleo\/assets\/style\/gfx\/logo.svg","contentUrl":"https:\/\/cdnazure.infoempleo.com\/infoempleo\/assets\/style\/gfx\/logo.svg","width":150,"height":40,"caption":"Infoempleo"},"image":{"@id":"https:\/\/empresas.infoempleo.com\/hrtrends\/#logo"},"sameAs":["https:\/\/www.facebook.com\/Infoempleo","https:\/\/x.com\/infoempleo","http:\/\/instagram.com\/infoempleo\/","http:\/\/www.linkedin.com\/groups\/Empleo-Espa\u00f1a-Infoempleocom-111276","http:\/\/pinterest.com\/infoempleo\/"],"address":{"@type":"PostalAddress","addressLocality":"Madrid","postalCode":"28050","streetAddress":"Avenida de Burgos 114"},"brand":["Infoempleo"]},{"@type":"Person","@id":"https:\/\/empresas.infoempleo.com\/hrtrends\/#\/schema\/person\/40508573851b73619e76da9359b71c06","name":"marta fernandez","image":{"@type":"ImageObject","inLanguage":"es","@id":"https:\/\/empresas.infoempleo.com\/hrtrends\/#\/schema\/person\/image\/","url":"https:\/\/secure.gravatar.com\/avatar\/f745ea02f31d77222734e552edc41e13d677cfdb829c6a5f23e6b48b6d5ebc74?s=96&d=mm&r=g","contentUrl":"https:\/\/secure.gravatar.com\/avatar\/f745ea02f31d77222734e552edc41e13d677cfdb829c6a5f23e6b48b6d5ebc74?s=96&d=mm&r=g","caption":"marta fernandez"},"url":"https:\/\/empresas.infoempleo.com\/hrtrends\/author\/marta-fernandez\/"}]}},"amp_enabled":true,"_links":{"self":[{"href":"https:\/\/empresas.infoempleo.com\/hrtrends\/wp-json\/wp\/v2\/posts\/13522","targetHints":{"allow":["GET"]}}],"collection":[{"href":"https:\/\/empresas.infoempleo.com\/hrtrends\/wp-json\/wp\/v2\/posts"}],"about":[{"href":"https:\/\/empresas.infoempleo.com\/hrtrends\/wp-json\/wp\/v2\/types\/post"}],"author":[{"embeddable":true,"href":"https:\/\/empresas.infoempleo.com\/hrtrends\/wp-json\/wp\/v2\/users\/61"}],"replies":[{"embeddable":true,"href":"https:\/\/empresas.infoempleo.com\/hrtrends\/wp-json\/wp\/v2\/comments?post=13522"}],"version-history":[{"count":0,"href":"https:\/\/empresas.infoempleo.com\/hrtrends\/wp-json\/wp\/v2\/posts\/13522\/revisions"}],"wp:featuredmedia":[{"embeddable":true,"href":"https:\/\/empresas.infoempleo.com\/hrtrends\/wp-json\/wp\/v2\/media\/13523"}],"wp:attachment":[{"href":"https:\/\/empresas.infoempleo.com\/hrtrends\/wp-json\/wp\/v2\/media?parent=13522"}],"wp:term":[{"taxonomy":"category","embeddable":true,"href":"https:\/\/empresas.infoempleo.com\/hrtrends\/wp-json\/wp\/v2\/categories?post=13522"},{"taxonomy":"post_tag","embeddable":true,"href":"https:\/\/empresas.infoempleo.com\/hrtrends\/wp-json\/wp\/v2\/tags?post=13522"}],"curies":[{"name":"wp","href":"https:\/\/api.w.org\/{rel}","templated":true}]}}